{"id":23318,"date":"2026-03-13T23:56:00","date_gmt":"2026-03-14T02:56:00","guid":{"rendered":"https:\/\/treslineasnoticias.com.ar\/?p=23318"},"modified":"2026-03-14T11:59:29","modified_gmt":"2026-03-14T14:59:29","slug":"carlos-balor-retoma-el-proyecto-de-construccion-de-una-universidad-publica-en-berazategui","status":"publish","type":"post","link":"https:\/\/treslineasnoticias.com.ar\/?p=23318","title":{"rendered":"Carlos Balor retoma el proyecto de construcci\u00f3n de una Universidad P\u00fablica en Berazategui"},"content":{"rendered":"\n<p><strong><em>Los vecinos y vecinas de Berazategui podr\u00e1n cursar estudios universitarios cerca de su casa. El intendente de Berazategui, Carlos Balor, retomar\u00e1 el proyecto de construcci\u00f3n de una sede de la Universidad Nacional Arturo Jauretche (UNAJ) en Berazategui, con fondos municipales. \u00c9ste fue un anhelo hist\u00f3rico del Dr. Juan Jos\u00e9 Mussi, frenado por el actual Gobierno nacional.<\/em><\/strong><\/p>\n\n\n\n<p>El intendente de Berazategui, Carlos Balor, declar\u00f3: \u00abQuiero hacer un anuncio sobre algo en lo que venimos trabajando con Arnaldo Medina. El doctor Juan Jos\u00e9 Mussi ten\u00eda la ilusi\u00f3n de que la Universidad Nacional Arturo Jauretche tuviera una sede en Berazategui. En ese sentido, ya estamos avanzando para que la UNAJ cuente con una sede en nuestro distrito.&nbsp;Actualmente estamos cumpliendo con los tr\u00e1mites administrativos correspondientes y estimamos que para mayo, con recursos municipales, estaremos iniciando la obra\u00bb.<\/p>\n\n\n\n<figure class=\"wp-block-image size-large\"><img loading=\"lazy\" decoding=\"async\" width=\"1024\" height=\"687\" src=\"http:\/\/treslineasnoticias.com.ar\/wp-content\/uploads\/2026\/03\/Carlos-Balor-retoma-el-proyecto-de-construccion-de-una-Universidad-Publica-en-Berazategui-1-1024x687.jpg\" alt=\"\" class=\"wp-image-23320\" srcset=\"https:\/\/treslineasnoticias.com.ar\/wp-content\/uploads\/2026\/03\/Carlos-Balor-retoma-el-proyecto-de-construccion-de-una-Universidad-Publica-en-Berazategui-1-1024x687.jpg 1024w, https:\/\/treslineasnoticias.com.ar\/wp-content\/uploads\/2026\/03\/Carlos-Balor-retoma-el-proyecto-de-construccion-de-una-Universidad-Publica-en-Berazategui-1-300x201.jpg 300w, https:\/\/treslineasnoticias.com.ar\/wp-content\/uploads\/2026\/03\/Carlos-Balor-retoma-el-proyecto-de-construccion-de-una-Universidad-Publica-en-Berazategui-1-768x516.jpg 768w, https:\/\/treslineasnoticias.com.ar\/wp-content\/uploads\/2026\/03\/Carlos-Balor-retoma-el-proyecto-de-construccion-de-una-Universidad-Publica-en-Berazategui-1-1536x1031.jpg 1536w, https:\/\/treslineasnoticias.com.ar\/wp-content\/uploads\/2026\/03\/Carlos-Balor-retoma-el-proyecto-de-construccion-de-una-Universidad-Publica-en-Berazategui-1.jpg 1600w\" sizes=\"auto, (max-width: 1024px) 100vw, 1024px\" \/><\/figure>\n\n\n\n<p>Asimismo, Arnaldo Medina expres\u00f3: \u201cEste anuncio del Intendente nos llena de emoci\u00f3n, es un anhelo muy grande que ya hab\u00eda pensado el Dr. Mussi: tener la sede&nbsp;de&nbsp;la UNAJ en Berazategui. Esto es muy significativo para la Universidad y la comunidad\u201d.<\/p>\n\n\n\n<p>Por su parte, el secretario de Cultura y Educaci\u00f3n municipal, Federico L\u00f3pez, indic\u00f3: \u201cEn el Municipio, en la misma senda de Juan Jos\u00e9 (Mussi), Carlos Balor toma esa rienda para pensar el proyecto de la Universidad P\u00fablica en Berazategui, junto con la UNAJ. Esta sede tendr\u00e1 carreras vinculantes al Polo Tecnol\u00f3gico, porque va a estar enmarcada en ese lugar y a las necesidades productivas del distrito. Estamos muy felices de poder seguir ampliando posibilidades para los vecinos y vecinas de Berazategui, que tengan en su distrito la posibilidad de formarse, trabajar y habitar esta Patria Chica tan querida\u201d.<\/p>\n\n\n\n<p>El edificio estar\u00e1 ubicado en Av. Padre Mugica y la Colectora de la Autopista Buenos Aires &#8211; La Plata. Tendr\u00e1 una superficie de 853,50 m2, 6 aulas, un Sal\u00f3n de Usos M\u00faltiples (SUM), un \u00e1rea de administraci\u00f3n y sanitarios. Este nuevo espacio se suma a la propuesta del Centro Universitario de Berazategui (CUB) -ubicado en Diagonal Obispo Jorge Novak y 145-, que acerca la posibilidad de cursar materias introductorias a distintas carreras dictadas por la Universidad Nacional de Quilmes (UNQ) y la propia UNAJ.<\/p>\n","protected":false},"excerpt":{"rendered":"<p>Los vecinos y vecinas de Berazategui podr\u00e1n cursar estudios universitarios cerca de su casa. El intendente de Berazategui, Carlos Balor, retomar\u00e1 el proyecto de construcci\u00f3n de una sede de la Universidad Nacional Arturo Jauretche (UNAJ) en Berazategui, con fondos municipales. \u00c9ste fue un anhelo hist\u00f3rico del Dr. Juan Jos\u00e9 Mussi, frenado por el actual Gobierno [&hellip;]<\/p>\n","protected":false},"author":3,"featured_media":23319,"comment_status":"open","ping_status":"open","sticky":false,"template":"","format":"standard","meta":{"_jetpack_memberships_contains_paid_content":false,"footnotes":""},"categories":[4],"tags":[],"class_list":["post-23318","post","type-post","status-publish","format-standard","has-post-thumbnail","hentry","category-berazategui"],"yoast_head":"<!-- This site is optimized with the Yoast SEO plugin v24.7 - https:\/\/yoast.com\/wordpress\/plugins\/seo\/ -->\n<title>Carlos Balor retoma el proyecto de construcci\u00f3n de una Universidad P\u00fablica en Berazategui - Tres Lineas Noticias<\/title>\n<meta name=\"robots\" content=\"index, follow, max-snippet:-1, max-image-preview:large, max-video-preview:-1\" \/>\n<link rel=\"canonical\" href=\"https:\/\/treslineasnoticias.com.ar\/?p=23318\" \/>\n<meta property=\"og:locale\" content=\"es_ES\" \/>\n<meta property=\"og:type\" content=\"article\" \/>\n<meta property=\"og:title\" content=\"Carlos Balor retoma el proyecto de construcci\u00f3n de una Universidad P\u00fablica en Berazategui - Tres Lineas Noticias\" \/>\n<meta property=\"og:description\" content=\"Los vecinos y vecinas de Berazategui podr\u00e1n cursar estudios universitarios cerca de su casa. El intendente de Berazategui, Carlos Balor, retomar\u00e1 el proyecto de construcci\u00f3n de una sede de la Universidad Nacional Arturo Jauretche (UNAJ) en Berazategui, con fondos municipales. \u00c9ste fue un anhelo hist\u00f3rico del Dr. Juan Jos\u00e9 Mussi, frenado por el actual Gobierno [&hellip;]\" \/>\n<meta property=\"og:url\" content=\"https:\/\/treslineasnoticias.com.ar\/?p=23318\" \/>\n<meta property=\"og:site_name\" content=\"Tres Lineas Noticias\" \/>\n<meta property=\"article:published_time\" content=\"2026-03-14T02:56:00+00:00\" \/>\n<meta property=\"article:modified_time\" content=\"2026-03-14T14:59:29+00:00\" \/>\n<meta property=\"og:image\" content=\"http:\/\/treslineasnoticias.com.ar\/wp-content\/uploads\/2026\/03\/Carlos-Balor-retoma-el-proyecto-de-construccion-de-una-Universidad-Publica-en-Berazategui.jpg\" \/>\n\t<meta property=\"og:image:width\" content=\"1600\" \/>\n\t<meta property=\"og:image:height\" content=\"1066\" \/>\n\t<meta property=\"og:image:type\" content=\"image\/jpeg\" \/>\n<meta name=\"author\" content=\"Horacio L\u00f3pez\" \/>\n<meta name=\"twitter:card\" content=\"summary_large_image\" \/>\n<meta name=\"twitter:label1\" content=\"Escrito por\" \/>\n\t<meta name=\"twitter:data1\" content=\"Horacio L\u00f3pez\" \/>\n\t<meta name=\"twitter:label2\" content=\"Tiempo de lectura\" \/>\n\t<meta name=\"twitter:data2\" content=\"3 minutos\" \/>\n<script type=\"application\/ld+json\" class=\"yoast-schema-graph\">{\"@context\":\"https:\/\/schema.org\",\"@graph\":[{\"@type\":\"WebPage\",\"@id\":\"https:\/\/treslineasnoticias.com.ar\/?p=23318\",\"url\":\"https:\/\/treslineasnoticias.com.ar\/?p=23318\",\"name\":\"Carlos Balor retoma el proyecto de construcci\u00f3n de una Universidad P\u00fablica en Berazategui - Tres Lineas Noticias\",\"isPartOf\":{\"@id\":\"https:\/\/treslineasnoticias.com.ar\/#website\"},\"primaryImageOfPage\":{\"@id\":\"https:\/\/treslineasnoticias.com.ar\/?p=23318#primaryimage\"},\"image\":{\"@id\":\"https:\/\/treslineasnoticias.com.ar\/?p=23318#primaryimage\"},\"thumbnailUrl\":\"https:\/\/treslineasnoticias.com.ar\/wp-content\/uploads\/2026\/03\/Carlos-Balor-retoma-el-proyecto-de-construccion-de-una-Universidad-Publica-en-Berazategui.jpg\",\"datePublished\":\"2026-03-14T02:56:00+00:00\",\"dateModified\":\"2026-03-14T14:59:29+00:00\",\"author\":{\"@id\":\"https:\/\/treslineasnoticias.com.ar\/#\/schema\/person\/c5f7249e50517b84c2379b145ca14895\"},\"breadcrumb\":{\"@id\":\"https:\/\/treslineasnoticias.com.ar\/?p=23318#breadcrumb\"},\"inLanguage\":\"es\",\"potentialAction\":[{\"@type\":\"ReadAction\",\"target\":[\"https:\/\/treslineasnoticias.com.ar\/?p=23318\"]}]},{\"@type\":\"ImageObject\",\"inLanguage\":\"es\",\"@id\":\"https:\/\/treslineasnoticias.com.ar\/?p=23318#primaryimage\",\"url\":\"https:\/\/treslineasnoticias.com.ar\/wp-content\/uploads\/2026\/03\/Carlos-Balor-retoma-el-proyecto-de-construccion-de-una-Universidad-Publica-en-Berazategui.jpg\",\"contentUrl\":\"https:\/\/treslineasnoticias.com.ar\/wp-content\/uploads\/2026\/03\/Carlos-Balor-retoma-el-proyecto-de-construccion-de-una-Universidad-Publica-en-Berazategui.jpg\",\"width\":1600,\"height\":1066},{\"@type\":\"BreadcrumbList\",\"@id\":\"https:\/\/treslineasnoticias.com.ar\/?p=23318#breadcrumb\",\"itemListElement\":[{\"@type\":\"ListItem\",\"position\":1,\"name\":\"Portada\",\"item\":\"https:\/\/treslineasnoticias.com.ar\/\"},{\"@type\":\"ListItem\",\"position\":2,\"name\":\"Carlos Balor retoma el proyecto de construcci\u00f3n de una Universidad P\u00fablica en Berazategui\"}]},{\"@type\":\"WebSite\",\"@id\":\"https:\/\/treslineasnoticias.com.ar\/#website\",\"url\":\"https:\/\/treslineasnoticias.com.ar\/\",\"name\":\"Tres Lineas Noticias\",\"description\":\"\",\"potentialAction\":[{\"@type\":\"SearchAction\",\"target\":{\"@type\":\"EntryPoint\",\"urlTemplate\":\"https:\/\/treslineasnoticias.com.ar\/?s={search_term_string}\"},\"query-input\":{\"@type\":\"PropertyValueSpecification\",\"valueRequired\":true,\"valueName\":\"search_term_string\"}}],\"inLanguage\":\"es\"},{\"@type\":\"Person\",\"@id\":\"https:\/\/treslineasnoticias.com.ar\/#\/schema\/person\/c5f7249e50517b84c2379b145ca14895\",\"name\":\"Horacio L\u00f3pez\",\"image\":{\"@type\":\"ImageObject\",\"inLanguage\":\"es\",\"@id\":\"https:\/\/treslineasnoticias.com.ar\/#\/schema\/person\/image\/\",\"url\":\"https:\/\/treslineasnoticias.com.ar\/wp-content\/litespeed\/avatar\/ddbec442f0224f940ce000570a0cb216.jpg?ver=1777068930\",\"contentUrl\":\"https:\/\/treslineasnoticias.com.ar\/wp-content\/litespeed\/avatar\/ddbec442f0224f940ce000570a0cb216.jpg?ver=1777068930\",\"caption\":\"Horacio L\u00f3pez\"},\"sameAs\":[\"http:\/\/treslineasnoticias.com.ar\"],\"url\":\"https:\/\/treslineasnoticias.com.ar\/?author=3\"}]}<\/script>\n<!-- \/ Yoast SEO plugin. -->","yoast_head_json":{"title":"Carlos Balor retoma el proyecto de construcci\u00f3n de una Universidad P\u00fablica en Berazategui - Tres Lineas Noticias","robots":{"index":"index","follow":"follow","max-snippet":"max-snippet:-1","max-image-preview":"max-image-preview:large","max-video-preview":"max-video-preview:-1"},"canonical":"https:\/\/treslineasnoticias.com.ar\/?p=23318","og_locale":"es_ES","og_type":"article","og_title":"Carlos Balor retoma el proyecto de construcci\u00f3n de una Universidad P\u00fablica en Berazategui - Tres Lineas Noticias","og_description":"Los vecinos y vecinas de Berazategui podr\u00e1n cursar estudios universitarios cerca de su casa. El intendente de Berazategui, Carlos Balor, retomar\u00e1 el proyecto de construcci\u00f3n de una sede de la Universidad Nacional Arturo Jauretche (UNAJ) en Berazategui, con fondos municipales. \u00c9ste fue un anhelo hist\u00f3rico del Dr. Juan Jos\u00e9 Mussi, frenado por el actual Gobierno [&hellip;]","og_url":"https:\/\/treslineasnoticias.com.ar\/?p=23318","og_site_name":"Tres Lineas Noticias","article_published_time":"2026-03-14T02:56:00+00:00","article_modified_time":"2026-03-14T14:59:29+00:00","og_image":[{"width":1600,"height":1066,"url":"http:\/\/treslineasnoticias.com.ar\/wp-content\/uploads\/2026\/03\/Carlos-Balor-retoma-el-proyecto-de-construccion-de-una-Universidad-Publica-en-Berazategui.jpg","type":"image\/jpeg"}],"author":"Horacio L\u00f3pez","twitter_card":"summary_large_image","twitter_misc":{"Escrito por":"Horacio L\u00f3pez","Tiempo de lectura":"3 minutos"},"schema":{"@context":"https:\/\/schema.org","@graph":[{"@type":"WebPage","@id":"https:\/\/treslineasnoticias.com.ar\/?p=23318","url":"https:\/\/treslineasnoticias.com.ar\/?p=23318","name":"Carlos Balor retoma el proyecto de construcci\u00f3n de una Universidad P\u00fablica en Berazategui - Tres Lineas Noticias","isPartOf":{"@id":"https:\/\/treslineasnoticias.com.ar\/#website"},"primaryImageOfPage":{"@id":"https:\/\/treslineasnoticias.com.ar\/?p=23318#primaryimage"},"image":{"@id":"https:\/\/treslineasnoticias.com.ar\/?p=23318#primaryimage"},"thumbnailUrl":"https:\/\/treslineasnoticias.com.ar\/wp-content\/uploads\/2026\/03\/Carlos-Balor-retoma-el-proyecto-de-construccion-de-una-Universidad-Publica-en-Berazategui.jpg","datePublished":"2026-03-14T02:56:00+00:00","dateModified":"2026-03-14T14:59:29+00:00","author":{"@id":"https:\/\/treslineasnoticias.com.ar\/#\/schema\/person\/c5f7249e50517b84c2379b145ca14895"},"breadcrumb":{"@id":"https:\/\/treslineasnoticias.com.ar\/?p=23318#breadcrumb"},"inLanguage":"es","potentialAction":[{"@type":"ReadAction","target":["https:\/\/treslineasnoticias.com.ar\/?p=23318"]}]},{"@type":"ImageObject","inLanguage":"es","@id":"https:\/\/treslineasnoticias.com.ar\/?p=23318#primaryimage","url":"https:\/\/treslineasnoticias.com.ar\/wp-content\/uploads\/2026\/03\/Carlos-Balor-retoma-el-proyecto-de-construccion-de-una-Universidad-Publica-en-Berazategui.jpg","contentUrl":"https:\/\/treslineasnoticias.com.ar\/wp-content\/uploads\/2026\/03\/Carlos-Balor-retoma-el-proyecto-de-construccion-de-una-Universidad-Publica-en-Berazategui.jpg","width":1600,"height":1066},{"@type":"BreadcrumbList","@id":"https:\/\/treslineasnoticias.com.ar\/?p=23318#breadcrumb","itemListElement":[{"@type":"ListItem","position":1,"name":"Portada","item":"https:\/\/treslineasnoticias.com.ar\/"},{"@type":"ListItem","position":2,"name":"Carlos Balor retoma el proyecto de construcci\u00f3n de una Universidad P\u00fablica en Berazategui"}]},{"@type":"WebSite","@id":"https:\/\/treslineasnoticias.com.ar\/#website","url":"https:\/\/treslineasnoticias.com.ar\/","name":"Tres Lineas Noticias","description":"","potentialAction":[{"@type":"SearchAction","target":{"@type":"EntryPoint","urlTemplate":"https:\/\/treslineasnoticias.com.ar\/?s={search_term_string}"},"query-input":{"@type":"PropertyValueSpecification","valueRequired":true,"valueName":"search_term_string"}}],"inLanguage":"es"},{"@type":"Person","@id":"https:\/\/treslineasnoticias.com.ar\/#\/schema\/person\/c5f7249e50517b84c2379b145ca14895","name":"Horacio L\u00f3pez","image":{"@type":"ImageObject","inLanguage":"es","@id":"https:\/\/treslineasnoticias.com.ar\/#\/schema\/person\/image\/","url":"https:\/\/treslineasnoticias.com.ar\/wp-content\/litespeed\/avatar\/ddbec442f0224f940ce000570a0cb216.jpg?ver=1777068930","contentUrl":"https:\/\/treslineasnoticias.com.ar\/wp-content\/litespeed\/avatar\/ddbec442f0224f940ce000570a0cb216.jpg?ver=1777068930","caption":"Horacio L\u00f3pez"},"sameAs":["http:\/\/treslineasnoticias.com.ar"],"url":"https:\/\/treslineasnoticias.com.ar\/?author=3"}]}},"jetpack_featured_media_url":"https:\/\/treslineasnoticias.com.ar\/wp-content\/uploads\/2026\/03\/Carlos-Balor-retoma-el-proyecto-de-construccion-de-una-Universidad-Publica-en-Berazategui.jpg","jetpack_sharing_enabled":true,"_links":{"self":[{"href":"https:\/\/treslineasnoticias.com.ar\/index.php?rest_route=\/wp\/v2\/posts\/23318","targetHints":{"allow":["GET"]}}],"collection":[{"href":"https:\/\/treslineasnoticias.com.ar\/index.php?rest_route=\/wp\/v2\/posts"}],"about":[{"href":"https:\/\/treslineasnoticias.com.ar\/index.php?rest_route=\/wp\/v2\/types\/post"}],"author":[{"embeddable":true,"href":"https:\/\/treslineasnoticias.com.ar\/index.php?rest_route=\/wp\/v2\/users\/3"}],"replies":[{"embeddable":true,"href":"https:\/\/treslineasnoticias.com.ar\/index.php?rest_route=%2Fwp%2Fv2%2Fcomments&post=23318"}],"version-history":[{"count":1,"href":"https:\/\/treslineasnoticias.com.ar\/index.php?rest_route=\/wp\/v2\/posts\/23318\/revisions"}],"predecessor-version":[{"id":23321,"href":"https:\/\/treslineasnoticias.com.ar\/index.php?rest_route=\/wp\/v2\/posts\/23318\/revisions\/23321"}],"wp:featuredmedia":[{"embeddable":true,"href":"https:\/\/treslineasnoticias.com.ar\/index.php?rest_route=\/wp\/v2\/media\/23319"}],"wp:attachment":[{"href":"https:\/\/treslineasnoticias.com.ar\/index.php?rest_route=%2Fwp%2Fv2%2Fmedia&parent=23318"}],"wp:term":[{"taxonomy":"category","embeddable":true,"href":"https:\/\/treslineasnoticias.com.ar\/index.php?rest_route=%2Fwp%2Fv2%2Fcategories&post=23318"},{"taxonomy":"post_tag","embeddable":true,"href":"https:\/\/treslineasnoticias.com.ar\/index.php?rest_route=%2Fwp%2Fv2%2Ftags&post=23318"}],"curies":[{"name":"wp","href":"https:\/\/api.w.org\/{rel}","templated":true}]}}