{"id":23333,"date":"2026-03-13T15:08:00","date_gmt":"2026-03-13T18:08:00","guid":{"rendered":"https:\/\/treslineasnoticias.com.ar\/?p=23333"},"modified":"2026-03-14T12:13:58","modified_gmt":"2026-03-14T15:13:58","slug":"el-municipio-de-quilmes-consolida-el-servicio-de-recoleccion-gratuita-de-residuos-voluminosos","status":"publish","type":"post","link":"https:\/\/treslineasnoticias.com.ar\/?p=23333","title":{"rendered":"El municipio de Quilmes consolida el servicio de recolecci\u00f3n gratuita de residuos voluminosos"},"content":{"rendered":"\n<p><strong><em>El Municipio de Quilmes informa que desde septiembre de 2025, la Comuna cuenta con un Programa de Recolecci\u00f3n de Residuos Voluminosos, que forma parte de una pol\u00edtica ambiental integral impulsada desde 2019 por la intendenta de Quilmes en uso de licencia y actual diputada provincial, Mayra Mendoza, reafirmando el compromiso de seguir brindando m\u00e1s y mejores servicios para los vecinos y vecinas de Quilmes.<\/em><\/strong><\/p>\n\n\n\n<figure class=\"wp-block-image size-large\"><img loading=\"lazy\" decoding=\"async\" width=\"1024\" height=\"683\" src=\"http:\/\/treslineasnoticias.com.ar\/wp-content\/uploads\/2026\/03\/4-1-1024x683.jpg\" alt=\"\" class=\"wp-image-23334\" srcset=\"https:\/\/treslineasnoticias.com.ar\/wp-content\/uploads\/2026\/03\/4-1-1024x683.jpg 1024w, https:\/\/treslineasnoticias.com.ar\/wp-content\/uploads\/2026\/03\/4-1-300x200.jpg 300w, https:\/\/treslineasnoticias.com.ar\/wp-content\/uploads\/2026\/03\/4-1-768x512.jpg 768w, https:\/\/treslineasnoticias.com.ar\/wp-content\/uploads\/2026\/03\/4-1.jpg 1440w\" sizes=\"auto, (max-width: 1024px) 100vw, 1024px\" \/><\/figure>\n\n\n\n<p>El procedimiento es simple: el vecino env\u00eda un mensaje de WhatsApp al 11-2480-8804 y desde la Secretar\u00eda de Ambiente y Gesti\u00f3n Integral de Residuos S\u00f3lidos Urbanos (GIRSU) se le asigna un d\u00eda y una franja horaria en la que el equipo municipal pasar\u00e1 por la puerta de su casa para realizar el retiro. El servicio es gratuito y est\u00e1 pensado para facilitar una correcta disposici\u00f3n de estos materiales, evitando que terminen en la v\u00eda p\u00fablica.<\/p>\n\n\n\n<p>Es importante no dejarlos en cualquier parte. La disposici\u00f3n inadecuada de residuos voluminosos genera m\u00faltiples problemas: formaci\u00f3n de micro basurales, obstrucci\u00f3n de arroyos y desag\u00fces pluviales, riesgos sanitarios y hasta la aparici\u00f3n de circuitos informales de recolecci\u00f3n sin tratamiento final adecuado.<\/p>\n\n\n\n<figure class=\"wp-block-image size-full\"><img loading=\"lazy\" decoding=\"async\" width=\"851\" height=\"566\" src=\"http:\/\/treslineasnoticias.com.ar\/wp-content\/uploads\/2026\/03\/1-4.jpg\" alt=\"\" class=\"wp-image-23337\" srcset=\"https:\/\/treslineasnoticias.com.ar\/wp-content\/uploads\/2026\/03\/1-4.jpg 851w, https:\/\/treslineasnoticias.com.ar\/wp-content\/uploads\/2026\/03\/1-4-300x200.jpg 300w, https:\/\/treslineasnoticias.com.ar\/wp-content\/uploads\/2026\/03\/1-4-768x511.jpg 768w\" sizes=\"auto, (max-width: 851px) 100vw, 851px\" \/><\/figure>\n\n\n\n<p>En este sentido, el secretario de Ambiente y GIRSU, Roberto Gaudio, hizo un pedido claro a la comunidad: \u201cLes pedimos a los vecinos que no dejen estos residuos en esquinas o espacios p\u00fablicos. Ensucian la ciudad, generan micro basurales y perjudican a todos. Tenemos un servicio gratuito, ordenado y eficiente. Us\u00e9moslo\u201d. Y destac\u00f3 que la correcta gesti\u00f3n permite no s\u00f3lo ordenar el espacio urbano y reducir riesgos ambientales y sanitarios, sino tambi\u00e9n recuperar materiales que pueden reciclarse y no terminar en disposici\u00f3n final en el CEAMSE.<\/p>\n\n\n\n<p>Este es un servicio gratuito que funciona de lunes a s\u00e1bados y que ya muestra resultados concretos en el ordenamiento y la limpieza de la ciudad. La iniciativa, propuesta por la gesti\u00f3n local y coordinada por la Secretar\u00eda de Ambiente y GIRSU, permite a los vecinos deshacerse de aquellos elementos que, por su tama\u00f1o, no pueden ser retirados por el cami\u00f3n recolector habitual. Es para destacar que no todos los municipios cuentan con un servicio de estas caracter\u00edsticas, que requiere log\u00edstica, planificaci\u00f3n y un sistema de tratamiento adecuado.<\/p>\n\n\n\n<figure class=\"wp-block-image size-large\"><img loading=\"lazy\" decoding=\"async\" width=\"1024\" height=\"683\" src=\"http:\/\/treslineasnoticias.com.ar\/wp-content\/uploads\/2026\/03\/3-3-1024x683.jpg\" alt=\"\" class=\"wp-image-23336\" srcset=\"https:\/\/treslineasnoticias.com.ar\/wp-content\/uploads\/2026\/03\/3-3-1024x683.jpg 1024w, https:\/\/treslineasnoticias.com.ar\/wp-content\/uploads\/2026\/03\/3-3-300x200.jpg 300w, https:\/\/treslineasnoticias.com.ar\/wp-content\/uploads\/2026\/03\/3-3-768x512.jpg 768w, https:\/\/treslineasnoticias.com.ar\/wp-content\/uploads\/2026\/03\/3-3.jpg 1080w\" sizes=\"auto, (max-width: 1024px) 100vw, 1024px\" \/><\/figure>\n\n\n\n<p>El programa incluye el retiro de muebles como sillas, mesas, colchones y placares; neum\u00e1ticos en desuso; chatarra grande: heladeras, cocinas, lavarropas, tachos y recipientes de gran tama\u00f1o, y escombros (hasta 1 metro c\u00fabico y debidamente embolsados). Gracias a la infraestructura del Ecoparque Quilmes, los residuos retirados son clasificados y derivados a procesos de reciclaje cuando corresponde. En caso contrario, se env\u00edan a disposici\u00f3n final bajo las normas vigentes. Este circuito formal permite dar trazabilidad y tratamiento adecuado a cada material. Un dato que marca el impacto es que en el mes de enero 2026 se recolectaron 265,2 toneladas de residuos voluminosos, un n\u00famero que refleja tanto la magnitud de la demanda como el buen funcionamiento del sistema.<\/p>\n","protected":false},"excerpt":{"rendered":"<p>El Municipio de Quilmes informa que desde septiembre de 2025, la Comuna cuenta con un Programa de Recolecci\u00f3n de Residuos Voluminosos, que forma parte de una pol\u00edtica ambiental integral impulsada desde 2019 por la intendenta de Quilmes en uso de licencia y actual diputada provincial, Mayra Mendoza, reafirmando el compromiso de seguir brindando m\u00e1s y [&hellip;]<\/p>\n","protected":false},"author":3,"featured_media":23335,"comment_status":"open","ping_status":"open","sticky":false,"template":"","format":"standard","meta":{"_jetpack_memberships_contains_paid_content":false,"footnotes":""},"categories":[5],"tags":[],"class_list":["post-23333","post","type-post","status-publish","format-standard","has-post-thumbnail","hentry","category-quilmes"],"yoast_head":"<!-- This site is optimized with the Yoast SEO plugin v24.7 - https:\/\/yoast.com\/wordpress\/plugins\/seo\/ -->\n<title>El municipio de Quilmes consolida el servicio de recolecci\u00f3n gratuita de residuos voluminosos - Tres Lineas Noticias<\/title>\n<meta name=\"robots\" content=\"index, follow, max-snippet:-1, max-image-preview:large, max-video-preview:-1\" \/>\n<link rel=\"canonical\" href=\"https:\/\/treslineasnoticias.com.ar\/?p=23333\" \/>\n<meta property=\"og:locale\" content=\"es_ES\" \/>\n<meta property=\"og:type\" content=\"article\" \/>\n<meta property=\"og:title\" content=\"El municipio de Quilmes consolida el servicio de recolecci\u00f3n gratuita de residuos voluminosos - Tres Lineas Noticias\" \/>\n<meta property=\"og:description\" content=\"El Municipio de Quilmes informa que desde septiembre de 2025, la Comuna cuenta con un Programa de Recolecci\u00f3n de Residuos Voluminosos, que forma parte de una pol\u00edtica ambiental integral impulsada desde 2019 por la intendenta de Quilmes en uso de licencia y actual diputada provincial, Mayra Mendoza, reafirmando el compromiso de seguir brindando m\u00e1s y [&hellip;]\" \/>\n<meta property=\"og:url\" content=\"https:\/\/treslineasnoticias.com.ar\/?p=23333\" \/>\n<meta property=\"og:site_name\" content=\"Tres Lineas Noticias\" \/>\n<meta property=\"article:published_time\" content=\"2026-03-13T18:08:00+00:00\" \/>\n<meta property=\"article:modified_time\" content=\"2026-03-14T15:13:58+00:00\" \/>\n<meta property=\"og:image\" content=\"http:\/\/treslineasnoticias.com.ar\/wp-content\/uploads\/2026\/03\/2-3.jpg\" \/>\n\t<meta property=\"og:image:width\" content=\"852\" \/>\n\t<meta property=\"og:image:height\" content=\"568\" \/>\n\t<meta property=\"og:image:type\" content=\"image\/jpeg\" \/>\n<meta name=\"author\" content=\"Horacio L\u00f3pez\" \/>\n<meta name=\"twitter:card\" content=\"summary_large_image\" \/>\n<meta name=\"twitter:label1\" content=\"Escrito por\" \/>\n\t<meta name=\"twitter:data1\" content=\"Horacio L\u00f3pez\" \/>\n\t<meta name=\"twitter:label2\" content=\"Tiempo de lectura\" \/>\n\t<meta name=\"twitter:data2\" content=\"3 minutos\" \/>\n<script type=\"application\/ld+json\" class=\"yoast-schema-graph\">{\"@context\":\"https:\/\/schema.org\",\"@graph\":[{\"@type\":\"WebPage\",\"@id\":\"https:\/\/treslineasnoticias.com.ar\/?p=23333\",\"url\":\"https:\/\/treslineasnoticias.com.ar\/?p=23333\",\"name\":\"El municipio de Quilmes consolida el servicio de recolecci\u00f3n gratuita de residuos voluminosos - Tres Lineas Noticias\",\"isPartOf\":{\"@id\":\"https:\/\/treslineasnoticias.com.ar\/#website\"},\"primaryImageOfPage\":{\"@id\":\"https:\/\/treslineasnoticias.com.ar\/?p=23333#primaryimage\"},\"image\":{\"@id\":\"https:\/\/treslineasnoticias.com.ar\/?p=23333#primaryimage\"},\"thumbnailUrl\":\"https:\/\/treslineasnoticias.com.ar\/wp-content\/uploads\/2026\/03\/2-3.jpg\",\"datePublished\":\"2026-03-13T18:08:00+00:00\",\"dateModified\":\"2026-03-14T15:13:58+00:00\",\"author\":{\"@id\":\"https:\/\/treslineasnoticias.com.ar\/#\/schema\/person\/c5f7249e50517b84c2379b145ca14895\"},\"breadcrumb\":{\"@id\":\"https:\/\/treslineasnoticias.com.ar\/?p=23333#breadcrumb\"},\"inLanguage\":\"es\",\"potentialAction\":[{\"@type\":\"ReadAction\",\"target\":[\"https:\/\/treslineasnoticias.com.ar\/?p=23333\"]}]},{\"@type\":\"ImageObject\",\"inLanguage\":\"es\",\"@id\":\"https:\/\/treslineasnoticias.com.ar\/?p=23333#primaryimage\",\"url\":\"https:\/\/treslineasnoticias.com.ar\/wp-content\/uploads\/2026\/03\/2-3.jpg\",\"contentUrl\":\"https:\/\/treslineasnoticias.com.ar\/wp-content\/uploads\/2026\/03\/2-3.jpg\",\"width\":852,\"height\":568},{\"@type\":\"BreadcrumbList\",\"@id\":\"https:\/\/treslineasnoticias.com.ar\/?p=23333#breadcrumb\",\"itemListElement\":[{\"@type\":\"ListItem\",\"position\":1,\"name\":\"Portada\",\"item\":\"https:\/\/treslineasnoticias.com.ar\/\"},{\"@type\":\"ListItem\",\"position\":2,\"name\":\"El municipio de Quilmes consolida el servicio de recolecci\u00f3n gratuita de residuos voluminosos\"}]},{\"@type\":\"WebSite\",\"@id\":\"https:\/\/treslineasnoticias.com.ar\/#website\",\"url\":\"https:\/\/treslineasnoticias.com.ar\/\",\"name\":\"Tres Lineas Noticias\",\"description\":\"\",\"potentialAction\":[{\"@type\":\"SearchAction\",\"target\":{\"@type\":\"EntryPoint\",\"urlTemplate\":\"https:\/\/treslineasnoticias.com.ar\/?s={search_term_string}\"},\"query-input\":{\"@type\":\"PropertyValueSpecification\",\"valueRequired\":true,\"valueName\":\"search_term_string\"}}],\"inLanguage\":\"es\"},{\"@type\":\"Person\",\"@id\":\"https:\/\/treslineasnoticias.com.ar\/#\/schema\/person\/c5f7249e50517b84c2379b145ca14895\",\"name\":\"Horacio L\u00f3pez\",\"image\":{\"@type\":\"ImageObject\",\"inLanguage\":\"es\",\"@id\":\"https:\/\/treslineasnoticias.com.ar\/#\/schema\/person\/image\/\",\"url\":\"https:\/\/treslineasnoticias.com.ar\/wp-content\/litespeed\/avatar\/ddbec442f0224f940ce000570a0cb216.jpg?ver=1777068930\",\"contentUrl\":\"https:\/\/treslineasnoticias.com.ar\/wp-content\/litespeed\/avatar\/ddbec442f0224f940ce000570a0cb216.jpg?ver=1777068930\",\"caption\":\"Horacio L\u00f3pez\"},\"sameAs\":[\"http:\/\/treslineasnoticias.com.ar\"],\"url\":\"https:\/\/treslineasnoticias.com.ar\/?author=3\"}]}<\/script>\n<!-- \/ Yoast SEO plugin. -->","yoast_head_json":{"title":"El municipio de Quilmes consolida el servicio de recolecci\u00f3n gratuita de residuos voluminosos - Tres Lineas Noticias","robots":{"index":"index","follow":"follow","max-snippet":"max-snippet:-1","max-image-preview":"max-image-preview:large","max-video-preview":"max-video-preview:-1"},"canonical":"https:\/\/treslineasnoticias.com.ar\/?p=23333","og_locale":"es_ES","og_type":"article","og_title":"El municipio de Quilmes consolida el servicio de recolecci\u00f3n gratuita de residuos voluminosos - Tres Lineas Noticias","og_description":"El Municipio de Quilmes informa que desde septiembre de 2025, la Comuna cuenta con un Programa de Recolecci\u00f3n de Residuos Voluminosos, que forma parte de una pol\u00edtica ambiental integral impulsada desde 2019 por la intendenta de Quilmes en uso de licencia y actual diputada provincial, Mayra Mendoza, reafirmando el compromiso de seguir brindando m\u00e1s y [&hellip;]","og_url":"https:\/\/treslineasnoticias.com.ar\/?p=23333","og_site_name":"Tres Lineas Noticias","article_published_time":"2026-03-13T18:08:00+00:00","article_modified_time":"2026-03-14T15:13:58+00:00","og_image":[{"width":852,"height":568,"url":"http:\/\/treslineasnoticias.com.ar\/wp-content\/uploads\/2026\/03\/2-3.jpg","type":"image\/jpeg"}],"author":"Horacio L\u00f3pez","twitter_card":"summary_large_image","twitter_misc":{"Escrito por":"Horacio L\u00f3pez","Tiempo de lectura":"3 minutos"},"schema":{"@context":"https:\/\/schema.org","@graph":[{"@type":"WebPage","@id":"https:\/\/treslineasnoticias.com.ar\/?p=23333","url":"https:\/\/treslineasnoticias.com.ar\/?p=23333","name":"El municipio de Quilmes consolida el servicio de recolecci\u00f3n gratuita de residuos voluminosos - Tres Lineas Noticias","isPartOf":{"@id":"https:\/\/treslineasnoticias.com.ar\/#website"},"primaryImageOfPage":{"@id":"https:\/\/treslineasnoticias.com.ar\/?p=23333#primaryimage"},"image":{"@id":"https:\/\/treslineasnoticias.com.ar\/?p=23333#primaryimage"},"thumbnailUrl":"https:\/\/treslineasnoticias.com.ar\/wp-content\/uploads\/2026\/03\/2-3.jpg","datePublished":"2026-03-13T18:08:00+00:00","dateModified":"2026-03-14T15:13:58+00:00","author":{"@id":"https:\/\/treslineasnoticias.com.ar\/#\/schema\/person\/c5f7249e50517b84c2379b145ca14895"},"breadcrumb":{"@id":"https:\/\/treslineasnoticias.com.ar\/?p=23333#breadcrumb"},"inLanguage":"es","potentialAction":[{"@type":"ReadAction","target":["https:\/\/treslineasnoticias.com.ar\/?p=23333"]}]},{"@type":"ImageObject","inLanguage":"es","@id":"https:\/\/treslineasnoticias.com.ar\/?p=23333#primaryimage","url":"https:\/\/treslineasnoticias.com.ar\/wp-content\/uploads\/2026\/03\/2-3.jpg","contentUrl":"https:\/\/treslineasnoticias.com.ar\/wp-content\/uploads\/2026\/03\/2-3.jpg","width":852,"height":568},{"@type":"BreadcrumbList","@id":"https:\/\/treslineasnoticias.com.ar\/?p=23333#breadcrumb","itemListElement":[{"@type":"ListItem","position":1,"name":"Portada","item":"https:\/\/treslineasnoticias.com.ar\/"},{"@type":"ListItem","position":2,"name":"El municipio de Quilmes consolida el servicio de recolecci\u00f3n gratuita de residuos voluminosos"}]},{"@type":"WebSite","@id":"https:\/\/treslineasnoticias.com.ar\/#website","url":"https:\/\/treslineasnoticias.com.ar\/","name":"Tres Lineas Noticias","description":"","potentialAction":[{"@type":"SearchAction","target":{"@type":"EntryPoint","urlTemplate":"https:\/\/treslineasnoticias.com.ar\/?s={search_term_string}"},"query-input":{"@type":"PropertyValueSpecification","valueRequired":true,"valueName":"search_term_string"}}],"inLanguage":"es"},{"@type":"Person","@id":"https:\/\/treslineasnoticias.com.ar\/#\/schema\/person\/c5f7249e50517b84c2379b145ca14895","name":"Horacio L\u00f3pez","image":{"@type":"ImageObject","inLanguage":"es","@id":"https:\/\/treslineasnoticias.com.ar\/#\/schema\/person\/image\/","url":"https:\/\/treslineasnoticias.com.ar\/wp-content\/litespeed\/avatar\/ddbec442f0224f940ce000570a0cb216.jpg?ver=1777068930","contentUrl":"https:\/\/treslineasnoticias.com.ar\/wp-content\/litespeed\/avatar\/ddbec442f0224f940ce000570a0cb216.jpg?ver=1777068930","caption":"Horacio L\u00f3pez"},"sameAs":["http:\/\/treslineasnoticias.com.ar"],"url":"https:\/\/treslineasnoticias.com.ar\/?author=3"}]}},"jetpack_featured_media_url":"https:\/\/treslineasnoticias.com.ar\/wp-content\/uploads\/2026\/03\/2-3.jpg","jetpack_sharing_enabled":true,"_links":{"self":[{"href":"https:\/\/treslineasnoticias.com.ar\/index.php?rest_route=\/wp\/v2\/posts\/23333","targetHints":{"allow":["GET"]}}],"collection":[{"href":"https:\/\/treslineasnoticias.com.ar\/index.php?rest_route=\/wp\/v2\/posts"}],"about":[{"href":"https:\/\/treslineasnoticias.com.ar\/index.php?rest_route=\/wp\/v2\/types\/post"}],"author":[{"embeddable":true,"href":"https:\/\/treslineasnoticias.com.ar\/index.php?rest_route=\/wp\/v2\/users\/3"}],"replies":[{"embeddable":true,"href":"https:\/\/treslineasnoticias.com.ar\/index.php?rest_route=%2Fwp%2Fv2%2Fcomments&post=23333"}],"version-history":[{"count":1,"href":"https:\/\/treslineasnoticias.com.ar\/index.php?rest_route=\/wp\/v2\/posts\/23333\/revisions"}],"predecessor-version":[{"id":23338,"href":"https:\/\/treslineasnoticias.com.ar\/index.php?rest_route=\/wp\/v2\/posts\/23333\/revisions\/23338"}],"wp:featuredmedia":[{"embeddable":true,"href":"https:\/\/treslineasnoticias.com.ar\/index.php?rest_route=\/wp\/v2\/media\/23335"}],"wp:attachment":[{"href":"https:\/\/treslineasnoticias.com.ar\/index.php?rest_route=%2Fwp%2Fv2%2Fmedia&parent=23333"}],"wp:term":[{"taxonomy":"category","embeddable":true,"href":"https:\/\/treslineasnoticias.com.ar\/index.php?rest_route=%2Fwp%2Fv2%2Fcategories&post=23333"},{"taxonomy":"post_tag","embeddable":true,"href":"https:\/\/treslineasnoticias.com.ar\/index.php?rest_route=%2Fwp%2Fv2%2Ftags&post=23333"}],"curies":[{"name":"wp","href":"https:\/\/api.w.org\/{rel}","templated":true}]}}