{"id":23339,"date":"2026-03-12T23:14:00","date_gmt":"2026-03-13T02:14:00","guid":{"rendered":"https:\/\/treslineasnoticias.com.ar\/?p=23339"},"modified":"2026-03-14T12:18:23","modified_gmt":"2026-03-14T15:18:23","slug":"mayra-y-eva-mieri-inauguraron-la-nueva-cancha-de-cesped-sintetico-del-club-san-pablo-de-quilmes-oeste","status":"publish","type":"post","link":"https:\/\/treslineasnoticias.com.ar\/?p=23339","title":{"rendered":"Mayra y Eva Mieri inauguraron la nueva cancha de c\u00e9sped sint\u00e9tico del Club San Pablo de Quilmes Oeste"},"content":{"rendered":"\n<p><strong><em>La diputada provincial e intendenta de Quilmes en uso de licencia, Mayra Mendoza, y la jefa comunal interina local, Eva Mieri, inauguraron este jueves la nueva cancha de c\u00e9sped sint\u00e9tico del club San Pablo (Rep\u00fablica del L\u00edbano y calle 392, Quilmes Oeste), que fue construida gracias a un importante subsidio econ\u00f3mico entregado por el Municipio.<\/em><\/strong><\/p>\n\n\n\n<figure class=\"wp-block-image size-large\"><img loading=\"lazy\" decoding=\"async\" width=\"1024\" height=\"683\" src=\"http:\/\/treslineasnoticias.com.ar\/wp-content\/uploads\/2026\/03\/1000262637-1024x683.jpg\" alt=\"\" class=\"wp-image-23342\" srcset=\"https:\/\/treslineasnoticias.com.ar\/wp-content\/uploads\/2026\/03\/1000262637-1024x683.jpg 1024w, https:\/\/treslineasnoticias.com.ar\/wp-content\/uploads\/2026\/03\/1000262637-300x200.jpg 300w, https:\/\/treslineasnoticias.com.ar\/wp-content\/uploads\/2026\/03\/1000262637-768x512.jpg 768w, https:\/\/treslineasnoticias.com.ar\/wp-content\/uploads\/2026\/03\/1000262637.jpg 1280w\" sizes=\"auto, (max-width: 1024px) 100vw, 1024px\" \/><\/figure>\n\n\n\n<p>\u201cVisitamos la nueva cancha del Club San Pablo. Fomentar la mejora de nuestros clubes de barrio sigue siendo una de las prioridades de nuestra gesti\u00f3n. El deporte es salud e integraci\u00f3n social. Por eso, invertir en espacios como este, significa generar un mejor presente y futuro para los ni\u00f1os y ni\u00f1as que son parte de estas instituciones. Cuenten con este equipo de trabajo para seguir construyendo, entre todos, la ciudad que nos merecemos\u201d, se\u00f1al\u00f3 Mayra, que dio el puntapi\u00e9 inicial del primer partido en el nuevo c\u00e9sped.<\/p>\n\n\n\n<p>Por su parte, Mieri expres\u00f3: \u201cNuestra compa\u00f1era Mayra Mendoza fue a la provincia para seguir peleando por los derechos que nos merecemos los quilme\u00f1os y las quilme\u00f1as. Y este tipo de obras tiene que ver con un compromiso asumido desde el primer d\u00eda de gesti\u00f3n, de poner a nuestros clubes de barrio en pie de igualdad. El acceso al deporte es un derecho humano y democratizar la posibilidad de que nuestros pibes y nuestras pibas puedan crecer, desarrollarse y tener tambi\u00e9n nuevas amistades entre familias. Venimos a trabajar por el bienestar de los vecinos de Quilmes y les pedimos que nos sigan acompa\u00f1ando para poder seguir dignificando a cada uno de los clubes de barrio\u201d.<\/p>\n\n\n\n<figure class=\"wp-block-image size-large\"><img loading=\"lazy\" decoding=\"async\" width=\"1024\" height=\"682\" src=\"http:\/\/treslineasnoticias.com.ar\/wp-content\/uploads\/2026\/03\/1000262634-1024x682.jpg\" alt=\"\" class=\"wp-image-23341\" srcset=\"https:\/\/treslineasnoticias.com.ar\/wp-content\/uploads\/2026\/03\/1000262634-1024x682.jpg 1024w, https:\/\/treslineasnoticias.com.ar\/wp-content\/uploads\/2026\/03\/1000262634-300x200.jpg 300w, https:\/\/treslineasnoticias.com.ar\/wp-content\/uploads\/2026\/03\/1000262634-768x512.jpg 768w, https:\/\/treslineasnoticias.com.ar\/wp-content\/uploads\/2026\/03\/1000262634.jpg 1280w\" sizes=\"auto, (max-width: 1024px) 100vw, 1024px\" \/><\/figure>\n\n\n\n<p>Es importante se\u00f1alar que en el a\u00f1o 2025, el club recibi\u00f3 un subsidio por parte de la Comuna que fue utilizado para la colocaci\u00f3n del c\u00e9sped sint\u00e9tico. Adem\u00e1s, desde la Direcci\u00f3n de Entidades de Bien P\u00fablico comunal, facilitaron los tr\u00e1mites para la regularizaci\u00f3n de la documentaci\u00f3n, que estaban sin vigencia hac\u00eda m\u00e1s de 20 a\u00f1os.<\/p>\n\n\n\n<p>Durante la jornada hubo tiempo para la realizaci\u00f3n de un partido de entrenamiento entre las categor\u00edas 2014 y 2015, y una merienda para todos los asistentes. A su vez, los funcionarios presentes recibieron camisetas del club como regalo y en forma de agradecimiento.<\/p>\n\n\n\n<p>El club San Pablo participa de los torneos infantiles a nivel masculino y femenino con una concurrencia de 170 de chicos y chicas del barrio.<\/p>\n\n\n\n<p>En este sentido, el secretario de Deportes local, Nicol\u00e1s Mellino cont\u00f3: \u201cEn el 2019 cuando llegamos a la gesti\u00f3n acompa\u00f1ando a Mayra Mendoza en la intendencia vimos esto, que los clubes de barrio sabiendo la necesidad que ten\u00edan y lo que implican en la sociedad y en la comunidad, no estaban teniendo ning\u00fan tipo de apoyo del Estado Municipal y fue una de nuestras puntas de lanza en la gesti\u00f3n, poner al deporte y a los clubes en agenda. Mientras estemos en la gesti\u00f3n nada va a ser imposible en la transformaci\u00f3n de los clubes de barrio y del deporte de la ciudad.\u201d.<\/p>\n\n\n\n<figure class=\"wp-block-image size-large\"><img loading=\"lazy\" decoding=\"async\" width=\"1024\" height=\"682\" src=\"http:\/\/treslineasnoticias.com.ar\/wp-content\/uploads\/2026\/03\/1000262635-1024x682.jpg\" alt=\"\" class=\"wp-image-23343\" srcset=\"https:\/\/treslineasnoticias.com.ar\/wp-content\/uploads\/2026\/03\/1000262635-1024x682.jpg 1024w, https:\/\/treslineasnoticias.com.ar\/wp-content\/uploads\/2026\/03\/1000262635-300x200.jpg 300w, https:\/\/treslineasnoticias.com.ar\/wp-content\/uploads\/2026\/03\/1000262635-768x512.jpg 768w, https:\/\/treslineasnoticias.com.ar\/wp-content\/uploads\/2026\/03\/1000262635.jpg 1280w\" sizes=\"auto, (max-width: 1024px) 100vw, 1024px\" \/><\/figure>\n\n\n\n<p>Por \u00faltimo, el vicepresidente y delegado general de la instituci\u00f3n, Rub\u00e9n Su\u00e1rez, cont\u00f3: \u201cEl Municipio de Mayra Mendoza fue el que nos don\u00f3 un mont\u00f3n de cosas. Se lo agradecemos a ella por todo el trabajo que hace por los clubes\u201d.<\/p>\n\n\n\n<p>Participaron de la festiva jornada la subsecretaria de Deportes, Martina Bonanata; la directora de Entidades de Bien P\u00fablico, Sharon Lombard\u00eda; su par&nbsp;de Promoci\u00f3n Deportiva, Ligas y Federaciones,&nbsp;Carlos Doallo; el presidente del club San Pablo, Sebasti\u00e1n Mosca; el tesorero del club, Mat\u00edas Ferreyra, adem\u00e1s de ni\u00f1os, ni\u00f1as, padres, madres, entrenadores y miembros de la Comisi\u00f3n Directiva de la instituci\u00f3n.<\/p>\n","protected":false},"excerpt":{"rendered":"<p>La diputada provincial e intendenta de Quilmes en uso de licencia, Mayra Mendoza, y la jefa comunal interina local, Eva Mieri, inauguraron este jueves la nueva cancha de c\u00e9sped sint\u00e9tico del club San Pablo (Rep\u00fablica del L\u00edbano y calle 392, Quilmes Oeste), que fue construida gracias a un importante subsidio econ\u00f3mico entregado por el Municipio. [&hellip;]<\/p>\n","protected":false},"author":3,"featured_media":23340,"comment_status":"open","ping_status":"open","sticky":false,"template":"","format":"standard","meta":{"_jetpack_memberships_contains_paid_content":false,"footnotes":""},"categories":[5],"tags":[],"class_list":["post-23339","post","type-post","status-publish","format-standard","has-post-thumbnail","hentry","category-quilmes"],"yoast_head":"<!-- This site is optimized with the Yoast SEO plugin v24.7 - https:\/\/yoast.com\/wordpress\/plugins\/seo\/ -->\n<title>Mayra y Eva Mieri inauguraron la nueva cancha de c\u00e9sped sint\u00e9tico del Club San Pablo de Quilmes Oeste - Tres Lineas Noticias<\/title>\n<meta name=\"robots\" content=\"index, follow, max-snippet:-1, max-image-preview:large, max-video-preview:-1\" \/>\n<link rel=\"canonical\" href=\"https:\/\/treslineasnoticias.com.ar\/?p=23339\" \/>\n<meta property=\"og:locale\" content=\"es_ES\" \/>\n<meta property=\"og:type\" content=\"article\" \/>\n<meta property=\"og:title\" content=\"Mayra y Eva Mieri inauguraron la nueva cancha de c\u00e9sped sint\u00e9tico del Club San Pablo de Quilmes Oeste - Tres Lineas Noticias\" \/>\n<meta property=\"og:description\" content=\"La diputada provincial e intendenta de Quilmes en uso de licencia, Mayra Mendoza, y la jefa comunal interina local, Eva Mieri, inauguraron este jueves la nueva cancha de c\u00e9sped sint\u00e9tico del club San Pablo (Rep\u00fablica del L\u00edbano y calle 392, Quilmes Oeste), que fue construida gracias a un importante subsidio econ\u00f3mico entregado por el Municipio. [&hellip;]\" \/>\n<meta property=\"og:url\" content=\"https:\/\/treslineasnoticias.com.ar\/?p=23339\" \/>\n<meta property=\"og:site_name\" content=\"Tres Lineas Noticias\" \/>\n<meta property=\"article:published_time\" content=\"2026-03-13T02:14:00+00:00\" \/>\n<meta property=\"article:modified_time\" content=\"2026-03-14T15:18:23+00:00\" \/>\n<meta property=\"og:image\" content=\"http:\/\/treslineasnoticias.com.ar\/wp-content\/uploads\/2026\/03\/1000262638.jpg\" \/>\n\t<meta property=\"og:image:width\" content=\"1280\" \/>\n\t<meta property=\"og:image:height\" content=\"854\" \/>\n\t<meta property=\"og:image:type\" content=\"image\/jpeg\" \/>\n<meta name=\"author\" content=\"Horacio L\u00f3pez\" \/>\n<meta name=\"twitter:card\" content=\"summary_large_image\" \/>\n<meta name=\"twitter:label1\" content=\"Escrito por\" \/>\n\t<meta name=\"twitter:data1\" content=\"Horacio L\u00f3pez\" \/>\n\t<meta name=\"twitter:label2\" content=\"Tiempo de lectura\" \/>\n\t<meta name=\"twitter:data2\" content=\"4 minutos\" \/>\n<script type=\"application\/ld+json\" class=\"yoast-schema-graph\">{\"@context\":\"https:\/\/schema.org\",\"@graph\":[{\"@type\":\"WebPage\",\"@id\":\"https:\/\/treslineasnoticias.com.ar\/?p=23339\",\"url\":\"https:\/\/treslineasnoticias.com.ar\/?p=23339\",\"name\":\"Mayra y Eva Mieri inauguraron la nueva cancha de c\u00e9sped sint\u00e9tico del Club San Pablo de Quilmes Oeste - Tres Lineas Noticias\",\"isPartOf\":{\"@id\":\"https:\/\/treslineasnoticias.com.ar\/#website\"},\"primaryImageOfPage\":{\"@id\":\"https:\/\/treslineasnoticias.com.ar\/?p=23339#primaryimage\"},\"image\":{\"@id\":\"https:\/\/treslineasnoticias.com.ar\/?p=23339#primaryimage\"},\"thumbnailUrl\":\"https:\/\/treslineasnoticias.com.ar\/wp-content\/uploads\/2026\/03\/1000262638.jpg\",\"datePublished\":\"2026-03-13T02:14:00+00:00\",\"dateModified\":\"2026-03-14T15:18:23+00:00\",\"author\":{\"@id\":\"https:\/\/treslineasnoticias.com.ar\/#\/schema\/person\/c5f7249e50517b84c2379b145ca14895\"},\"breadcrumb\":{\"@id\":\"https:\/\/treslineasnoticias.com.ar\/?p=23339#breadcrumb\"},\"inLanguage\":\"es\",\"potentialAction\":[{\"@type\":\"ReadAction\",\"target\":[\"https:\/\/treslineasnoticias.com.ar\/?p=23339\"]}]},{\"@type\":\"ImageObject\",\"inLanguage\":\"es\",\"@id\":\"https:\/\/treslineasnoticias.com.ar\/?p=23339#primaryimage\",\"url\":\"https:\/\/treslineasnoticias.com.ar\/wp-content\/uploads\/2026\/03\/1000262638.jpg\",\"contentUrl\":\"https:\/\/treslineasnoticias.com.ar\/wp-content\/uploads\/2026\/03\/1000262638.jpg\",\"width\":1280,\"height\":854},{\"@type\":\"BreadcrumbList\",\"@id\":\"https:\/\/treslineasnoticias.com.ar\/?p=23339#breadcrumb\",\"itemListElement\":[{\"@type\":\"ListItem\",\"position\":1,\"name\":\"Portada\",\"item\":\"https:\/\/treslineasnoticias.com.ar\/\"},{\"@type\":\"ListItem\",\"position\":2,\"name\":\"Mayra y Eva Mieri inauguraron la nueva cancha de c\u00e9sped sint\u00e9tico del Club San Pablo de Quilmes Oeste\"}]},{\"@type\":\"WebSite\",\"@id\":\"https:\/\/treslineasnoticias.com.ar\/#website\",\"url\":\"https:\/\/treslineasnoticias.com.ar\/\",\"name\":\"Tres Lineas Noticias\",\"description\":\"\",\"potentialAction\":[{\"@type\":\"SearchAction\",\"target\":{\"@type\":\"EntryPoint\",\"urlTemplate\":\"https:\/\/treslineasnoticias.com.ar\/?s={search_term_string}\"},\"query-input\":{\"@type\":\"PropertyValueSpecification\",\"valueRequired\":true,\"valueName\":\"search_term_string\"}}],\"inLanguage\":\"es\"},{\"@type\":\"Person\",\"@id\":\"https:\/\/treslineasnoticias.com.ar\/#\/schema\/person\/c5f7249e50517b84c2379b145ca14895\",\"name\":\"Horacio L\u00f3pez\",\"image\":{\"@type\":\"ImageObject\",\"inLanguage\":\"es\",\"@id\":\"https:\/\/treslineasnoticias.com.ar\/#\/schema\/person\/image\/\",\"url\":\"https:\/\/treslineasnoticias.com.ar\/wp-content\/litespeed\/avatar\/ddbec442f0224f940ce000570a0cb216.jpg?ver=1777068930\",\"contentUrl\":\"https:\/\/treslineasnoticias.com.ar\/wp-content\/litespeed\/avatar\/ddbec442f0224f940ce000570a0cb216.jpg?ver=1777068930\",\"caption\":\"Horacio L\u00f3pez\"},\"sameAs\":[\"http:\/\/treslineasnoticias.com.ar\"],\"url\":\"https:\/\/treslineasnoticias.com.ar\/?author=3\"}]}<\/script>\n<!-- \/ Yoast SEO plugin. -->","yoast_head_json":{"title":"Mayra y Eva Mieri inauguraron la nueva cancha de c\u00e9sped sint\u00e9tico del Club San Pablo de Quilmes Oeste - Tres Lineas Noticias","robots":{"index":"index","follow":"follow","max-snippet":"max-snippet:-1","max-image-preview":"max-image-preview:large","max-video-preview":"max-video-preview:-1"},"canonical":"https:\/\/treslineasnoticias.com.ar\/?p=23339","og_locale":"es_ES","og_type":"article","og_title":"Mayra y Eva Mieri inauguraron la nueva cancha de c\u00e9sped sint\u00e9tico del Club San Pablo de Quilmes Oeste - Tres Lineas Noticias","og_description":"La diputada provincial e intendenta de Quilmes en uso de licencia, Mayra Mendoza, y la jefa comunal interina local, Eva Mieri, inauguraron este jueves la nueva cancha de c\u00e9sped sint\u00e9tico del club San Pablo (Rep\u00fablica del L\u00edbano y calle 392, Quilmes Oeste), que fue construida gracias a un importante subsidio econ\u00f3mico entregado por el Municipio. [&hellip;]","og_url":"https:\/\/treslineasnoticias.com.ar\/?p=23339","og_site_name":"Tres Lineas Noticias","article_published_time":"2026-03-13T02:14:00+00:00","article_modified_time":"2026-03-14T15:18:23+00:00","og_image":[{"width":1280,"height":854,"url":"http:\/\/treslineasnoticias.com.ar\/wp-content\/uploads\/2026\/03\/1000262638.jpg","type":"image\/jpeg"}],"author":"Horacio L\u00f3pez","twitter_card":"summary_large_image","twitter_misc":{"Escrito por":"Horacio L\u00f3pez","Tiempo de lectura":"4 minutos"},"schema":{"@context":"https:\/\/schema.org","@graph":[{"@type":"WebPage","@id":"https:\/\/treslineasnoticias.com.ar\/?p=23339","url":"https:\/\/treslineasnoticias.com.ar\/?p=23339","name":"Mayra y Eva Mieri inauguraron la nueva cancha de c\u00e9sped sint\u00e9tico del Club San Pablo de Quilmes Oeste - Tres Lineas Noticias","isPartOf":{"@id":"https:\/\/treslineasnoticias.com.ar\/#website"},"primaryImageOfPage":{"@id":"https:\/\/treslineasnoticias.com.ar\/?p=23339#primaryimage"},"image":{"@id":"https:\/\/treslineasnoticias.com.ar\/?p=23339#primaryimage"},"thumbnailUrl":"https:\/\/treslineasnoticias.com.ar\/wp-content\/uploads\/2026\/03\/1000262638.jpg","datePublished":"2026-03-13T02:14:00+00:00","dateModified":"2026-03-14T15:18:23+00:00","author":{"@id":"https:\/\/treslineasnoticias.com.ar\/#\/schema\/person\/c5f7249e50517b84c2379b145ca14895"},"breadcrumb":{"@id":"https:\/\/treslineasnoticias.com.ar\/?p=23339#breadcrumb"},"inLanguage":"es","potentialAction":[{"@type":"ReadAction","target":["https:\/\/treslineasnoticias.com.ar\/?p=23339"]}]},{"@type":"ImageObject","inLanguage":"es","@id":"https:\/\/treslineasnoticias.com.ar\/?p=23339#primaryimage","url":"https:\/\/treslineasnoticias.com.ar\/wp-content\/uploads\/2026\/03\/1000262638.jpg","contentUrl":"https:\/\/treslineasnoticias.com.ar\/wp-content\/uploads\/2026\/03\/1000262638.jpg","width":1280,"height":854},{"@type":"BreadcrumbList","@id":"https:\/\/treslineasnoticias.com.ar\/?p=23339#breadcrumb","itemListElement":[{"@type":"ListItem","position":1,"name":"Portada","item":"https:\/\/treslineasnoticias.com.ar\/"},{"@type":"ListItem","position":2,"name":"Mayra y Eva Mieri inauguraron la nueva cancha de c\u00e9sped sint\u00e9tico del Club San Pablo de Quilmes Oeste"}]},{"@type":"WebSite","@id":"https:\/\/treslineasnoticias.com.ar\/#website","url":"https:\/\/treslineasnoticias.com.ar\/","name":"Tres Lineas Noticias","description":"","potentialAction":[{"@type":"SearchAction","target":{"@type":"EntryPoint","urlTemplate":"https:\/\/treslineasnoticias.com.ar\/?s={search_term_string}"},"query-input":{"@type":"PropertyValueSpecification","valueRequired":true,"valueName":"search_term_string"}}],"inLanguage":"es"},{"@type":"Person","@id":"https:\/\/treslineasnoticias.com.ar\/#\/schema\/person\/c5f7249e50517b84c2379b145ca14895","name":"Horacio L\u00f3pez","image":{"@type":"ImageObject","inLanguage":"es","@id":"https:\/\/treslineasnoticias.com.ar\/#\/schema\/person\/image\/","url":"https:\/\/treslineasnoticias.com.ar\/wp-content\/litespeed\/avatar\/ddbec442f0224f940ce000570a0cb216.jpg?ver=1777068930","contentUrl":"https:\/\/treslineasnoticias.com.ar\/wp-content\/litespeed\/avatar\/ddbec442f0224f940ce000570a0cb216.jpg?ver=1777068930","caption":"Horacio L\u00f3pez"},"sameAs":["http:\/\/treslineasnoticias.com.ar"],"url":"https:\/\/treslineasnoticias.com.ar\/?author=3"}]}},"jetpack_featured_media_url":"https:\/\/treslineasnoticias.com.ar\/wp-content\/uploads\/2026\/03\/1000262638.jpg","jetpack_sharing_enabled":true,"_links":{"self":[{"href":"https:\/\/treslineasnoticias.com.ar\/index.php?rest_route=\/wp\/v2\/posts\/23339","targetHints":{"allow":["GET"]}}],"collection":[{"href":"https:\/\/treslineasnoticias.com.ar\/index.php?rest_route=\/wp\/v2\/posts"}],"about":[{"href":"https:\/\/treslineasnoticias.com.ar\/index.php?rest_route=\/wp\/v2\/types\/post"}],"author":[{"embeddable":true,"href":"https:\/\/treslineasnoticias.com.ar\/index.php?rest_route=\/wp\/v2\/users\/3"}],"replies":[{"embeddable":true,"href":"https:\/\/treslineasnoticias.com.ar\/index.php?rest_route=%2Fwp%2Fv2%2Fcomments&post=23339"}],"version-history":[{"count":1,"href":"https:\/\/treslineasnoticias.com.ar\/index.php?rest_route=\/wp\/v2\/posts\/23339\/revisions"}],"predecessor-version":[{"id":23344,"href":"https:\/\/treslineasnoticias.com.ar\/index.php?rest_route=\/wp\/v2\/posts\/23339\/revisions\/23344"}],"wp:featuredmedia":[{"embeddable":true,"href":"https:\/\/treslineasnoticias.com.ar\/index.php?rest_route=\/wp\/v2\/media\/23340"}],"wp:attachment":[{"href":"https:\/\/treslineasnoticias.com.ar\/index.php?rest_route=%2Fwp%2Fv2%2Fmedia&parent=23339"}],"wp:term":[{"taxonomy":"category","embeddable":true,"href":"https:\/\/treslineasnoticias.com.ar\/index.php?rest_route=%2Fwp%2Fv2%2Fcategories&post=23339"},{"taxonomy":"post_tag","embeddable":true,"href":"https:\/\/treslineasnoticias.com.ar\/index.php?rest_route=%2Fwp%2Fv2%2Ftags&post=23339"}],"curies":[{"name":"wp","href":"https:\/\/api.w.org\/{rel}","templated":true}]}}