{"id":23345,"date":"2026-03-13T11:18:00","date_gmt":"2026-03-13T14:18:00","guid":{"rendered":"https:\/\/treslineasnoticias.com.ar\/?p=23345"},"modified":"2026-03-14T12:22:20","modified_gmt":"2026-03-14T15:22:20","slug":"en-una-carcel-de-florencio-varela-escribieron-libros-de-cuentos-y-dibujos-infantiles-para-el-hospital-de-ninos-de-la-plata","status":"publish","type":"post","link":"https:\/\/treslineasnoticias.com.ar\/?p=23345","title":{"rendered":"En una c\u00e1rcel de Florencio Varela escribieron libros de cuentos y dibujos infantiles para el Hospital de Ni\u00f1os de La Plata"},"content":{"rendered":"\n<p><strong><em>En una iniciativa solidaria, un grupo de personas alojadas en una c\u00e1rcel de Florencio Varela que participan del programa cultural \u201cPabellones Literarios para la Libertad\u201d presentaron dos libros de cuentos infantiles de su autor\u00eda y los entregaron al Hospital de Ni\u00f1os \u201cSor Mar\u00eda Ludovica\u201d de la ciudad de La Plata.<br><\/em><\/strong>La experiencia se llev\u00f3 a cabo en el Pabell\u00f3n 7 de la Unidad 32 del Servicio Penitenciario Bonaerense, con el apoyo del Ministerio de Justicia y Derechos Humanos de la provincia de Buenos Aires conducido por Juan Mart\u00edn Mena.<\/p>\n\n\n\n<figure class=\"wp-block-image size-full\"><img loading=\"lazy\" decoding=\"async\" width=\"1600\" height=\"1204\" src=\"http:\/\/treslineasnoticias.com.ar\/wp-content\/uploads\/2026\/03\/2733c22e-f5c5-4825-95c0-5438741618bb.jpg\" alt=\"\" class=\"wp-image-23348\" srcset=\"https:\/\/treslineasnoticias.com.ar\/wp-content\/uploads\/2026\/03\/2733c22e-f5c5-4825-95c0-5438741618bb.jpg 1600w, https:\/\/treslineasnoticias.com.ar\/wp-content\/uploads\/2026\/03\/2733c22e-f5c5-4825-95c0-5438741618bb-300x226.jpg 300w, https:\/\/treslineasnoticias.com.ar\/wp-content\/uploads\/2026\/03\/2733c22e-f5c5-4825-95c0-5438741618bb-1024x771.jpg 1024w, https:\/\/treslineasnoticias.com.ar\/wp-content\/uploads\/2026\/03\/2733c22e-f5c5-4825-95c0-5438741618bb-768x578.jpg 768w, https:\/\/treslineasnoticias.com.ar\/wp-content\/uploads\/2026\/03\/2733c22e-f5c5-4825-95c0-5438741618bb-1536x1156.jpg 1536w\" sizes=\"auto, (max-width: 1600px) 100vw, 1600px\" \/><\/figure>\n\n\n\n<p><br>En el marco del taller \u201cPersevera y Triunfar\u00e1s\u201d, las personas privadas de libertad elaboraron los cuentos \u201cPedro, el cazador\u201d que representa la transformaci\u00f3n personal frente a las adversidades y \u201cMilena y Tomy\u201d que adem\u00e1s de la historia tiene im\u00e1genes para colorear.<br>El pabell\u00f3n est\u00e1 conformado por cien internos, quienes los lunes realizan el taller ellos solos y los viernes lo hacen por Zoom con las talleristas Mar\u00eda In\u00e9s Chamorro, Mar\u00eda Silvia Jorge, Carolina Ben\u00edtez, Teresa Ferrari, Fernanda Cano, Andrea Mussumecci y Celina Arana.<br>Hace cinco a\u00f1os comenzaron las actividades con poes\u00edas, cuentos, efem\u00e9rides, entre otras, y hace tres que empezaron a escribir cuentos ilustrados para ni\u00f1os y con estas presentaciones ya llevan ocho publicaciones que distribuyen en diversos lugares como jardines de infantes, clubes infantiles y el mencionado hospital.<\/p>\n\n\n\n<figure class=\"wp-block-image size-full\"><img loading=\"lazy\" decoding=\"async\" width=\"1006\" height=\"754\" src=\"http:\/\/treslineasnoticias.com.ar\/wp-content\/uploads\/2026\/03\/9543f070-4730-4f74-a704-bee1022eb3b8.jpg\" alt=\"\" class=\"wp-image-23349\" srcset=\"https:\/\/treslineasnoticias.com.ar\/wp-content\/uploads\/2026\/03\/9543f070-4730-4f74-a704-bee1022eb3b8.jpg 1006w, https:\/\/treslineasnoticias.com.ar\/wp-content\/uploads\/2026\/03\/9543f070-4730-4f74-a704-bee1022eb3b8-300x225.jpg 300w, https:\/\/treslineasnoticias.com.ar\/wp-content\/uploads\/2026\/03\/9543f070-4730-4f74-a704-bee1022eb3b8-768x576.jpg 768w\" sizes=\"auto, (max-width: 1006px) 100vw, 1006px\" \/><\/figure>\n\n\n\n<p><br>Este mi\u00e9rcoles los internos realizaron la muestra en el pabell\u00f3n y a trav\u00e9s de las talleristas la posterior donaci\u00f3n de 30 ejemplares al sector de oncolog\u00eda del hospital especializado en pediatr\u00eda de calle 14 entre 65 y 66 de La Plata.<br>Las personas privadas de libertad agradecieron la oportunidad de adquirir herramientas y mejorar su perspectiva de vida y poder ayudar a la sociedad. Tambi\u00e9n se hizo hincapi\u00e9 en el tratamiento y trabajo que se viene realizando junto a los referentes educativos, valorando su tarea y dedicaci\u00f3n.<br>Adem\u00e1s participaron la docente y capacitadora Gabriela R\u00edos, el capell\u00e1n Dar\u00edo Viecenz y el juez de Lomas de Zamora, Roberto Conti, acompa\u00f1ados por autoridades del Complejo Penitenciario Florencio Varela I y de la Unidad 32.<\/p>\n\n\n\n<figure class=\"wp-block-image size-large\"><img loading=\"lazy\" decoding=\"async\" width=\"1024\" height=\"768\" src=\"http:\/\/treslineasnoticias.com.ar\/wp-content\/uploads\/2026\/03\/0338e41e-f013-47c7-bc97-d035ab3c7c64-1024x768.jpg\" alt=\"\" class=\"wp-image-23347\" srcset=\"https:\/\/treslineasnoticias.com.ar\/wp-content\/uploads\/2026\/03\/0338e41e-f013-47c7-bc97-d035ab3c7c64-1024x768.jpg 1024w, https:\/\/treslineasnoticias.com.ar\/wp-content\/uploads\/2026\/03\/0338e41e-f013-47c7-bc97-d035ab3c7c64-300x225.jpg 300w, https:\/\/treslineasnoticias.com.ar\/wp-content\/uploads\/2026\/03\/0338e41e-f013-47c7-bc97-d035ab3c7c64-768x576.jpg 768w, https:\/\/treslineasnoticias.com.ar\/wp-content\/uploads\/2026\/03\/0338e41e-f013-47c7-bc97-d035ab3c7c64-1536x1152.jpg 1536w, https:\/\/treslineasnoticias.com.ar\/wp-content\/uploads\/2026\/03\/0338e41e-f013-47c7-bc97-d035ab3c7c64.jpg 1600w\" sizes=\"auto, (max-width: 1024px) 100vw, 1024px\" \/><\/figure>\n\n\n\n<p><br>El programa \u201cPabellones Literarios para la Libertad\u201d se desarrolla en las c\u00e1rceles bonaerenses con la promoci\u00f3n de talleres de lectura y escritura para la formaci\u00f3n integral de las personas, a trav\u00e9s del di\u00e1logo y normas de convivencia. Funciona en 157 pabellones de 59 dependencias con la participaci\u00f3n de 9.527 personas privadas de libertad y la colaboraci\u00f3n de 133 talleristas voluntarios.<\/p>\n","protected":false},"excerpt":{"rendered":"<p>En una iniciativa solidaria, un grupo de personas alojadas en una c\u00e1rcel de Florencio Varela que participan del programa cultural \u201cPabellones Literarios para la Libertad\u201d presentaron dos libros de cuentos infantiles de su autor\u00eda y los entregaron al Hospital de Ni\u00f1os \u201cSor Mar\u00eda Ludovica\u201d de la ciudad de La Plata.La experiencia se llev\u00f3 a cabo [&hellip;]<\/p>\n","protected":false},"author":3,"featured_media":23346,"comment_status":"open","ping_status":"open","sticky":false,"template":"","format":"standard","meta":{"_jetpack_memberships_contains_paid_content":false,"footnotes":""},"categories":[6,8],"tags":[],"class_list":["post-23345","post","type-post","status-publish","format-standard","has-post-thumbnail","hentry","category-florencio-varela","category-provincia"],"yoast_head":"<!-- This site is optimized with the Yoast SEO plugin v24.7 - https:\/\/yoast.com\/wordpress\/plugins\/seo\/ -->\n<title>En una c\u00e1rcel de Florencio Varela escribieron libros de cuentos y dibujos infantiles para el Hospital de Ni\u00f1os de La Plata - Tres Lineas Noticias<\/title>\n<meta name=\"robots\" content=\"index, follow, max-snippet:-1, max-image-preview:large, max-video-preview:-1\" \/>\n<link rel=\"canonical\" href=\"https:\/\/treslineasnoticias.com.ar\/?p=23345\" \/>\n<meta property=\"og:locale\" content=\"es_ES\" \/>\n<meta property=\"og:type\" content=\"article\" \/>\n<meta property=\"og:title\" content=\"En una c\u00e1rcel de Florencio Varela escribieron libros de cuentos y dibujos infantiles para el Hospital de Ni\u00f1os de La Plata - Tres Lineas Noticias\" \/>\n<meta property=\"og:description\" content=\"En una iniciativa solidaria, un grupo de personas alojadas en una c\u00e1rcel de Florencio Varela que participan del programa cultural \u201cPabellones Literarios para la Libertad\u201d presentaron dos libros de cuentos infantiles de su autor\u00eda y los entregaron al Hospital de Ni\u00f1os \u201cSor Mar\u00eda Ludovica\u201d de la ciudad de La Plata.La experiencia se llev\u00f3 a cabo [&hellip;]\" \/>\n<meta property=\"og:url\" content=\"https:\/\/treslineasnoticias.com.ar\/?p=23345\" \/>\n<meta property=\"og:site_name\" content=\"Tres Lineas Noticias\" \/>\n<meta property=\"article:published_time\" content=\"2026-03-13T14:18:00+00:00\" \/>\n<meta property=\"article:modified_time\" content=\"2026-03-14T15:22:20+00:00\" \/>\n<meta property=\"og:image\" content=\"http:\/\/treslineasnoticias.com.ar\/wp-content\/uploads\/2026\/03\/18fb2055-acd0-45e7-8c9d-3eb24ee4d961.jpg\" \/>\n\t<meta property=\"og:image:width\" content=\"1600\" \/>\n\t<meta property=\"og:image:height\" content=\"1204\" \/>\n\t<meta property=\"og:image:type\" content=\"image\/jpeg\" \/>\n<meta name=\"author\" content=\"Horacio L\u00f3pez\" \/>\n<meta name=\"twitter:card\" content=\"summary_large_image\" \/>\n<meta name=\"twitter:label1\" content=\"Escrito por\" \/>\n\t<meta name=\"twitter:data1\" content=\"Horacio L\u00f3pez\" \/>\n\t<meta name=\"twitter:label2\" content=\"Tiempo de lectura\" \/>\n\t<meta name=\"twitter:data2\" content=\"3 minutos\" \/>\n<script type=\"application\/ld+json\" class=\"yoast-schema-graph\">{\"@context\":\"https:\/\/schema.org\",\"@graph\":[{\"@type\":\"WebPage\",\"@id\":\"https:\/\/treslineasnoticias.com.ar\/?p=23345\",\"url\":\"https:\/\/treslineasnoticias.com.ar\/?p=23345\",\"name\":\"En una c\u00e1rcel de Florencio Varela escribieron libros de cuentos y dibujos infantiles para el Hospital de Ni\u00f1os de La Plata - Tres Lineas Noticias\",\"isPartOf\":{\"@id\":\"https:\/\/treslineasnoticias.com.ar\/#website\"},\"primaryImageOfPage\":{\"@id\":\"https:\/\/treslineasnoticias.com.ar\/?p=23345#primaryimage\"},\"image\":{\"@id\":\"https:\/\/treslineasnoticias.com.ar\/?p=23345#primaryimage\"},\"thumbnailUrl\":\"https:\/\/treslineasnoticias.com.ar\/wp-content\/uploads\/2026\/03\/18fb2055-acd0-45e7-8c9d-3eb24ee4d961.jpg\",\"datePublished\":\"2026-03-13T14:18:00+00:00\",\"dateModified\":\"2026-03-14T15:22:20+00:00\",\"author\":{\"@id\":\"https:\/\/treslineasnoticias.com.ar\/#\/schema\/person\/c5f7249e50517b84c2379b145ca14895\"},\"breadcrumb\":{\"@id\":\"https:\/\/treslineasnoticias.com.ar\/?p=23345#breadcrumb\"},\"inLanguage\":\"es\",\"potentialAction\":[{\"@type\":\"ReadAction\",\"target\":[\"https:\/\/treslineasnoticias.com.ar\/?p=23345\"]}]},{\"@type\":\"ImageObject\",\"inLanguage\":\"es\",\"@id\":\"https:\/\/treslineasnoticias.com.ar\/?p=23345#primaryimage\",\"url\":\"https:\/\/treslineasnoticias.com.ar\/wp-content\/uploads\/2026\/03\/18fb2055-acd0-45e7-8c9d-3eb24ee4d961.jpg\",\"contentUrl\":\"https:\/\/treslineasnoticias.com.ar\/wp-content\/uploads\/2026\/03\/18fb2055-acd0-45e7-8c9d-3eb24ee4d961.jpg\",\"width\":1600,\"height\":1204},{\"@type\":\"BreadcrumbList\",\"@id\":\"https:\/\/treslineasnoticias.com.ar\/?p=23345#breadcrumb\",\"itemListElement\":[{\"@type\":\"ListItem\",\"position\":1,\"name\":\"Portada\",\"item\":\"https:\/\/treslineasnoticias.com.ar\/\"},{\"@type\":\"ListItem\",\"position\":2,\"name\":\"En una c\u00e1rcel de Florencio Varela escribieron libros de cuentos y dibujos infantiles para el Hospital de Ni\u00f1os de La Plata\"}]},{\"@type\":\"WebSite\",\"@id\":\"https:\/\/treslineasnoticias.com.ar\/#website\",\"url\":\"https:\/\/treslineasnoticias.com.ar\/\",\"name\":\"Tres Lineas Noticias\",\"description\":\"\",\"potentialAction\":[{\"@type\":\"SearchAction\",\"target\":{\"@type\":\"EntryPoint\",\"urlTemplate\":\"https:\/\/treslineasnoticias.com.ar\/?s={search_term_string}\"},\"query-input\":{\"@type\":\"PropertyValueSpecification\",\"valueRequired\":true,\"valueName\":\"search_term_string\"}}],\"inLanguage\":\"es\"},{\"@type\":\"Person\",\"@id\":\"https:\/\/treslineasnoticias.com.ar\/#\/schema\/person\/c5f7249e50517b84c2379b145ca14895\",\"name\":\"Horacio L\u00f3pez\",\"image\":{\"@type\":\"ImageObject\",\"inLanguage\":\"es\",\"@id\":\"https:\/\/treslineasnoticias.com.ar\/#\/schema\/person\/image\/\",\"url\":\"https:\/\/treslineasnoticias.com.ar\/wp-content\/litespeed\/avatar\/ddbec442f0224f940ce000570a0cb216.jpg?ver=1777068930\",\"contentUrl\":\"https:\/\/treslineasnoticias.com.ar\/wp-content\/litespeed\/avatar\/ddbec442f0224f940ce000570a0cb216.jpg?ver=1777068930\",\"caption\":\"Horacio L\u00f3pez\"},\"sameAs\":[\"http:\/\/treslineasnoticias.com.ar\"],\"url\":\"https:\/\/treslineasnoticias.com.ar\/?author=3\"}]}<\/script>\n<!-- \/ Yoast SEO plugin. -->","yoast_head_json":{"title":"En una c\u00e1rcel de Florencio Varela escribieron libros de cuentos y dibujos infantiles para el Hospital de Ni\u00f1os de La Plata - Tres Lineas Noticias","robots":{"index":"index","follow":"follow","max-snippet":"max-snippet:-1","max-image-preview":"max-image-preview:large","max-video-preview":"max-video-preview:-1"},"canonical":"https:\/\/treslineasnoticias.com.ar\/?p=23345","og_locale":"es_ES","og_type":"article","og_title":"En una c\u00e1rcel de Florencio Varela escribieron libros de cuentos y dibujos infantiles para el Hospital de Ni\u00f1os de La Plata - Tres Lineas Noticias","og_description":"En una iniciativa solidaria, un grupo de personas alojadas en una c\u00e1rcel de Florencio Varela que participan del programa cultural \u201cPabellones Literarios para la Libertad\u201d presentaron dos libros de cuentos infantiles de su autor\u00eda y los entregaron al Hospital de Ni\u00f1os \u201cSor Mar\u00eda Ludovica\u201d de la ciudad de La Plata.La experiencia se llev\u00f3 a cabo [&hellip;]","og_url":"https:\/\/treslineasnoticias.com.ar\/?p=23345","og_site_name":"Tres Lineas Noticias","article_published_time":"2026-03-13T14:18:00+00:00","article_modified_time":"2026-03-14T15:22:20+00:00","og_image":[{"width":1600,"height":1204,"url":"http:\/\/treslineasnoticias.com.ar\/wp-content\/uploads\/2026\/03\/18fb2055-acd0-45e7-8c9d-3eb24ee4d961.jpg","type":"image\/jpeg"}],"author":"Horacio L\u00f3pez","twitter_card":"summary_large_image","twitter_misc":{"Escrito por":"Horacio L\u00f3pez","Tiempo de lectura":"3 minutos"},"schema":{"@context":"https:\/\/schema.org","@graph":[{"@type":"WebPage","@id":"https:\/\/treslineasnoticias.com.ar\/?p=23345","url":"https:\/\/treslineasnoticias.com.ar\/?p=23345","name":"En una c\u00e1rcel de Florencio Varela escribieron libros de cuentos y dibujos infantiles para el Hospital de Ni\u00f1os de La Plata - Tres Lineas Noticias","isPartOf":{"@id":"https:\/\/treslineasnoticias.com.ar\/#website"},"primaryImageOfPage":{"@id":"https:\/\/treslineasnoticias.com.ar\/?p=23345#primaryimage"},"image":{"@id":"https:\/\/treslineasnoticias.com.ar\/?p=23345#primaryimage"},"thumbnailUrl":"https:\/\/treslineasnoticias.com.ar\/wp-content\/uploads\/2026\/03\/18fb2055-acd0-45e7-8c9d-3eb24ee4d961.jpg","datePublished":"2026-03-13T14:18:00+00:00","dateModified":"2026-03-14T15:22:20+00:00","author":{"@id":"https:\/\/treslineasnoticias.com.ar\/#\/schema\/person\/c5f7249e50517b84c2379b145ca14895"},"breadcrumb":{"@id":"https:\/\/treslineasnoticias.com.ar\/?p=23345#breadcrumb"},"inLanguage":"es","potentialAction":[{"@type":"ReadAction","target":["https:\/\/treslineasnoticias.com.ar\/?p=23345"]}]},{"@type":"ImageObject","inLanguage":"es","@id":"https:\/\/treslineasnoticias.com.ar\/?p=23345#primaryimage","url":"https:\/\/treslineasnoticias.com.ar\/wp-content\/uploads\/2026\/03\/18fb2055-acd0-45e7-8c9d-3eb24ee4d961.jpg","contentUrl":"https:\/\/treslineasnoticias.com.ar\/wp-content\/uploads\/2026\/03\/18fb2055-acd0-45e7-8c9d-3eb24ee4d961.jpg","width":1600,"height":1204},{"@type":"BreadcrumbList","@id":"https:\/\/treslineasnoticias.com.ar\/?p=23345#breadcrumb","itemListElement":[{"@type":"ListItem","position":1,"name":"Portada","item":"https:\/\/treslineasnoticias.com.ar\/"},{"@type":"ListItem","position":2,"name":"En una c\u00e1rcel de Florencio Varela escribieron libros de cuentos y dibujos infantiles para el Hospital de Ni\u00f1os de La Plata"}]},{"@type":"WebSite","@id":"https:\/\/treslineasnoticias.com.ar\/#website","url":"https:\/\/treslineasnoticias.com.ar\/","name":"Tres Lineas Noticias","description":"","potentialAction":[{"@type":"SearchAction","target":{"@type":"EntryPoint","urlTemplate":"https:\/\/treslineasnoticias.com.ar\/?s={search_term_string}"},"query-input":{"@type":"PropertyValueSpecification","valueRequired":true,"valueName":"search_term_string"}}],"inLanguage":"es"},{"@type":"Person","@id":"https:\/\/treslineasnoticias.com.ar\/#\/schema\/person\/c5f7249e50517b84c2379b145ca14895","name":"Horacio L\u00f3pez","image":{"@type":"ImageObject","inLanguage":"es","@id":"https:\/\/treslineasnoticias.com.ar\/#\/schema\/person\/image\/","url":"https:\/\/treslineasnoticias.com.ar\/wp-content\/litespeed\/avatar\/ddbec442f0224f940ce000570a0cb216.jpg?ver=1777068930","contentUrl":"https:\/\/treslineasnoticias.com.ar\/wp-content\/litespeed\/avatar\/ddbec442f0224f940ce000570a0cb216.jpg?ver=1777068930","caption":"Horacio L\u00f3pez"},"sameAs":["http:\/\/treslineasnoticias.com.ar"],"url":"https:\/\/treslineasnoticias.com.ar\/?author=3"}]}},"jetpack_featured_media_url":"https:\/\/treslineasnoticias.com.ar\/wp-content\/uploads\/2026\/03\/18fb2055-acd0-45e7-8c9d-3eb24ee4d961.jpg","jetpack_sharing_enabled":true,"_links":{"self":[{"href":"https:\/\/treslineasnoticias.com.ar\/index.php?rest_route=\/wp\/v2\/posts\/23345","targetHints":{"allow":["GET"]}}],"collection":[{"href":"https:\/\/treslineasnoticias.com.ar\/index.php?rest_route=\/wp\/v2\/posts"}],"about":[{"href":"https:\/\/treslineasnoticias.com.ar\/index.php?rest_route=\/wp\/v2\/types\/post"}],"author":[{"embeddable":true,"href":"https:\/\/treslineasnoticias.com.ar\/index.php?rest_route=\/wp\/v2\/users\/3"}],"replies":[{"embeddable":true,"href":"https:\/\/treslineasnoticias.com.ar\/index.php?rest_route=%2Fwp%2Fv2%2Fcomments&post=23345"}],"version-history":[{"count":1,"href":"https:\/\/treslineasnoticias.com.ar\/index.php?rest_route=\/wp\/v2\/posts\/23345\/revisions"}],"predecessor-version":[{"id":23350,"href":"https:\/\/treslineasnoticias.com.ar\/index.php?rest_route=\/wp\/v2\/posts\/23345\/revisions\/23350"}],"wp:featuredmedia":[{"embeddable":true,"href":"https:\/\/treslineasnoticias.com.ar\/index.php?rest_route=\/wp\/v2\/media\/23346"}],"wp:attachment":[{"href":"https:\/\/treslineasnoticias.com.ar\/index.php?rest_route=%2Fwp%2Fv2%2Fmedia&parent=23345"}],"wp:term":[{"taxonomy":"category","embeddable":true,"href":"https:\/\/treslineasnoticias.com.ar\/index.php?rest_route=%2Fwp%2Fv2%2Fcategories&post=23345"},{"taxonomy":"post_tag","embeddable":true,"href":"https:\/\/treslineasnoticias.com.ar\/index.php?rest_route=%2Fwp%2Fv2%2Ftags&post=23345"}],"curies":[{"name":"wp","href":"https:\/\/api.w.org\/{rel}","templated":true}]}}