{"id":23355,"date":"2026-03-15T06:03:00","date_gmt":"2026-03-15T09:03:00","guid":{"rendered":"https:\/\/treslineasnoticias.com.ar\/?p=23355"},"modified":"2026-03-15T11:10:28","modified_gmt":"2026-03-15T14:10:28","slug":"masiva-convocatoria-en-la-10-maraton-nocturna-ricardo-castro","status":"publish","type":"post","link":"https:\/\/treslineasnoticias.com.ar\/?p=23355","title":{"rendered":"Masiva convocatoria en la 10\u00b0 marat\u00f3n nocturna \u00abRicardo Castro\u00bb"},"content":{"rendered":"\n<p><strong><em>El titular en el Ejecutivo local, Andr\u00e9s Watson, oficializ\u00f3 el inicio de la tradicional carrera con largada desde la intersecci\u00f3n de Av. Eva Per\u00f3n y 3 de Febrero, durante la noche del s\u00e1bado.<\/em><\/strong><\/p>\n\n\n\n<figure class=\"wp-block-image size-large\"><img loading=\"lazy\" decoding=\"async\" width=\"1024\" height=\"683\" src=\"http:\/\/treslineasnoticias.com.ar\/wp-content\/uploads\/2026\/03\/a6fe599b-fd8e-3dd6-2ce8-34d31d09e303-1024x683.jpg\" alt=\"\" class=\"wp-image-23359\" srcset=\"https:\/\/treslineasnoticias.com.ar\/wp-content\/uploads\/2026\/03\/a6fe599b-fd8e-3dd6-2ce8-34d31d09e303-1024x683.jpg 1024w, https:\/\/treslineasnoticias.com.ar\/wp-content\/uploads\/2026\/03\/a6fe599b-fd8e-3dd6-2ce8-34d31d09e303-300x200.jpg 300w, https:\/\/treslineasnoticias.com.ar\/wp-content\/uploads\/2026\/03\/a6fe599b-fd8e-3dd6-2ce8-34d31d09e303-768x512.jpg 768w, https:\/\/treslineasnoticias.com.ar\/wp-content\/uploads\/2026\/03\/a6fe599b-fd8e-3dd6-2ce8-34d31d09e303-1536x1024.jpg 1536w, https:\/\/treslineasnoticias.com.ar\/wp-content\/uploads\/2026\/03\/a6fe599b-fd8e-3dd6-2ce8-34d31d09e303-2048x1365.jpg 2048w\" sizes=\"auto, (max-width: 1024px) 100vw, 1024px\" \/><\/figure>\n\n\n\n<p>El Mandatario detall\u00f3 \u00abuna concurrencia que super\u00f3 los 4300 atletas: vecinos y vecinas varelenses como tambi\u00e9n de otros 40 distritos, en modalidades destinadas a las infancias, personas con discapacidad, en pruebas de 3 y 7 KM\u00bb.<\/p>\n\n\n\n<p>El Intendente resalt\u00f3 \u00abla promoci\u00f3n de pr\u00e1cticas que reunieron a la comunidad en torno a h\u00e1bitos saludables\u00bb. Por otra parte, reconoci\u00f3 \u00abel trabajo de los equipos m\u00e9dicos, enfermeros, SAME, Defensa Civil y Guardia Comunal, abocados a cuidar a la poblaci\u00f3n a lo largo de la jornada\u00bb.<\/p>\n\n\n\n<p>De Bosques, Gisel M\u00e9ndez alcanz\u00f3 el segundo lugar en los 7 KM. La adolescente describi\u00f3 una fecha \u00abcon un nivel competitivo muy alto\u00bb. \u00abQuer\u00eda estar entre los primeros puestos y lo logr\u00e9\u00bb, asegur\u00f3.<\/p>\n\n\n\n<figure class=\"wp-block-image size-large\"><img loading=\"lazy\" decoding=\"async\" width=\"1024\" height=\"683\" src=\"http:\/\/treslineasnoticias.com.ar\/wp-content\/uploads\/2026\/03\/c54f7d68-39e2-9270-ce12-09f9d13e09b8-1024x683.jpg\" alt=\"\" class=\"wp-image-23356\" srcset=\"https:\/\/treslineasnoticias.com.ar\/wp-content\/uploads\/2026\/03\/c54f7d68-39e2-9270-ce12-09f9d13e09b8-1024x683.jpg 1024w, https:\/\/treslineasnoticias.com.ar\/wp-content\/uploads\/2026\/03\/c54f7d68-39e2-9270-ce12-09f9d13e09b8-300x200.jpg 300w, https:\/\/treslineasnoticias.com.ar\/wp-content\/uploads\/2026\/03\/c54f7d68-39e2-9270-ce12-09f9d13e09b8-768x512.jpg 768w, https:\/\/treslineasnoticias.com.ar\/wp-content\/uploads\/2026\/03\/c54f7d68-39e2-9270-ce12-09f9d13e09b8-1536x1024.jpg 1536w, https:\/\/treslineasnoticias.com.ar\/wp-content\/uploads\/2026\/03\/c54f7d68-39e2-9270-ce12-09f9d13e09b8-2048x1366.jpg 2048w\" sizes=\"auto, (max-width: 1024px) 100vw, 1024px\" \/><\/figure>\n\n\n\n<p>En la misma modalidad, Natalia Acevedo culmin\u00f3 tercera. La oriunda de Villa Argentina repas\u00f3: \u201cLe puse muchas ganas. El final cost\u00f3 un poquito porque hab\u00eda mucha humedad\u201d.<\/p>\n\n\n\n<p>Respecto a su preparaci\u00f3n, evoc\u00f3 \u201cuna pretemporada durante el verano que finaliz\u00f3 ahora en marzo\u201d. Por \u00faltimo, valor\u00f3 \u201clas distintas propuestas que ofreci\u00f3 el Municipio vinculadas al atletismo\u201d.<\/p>\n\n\n\n<p>Luego de llegar en s\u00e9ptimo lugar en los 7 KM, Hern\u00e1n Morales destac\u00f3 \u201cuna buena organizaci\u00f3n\u201d. \u201cParticip\u00e9 por mucho tiempo en este evento y todo fue muy prolijo\u201d, indic\u00f3. \u201cQue cada a\u00f1o hubiera m\u00e1s gente denot\u00f3 un gran esfuerzo e impulso de la Comuna, algo fundamental\u201d, agreg\u00f3 el joven de Jos\u00e9 M\u00e1rmol.<\/p>\n\n\n\n<figure class=\"wp-block-image size-large\"><img loading=\"lazy\" decoding=\"async\" width=\"1024\" height=\"683\" src=\"http:\/\/treslineasnoticias.com.ar\/wp-content\/uploads\/2026\/03\/72a968bd-64ab-83d9-ee98-e4ce804d503d-1024x683.jpg\" alt=\"\" class=\"wp-image-23357\" srcset=\"https:\/\/treslineasnoticias.com.ar\/wp-content\/uploads\/2026\/03\/72a968bd-64ab-83d9-ee98-e4ce804d503d-1024x683.jpg 1024w, https:\/\/treslineasnoticias.com.ar\/wp-content\/uploads\/2026\/03\/72a968bd-64ab-83d9-ee98-e4ce804d503d-300x200.jpg 300w, https:\/\/treslineasnoticias.com.ar\/wp-content\/uploads\/2026\/03\/72a968bd-64ab-83d9-ee98-e4ce804d503d-768x512.jpg 768w, https:\/\/treslineasnoticias.com.ar\/wp-content\/uploads\/2026\/03\/72a968bd-64ab-83d9-ee98-e4ce804d503d-1536x1024.jpg 1536w, https:\/\/treslineasnoticias.com.ar\/wp-content\/uploads\/2026\/03\/72a968bd-64ab-83d9-ee98-e4ce804d503d-2048x1365.jpg 2048w\" sizes=\"auto, (max-width: 1024px) 100vw, 1024px\" \/><\/figure>\n\n\n\n<p>Estuvo la secretaria de Cultura, Deportes y Recreaci\u00f3n, Estefan\u00eda Nieva.<\/p>\n\n\n\n<p><strong>Ganadores 7K<\/strong><\/p>\n\n\n\n<p>1\u00b0 Fausto Alonso<\/p>\n\n\n\n<p>2\u00b0 Nicol\u00e1s Blasco<\/p>\n\n\n\n<p>3\u00b0 Ignacio Oliva<\/p>\n\n\n\n<p>4\u00b0 Lihuel Bagliati<\/p>\n\n\n\n<p>5\u00b0 Gonzalo Fern\u00e1ndez<\/p>\n\n\n\n<figure class=\"wp-block-image size-large\"><img loading=\"lazy\" decoding=\"async\" width=\"1024\" height=\"683\" src=\"http:\/\/treslineasnoticias.com.ar\/wp-content\/uploads\/2026\/03\/329a025e-128a-8ac3-32b6-2f35d6cbe76d-1024x683.jpg\" alt=\"\" class=\"wp-image-23358\" srcset=\"https:\/\/treslineasnoticias.com.ar\/wp-content\/uploads\/2026\/03\/329a025e-128a-8ac3-32b6-2f35d6cbe76d-1024x683.jpg 1024w, https:\/\/treslineasnoticias.com.ar\/wp-content\/uploads\/2026\/03\/329a025e-128a-8ac3-32b6-2f35d6cbe76d-300x200.jpg 300w, https:\/\/treslineasnoticias.com.ar\/wp-content\/uploads\/2026\/03\/329a025e-128a-8ac3-32b6-2f35d6cbe76d-768x512.jpg 768w, https:\/\/treslineasnoticias.com.ar\/wp-content\/uploads\/2026\/03\/329a025e-128a-8ac3-32b6-2f35d6cbe76d-1536x1024.jpg 1536w, https:\/\/treslineasnoticias.com.ar\/wp-content\/uploads\/2026\/03\/329a025e-128a-8ac3-32b6-2f35d6cbe76d-2048x1366.jpg 2048w\" sizes=\"auto, (max-width: 1024px) 100vw, 1024px\" \/><\/figure>\n\n\n\n<p><strong>Ganadoras 7K<\/strong><\/p>\n\n\n\n<p>1\u00b0 Sandra G\u00f3mez<\/p>\n\n\n\n<p>2\u00b0 Gisel M\u00e9ndez<\/p>\n\n\n\n<p>3\u00b0 Natalia Acevedo<\/p>\n\n\n\n<p>4\u00b0 Patricia Guzm\u00e1n<\/p>\n\n\n\n<p>5\u00b0 Paula Olivera<\/p>\n","protected":false},"excerpt":{"rendered":"<p>El titular en el Ejecutivo local, Andr\u00e9s Watson, oficializ\u00f3 el inicio de la tradicional carrera con largada desde la intersecci\u00f3n de Av. Eva Per\u00f3n y 3 de Febrero, durante la noche del s\u00e1bado. El Mandatario detall\u00f3 \u00abuna concurrencia que super\u00f3 los 4300 atletas: vecinos y vecinas varelenses como tambi\u00e9n de otros 40 distritos, en modalidades [&hellip;]<\/p>\n","protected":false},"author":3,"featured_media":23360,"comment_status":"open","ping_status":"open","sticky":false,"template":"","format":"standard","meta":{"_jetpack_memberships_contains_paid_content":false,"footnotes":""},"categories":[6],"tags":[],"class_list":["post-23355","post","type-post","status-publish","format-standard","has-post-thumbnail","hentry","category-florencio-varela"],"yoast_head":"<!-- This site is optimized with the Yoast SEO plugin v24.7 - https:\/\/yoast.com\/wordpress\/plugins\/seo\/ -->\n<title>Masiva convocatoria en la 10\u00b0 marat\u00f3n nocturna &quot;Ricardo Castro&quot; - Tres Lineas Noticias<\/title>\n<meta name=\"robots\" content=\"index, follow, max-snippet:-1, max-image-preview:large, max-video-preview:-1\" \/>\n<link rel=\"canonical\" href=\"https:\/\/treslineasnoticias.com.ar\/?p=23355\" \/>\n<meta property=\"og:locale\" content=\"es_ES\" \/>\n<meta property=\"og:type\" content=\"article\" \/>\n<meta property=\"og:title\" content=\"Masiva convocatoria en la 10\u00b0 marat\u00f3n nocturna &quot;Ricardo Castro&quot; - Tres Lineas Noticias\" \/>\n<meta property=\"og:description\" content=\"El titular en el Ejecutivo local, Andr\u00e9s Watson, oficializ\u00f3 el inicio de la tradicional carrera con largada desde la intersecci\u00f3n de Av. Eva Per\u00f3n y 3 de Febrero, durante la noche del s\u00e1bado. El Mandatario detall\u00f3 \u00abuna concurrencia que super\u00f3 los 4300 atletas: vecinos y vecinas varelenses como tambi\u00e9n de otros 40 distritos, en modalidades [&hellip;]\" \/>\n<meta property=\"og:url\" content=\"https:\/\/treslineasnoticias.com.ar\/?p=23355\" \/>\n<meta property=\"og:site_name\" content=\"Tres Lineas Noticias\" \/>\n<meta property=\"article:published_time\" content=\"2026-03-15T09:03:00+00:00\" \/>\n<meta property=\"article:modified_time\" content=\"2026-03-15T14:10:28+00:00\" \/>\n<meta property=\"og:image\" content=\"http:\/\/treslineasnoticias.com.ar\/wp-content\/uploads\/2026\/03\/d1057e47-ae10-6885-ce8b-e5735cfa1e59-scaled.jpg\" \/>\n\t<meta property=\"og:image:width\" content=\"2560\" \/>\n\t<meta property=\"og:image:height\" content=\"1707\" \/>\n\t<meta property=\"og:image:type\" content=\"image\/jpeg\" \/>\n<meta name=\"author\" content=\"Horacio L\u00f3pez\" \/>\n<meta name=\"twitter:card\" content=\"summary_large_image\" \/>\n<meta name=\"twitter:label1\" content=\"Escrito por\" \/>\n\t<meta name=\"twitter:data1\" content=\"Horacio L\u00f3pez\" \/>\n\t<meta name=\"twitter:label2\" content=\"Tiempo de lectura\" \/>\n\t<meta name=\"twitter:data2\" content=\"3 minutos\" \/>\n<script type=\"application\/ld+json\" class=\"yoast-schema-graph\">{\"@context\":\"https:\/\/schema.org\",\"@graph\":[{\"@type\":\"WebPage\",\"@id\":\"https:\/\/treslineasnoticias.com.ar\/?p=23355\",\"url\":\"https:\/\/treslineasnoticias.com.ar\/?p=23355\",\"name\":\"Masiva convocatoria en la 10\u00b0 marat\u00f3n nocturna \\\"Ricardo Castro\\\" - Tres Lineas Noticias\",\"isPartOf\":{\"@id\":\"https:\/\/treslineasnoticias.com.ar\/#website\"},\"primaryImageOfPage\":{\"@id\":\"https:\/\/treslineasnoticias.com.ar\/?p=23355#primaryimage\"},\"image\":{\"@id\":\"https:\/\/treslineasnoticias.com.ar\/?p=23355#primaryimage\"},\"thumbnailUrl\":\"https:\/\/treslineasnoticias.com.ar\/wp-content\/uploads\/2026\/03\/d1057e47-ae10-6885-ce8b-e5735cfa1e59-scaled.jpg\",\"datePublished\":\"2026-03-15T09:03:00+00:00\",\"dateModified\":\"2026-03-15T14:10:28+00:00\",\"author\":{\"@id\":\"https:\/\/treslineasnoticias.com.ar\/#\/schema\/person\/c5f7249e50517b84c2379b145ca14895\"},\"breadcrumb\":{\"@id\":\"https:\/\/treslineasnoticias.com.ar\/?p=23355#breadcrumb\"},\"inLanguage\":\"es\",\"potentialAction\":[{\"@type\":\"ReadAction\",\"target\":[\"https:\/\/treslineasnoticias.com.ar\/?p=23355\"]}]},{\"@type\":\"ImageObject\",\"inLanguage\":\"es\",\"@id\":\"https:\/\/treslineasnoticias.com.ar\/?p=23355#primaryimage\",\"url\":\"https:\/\/treslineasnoticias.com.ar\/wp-content\/uploads\/2026\/03\/d1057e47-ae10-6885-ce8b-e5735cfa1e59-scaled.jpg\",\"contentUrl\":\"https:\/\/treslineasnoticias.com.ar\/wp-content\/uploads\/2026\/03\/d1057e47-ae10-6885-ce8b-e5735cfa1e59-scaled.jpg\",\"width\":2560,\"height\":1707},{\"@type\":\"BreadcrumbList\",\"@id\":\"https:\/\/treslineasnoticias.com.ar\/?p=23355#breadcrumb\",\"itemListElement\":[{\"@type\":\"ListItem\",\"position\":1,\"name\":\"Portada\",\"item\":\"https:\/\/treslineasnoticias.com.ar\/\"},{\"@type\":\"ListItem\",\"position\":2,\"name\":\"Masiva convocatoria en la 10\u00b0 marat\u00f3n nocturna \u00abRicardo Castro\u00bb\"}]},{\"@type\":\"WebSite\",\"@id\":\"https:\/\/treslineasnoticias.com.ar\/#website\",\"url\":\"https:\/\/treslineasnoticias.com.ar\/\",\"name\":\"Tres Lineas Noticias\",\"description\":\"\",\"potentialAction\":[{\"@type\":\"SearchAction\",\"target\":{\"@type\":\"EntryPoint\",\"urlTemplate\":\"https:\/\/treslineasnoticias.com.ar\/?s={search_term_string}\"},\"query-input\":{\"@type\":\"PropertyValueSpecification\",\"valueRequired\":true,\"valueName\":\"search_term_string\"}}],\"inLanguage\":\"es\"},{\"@type\":\"Person\",\"@id\":\"https:\/\/treslineasnoticias.com.ar\/#\/schema\/person\/c5f7249e50517b84c2379b145ca14895\",\"name\":\"Horacio L\u00f3pez\",\"image\":{\"@type\":\"ImageObject\",\"inLanguage\":\"es\",\"@id\":\"https:\/\/treslineasnoticias.com.ar\/#\/schema\/person\/image\/\",\"url\":\"https:\/\/treslineasnoticias.com.ar\/wp-content\/litespeed\/avatar\/ddbec442f0224f940ce000570a0cb216.jpg?ver=1777068930\",\"contentUrl\":\"https:\/\/treslineasnoticias.com.ar\/wp-content\/litespeed\/avatar\/ddbec442f0224f940ce000570a0cb216.jpg?ver=1777068930\",\"caption\":\"Horacio L\u00f3pez\"},\"sameAs\":[\"http:\/\/treslineasnoticias.com.ar\"],\"url\":\"https:\/\/treslineasnoticias.com.ar\/?author=3\"}]}<\/script>\n<!-- \/ Yoast SEO plugin. -->","yoast_head_json":{"title":"Masiva convocatoria en la 10\u00b0 marat\u00f3n nocturna \"Ricardo Castro\" - Tres Lineas Noticias","robots":{"index":"index","follow":"follow","max-snippet":"max-snippet:-1","max-image-preview":"max-image-preview:large","max-video-preview":"max-video-preview:-1"},"canonical":"https:\/\/treslineasnoticias.com.ar\/?p=23355","og_locale":"es_ES","og_type":"article","og_title":"Masiva convocatoria en la 10\u00b0 marat\u00f3n nocturna \"Ricardo Castro\" - Tres Lineas Noticias","og_description":"El titular en el Ejecutivo local, Andr\u00e9s Watson, oficializ\u00f3 el inicio de la tradicional carrera con largada desde la intersecci\u00f3n de Av. Eva Per\u00f3n y 3 de Febrero, durante la noche del s\u00e1bado. El Mandatario detall\u00f3 \u00abuna concurrencia que super\u00f3 los 4300 atletas: vecinos y vecinas varelenses como tambi\u00e9n de otros 40 distritos, en modalidades [&hellip;]","og_url":"https:\/\/treslineasnoticias.com.ar\/?p=23355","og_site_name":"Tres Lineas Noticias","article_published_time":"2026-03-15T09:03:00+00:00","article_modified_time":"2026-03-15T14:10:28+00:00","og_image":[{"width":2560,"height":1707,"url":"http:\/\/treslineasnoticias.com.ar\/wp-content\/uploads\/2026\/03\/d1057e47-ae10-6885-ce8b-e5735cfa1e59-scaled.jpg","type":"image\/jpeg"}],"author":"Horacio L\u00f3pez","twitter_card":"summary_large_image","twitter_misc":{"Escrito por":"Horacio L\u00f3pez","Tiempo de lectura":"3 minutos"},"schema":{"@context":"https:\/\/schema.org","@graph":[{"@type":"WebPage","@id":"https:\/\/treslineasnoticias.com.ar\/?p=23355","url":"https:\/\/treslineasnoticias.com.ar\/?p=23355","name":"Masiva convocatoria en la 10\u00b0 marat\u00f3n nocturna \"Ricardo Castro\" - Tres Lineas Noticias","isPartOf":{"@id":"https:\/\/treslineasnoticias.com.ar\/#website"},"primaryImageOfPage":{"@id":"https:\/\/treslineasnoticias.com.ar\/?p=23355#primaryimage"},"image":{"@id":"https:\/\/treslineasnoticias.com.ar\/?p=23355#primaryimage"},"thumbnailUrl":"https:\/\/treslineasnoticias.com.ar\/wp-content\/uploads\/2026\/03\/d1057e47-ae10-6885-ce8b-e5735cfa1e59-scaled.jpg","datePublished":"2026-03-15T09:03:00+00:00","dateModified":"2026-03-15T14:10:28+00:00","author":{"@id":"https:\/\/treslineasnoticias.com.ar\/#\/schema\/person\/c5f7249e50517b84c2379b145ca14895"},"breadcrumb":{"@id":"https:\/\/treslineasnoticias.com.ar\/?p=23355#breadcrumb"},"inLanguage":"es","potentialAction":[{"@type":"ReadAction","target":["https:\/\/treslineasnoticias.com.ar\/?p=23355"]}]},{"@type":"ImageObject","inLanguage":"es","@id":"https:\/\/treslineasnoticias.com.ar\/?p=23355#primaryimage","url":"https:\/\/treslineasnoticias.com.ar\/wp-content\/uploads\/2026\/03\/d1057e47-ae10-6885-ce8b-e5735cfa1e59-scaled.jpg","contentUrl":"https:\/\/treslineasnoticias.com.ar\/wp-content\/uploads\/2026\/03\/d1057e47-ae10-6885-ce8b-e5735cfa1e59-scaled.jpg","width":2560,"height":1707},{"@type":"BreadcrumbList","@id":"https:\/\/treslineasnoticias.com.ar\/?p=23355#breadcrumb","itemListElement":[{"@type":"ListItem","position":1,"name":"Portada","item":"https:\/\/treslineasnoticias.com.ar\/"},{"@type":"ListItem","position":2,"name":"Masiva convocatoria en la 10\u00b0 marat\u00f3n nocturna \u00abRicardo Castro\u00bb"}]},{"@type":"WebSite","@id":"https:\/\/treslineasnoticias.com.ar\/#website","url":"https:\/\/treslineasnoticias.com.ar\/","name":"Tres Lineas Noticias","description":"","potentialAction":[{"@type":"SearchAction","target":{"@type":"EntryPoint","urlTemplate":"https:\/\/treslineasnoticias.com.ar\/?s={search_term_string}"},"query-input":{"@type":"PropertyValueSpecification","valueRequired":true,"valueName":"search_term_string"}}],"inLanguage":"es"},{"@type":"Person","@id":"https:\/\/treslineasnoticias.com.ar\/#\/schema\/person\/c5f7249e50517b84c2379b145ca14895","name":"Horacio L\u00f3pez","image":{"@type":"ImageObject","inLanguage":"es","@id":"https:\/\/treslineasnoticias.com.ar\/#\/schema\/person\/image\/","url":"https:\/\/treslineasnoticias.com.ar\/wp-content\/litespeed\/avatar\/ddbec442f0224f940ce000570a0cb216.jpg?ver=1777068930","contentUrl":"https:\/\/treslineasnoticias.com.ar\/wp-content\/litespeed\/avatar\/ddbec442f0224f940ce000570a0cb216.jpg?ver=1777068930","caption":"Horacio L\u00f3pez"},"sameAs":["http:\/\/treslineasnoticias.com.ar"],"url":"https:\/\/treslineasnoticias.com.ar\/?author=3"}]}},"jetpack_featured_media_url":"https:\/\/treslineasnoticias.com.ar\/wp-content\/uploads\/2026\/03\/d1057e47-ae10-6885-ce8b-e5735cfa1e59-scaled.jpg","jetpack_sharing_enabled":true,"_links":{"self":[{"href":"https:\/\/treslineasnoticias.com.ar\/index.php?rest_route=\/wp\/v2\/posts\/23355","targetHints":{"allow":["GET"]}}],"collection":[{"href":"https:\/\/treslineasnoticias.com.ar\/index.php?rest_route=\/wp\/v2\/posts"}],"about":[{"href":"https:\/\/treslineasnoticias.com.ar\/index.php?rest_route=\/wp\/v2\/types\/post"}],"author":[{"embeddable":true,"href":"https:\/\/treslineasnoticias.com.ar\/index.php?rest_route=\/wp\/v2\/users\/3"}],"replies":[{"embeddable":true,"href":"https:\/\/treslineasnoticias.com.ar\/index.php?rest_route=%2Fwp%2Fv2%2Fcomments&post=23355"}],"version-history":[{"count":1,"href":"https:\/\/treslineasnoticias.com.ar\/index.php?rest_route=\/wp\/v2\/posts\/23355\/revisions"}],"predecessor-version":[{"id":23361,"href":"https:\/\/treslineasnoticias.com.ar\/index.php?rest_route=\/wp\/v2\/posts\/23355\/revisions\/23361"}],"wp:featuredmedia":[{"embeddable":true,"href":"https:\/\/treslineasnoticias.com.ar\/index.php?rest_route=\/wp\/v2\/media\/23360"}],"wp:attachment":[{"href":"https:\/\/treslineasnoticias.com.ar\/index.php?rest_route=%2Fwp%2Fv2%2Fmedia&parent=23355"}],"wp:term":[{"taxonomy":"category","embeddable":true,"href":"https:\/\/treslineasnoticias.com.ar\/index.php?rest_route=%2Fwp%2Fv2%2Fcategories&post=23355"},{"taxonomy":"post_tag","embeddable":true,"href":"https:\/\/treslineasnoticias.com.ar\/index.php?rest_route=%2Fwp%2Fv2%2Ftags&post=23355"}],"curies":[{"name":"wp","href":"https:\/\/api.w.org\/{rel}","templated":true}]}}