{"id":23384,"date":"2026-03-16T06:53:00","date_gmt":"2026-03-16T09:53:00","guid":{"rendered":"https:\/\/treslineasnoticias.com.ar\/?p=23384"},"modified":"2026-03-16T10:26:50","modified_gmt":"2026-03-16T13:26:50","slug":"te-acordas-hermano-que-tiempos-aquellos-cuando-la-inflacion-era-de-09-y-el-indice-congreso-era-de-148","status":"publish","type":"post","link":"https:\/\/treslineasnoticias.com.ar\/?p=23384","title":{"rendered":"Te acord\u00e1s hermano que tiempos aquellos&#8230;cuando la inflaci\u00f3n era de 0,9 % y el \u00ab\u00edndice\u00bb Congreso era de 1,48%"},"content":{"rendered":"\n<p><strong><em>La inflaci\u00f3n de febrero fue 2,9 por ciento seg\u00fan el INDEC. Los precios suben, y no bajan desde hace nueve meses. Seg\u00fan el organismo, el incremento de precios es de 33 por ciento interanual. Cu\u00e1l fue la categor\u00eda que m\u00e1s influy\u00f3 y c\u00f3mo era el pron\u00f3stico de las consultoras privadas.<\/em><\/strong><\/p>\n\n\n\n<figure class=\"wp-block-image size-large\"><img loading=\"lazy\" decoding=\"async\" width=\"1024\" height=\"683\" src=\"http:\/\/treslineasnoticias.com.ar\/wp-content\/uploads\/2026\/03\/7CR7LWMZ6BC6TKRYXKGCVOJPTQ-1024x683.jpg\" alt=\"\" class=\"wp-image-23388\" srcset=\"https:\/\/treslineasnoticias.com.ar\/wp-content\/uploads\/2026\/03\/7CR7LWMZ6BC6TKRYXKGCVOJPTQ-1024x683.jpg 1024w, https:\/\/treslineasnoticias.com.ar\/wp-content\/uploads\/2026\/03\/7CR7LWMZ6BC6TKRYXKGCVOJPTQ-300x200.jpg 300w, https:\/\/treslineasnoticias.com.ar\/wp-content\/uploads\/2026\/03\/7CR7LWMZ6BC6TKRYXKGCVOJPTQ-768x512.jpg 768w, https:\/\/treslineasnoticias.com.ar\/wp-content\/uploads\/2026\/03\/7CR7LWMZ6BC6TKRYXKGCVOJPTQ-1536x1024.jpg 1536w, https:\/\/treslineasnoticias.com.ar\/wp-content\/uploads\/2026\/03\/7CR7LWMZ6BC6TKRYXKGCVOJPTQ-2048x1365.jpg 2048w\" sizes=\"auto, (max-width: 1024px) 100vw, 1024px\" \/><\/figure>\n\n\n\n<p>El Instituto Nacional de Estad\u00edstica y Censos (<strong>INDEC<\/strong>) inform\u00f3 que la<strong>\u00a0inflaci\u00f3n de febrero 2026 fue de 2,9 por ciento<\/strong>. De esta manera, el \u00cdndice de Precios al Consumidor (IPC) aument\u00f3 un <strong>33 por ciento interanual.<\/strong><\/p>\n\n\n\n<p>El \u00edndice de febrero es igual al de enero, cuando el INDEC tambi\u00e9n midi\u00f3 un aumento de precios del 2,9. <strong>A pesar de todos los parches y de no haber modificado la medici\u00f3n, Gobierno no logra disminuir la cifra de inflaci\u00f3n.<\/strong><\/p>\n\n\n\n<p><strong><em>La divisi\u00f3n con mayor alza mensual en febrero de 2026 fue Vivienda, agua, electricidad, gas y otros combustibles (6,8%), escoltada por Alimentos y bebidas no alcoh\u00f3licas y Bienes y servicios varios (ambas 3,3%).<\/em><\/strong><\/p>\n\n\n\n<h2 class=\"wp-block-heading\">Pobreza<\/h2>\n\n\n\n<p>Adem\u00e1s de la inflaci\u00f3n, el INDEC dio a conocer los datos de la<strong>&nbsp;canasta b\u00e1sica&nbsp;<\/strong>del segundo mes del a\u00f1o.<\/p>\n\n\n<div class=\"wp-block-image\">\n<figure class=\"aligncenter size-full\"><img loading=\"lazy\" decoding=\"async\" width=\"547\" height=\"680\" src=\"http:\/\/treslineasnoticias.com.ar\/wp-content\/uploads\/2026\/03\/HDO3JJqXMAAg-pc.jpg\" alt=\"\" class=\"wp-image-23387\" srcset=\"https:\/\/treslineasnoticias.com.ar\/wp-content\/uploads\/2026\/03\/HDO3JJqXMAAg-pc.jpg 547w, https:\/\/treslineasnoticias.com.ar\/wp-content\/uploads\/2026\/03\/HDO3JJqXMAAg-pc-241x300.jpg 241w\" sizes=\"auto, (max-width: 547px) 100vw, 547px\" \/><\/figure><\/div>\n\n\n<p>Seg\u00fan el organismo una familia de cuatro personas necesit\u00f3\u00a0<strong>$1.397.671,83 para superar el umbral de pobreza<\/strong>\u00a0en febrero de 2026: 2,7% m\u00e1s que el mes previo y 32,1% interanual.<\/p>\n\n\n\n<h2 class=\"wp-block-heading\">El pron\u00f3stico de los privados<\/h2>\n\n\n\n<p>Las consultoras pronosticaban un IPC de entre 2,6% y 2,9%. Seg\u00fan el Relevamiento de Expectativas de Mercado (REM) \u2014que recopila los an\u00e1lisis de las principales entidades financieras y de investigaci\u00f3n locales e internacionales\u2014 el promedio estaba en torno al 2,7%.<\/p>\n\n\n\n<p>En general, los aumentos en&nbsp;<strong>Viviendas y servicios del hogar<\/strong>&nbsp;estaban a la cabeza, cerca del 6%, seguidos por&nbsp;<strong>Alimentos&nbsp;<\/strong>arriba del 3%. En los \u00faltimos meses,&nbsp;<strong>la comida comenz\u00f3 a aumentar por encima del promedio general<\/strong>, en gran parte por las tensiones cambiarias, y eso hizo subir el n\u00famero final del pron\u00f3stico.<\/p>\n\n\n\n<p>En la Ciudad de Buenos Aires el dato fue de 2,6%, lo que signific\u00f3 una baja respecto al 3,1% de enero. La explicaci\u00f3n es que<strong>&nbsp;los estacionales bajaron 6,5% con respecto al mes anterior, con pasajes de avi\u00f3n (32,5%) a la cabeza<\/strong>. De hecho la inflaci\u00f3n n\u00facleo, que no incluye regulados ni estacionales, aument\u00f3 1%.<\/p>\n\n\n<div class=\"wp-block-image\">\n<figure class=\"aligncenter size-full\"><img loading=\"lazy\" decoding=\"async\" width=\"680\" height=\"382\" src=\"http:\/\/treslineasnoticias.com.ar\/wp-content\/uploads\/2026\/03\/HDO17RFXcAAXBfH.jpg\" alt=\"\" class=\"wp-image-23386\" srcset=\"https:\/\/treslineasnoticias.com.ar\/wp-content\/uploads\/2026\/03\/HDO17RFXcAAXBfH.jpg 680w, https:\/\/treslineasnoticias.com.ar\/wp-content\/uploads\/2026\/03\/HDO17RFXcAAXBfH-300x169.jpg 300w\" sizes=\"auto, (max-width: 680px) 100vw, 680px\" \/><\/figure><\/div>\n\n\n<p><strong>Pero en CABA los pasajes de avi\u00f3n tienen un peso de 1,45% en el c\u00e1lculo, mientras que para el INDEC, dependiendo qu\u00e9 regi\u00f3n del pa\u00eds sea, ese peso va de 0,02 al 0,26 del Gran Buenos Aires<\/strong>. Es l\u00f3gico que en capital, al ser un distrito de mayor poder adquisitivo, la gente viaje m\u00e1s por ende se pondere m\u00e1s el transporte a\u00e9reo.<\/p>\n\n\n\n<p>La cuesti\u00f3n es que el tema de estacionales no influir\u00e1 tanto en la medici\u00f3n nacional, por lo cual&nbsp;<strong>es muy probable que su IPC sea mayor que el de CABA<\/strong>, como viene sucediendo en los \u00faltimos meses por pocas d\u00e9cimas.<\/p>\n\n\n\n<p>En 2024 el n\u00famero de la Ciudad estuvo unos 20 puntos arriba del nacional, pero eso se daba porque aumentaban m\u00e1s los servicios. Ya en 2025 se volvieron a emparejar y ahora el dato del INDEC suele estar apenas arriba, por el peso de la comida.<\/p>\n","protected":false},"excerpt":{"rendered":"<p>La inflaci\u00f3n de febrero fue 2,9 por ciento seg\u00fan el INDEC. Los precios suben, y no bajan desde hace nueve meses. Seg\u00fan el organismo, el incremento de precios es de 33 por ciento interanual. Cu\u00e1l fue la categor\u00eda que m\u00e1s influy\u00f3 y c\u00f3mo era el pron\u00f3stico de las consultoras privadas. El Instituto Nacional de Estad\u00edstica [&hellip;]<\/p>\n","protected":false},"author":3,"featured_media":23389,"comment_status":"open","ping_status":"open","sticky":false,"template":"","format":"standard","meta":{"_jetpack_memberships_contains_paid_content":false,"footnotes":""},"categories":[14,9],"tags":[],"class_list":["post-23384","post","type-post","status-publish","format-standard","has-post-thumbnail","hentry","category-interes-general","category-nacionales"],"yoast_head":"<!-- This site is optimized with the Yoast SEO plugin v24.7 - https:\/\/yoast.com\/wordpress\/plugins\/seo\/ -->\n<title>Te acord\u00e1s hermano que tiempos aquellos...cuando la inflaci\u00f3n era de 0,9 % y el &quot;\u00edndice&quot; Congreso era de 1,48% - Tres Lineas Noticias<\/title>\n<meta name=\"robots\" content=\"index, follow, max-snippet:-1, max-image-preview:large, max-video-preview:-1\" \/>\n<link rel=\"canonical\" href=\"https:\/\/treslineasnoticias.com.ar\/?p=23384\" \/>\n<meta property=\"og:locale\" content=\"es_ES\" \/>\n<meta property=\"og:type\" content=\"article\" \/>\n<meta property=\"og:title\" content=\"Te acord\u00e1s hermano que tiempos aquellos...cuando la inflaci\u00f3n era de 0,9 % y el &quot;\u00edndice&quot; Congreso era de 1,48% - Tres Lineas Noticias\" \/>\n<meta property=\"og:description\" content=\"La inflaci\u00f3n de febrero fue 2,9 por ciento seg\u00fan el INDEC. Los precios suben, y no bajan desde hace nueve meses. Seg\u00fan el organismo, el incremento de precios es de 33 por ciento interanual. Cu\u00e1l fue la categor\u00eda que m\u00e1s influy\u00f3 y c\u00f3mo era el pron\u00f3stico de las consultoras privadas. El Instituto Nacional de Estad\u00edstica [&hellip;]\" \/>\n<meta property=\"og:url\" content=\"https:\/\/treslineasnoticias.com.ar\/?p=23384\" \/>\n<meta property=\"og:site_name\" content=\"Tres Lineas Noticias\" \/>\n<meta property=\"article:published_time\" content=\"2026-03-16T09:53:00+00:00\" \/>\n<meta property=\"article:modified_time\" content=\"2026-03-16T13:26:50+00:00\" \/>\n<meta property=\"og:image\" content=\"http:\/\/treslineasnoticias.com.ar\/wp-content\/uploads\/2026\/03\/1558042437501.webp\" \/>\n\t<meta property=\"og:image:width\" content=\"800\" \/>\n\t<meta property=\"og:image:height\" content=\"450\" \/>\n\t<meta property=\"og:image:type\" content=\"image\/webp\" \/>\n<meta name=\"author\" content=\"Horacio L\u00f3pez\" \/>\n<meta name=\"twitter:card\" content=\"summary_large_image\" \/>\n<meta name=\"twitter:label1\" content=\"Escrito por\" \/>\n\t<meta name=\"twitter:data1\" content=\"Horacio L\u00f3pez\" \/>\n\t<meta name=\"twitter:label2\" content=\"Tiempo de lectura\" \/>\n\t<meta name=\"twitter:data2\" content=\"4 minutos\" \/>\n<script type=\"application\/ld+json\" class=\"yoast-schema-graph\">{\"@context\":\"https:\/\/schema.org\",\"@graph\":[{\"@type\":\"WebPage\",\"@id\":\"https:\/\/treslineasnoticias.com.ar\/?p=23384\",\"url\":\"https:\/\/treslineasnoticias.com.ar\/?p=23384\",\"name\":\"Te acord\u00e1s hermano que tiempos aquellos...cuando la inflaci\u00f3n era de 0,9 % y el \\\"\u00edndice\\\" Congreso era de 1,48% - Tres Lineas Noticias\",\"isPartOf\":{\"@id\":\"https:\/\/treslineasnoticias.com.ar\/#website\"},\"primaryImageOfPage\":{\"@id\":\"https:\/\/treslineasnoticias.com.ar\/?p=23384#primaryimage\"},\"image\":{\"@id\":\"https:\/\/treslineasnoticias.com.ar\/?p=23384#primaryimage\"},\"thumbnailUrl\":\"https:\/\/treslineasnoticias.com.ar\/wp-content\/uploads\/2026\/03\/1558042437501.webp\",\"datePublished\":\"2026-03-16T09:53:00+00:00\",\"dateModified\":\"2026-03-16T13:26:50+00:00\",\"author\":{\"@id\":\"https:\/\/treslineasnoticias.com.ar\/#\/schema\/person\/c5f7249e50517b84c2379b145ca14895\"},\"breadcrumb\":{\"@id\":\"https:\/\/treslineasnoticias.com.ar\/?p=23384#breadcrumb\"},\"inLanguage\":\"es\",\"potentialAction\":[{\"@type\":\"ReadAction\",\"target\":[\"https:\/\/treslineasnoticias.com.ar\/?p=23384\"]}]},{\"@type\":\"ImageObject\",\"inLanguage\":\"es\",\"@id\":\"https:\/\/treslineasnoticias.com.ar\/?p=23384#primaryimage\",\"url\":\"https:\/\/treslineasnoticias.com.ar\/wp-content\/uploads\/2026\/03\/1558042437501.webp\",\"contentUrl\":\"https:\/\/treslineasnoticias.com.ar\/wp-content\/uploads\/2026\/03\/1558042437501.webp\",\"width\":800,\"height\":450},{\"@type\":\"BreadcrumbList\",\"@id\":\"https:\/\/treslineasnoticias.com.ar\/?p=23384#breadcrumb\",\"itemListElement\":[{\"@type\":\"ListItem\",\"position\":1,\"name\":\"Portada\",\"item\":\"https:\/\/treslineasnoticias.com.ar\/\"},{\"@type\":\"ListItem\",\"position\":2,\"name\":\"Te acord\u00e1s hermano que tiempos aquellos&#8230;cuando la inflaci\u00f3n era de 0,9 % y el \u00ab\u00edndice\u00bb Congreso era de 1,48%\"}]},{\"@type\":\"WebSite\",\"@id\":\"https:\/\/treslineasnoticias.com.ar\/#website\",\"url\":\"https:\/\/treslineasnoticias.com.ar\/\",\"name\":\"Tres Lineas Noticias\",\"description\":\"\",\"potentialAction\":[{\"@type\":\"SearchAction\",\"target\":{\"@type\":\"EntryPoint\",\"urlTemplate\":\"https:\/\/treslineasnoticias.com.ar\/?s={search_term_string}\"},\"query-input\":{\"@type\":\"PropertyValueSpecification\",\"valueRequired\":true,\"valueName\":\"search_term_string\"}}],\"inLanguage\":\"es\"},{\"@type\":\"Person\",\"@id\":\"https:\/\/treslineasnoticias.com.ar\/#\/schema\/person\/c5f7249e50517b84c2379b145ca14895\",\"name\":\"Horacio L\u00f3pez\",\"image\":{\"@type\":\"ImageObject\",\"inLanguage\":\"es\",\"@id\":\"https:\/\/treslineasnoticias.com.ar\/#\/schema\/person\/image\/\",\"url\":\"https:\/\/treslineasnoticias.com.ar\/wp-content\/litespeed\/avatar\/ddbec442f0224f940ce000570a0cb216.jpg?ver=1777673767\",\"contentUrl\":\"https:\/\/treslineasnoticias.com.ar\/wp-content\/litespeed\/avatar\/ddbec442f0224f940ce000570a0cb216.jpg?ver=1777673767\",\"caption\":\"Horacio L\u00f3pez\"},\"sameAs\":[\"http:\/\/treslineasnoticias.com.ar\"],\"url\":\"https:\/\/treslineasnoticias.com.ar\/?author=3\"}]}<\/script>\n<!-- \/ Yoast SEO plugin. -->","yoast_head_json":{"title":"Te acord\u00e1s hermano que tiempos aquellos...cuando la inflaci\u00f3n era de 0,9 % y el \"\u00edndice\" Congreso era de 1,48% - Tres Lineas Noticias","robots":{"index":"index","follow":"follow","max-snippet":"max-snippet:-1","max-image-preview":"max-image-preview:large","max-video-preview":"max-video-preview:-1"},"canonical":"https:\/\/treslineasnoticias.com.ar\/?p=23384","og_locale":"es_ES","og_type":"article","og_title":"Te acord\u00e1s hermano que tiempos aquellos...cuando la inflaci\u00f3n era de 0,9 % y el \"\u00edndice\" Congreso era de 1,48% - Tres Lineas Noticias","og_description":"La inflaci\u00f3n de febrero fue 2,9 por ciento seg\u00fan el INDEC. Los precios suben, y no bajan desde hace nueve meses. Seg\u00fan el organismo, el incremento de precios es de 33 por ciento interanual. Cu\u00e1l fue la categor\u00eda que m\u00e1s influy\u00f3 y c\u00f3mo era el pron\u00f3stico de las consultoras privadas. El Instituto Nacional de Estad\u00edstica [&hellip;]","og_url":"https:\/\/treslineasnoticias.com.ar\/?p=23384","og_site_name":"Tres Lineas Noticias","article_published_time":"2026-03-16T09:53:00+00:00","article_modified_time":"2026-03-16T13:26:50+00:00","og_image":[{"width":800,"height":450,"url":"http:\/\/treslineasnoticias.com.ar\/wp-content\/uploads\/2026\/03\/1558042437501.webp","type":"image\/webp"}],"author":"Horacio L\u00f3pez","twitter_card":"summary_large_image","twitter_misc":{"Escrito por":"Horacio L\u00f3pez","Tiempo de lectura":"4 minutos"},"schema":{"@context":"https:\/\/schema.org","@graph":[{"@type":"WebPage","@id":"https:\/\/treslineasnoticias.com.ar\/?p=23384","url":"https:\/\/treslineasnoticias.com.ar\/?p=23384","name":"Te acord\u00e1s hermano que tiempos aquellos...cuando la inflaci\u00f3n era de 0,9 % y el \"\u00edndice\" Congreso era de 1,48% - Tres Lineas Noticias","isPartOf":{"@id":"https:\/\/treslineasnoticias.com.ar\/#website"},"primaryImageOfPage":{"@id":"https:\/\/treslineasnoticias.com.ar\/?p=23384#primaryimage"},"image":{"@id":"https:\/\/treslineasnoticias.com.ar\/?p=23384#primaryimage"},"thumbnailUrl":"https:\/\/treslineasnoticias.com.ar\/wp-content\/uploads\/2026\/03\/1558042437501.webp","datePublished":"2026-03-16T09:53:00+00:00","dateModified":"2026-03-16T13:26:50+00:00","author":{"@id":"https:\/\/treslineasnoticias.com.ar\/#\/schema\/person\/c5f7249e50517b84c2379b145ca14895"},"breadcrumb":{"@id":"https:\/\/treslineasnoticias.com.ar\/?p=23384#breadcrumb"},"inLanguage":"es","potentialAction":[{"@type":"ReadAction","target":["https:\/\/treslineasnoticias.com.ar\/?p=23384"]}]},{"@type":"ImageObject","inLanguage":"es","@id":"https:\/\/treslineasnoticias.com.ar\/?p=23384#primaryimage","url":"https:\/\/treslineasnoticias.com.ar\/wp-content\/uploads\/2026\/03\/1558042437501.webp","contentUrl":"https:\/\/treslineasnoticias.com.ar\/wp-content\/uploads\/2026\/03\/1558042437501.webp","width":800,"height":450},{"@type":"BreadcrumbList","@id":"https:\/\/treslineasnoticias.com.ar\/?p=23384#breadcrumb","itemListElement":[{"@type":"ListItem","position":1,"name":"Portada","item":"https:\/\/treslineasnoticias.com.ar\/"},{"@type":"ListItem","position":2,"name":"Te acord\u00e1s hermano que tiempos aquellos&#8230;cuando la inflaci\u00f3n era de 0,9 % y el \u00ab\u00edndice\u00bb Congreso era de 1,48%"}]},{"@type":"WebSite","@id":"https:\/\/treslineasnoticias.com.ar\/#website","url":"https:\/\/treslineasnoticias.com.ar\/","name":"Tres Lineas Noticias","description":"","potentialAction":[{"@type":"SearchAction","target":{"@type":"EntryPoint","urlTemplate":"https:\/\/treslineasnoticias.com.ar\/?s={search_term_string}"},"query-input":{"@type":"PropertyValueSpecification","valueRequired":true,"valueName":"search_term_string"}}],"inLanguage":"es"},{"@type":"Person","@id":"https:\/\/treslineasnoticias.com.ar\/#\/schema\/person\/c5f7249e50517b84c2379b145ca14895","name":"Horacio L\u00f3pez","image":{"@type":"ImageObject","inLanguage":"es","@id":"https:\/\/treslineasnoticias.com.ar\/#\/schema\/person\/image\/","url":"https:\/\/treslineasnoticias.com.ar\/wp-content\/litespeed\/avatar\/ddbec442f0224f940ce000570a0cb216.jpg?ver=1777673767","contentUrl":"https:\/\/treslineasnoticias.com.ar\/wp-content\/litespeed\/avatar\/ddbec442f0224f940ce000570a0cb216.jpg?ver=1777673767","caption":"Horacio L\u00f3pez"},"sameAs":["http:\/\/treslineasnoticias.com.ar"],"url":"https:\/\/treslineasnoticias.com.ar\/?author=3"}]}},"jetpack_featured_media_url":"https:\/\/treslineasnoticias.com.ar\/wp-content\/uploads\/2026\/03\/1558042437501.webp","jetpack_sharing_enabled":true,"_links":{"self":[{"href":"https:\/\/treslineasnoticias.com.ar\/index.php?rest_route=\/wp\/v2\/posts\/23384","targetHints":{"allow":["GET"]}}],"collection":[{"href":"https:\/\/treslineasnoticias.com.ar\/index.php?rest_route=\/wp\/v2\/posts"}],"about":[{"href":"https:\/\/treslineasnoticias.com.ar\/index.php?rest_route=\/wp\/v2\/types\/post"}],"author":[{"embeddable":true,"href":"https:\/\/treslineasnoticias.com.ar\/index.php?rest_route=\/wp\/v2\/users\/3"}],"replies":[{"embeddable":true,"href":"https:\/\/treslineasnoticias.com.ar\/index.php?rest_route=%2Fwp%2Fv2%2Fcomments&post=23384"}],"version-history":[{"count":1,"href":"https:\/\/treslineasnoticias.com.ar\/index.php?rest_route=\/wp\/v2\/posts\/23384\/revisions"}],"predecessor-version":[{"id":23390,"href":"https:\/\/treslineasnoticias.com.ar\/index.php?rest_route=\/wp\/v2\/posts\/23384\/revisions\/23390"}],"wp:featuredmedia":[{"embeddable":true,"href":"https:\/\/treslineasnoticias.com.ar\/index.php?rest_route=\/wp\/v2\/media\/23389"}],"wp:attachment":[{"href":"https:\/\/treslineasnoticias.com.ar\/index.php?rest_route=%2Fwp%2Fv2%2Fmedia&parent=23384"}],"wp:term":[{"taxonomy":"category","embeddable":true,"href":"https:\/\/treslineasnoticias.com.ar\/index.php?rest_route=%2Fwp%2Fv2%2Fcategories&post=23384"},{"taxonomy":"post_tag","embeddable":true,"href":"https:\/\/treslineasnoticias.com.ar\/index.php?rest_route=%2Fwp%2Fv2%2Ftags&post=23384"}],"curies":[{"name":"wp","href":"https:\/\/api.w.org\/{rel}","templated":true}]}}