{"id":23391,"date":"2026-03-16T06:49:00","date_gmt":"2026-03-16T09:49:00","guid":{"rendered":"https:\/\/treslineasnoticias.com.ar\/?p=23391"},"modified":"2026-03-16T12:26:04","modified_gmt":"2026-03-16T15:26:04","slug":"el-viejo-ipc-ayudo-a-que-la-inflacion-no-perfore-el-techo-del-3-mientras-se-aleja-la-meta-de-bajarla-al-1-fin","status":"publish","type":"post","link":"https:\/\/treslineasnoticias.com.ar\/?p=23391","title":{"rendered":"El \u00abviejo\u00bb IPC ayud\u00f3 a que la inflaci\u00f3n no perfore el techo del 3%, mientras se aleja la meta de bajarla al 1%. Fin."},"content":{"rendered":"\n<p><strong><em>Ahora queda m\u00e1s clara\u00a0<\/em>la resistencia de Toto Caputo a cambiar la canasta<em>\u00a0que mide la inflaci\u00f3n. Si se hubiera aplicado la metodolog\u00eda nueva, el IPC de febrero habr\u00eda sido de 3,1%, un \u00edndice que, con apenas dos d\u00e9cimas por encima del IPC oficial, habr\u00eda resultado nocivo pol\u00edticamente para un gobierno que se aferra al discurso de que la inflaci\u00f3n est\u00e1 bajando.<\/em><\/strong><\/p>\n\n\n\n<p>Lo cierto es que, contando febrero, van<strong>\u00a0nueve meses consecutivos\u00a0<\/strong>en los que la inflaci\u00f3n<strong>\u00a0se mantiene o sube,<\/strong>\u00a0y cada vez le resulta m\u00e1s dif\u00edcil <strong>al gobierno dar una explicaci\u00f3n<\/strong>. Durante la <strong>campa\u00f1a electoral del a\u00f1o pasado<\/strong>, el argumento preferido era la ca\u00edda en la demanda de pesos <strong>causada por el \u00abriesgo kuka\u00bb<\/strong>. <strong><em>Pero las elecciones ya quedaron muy lejos, y no hay indicios de que la inflaci\u00f3n est\u00e9 aflojando.<\/em><\/strong><\/p>\n\n\n\n<p>M\u00e1s bien al contrario, ni siquiera se puede recurrir al argumento de que lo importante es la \u00abinflaci\u00f3n n\u00facleo\u00bb, como hac\u00eda Javier Milei el a\u00f1o pasado, porque ahora ese indicador, con un 3,1%, tambi\u00e9n muestra una tendencia preocupante. <strong><em>Y resulta cada vez m\u00e1s dif\u00edcil sostener el pron\u00f3stico de que en el segundo semestre el \u00edndice mensual ser\u00e1 inferior al 1%.<\/em><\/strong><\/p>\n\n\n\n<p>La explicaci\u00f3n de Caputo es que todav\u00eda no se complet\u00f3 el proceso de \u00abcambios de precios relativos\u00bb, que b\u00e1sicamente refiere a que los servicios -sobre todo, los regulados por el Estado-, ten\u00edan precios tan atrasados con respecto a los bienes, que lleva un per\u00edodo largo para que se llegue a una situaci\u00f3n de equilibrio. Y es cierto que el gobierno de Milei recibi\u00f3 un sistema energ\u00e9tico con \u00abtarifas pisadas\u00bb, pero tambi\u00e9n es verdad que los ajustes tarifarios m\u00e1s grandes fueron pospuestos para el momento post electoral.<\/p>\n\n\n<div class=\"wp-block-image\">\n<figure class=\"aligncenter size-full\"><img loading=\"lazy\" decoding=\"async\" width=\"703\" height=\"537\" src=\"http:\/\/treslineasnoticias.com.ar\/wp-content\/uploads\/2026\/03\/Inflacion_Argentina_2012-2019.png\" alt=\"\" class=\"wp-image-23393\" srcset=\"https:\/\/treslineasnoticias.com.ar\/wp-content\/uploads\/2026\/03\/Inflacion_Argentina_2012-2019.png 703w, https:\/\/treslineasnoticias.com.ar\/wp-content\/uploads\/2026\/03\/Inflacion_Argentina_2012-2019-300x229.png 300w\" sizes=\"auto, (max-width: 703px) 100vw, 703px\" \/><\/figure><\/div>\n\n\n<p><strong>La bomba tarifaria<\/strong><br>Es as\u00ed que, en febrero, el rubro <strong>\u00abVivienda, agua, electricidad, gas y otros combustibles\u00bb<\/strong> registr\u00f3 un <strong>explosivo incremento de 6,8%<\/strong>, m\u00e1s del doble de lo que ven\u00eda marcando hasta fin del a\u00f1o pasado. No fue una sorpresa para nadie, <strong><em>dado que reci\u00e9n a partir de febrero se empez\u00f3 a sentir con toda plenitud el recorte de los subsidios tarifarios para los hogares de ingresos medios.<\/em><\/strong><\/p>\n\n\n\n<p>Y la perspectiva de corto plazo es que <strong>esa recomposici\u00f3n tarifaria continuar\u00e1<\/strong>. Ocurre que la necesidad de recortes de los subsidios -que representan un 6% del gasto presupuestario- <strong>se acentu\u00f3 por la peligrosa tendencia en la recaudaci\u00f3n impositiva: <em>las cifras de ARCA marcaron en febrero la s\u00e9ptima ca\u00edda consecutiva, medida en variaci\u00f3n interanual real.<\/em><\/strong><\/p>\n\n\n\n<p>Ese rubro, que en la canasta del Indec tiene asignada una ponderaci\u00f3n de 9,4% del presupuesto familiar, tendr\u00eda un 14,5% si Caputo no hubiese cuestionado el cambio metodol\u00f3gico que propuso el resignado <strong>Marcos Lavagna.<\/strong><\/p>\n\n\n\n<p>De estar rigiendo la frustrada nueva canasta -que toma en cuenta patrones de consumo seg\u00fan un censo de 2018, mientras la canasta vigente considera un censo de 2004-, entonces se habr\u00eda sumado casi dos puntos al IPC de febrero solamente por la incidencia de las tarifas de servicios p\u00fablicos.<\/p>\n\n\n\n<h2 class=\"wp-block-heading\">Sorpresa en el rubro alimenticio<\/h2>\n\n\n\n<p>Todo ese efecto estaba previsto por Caputo. En cambio, lo que result\u00f3 m\u00e1s sorpresivo fue que el<strong>&nbsp;rubro de alimentos,<\/strong>&nbsp;que despu\u00e9s del pico de fin de a\u00f1o suele disminuir la presi\u00f3n alcista en el verano,&nbsp;<strong>contin\u00faa con una elevada tasa de aumentos.<\/strong><\/p>\n\n\n\n<p><strong><em>Si bien se moder\u00f3 respecto del impactante 4,7% de enero, el rubro alimenticio contin\u00faa muy por encima del promedio del a\u00f1o pasado, al registrar un 3,3% en un mes de apenas 28 d\u00edas.<\/em><\/strong><\/p>\n\n\n\n<p><strong>Los \u00abvillanos\u00bb del mes fueron, otra vez, las carnes<\/strong>. En el rubro vacuno, la paleta tuvo un incremento de 8,1% y el asado de 5,7%. Mientras que <strong>el pollo dio la nota con una suba de 10,2% en el mes<\/strong>.<\/p>\n\n\n\n<p>Esta situaci\u00f3n se da por una combinaci\u00f3n de motivos locales y del mercado global. Los ganaderos, al ver subir el precio de la hacienda, tienen <strong>incentivo a engordar los animales y as\u00ed recomponer el stock<\/strong>, que se redujo en casi 10 millones de cabezas.<\/p>\n\n\n\n<p>Hay, adem\u00e1s, un recorte en la producci\u00f3n global, y Argentina, con sus nuevos tratados comerciales, est\u00e1 posicionada para multiplicar su volumen de exportaci\u00f3n, lo que genera <strong>un \u00abefecto contagio\u00bb <\/strong>sobre las carnicer\u00edas.<\/p>\n\n\n\n<p>Los expertos del negocio ganadero afirman que, dado el tiempo que lleva el ciclo biol\u00f3gico, los precios&nbsp;<strong>podr\u00edan seguir altos durante dos a\u00f1os.<\/strong><\/p>\n\n\n<div class=\"wp-block-image\">\n<figure class=\"aligncenter size-full\"><img loading=\"lazy\" decoding=\"async\" width=\"790\" height=\"550\" src=\"http:\/\/treslineasnoticias.com.ar\/wp-content\/uploads\/2026\/03\/hdo2b_cwgaawbog.webp\" alt=\"\" class=\"wp-image-23392\" srcset=\"https:\/\/treslineasnoticias.com.ar\/wp-content\/uploads\/2026\/03\/hdo2b_cwgaawbog.webp 790w, https:\/\/treslineasnoticias.com.ar\/wp-content\/uploads\/2026\/03\/hdo2b_cwgaawbog-300x209.webp 300w, https:\/\/treslineasnoticias.com.ar\/wp-content\/uploads\/2026\/03\/hdo2b_cwgaawbog-768x535.webp 768w\" sizes=\"auto, (max-width: 790px) 100vw, 790px\" \/><\/figure><\/div>\n\n\n<h2 class=\"wp-block-heading\">La carne y el cambio de IPC<\/h2>\n\n\n\n<p>Esa es la parte que Caputo subestim\u00f3 cuando tom\u00f3 la decisi\u00f3n de mantener la actual canasta del Indec. Si hubiera aceptado el cambio, tal vez la categor\u00eda de alimentos <strong>habr\u00eda neutralizado el efecto de la suba de tarifas<\/strong>.<\/p>\n\n\n\n<p>Ocurre que en la canasta inflacionaria se le sigue asignando a la carne vacuna la misma ponderaci\u00f3n en el presupuesto familiar que la que ten\u00eda en el a\u00f1o 2004, a pesar de que hoy el nivel de consumo es de 49,9 kilos anuales per c\u00e1pita, <strong>un 35% menos que los 63,9 kilos que se consum\u00edan en 2004<\/strong>.<\/p>\n\n\n\n<p>Y ese efecto nocivo no se limita al plano estad\u00edstico, sino que<strong>&nbsp;tiene peso pol\u00edtico<\/strong>. En un pa\u00eds con altos \u00edndices de pobreza, la inflaci\u00f3n del rubro de alimentos es la m\u00e1s sensible, y en buena medida es la que define la aprobaci\u00f3n del plan econ\u00f3mico de un gobierno.<\/p>\n\n\n\n<p>En su primera etapa, el programa de Milei se pudo jactar de que los precios de alimentos sub\u00edan menos que el promedio de la inflaci\u00f3n, lo cual ayudaba a la ca\u00edda en los \u00edndices de pobreza.<\/p>\n\n\n\n<p>Pero desde octubre pasado esa tendencia se quebr\u00f3, y ya van<strong>&nbsp;cinco meses consecutivos<\/strong>&nbsp;en los que&nbsp;<strong>la comida va por encima del resto<\/strong>&nbsp;de las categor\u00edas. Es algo que se ve m\u00e1s claro cuando se analiza la evoluci\u00f3n de la&nbsp;<strong>canasta b\u00e1sica<\/strong>&nbsp;-la que marca el consumo m\u00ednimo para estar sobre la l\u00ednea de pobreza- y la<strong>&nbsp;canasta alimentaria<\/strong>&nbsp;-la que indica una dieta diaria suficiente como para no estar en<strong>&nbsp;situaci\u00f3n de indigencia<\/strong>-.<\/p>\n\n\n<div class=\"wp-block-image\">\n<figure class=\"aligncenter size-full is-resized\"><img loading=\"lazy\" decoding=\"async\" width=\"300\" height=\"168\" src=\"http:\/\/treslineasnoticias.com.ar\/wp-content\/uploads\/2026\/03\/descarga-1.jpg\" alt=\"\" class=\"wp-image-23395\" style=\"width:455px;height:auto\"\/><\/figure><\/div>\n\n\n<p>En febrero, <strong>la canasta alimentaria tuvo un incremento de 3,2%,<\/strong> lo que implica una variaci\u00f3n de 37,6% en 12 meses. En cambio, el IPC fue de 2,9% en el mes y acumula un 33,1% mensual.\u00a0Es una situaci\u00f3n que habilita a los reclamos de ajustes superiores a la inflaci\u00f3n para las jubilaciones y los salarios de las franjas de menores ingresos.<\/p>\n\n\n\n<h2 class=\"wp-block-heading\">\u00bfMarzo peor?<\/h2>\n\n\n\n<p>Y, acaso lo peor de todo, las perspectivas de marzo lucen feas. Ya se trata, de por s\u00ed, de&nbsp;<strong>un mes con alta inflaci\u00f3n estacional<\/strong>, como consecuencia del impacto del inicio de clases y del cambio de temporada textil. Adem\u00e1s, claro, seguir\u00e1 presionando el factor tarifario. Pero, adem\u00e1s, las consultoras privadas siguen registrando alzas de alimentos y pronostican que<strong>&nbsp;el IPC no se ubicar\u00eda debajo de 2,8%<\/strong>.<\/p>\n","protected":false},"excerpt":{"rendered":"<p>Ahora queda m\u00e1s clara\u00a0la resistencia de Toto Caputo a cambiar la canasta\u00a0que mide la inflaci\u00f3n. Si se hubiera aplicado la metodolog\u00eda nueva, el IPC de febrero habr\u00eda sido de 3,1%, un \u00edndice que, con apenas dos d\u00e9cimas por encima del IPC oficial, habr\u00eda resultado nocivo pol\u00edticamente para un gobierno que se aferra al discurso de [&hellip;]<\/p>\n","protected":false},"author":3,"featured_media":23394,"comment_status":"open","ping_status":"open","sticky":false,"template":"","format":"standard","meta":{"_jetpack_memberships_contains_paid_content":false,"footnotes":""},"categories":[14,9],"tags":[],"class_list":["post-23391","post","type-post","status-publish","format-standard","has-post-thumbnail","hentry","category-interes-general","category-nacionales"],"yoast_head":"<!-- This site is optimized with the Yoast SEO plugin v24.7 - https:\/\/yoast.com\/wordpress\/plugins\/seo\/ -->\n<title>El &quot;viejo&quot; IPC ayud\u00f3 a que la inflaci\u00f3n no perfore el techo del 3%, mientras se aleja la meta de bajarla al 1%. Fin. - Tres Lineas Noticias<\/title>\n<meta name=\"robots\" content=\"index, follow, max-snippet:-1, max-image-preview:large, max-video-preview:-1\" \/>\n<link rel=\"canonical\" href=\"https:\/\/treslineasnoticias.com.ar\/?p=23391\" \/>\n<meta property=\"og:locale\" content=\"es_ES\" \/>\n<meta property=\"og:type\" content=\"article\" \/>\n<meta property=\"og:title\" content=\"El &quot;viejo&quot; IPC ayud\u00f3 a que la inflaci\u00f3n no perfore el techo del 3%, mientras se aleja la meta de bajarla al 1%. Fin. - Tres Lineas Noticias\" \/>\n<meta property=\"og:description\" content=\"Ahora queda m\u00e1s clara\u00a0la resistencia de Toto Caputo a cambiar la canasta\u00a0que mide la inflaci\u00f3n. Si se hubiera aplicado la metodolog\u00eda nueva, el IPC de febrero habr\u00eda sido de 3,1%, un \u00edndice que, con apenas dos d\u00e9cimas por encima del IPC oficial, habr\u00eda resultado nocivo pol\u00edticamente para un gobierno que se aferra al discurso de [&hellip;]\" \/>\n<meta property=\"og:url\" content=\"https:\/\/treslineasnoticias.com.ar\/?p=23391\" \/>\n<meta property=\"og:site_name\" content=\"Tres Lineas Noticias\" \/>\n<meta property=\"article:published_time\" content=\"2026-03-16T09:49:00+00:00\" \/>\n<meta property=\"article:modified_time\" content=\"2026-03-16T15:26:04+00:00\" \/>\n<meta property=\"og:image\" content=\"http:\/\/treslineasnoticias.com.ar\/wp-content\/uploads\/2026\/03\/611578-e1773674564461.webp\" \/>\n\t<meta property=\"og:image:width\" content=\"897\" \/>\n\t<meta property=\"og:image:height\" content=\"479\" \/>\n\t<meta property=\"og:image:type\" content=\"image\/webp\" \/>\n<meta name=\"author\" content=\"Horacio L\u00f3pez\" \/>\n<meta name=\"twitter:card\" content=\"summary_large_image\" \/>\n<meta name=\"twitter:label1\" content=\"Escrito por\" \/>\n\t<meta name=\"twitter:data1\" content=\"Horacio L\u00f3pez\" \/>\n\t<meta name=\"twitter:label2\" content=\"Tiempo de lectura\" \/>\n\t<meta name=\"twitter:data2\" content=\"6 minutos\" \/>\n<script type=\"application\/ld+json\" class=\"yoast-schema-graph\">{\"@context\":\"https:\/\/schema.org\",\"@graph\":[{\"@type\":\"WebPage\",\"@id\":\"https:\/\/treslineasnoticias.com.ar\/?p=23391\",\"url\":\"https:\/\/treslineasnoticias.com.ar\/?p=23391\",\"name\":\"El \\\"viejo\\\" IPC ayud\u00f3 a que la inflaci\u00f3n no perfore el techo del 3%, mientras se aleja la meta de bajarla al 1%. Fin. - Tres Lineas Noticias\",\"isPartOf\":{\"@id\":\"https:\/\/treslineasnoticias.com.ar\/#website\"},\"primaryImageOfPage\":{\"@id\":\"https:\/\/treslineasnoticias.com.ar\/?p=23391#primaryimage\"},\"image\":{\"@id\":\"https:\/\/treslineasnoticias.com.ar\/?p=23391#primaryimage\"},\"thumbnailUrl\":\"https:\/\/treslineasnoticias.com.ar\/wp-content\/uploads\/2026\/03\/611578-e1773674564461.webp\",\"datePublished\":\"2026-03-16T09:49:00+00:00\",\"dateModified\":\"2026-03-16T15:26:04+00:00\",\"author\":{\"@id\":\"https:\/\/treslineasnoticias.com.ar\/#\/schema\/person\/c5f7249e50517b84c2379b145ca14895\"},\"breadcrumb\":{\"@id\":\"https:\/\/treslineasnoticias.com.ar\/?p=23391#breadcrumb\"},\"inLanguage\":\"es\",\"potentialAction\":[{\"@type\":\"ReadAction\",\"target\":[\"https:\/\/treslineasnoticias.com.ar\/?p=23391\"]}]},{\"@type\":\"ImageObject\",\"inLanguage\":\"es\",\"@id\":\"https:\/\/treslineasnoticias.com.ar\/?p=23391#primaryimage\",\"url\":\"https:\/\/treslineasnoticias.com.ar\/wp-content\/uploads\/2026\/03\/611578-e1773674564461.webp\",\"contentUrl\":\"https:\/\/treslineasnoticias.com.ar\/wp-content\/uploads\/2026\/03\/611578-e1773674564461.webp\",\"width\":897,\"height\":479},{\"@type\":\"BreadcrumbList\",\"@id\":\"https:\/\/treslineasnoticias.com.ar\/?p=23391#breadcrumb\",\"itemListElement\":[{\"@type\":\"ListItem\",\"position\":1,\"name\":\"Portada\",\"item\":\"https:\/\/treslineasnoticias.com.ar\/\"},{\"@type\":\"ListItem\",\"position\":2,\"name\":\"El \u00abviejo\u00bb IPC ayud\u00f3 a que la inflaci\u00f3n no perfore el techo del 3%, mientras se aleja la meta de bajarla al 1%. Fin.\"}]},{\"@type\":\"WebSite\",\"@id\":\"https:\/\/treslineasnoticias.com.ar\/#website\",\"url\":\"https:\/\/treslineasnoticias.com.ar\/\",\"name\":\"Tres Lineas Noticias\",\"description\":\"\",\"potentialAction\":[{\"@type\":\"SearchAction\",\"target\":{\"@type\":\"EntryPoint\",\"urlTemplate\":\"https:\/\/treslineasnoticias.com.ar\/?s={search_term_string}\"},\"query-input\":{\"@type\":\"PropertyValueSpecification\",\"valueRequired\":true,\"valueName\":\"search_term_string\"}}],\"inLanguage\":\"es\"},{\"@type\":\"Person\",\"@id\":\"https:\/\/treslineasnoticias.com.ar\/#\/schema\/person\/c5f7249e50517b84c2379b145ca14895\",\"name\":\"Horacio L\u00f3pez\",\"image\":{\"@type\":\"ImageObject\",\"inLanguage\":\"es\",\"@id\":\"https:\/\/treslineasnoticias.com.ar\/#\/schema\/person\/image\/\",\"url\":\"https:\/\/treslineasnoticias.com.ar\/wp-content\/litespeed\/avatar\/ddbec442f0224f940ce000570a0cb216.jpg?ver=1777673767\",\"contentUrl\":\"https:\/\/treslineasnoticias.com.ar\/wp-content\/litespeed\/avatar\/ddbec442f0224f940ce000570a0cb216.jpg?ver=1777673767\",\"caption\":\"Horacio L\u00f3pez\"},\"sameAs\":[\"http:\/\/treslineasnoticias.com.ar\"],\"url\":\"https:\/\/treslineasnoticias.com.ar\/?author=3\"}]}<\/script>\n<!-- \/ Yoast SEO plugin. -->","yoast_head_json":{"title":"El \"viejo\" IPC ayud\u00f3 a que la inflaci\u00f3n no perfore el techo del 3%, mientras se aleja la meta de bajarla al 1%. Fin. - Tres Lineas Noticias","robots":{"index":"index","follow":"follow","max-snippet":"max-snippet:-1","max-image-preview":"max-image-preview:large","max-video-preview":"max-video-preview:-1"},"canonical":"https:\/\/treslineasnoticias.com.ar\/?p=23391","og_locale":"es_ES","og_type":"article","og_title":"El \"viejo\" IPC ayud\u00f3 a que la inflaci\u00f3n no perfore el techo del 3%, mientras se aleja la meta de bajarla al 1%. Fin. - Tres Lineas Noticias","og_description":"Ahora queda m\u00e1s clara\u00a0la resistencia de Toto Caputo a cambiar la canasta\u00a0que mide la inflaci\u00f3n. Si se hubiera aplicado la metodolog\u00eda nueva, el IPC de febrero habr\u00eda sido de 3,1%, un \u00edndice que, con apenas dos d\u00e9cimas por encima del IPC oficial, habr\u00eda resultado nocivo pol\u00edticamente para un gobierno que se aferra al discurso de [&hellip;]","og_url":"https:\/\/treslineasnoticias.com.ar\/?p=23391","og_site_name":"Tres Lineas Noticias","article_published_time":"2026-03-16T09:49:00+00:00","article_modified_time":"2026-03-16T15:26:04+00:00","og_image":[{"width":897,"height":479,"url":"http:\/\/treslineasnoticias.com.ar\/wp-content\/uploads\/2026\/03\/611578-e1773674564461.webp","type":"image\/webp"}],"author":"Horacio L\u00f3pez","twitter_card":"summary_large_image","twitter_misc":{"Escrito por":"Horacio L\u00f3pez","Tiempo de lectura":"6 minutos"},"schema":{"@context":"https:\/\/schema.org","@graph":[{"@type":"WebPage","@id":"https:\/\/treslineasnoticias.com.ar\/?p=23391","url":"https:\/\/treslineasnoticias.com.ar\/?p=23391","name":"El \"viejo\" IPC ayud\u00f3 a que la inflaci\u00f3n no perfore el techo del 3%, mientras se aleja la meta de bajarla al 1%. Fin. - Tres Lineas Noticias","isPartOf":{"@id":"https:\/\/treslineasnoticias.com.ar\/#website"},"primaryImageOfPage":{"@id":"https:\/\/treslineasnoticias.com.ar\/?p=23391#primaryimage"},"image":{"@id":"https:\/\/treslineasnoticias.com.ar\/?p=23391#primaryimage"},"thumbnailUrl":"https:\/\/treslineasnoticias.com.ar\/wp-content\/uploads\/2026\/03\/611578-e1773674564461.webp","datePublished":"2026-03-16T09:49:00+00:00","dateModified":"2026-03-16T15:26:04+00:00","author":{"@id":"https:\/\/treslineasnoticias.com.ar\/#\/schema\/person\/c5f7249e50517b84c2379b145ca14895"},"breadcrumb":{"@id":"https:\/\/treslineasnoticias.com.ar\/?p=23391#breadcrumb"},"inLanguage":"es","potentialAction":[{"@type":"ReadAction","target":["https:\/\/treslineasnoticias.com.ar\/?p=23391"]}]},{"@type":"ImageObject","inLanguage":"es","@id":"https:\/\/treslineasnoticias.com.ar\/?p=23391#primaryimage","url":"https:\/\/treslineasnoticias.com.ar\/wp-content\/uploads\/2026\/03\/611578-e1773674564461.webp","contentUrl":"https:\/\/treslineasnoticias.com.ar\/wp-content\/uploads\/2026\/03\/611578-e1773674564461.webp","width":897,"height":479},{"@type":"BreadcrumbList","@id":"https:\/\/treslineasnoticias.com.ar\/?p=23391#breadcrumb","itemListElement":[{"@type":"ListItem","position":1,"name":"Portada","item":"https:\/\/treslineasnoticias.com.ar\/"},{"@type":"ListItem","position":2,"name":"El \u00abviejo\u00bb IPC ayud\u00f3 a que la inflaci\u00f3n no perfore el techo del 3%, mientras se aleja la meta de bajarla al 1%. Fin."}]},{"@type":"WebSite","@id":"https:\/\/treslineasnoticias.com.ar\/#website","url":"https:\/\/treslineasnoticias.com.ar\/","name":"Tres Lineas Noticias","description":"","potentialAction":[{"@type":"SearchAction","target":{"@type":"EntryPoint","urlTemplate":"https:\/\/treslineasnoticias.com.ar\/?s={search_term_string}"},"query-input":{"@type":"PropertyValueSpecification","valueRequired":true,"valueName":"search_term_string"}}],"inLanguage":"es"},{"@type":"Person","@id":"https:\/\/treslineasnoticias.com.ar\/#\/schema\/person\/c5f7249e50517b84c2379b145ca14895","name":"Horacio L\u00f3pez","image":{"@type":"ImageObject","inLanguage":"es","@id":"https:\/\/treslineasnoticias.com.ar\/#\/schema\/person\/image\/","url":"https:\/\/treslineasnoticias.com.ar\/wp-content\/litespeed\/avatar\/ddbec442f0224f940ce000570a0cb216.jpg?ver=1777673767","contentUrl":"https:\/\/treslineasnoticias.com.ar\/wp-content\/litespeed\/avatar\/ddbec442f0224f940ce000570a0cb216.jpg?ver=1777673767","caption":"Horacio L\u00f3pez"},"sameAs":["http:\/\/treslineasnoticias.com.ar"],"url":"https:\/\/treslineasnoticias.com.ar\/?author=3"}]}},"jetpack_featured_media_url":"https:\/\/treslineasnoticias.com.ar\/wp-content\/uploads\/2026\/03\/611578-e1773674564461.webp","jetpack_sharing_enabled":true,"_links":{"self":[{"href":"https:\/\/treslineasnoticias.com.ar\/index.php?rest_route=\/wp\/v2\/posts\/23391","targetHints":{"allow":["GET"]}}],"collection":[{"href":"https:\/\/treslineasnoticias.com.ar\/index.php?rest_route=\/wp\/v2\/posts"}],"about":[{"href":"https:\/\/treslineasnoticias.com.ar\/index.php?rest_route=\/wp\/v2\/types\/post"}],"author":[{"embeddable":true,"href":"https:\/\/treslineasnoticias.com.ar\/index.php?rest_route=\/wp\/v2\/users\/3"}],"replies":[{"embeddable":true,"href":"https:\/\/treslineasnoticias.com.ar\/index.php?rest_route=%2Fwp%2Fv2%2Fcomments&post=23391"}],"version-history":[{"count":1,"href":"https:\/\/treslineasnoticias.com.ar\/index.php?rest_route=\/wp\/v2\/posts\/23391\/revisions"}],"predecessor-version":[{"id":23396,"href":"https:\/\/treslineasnoticias.com.ar\/index.php?rest_route=\/wp\/v2\/posts\/23391\/revisions\/23396"}],"wp:featuredmedia":[{"embeddable":true,"href":"https:\/\/treslineasnoticias.com.ar\/index.php?rest_route=\/wp\/v2\/media\/23394"}],"wp:attachment":[{"href":"https:\/\/treslineasnoticias.com.ar\/index.php?rest_route=%2Fwp%2Fv2%2Fmedia&parent=23391"}],"wp:term":[{"taxonomy":"category","embeddable":true,"href":"https:\/\/treslineasnoticias.com.ar\/index.php?rest_route=%2Fwp%2Fv2%2Fcategories&post=23391"},{"taxonomy":"post_tag","embeddable":true,"href":"https:\/\/treslineasnoticias.com.ar\/index.php?rest_route=%2Fwp%2Fv2%2Ftags&post=23391"}],"curies":[{"name":"wp","href":"https:\/\/api.w.org\/{rel}","templated":true}]}}