{"id":23397,"date":"2026-03-16T18:51:02","date_gmt":"2026-03-16T21:51:02","guid":{"rendered":"https:\/\/treslineasnoticias.com.ar\/?p=23397"},"modified":"2026-03-16T18:51:05","modified_gmt":"2026-03-16T21:51:05","slug":"el-municipio-sigue-con-la-puesta-en-valor-de-los-espacios-verdes-de-quilmes-con-fondos-100-municipales","status":"publish","type":"post","link":"https:\/\/treslineasnoticias.com.ar\/?p=23397","title":{"rendered":"El Municipio sigue con la puesta en valor de los espacios verdes de Quilmes con fondos 100% municipales"},"content":{"rendered":"\n<p><strong><em>El Municipio de Quilmes informa que se colocaron nuevos juegos en la plaza Agust\u00edn E. P\u00e9rez, sita en la manzana de Andrade, Larrea, Guti\u00e9rrez y Marcelo T. de Alvear, frente a la renovada Escuela T\u00e9cnica N\u00ba 1, en Quilmes Oeste, en una actividad que encabez\u00f3 la intendenta interina Eva Mieri, en el marco del compromiso de gesti\u00f3n asumido por la jefa comunal en uso de licencia y actual diputada provincial, Mayra Mendoza, de poner en valor todos los espacios verdes del distrito, con fondos netamente propios.<\/em><\/strong><\/p>\n\n\n\n<figure class=\"wp-block-image size-large\"><img loading=\"lazy\" decoding=\"async\" width=\"1024\" height=\"683\" src=\"http:\/\/treslineasnoticias.com.ar\/wp-content\/uploads\/2026\/03\/PUESTA-EN-VALOR-DE-LOS-ESPACIOS-VERDES-4-1024x683.jpg\" alt=\"\" class=\"wp-image-23399\" srcset=\"https:\/\/treslineasnoticias.com.ar\/wp-content\/uploads\/2026\/03\/PUESTA-EN-VALOR-DE-LOS-ESPACIOS-VERDES-4-1024x683.jpg 1024w, https:\/\/treslineasnoticias.com.ar\/wp-content\/uploads\/2026\/03\/PUESTA-EN-VALOR-DE-LOS-ESPACIOS-VERDES-4-300x200.jpg 300w, https:\/\/treslineasnoticias.com.ar\/wp-content\/uploads\/2026\/03\/PUESTA-EN-VALOR-DE-LOS-ESPACIOS-VERDES-4-768x512.jpg 768w, https:\/\/treslineasnoticias.com.ar\/wp-content\/uploads\/2026\/03\/PUESTA-EN-VALOR-DE-LOS-ESPACIOS-VERDES-4.jpg 1078w\" sizes=\"auto, (max-width: 1024px) 100vw, 1024px\" \/><\/figure>\n\n\n\n<p>\u00abCuando la comunidad se halla con una plaza que no est\u00e1 segura, no est\u00e1 iluminada y no cuenta con juegos, deja de ser un espacio de encuentro y comuni\u00f3n. Por eso trabajamos para volver a darle vida a un espacio hermoso, verde y que genera identidad en los vecinos del barrio. Mayra tiene el compromiso, planteado a partir del Plan Bianual, de llegar a 2027 con el 100% de las plazas renovadas. Esto es parte de eso, y tambi\u00e9n agradecemos a ustedes por comprometerse como vecinos\u00bb, se\u00f1al\u00f3 Eva Mieri.<\/p>\n\n\n\n<p>En esa l\u00ednea, el secretario de Servicios P\u00fablicos, Sebasti\u00e1n Garc\u00eda, coment\u00f3: \u201cFue una jornada muy productiva en el barrio, donde muchos vecinos se acercaron para ver las tareas que realizamos desde nuestra \u00e1rea. Este trabajo responde a la indicaci\u00f3n de nuestra intendenta en uso de licencia, hoy diputada provincial Mayra Mendoza, de estar cara a cara con nuestros vecinos, escucharlos, para luego planificar y dar respuestas concretas. Con Eva Mieri, nuestra Intendenta interina pudimos conversar, durante la jornada, con m\u00e1s de 20 vecinos que se acercaron, y se mostraron agradecidos y contentos con las mejoras. Adem\u00e1s, surgieron nuevos pedidos que ya estamos tomando para planificar pr\u00f3ximas intervenciones y seguir trabajando en conjunto con la comunidad\u201d.<\/p>\n\n\n\n<figure class=\"wp-block-image size-large\"><img loading=\"lazy\" decoding=\"async\" width=\"1024\" height=\"683\" src=\"http:\/\/treslineasnoticias.com.ar\/wp-content\/uploads\/2026\/03\/PUESTA-EN-VALOR-DE-LOS-ESPACIOS-VERDES-2-1024x683.jpg\" alt=\"\" class=\"wp-image-23400\" srcset=\"https:\/\/treslineasnoticias.com.ar\/wp-content\/uploads\/2026\/03\/PUESTA-EN-VALOR-DE-LOS-ESPACIOS-VERDES-2-1024x683.jpg 1024w, https:\/\/treslineasnoticias.com.ar\/wp-content\/uploads\/2026\/03\/PUESTA-EN-VALOR-DE-LOS-ESPACIOS-VERDES-2-300x200.jpg 300w, https:\/\/treslineasnoticias.com.ar\/wp-content\/uploads\/2026\/03\/PUESTA-EN-VALOR-DE-LOS-ESPACIOS-VERDES-2-768x512.jpg 768w, https:\/\/treslineasnoticias.com.ar\/wp-content\/uploads\/2026\/03\/PUESTA-EN-VALOR-DE-LOS-ESPACIOS-VERDES-2.jpg 1078w\" sizes=\"auto, (max-width: 1024px) 100vw, 1024px\" \/><\/figure>\n\n\n\n<p>Una frentista de la zona, Carolina Adam, que se contact\u00f3 con el Municipio a trav\u00e9s del Sistema \u00danico de Atenci\u00f3n al Vecino (SUAV), expres\u00f3: \u201cSoy vecina del barrio hace 13 a\u00f1os y es la primera vez que hay juegos lindos y m\u00e1s seguros para los chicos, algo que hac\u00eda mucha falta. Ahora hay hamacas y espacios lindos, y se le volvi\u00f3 a dar vida a un lugar que se ve\u00eda muy solo, a pesar de ser un espacio importante para los chicos del barrio. La verdad es que estoy muy contenta con el trabajo que se hizo y agradecida de que los vecinos seamos escuchados\u201d.<\/p>\n\n\n\n<p>En referencia a las mejoras, la colocaci\u00f3n e instalaci\u00f3n de nuevos juegos infantiles se realiza con el objetivo de fortalecer los espacios de recreaci\u00f3n y encuentro para las familias, ni\u00f1os y ni\u00f1as del barrio. En este marco, se colocaron tres nuevos elementos recreativos: una hamaca tradicional, una hamaca inclusiva destinada a ni\u00f1os y ni\u00f1as con discapacidad y un mangrullo con torre y tobog\u00e1n, pensados para el uso, disfrute y la seguridad de las infancias del barrio. Asimismo, se realiza una puesta en valor del terreno con trabajos que incluyen desmalezado, barrido, limpieza general y tareas de embellecimiento en las zonas aleda\u00f1as a la plaza, contribuyendo a generar un espacio p\u00fablico m\u00e1s seguro, cuidado y agradable para toda la comunidad.<\/p>\n\n\n\n<figure class=\"wp-block-image size-large\"><img loading=\"lazy\" decoding=\"async\" width=\"1024\" height=\"683\" src=\"http:\/\/treslineasnoticias.com.ar\/wp-content\/uploads\/2026\/03\/PUESTA-EN-VALOR-DE-LOS-ESPACIOS-VERDES-1-1024x683.jpg\" alt=\"\" class=\"wp-image-23401\" srcset=\"https:\/\/treslineasnoticias.com.ar\/wp-content\/uploads\/2026\/03\/PUESTA-EN-VALOR-DE-LOS-ESPACIOS-VERDES-1-1024x683.jpg 1024w, https:\/\/treslineasnoticias.com.ar\/wp-content\/uploads\/2026\/03\/PUESTA-EN-VALOR-DE-LOS-ESPACIOS-VERDES-1-300x200.jpg 300w, https:\/\/treslineasnoticias.com.ar\/wp-content\/uploads\/2026\/03\/PUESTA-EN-VALOR-DE-LOS-ESPACIOS-VERDES-1-768x512.jpg 768w, https:\/\/treslineasnoticias.com.ar\/wp-content\/uploads\/2026\/03\/PUESTA-EN-VALOR-DE-LOS-ESPACIOS-VERDES-1.jpg 1280w\" sizes=\"auto, (max-width: 1024px) 100vw, 1024px\" \/><\/figure>\n\n\n\n<p>Cabe destacar que a partir de un pedido de los vecinos por medio del SUAV, se colocaron dos reductores de velocidad sobre la calle Larrea, entre Andrade y Guti\u00e9rrez, justo frente a la plaza. La intervenci\u00f3n se realiz\u00f3 con material bituminoso y tiene como objetivo disminuir la velocidad de los veh\u00edculos que circulan por la zona, mejorando la seguridad vial en un sector muy transitado por ni\u00f1os y ni\u00f1as que utilizan el espacio p\u00fablico.<\/p>\n\n\n\n<p>Participaron de la actividad el subsecretario de Servicios P\u00fablicos, Silvio Sarti; el director de la Regional Quilmes Centro, Diego Indycki; el director general de Bacheo, Sebasti\u00e1n Rodr\u00edguez, y la directora general de Parques y Paseos, Laura Moreira, entre otros funcionarios y vecinos del barrio.<\/p>\n","protected":false},"excerpt":{"rendered":"<p>El Municipio de Quilmes informa que se colocaron nuevos juegos en la plaza Agust\u00edn E. P\u00e9rez, sita en la manzana de Andrade, Larrea, Guti\u00e9rrez y Marcelo T. de Alvear, frente a la renovada Escuela T\u00e9cnica N\u00ba 1, en Quilmes Oeste, en una actividad que encabez\u00f3 la intendenta interina Eva Mieri, en el marco del compromiso [&hellip;]<\/p>\n","protected":false},"author":3,"featured_media":23398,"comment_status":"open","ping_status":"open","sticky":false,"template":"","format":"standard","meta":{"_jetpack_memberships_contains_paid_content":false,"footnotes":""},"categories":[5],"tags":[],"class_list":["post-23397","post","type-post","status-publish","format-standard","has-post-thumbnail","hentry","category-quilmes"],"yoast_head":"<!-- This site is optimized with the Yoast SEO plugin v24.7 - https:\/\/yoast.com\/wordpress\/plugins\/seo\/ -->\n<title>El Municipio sigue con la puesta en valor de los espacios verdes de Quilmes con fondos 100% municipales - Tres Lineas Noticias<\/title>\n<meta name=\"robots\" content=\"index, follow, max-snippet:-1, max-image-preview:large, max-video-preview:-1\" \/>\n<link rel=\"canonical\" href=\"https:\/\/treslineasnoticias.com.ar\/?p=23397\" \/>\n<meta property=\"og:locale\" content=\"es_ES\" \/>\n<meta property=\"og:type\" content=\"article\" \/>\n<meta property=\"og:title\" content=\"El Municipio sigue con la puesta en valor de los espacios verdes de Quilmes con fondos 100% municipales - Tres Lineas Noticias\" \/>\n<meta property=\"og:description\" content=\"El Municipio de Quilmes informa que se colocaron nuevos juegos en la plaza Agust\u00edn E. P\u00e9rez, sita en la manzana de Andrade, Larrea, Guti\u00e9rrez y Marcelo T. de Alvear, frente a la renovada Escuela T\u00e9cnica N\u00ba 1, en Quilmes Oeste, en una actividad que encabez\u00f3 la intendenta interina Eva Mieri, en el marco del compromiso [&hellip;]\" \/>\n<meta property=\"og:url\" content=\"https:\/\/treslineasnoticias.com.ar\/?p=23397\" \/>\n<meta property=\"og:site_name\" content=\"Tres Lineas Noticias\" \/>\n<meta property=\"article:published_time\" content=\"2026-03-16T21:51:02+00:00\" \/>\n<meta property=\"article:modified_time\" content=\"2026-03-16T21:51:05+00:00\" \/>\n<meta property=\"og:image\" content=\"http:\/\/treslineasnoticias.com.ar\/wp-content\/uploads\/2026\/03\/PUESTA-EN-VALOR-DE-LOS-ESPACIOS-VERDES-3.jpg\" \/>\n\t<meta property=\"og:image:width\" content=\"1078\" \/>\n\t<meta property=\"og:image:height\" content=\"719\" \/>\n\t<meta property=\"og:image:type\" content=\"image\/jpeg\" \/>\n<meta name=\"author\" content=\"Horacio L\u00f3pez\" \/>\n<meta name=\"twitter:card\" content=\"summary_large_image\" \/>\n<meta name=\"twitter:label1\" content=\"Escrito por\" \/>\n\t<meta name=\"twitter:data1\" content=\"Horacio L\u00f3pez\" \/>\n\t<meta name=\"twitter:label2\" content=\"Tiempo de lectura\" \/>\n\t<meta name=\"twitter:data2\" content=\"4 minutos\" \/>\n<script type=\"application\/ld+json\" class=\"yoast-schema-graph\">{\"@context\":\"https:\/\/schema.org\",\"@graph\":[{\"@type\":\"WebPage\",\"@id\":\"https:\/\/treslineasnoticias.com.ar\/?p=23397\",\"url\":\"https:\/\/treslineasnoticias.com.ar\/?p=23397\",\"name\":\"El Municipio sigue con la puesta en valor de los espacios verdes de Quilmes con fondos 100% municipales - Tres Lineas Noticias\",\"isPartOf\":{\"@id\":\"https:\/\/treslineasnoticias.com.ar\/#website\"},\"primaryImageOfPage\":{\"@id\":\"https:\/\/treslineasnoticias.com.ar\/?p=23397#primaryimage\"},\"image\":{\"@id\":\"https:\/\/treslineasnoticias.com.ar\/?p=23397#primaryimage\"},\"thumbnailUrl\":\"https:\/\/treslineasnoticias.com.ar\/wp-content\/uploads\/2026\/03\/PUESTA-EN-VALOR-DE-LOS-ESPACIOS-VERDES-3.jpg\",\"datePublished\":\"2026-03-16T21:51:02+00:00\",\"dateModified\":\"2026-03-16T21:51:05+00:00\",\"author\":{\"@id\":\"https:\/\/treslineasnoticias.com.ar\/#\/schema\/person\/c5f7249e50517b84c2379b145ca14895\"},\"breadcrumb\":{\"@id\":\"https:\/\/treslineasnoticias.com.ar\/?p=23397#breadcrumb\"},\"inLanguage\":\"es\",\"potentialAction\":[{\"@type\":\"ReadAction\",\"target\":[\"https:\/\/treslineasnoticias.com.ar\/?p=23397\"]}]},{\"@type\":\"ImageObject\",\"inLanguage\":\"es\",\"@id\":\"https:\/\/treslineasnoticias.com.ar\/?p=23397#primaryimage\",\"url\":\"https:\/\/treslineasnoticias.com.ar\/wp-content\/uploads\/2026\/03\/PUESTA-EN-VALOR-DE-LOS-ESPACIOS-VERDES-3.jpg\",\"contentUrl\":\"https:\/\/treslineasnoticias.com.ar\/wp-content\/uploads\/2026\/03\/PUESTA-EN-VALOR-DE-LOS-ESPACIOS-VERDES-3.jpg\",\"width\":1078,\"height\":719},{\"@type\":\"BreadcrumbList\",\"@id\":\"https:\/\/treslineasnoticias.com.ar\/?p=23397#breadcrumb\",\"itemListElement\":[{\"@type\":\"ListItem\",\"position\":1,\"name\":\"Portada\",\"item\":\"https:\/\/treslineasnoticias.com.ar\/\"},{\"@type\":\"ListItem\",\"position\":2,\"name\":\"El Municipio sigue con la puesta en valor de los espacios verdes de Quilmes con fondos 100% municipales\"}]},{\"@type\":\"WebSite\",\"@id\":\"https:\/\/treslineasnoticias.com.ar\/#website\",\"url\":\"https:\/\/treslineasnoticias.com.ar\/\",\"name\":\"Tres Lineas Noticias\",\"description\":\"\",\"potentialAction\":[{\"@type\":\"SearchAction\",\"target\":{\"@type\":\"EntryPoint\",\"urlTemplate\":\"https:\/\/treslineasnoticias.com.ar\/?s={search_term_string}\"},\"query-input\":{\"@type\":\"PropertyValueSpecification\",\"valueRequired\":true,\"valueName\":\"search_term_string\"}}],\"inLanguage\":\"es\"},{\"@type\":\"Person\",\"@id\":\"https:\/\/treslineasnoticias.com.ar\/#\/schema\/person\/c5f7249e50517b84c2379b145ca14895\",\"name\":\"Horacio L\u00f3pez\",\"image\":{\"@type\":\"ImageObject\",\"inLanguage\":\"es\",\"@id\":\"https:\/\/treslineasnoticias.com.ar\/#\/schema\/person\/image\/\",\"url\":\"https:\/\/treslineasnoticias.com.ar\/wp-content\/litespeed\/avatar\/ddbec442f0224f940ce000570a0cb216.jpg?ver=1777673767\",\"contentUrl\":\"https:\/\/treslineasnoticias.com.ar\/wp-content\/litespeed\/avatar\/ddbec442f0224f940ce000570a0cb216.jpg?ver=1777673767\",\"caption\":\"Horacio L\u00f3pez\"},\"sameAs\":[\"http:\/\/treslineasnoticias.com.ar\"],\"url\":\"https:\/\/treslineasnoticias.com.ar\/?author=3\"}]}<\/script>\n<!-- \/ Yoast SEO plugin. -->","yoast_head_json":{"title":"El Municipio sigue con la puesta en valor de los espacios verdes de Quilmes con fondos 100% municipales - Tres Lineas Noticias","robots":{"index":"index","follow":"follow","max-snippet":"max-snippet:-1","max-image-preview":"max-image-preview:large","max-video-preview":"max-video-preview:-1"},"canonical":"https:\/\/treslineasnoticias.com.ar\/?p=23397","og_locale":"es_ES","og_type":"article","og_title":"El Municipio sigue con la puesta en valor de los espacios verdes de Quilmes con fondos 100% municipales - Tres Lineas Noticias","og_description":"El Municipio de Quilmes informa que se colocaron nuevos juegos en la plaza Agust\u00edn E. P\u00e9rez, sita en la manzana de Andrade, Larrea, Guti\u00e9rrez y Marcelo T. de Alvear, frente a la renovada Escuela T\u00e9cnica N\u00ba 1, en Quilmes Oeste, en una actividad que encabez\u00f3 la intendenta interina Eva Mieri, en el marco del compromiso [&hellip;]","og_url":"https:\/\/treslineasnoticias.com.ar\/?p=23397","og_site_name":"Tres Lineas Noticias","article_published_time":"2026-03-16T21:51:02+00:00","article_modified_time":"2026-03-16T21:51:05+00:00","og_image":[{"width":1078,"height":719,"url":"http:\/\/treslineasnoticias.com.ar\/wp-content\/uploads\/2026\/03\/PUESTA-EN-VALOR-DE-LOS-ESPACIOS-VERDES-3.jpg","type":"image\/jpeg"}],"author":"Horacio L\u00f3pez","twitter_card":"summary_large_image","twitter_misc":{"Escrito por":"Horacio L\u00f3pez","Tiempo de lectura":"4 minutos"},"schema":{"@context":"https:\/\/schema.org","@graph":[{"@type":"WebPage","@id":"https:\/\/treslineasnoticias.com.ar\/?p=23397","url":"https:\/\/treslineasnoticias.com.ar\/?p=23397","name":"El Municipio sigue con la puesta en valor de los espacios verdes de Quilmes con fondos 100% municipales - Tres Lineas Noticias","isPartOf":{"@id":"https:\/\/treslineasnoticias.com.ar\/#website"},"primaryImageOfPage":{"@id":"https:\/\/treslineasnoticias.com.ar\/?p=23397#primaryimage"},"image":{"@id":"https:\/\/treslineasnoticias.com.ar\/?p=23397#primaryimage"},"thumbnailUrl":"https:\/\/treslineasnoticias.com.ar\/wp-content\/uploads\/2026\/03\/PUESTA-EN-VALOR-DE-LOS-ESPACIOS-VERDES-3.jpg","datePublished":"2026-03-16T21:51:02+00:00","dateModified":"2026-03-16T21:51:05+00:00","author":{"@id":"https:\/\/treslineasnoticias.com.ar\/#\/schema\/person\/c5f7249e50517b84c2379b145ca14895"},"breadcrumb":{"@id":"https:\/\/treslineasnoticias.com.ar\/?p=23397#breadcrumb"},"inLanguage":"es","potentialAction":[{"@type":"ReadAction","target":["https:\/\/treslineasnoticias.com.ar\/?p=23397"]}]},{"@type":"ImageObject","inLanguage":"es","@id":"https:\/\/treslineasnoticias.com.ar\/?p=23397#primaryimage","url":"https:\/\/treslineasnoticias.com.ar\/wp-content\/uploads\/2026\/03\/PUESTA-EN-VALOR-DE-LOS-ESPACIOS-VERDES-3.jpg","contentUrl":"https:\/\/treslineasnoticias.com.ar\/wp-content\/uploads\/2026\/03\/PUESTA-EN-VALOR-DE-LOS-ESPACIOS-VERDES-3.jpg","width":1078,"height":719},{"@type":"BreadcrumbList","@id":"https:\/\/treslineasnoticias.com.ar\/?p=23397#breadcrumb","itemListElement":[{"@type":"ListItem","position":1,"name":"Portada","item":"https:\/\/treslineasnoticias.com.ar\/"},{"@type":"ListItem","position":2,"name":"El Municipio sigue con la puesta en valor de los espacios verdes de Quilmes con fondos 100% municipales"}]},{"@type":"WebSite","@id":"https:\/\/treslineasnoticias.com.ar\/#website","url":"https:\/\/treslineasnoticias.com.ar\/","name":"Tres Lineas Noticias","description":"","potentialAction":[{"@type":"SearchAction","target":{"@type":"EntryPoint","urlTemplate":"https:\/\/treslineasnoticias.com.ar\/?s={search_term_string}"},"query-input":{"@type":"PropertyValueSpecification","valueRequired":true,"valueName":"search_term_string"}}],"inLanguage":"es"},{"@type":"Person","@id":"https:\/\/treslineasnoticias.com.ar\/#\/schema\/person\/c5f7249e50517b84c2379b145ca14895","name":"Horacio L\u00f3pez","image":{"@type":"ImageObject","inLanguage":"es","@id":"https:\/\/treslineasnoticias.com.ar\/#\/schema\/person\/image\/","url":"https:\/\/treslineasnoticias.com.ar\/wp-content\/litespeed\/avatar\/ddbec442f0224f940ce000570a0cb216.jpg?ver=1777673767","contentUrl":"https:\/\/treslineasnoticias.com.ar\/wp-content\/litespeed\/avatar\/ddbec442f0224f940ce000570a0cb216.jpg?ver=1777673767","caption":"Horacio L\u00f3pez"},"sameAs":["http:\/\/treslineasnoticias.com.ar"],"url":"https:\/\/treslineasnoticias.com.ar\/?author=3"}]}},"jetpack_featured_media_url":"https:\/\/treslineasnoticias.com.ar\/wp-content\/uploads\/2026\/03\/PUESTA-EN-VALOR-DE-LOS-ESPACIOS-VERDES-3.jpg","jetpack_sharing_enabled":true,"_links":{"self":[{"href":"https:\/\/treslineasnoticias.com.ar\/index.php?rest_route=\/wp\/v2\/posts\/23397","targetHints":{"allow":["GET"]}}],"collection":[{"href":"https:\/\/treslineasnoticias.com.ar\/index.php?rest_route=\/wp\/v2\/posts"}],"about":[{"href":"https:\/\/treslineasnoticias.com.ar\/index.php?rest_route=\/wp\/v2\/types\/post"}],"author":[{"embeddable":true,"href":"https:\/\/treslineasnoticias.com.ar\/index.php?rest_route=\/wp\/v2\/users\/3"}],"replies":[{"embeddable":true,"href":"https:\/\/treslineasnoticias.com.ar\/index.php?rest_route=%2Fwp%2Fv2%2Fcomments&post=23397"}],"version-history":[{"count":1,"href":"https:\/\/treslineasnoticias.com.ar\/index.php?rest_route=\/wp\/v2\/posts\/23397\/revisions"}],"predecessor-version":[{"id":23402,"href":"https:\/\/treslineasnoticias.com.ar\/index.php?rest_route=\/wp\/v2\/posts\/23397\/revisions\/23402"}],"wp:featuredmedia":[{"embeddable":true,"href":"https:\/\/treslineasnoticias.com.ar\/index.php?rest_route=\/wp\/v2\/media\/23398"}],"wp:attachment":[{"href":"https:\/\/treslineasnoticias.com.ar\/index.php?rest_route=%2Fwp%2Fv2%2Fmedia&parent=23397"}],"wp:term":[{"taxonomy":"category","embeddable":true,"href":"https:\/\/treslineasnoticias.com.ar\/index.php?rest_route=%2Fwp%2Fv2%2Fcategories&post=23397"},{"taxonomy":"post_tag","embeddable":true,"href":"https:\/\/treslineasnoticias.com.ar\/index.php?rest_route=%2Fwp%2Fv2%2Ftags&post=23397"}],"curies":[{"name":"wp","href":"https:\/\/api.w.org\/{rel}","templated":true}]}}