{"id":23408,"date":"2026-03-16T18:57:23","date_gmt":"2026-03-16T21:57:23","guid":{"rendered":"https:\/\/treslineasnoticias.com.ar\/?p=23408"},"modified":"2026-03-16T18:57:25","modified_gmt":"2026-03-16T21:57:25","slug":"mas-de-cien-mil-vecinos-disfrutaron-la-costa-de-hudson-durante-el-verano","status":"publish","type":"post","link":"https:\/\/treslineasnoticias.com.ar\/?p=23408","title":{"rendered":"M\u00e1s de cien mil vecinos disfrutaron la Costa de Hudson durante el verano"},"content":{"rendered":"\n<p><strong><em>M\u00e1s de cien mil vecinos y vecinas visitaron la Costa de Hudson durante los meses de verano. Y para darle un cierre a la temporada, la Municipalidad de Berazategui organiz\u00f3 una gran fiesta. El intendente municipal, Carlos Balor, particip\u00f3 de la celebraci\u00f3n que tuvo m\u00fasica en vivo, el paseo gastron\u00f3mico a cargo de los Food Trucks, la Feria Emprender y sorteos, entre otras actividades recreativas y culturales.<\/em><\/strong><\/p>\n\n\n\n<figure class=\"wp-block-image size-large\"><img loading=\"lazy\" decoding=\"async\" width=\"1024\" height=\"683\" src=\"http:\/\/treslineasnoticias.com.ar\/wp-content\/uploads\/2026\/03\/Mas-de-cien-mil-vecinos-disfrutaron-la-Costa-de-Hudson-durante-el-verano-3-1024x683.jpg\" alt=\"\" class=\"wp-image-23409\" srcset=\"https:\/\/treslineasnoticias.com.ar\/wp-content\/uploads\/2026\/03\/Mas-de-cien-mil-vecinos-disfrutaron-la-Costa-de-Hudson-durante-el-verano-3-1024x683.jpg 1024w, https:\/\/treslineasnoticias.com.ar\/wp-content\/uploads\/2026\/03\/Mas-de-cien-mil-vecinos-disfrutaron-la-Costa-de-Hudson-durante-el-verano-3-300x200.jpg 300w, https:\/\/treslineasnoticias.com.ar\/wp-content\/uploads\/2026\/03\/Mas-de-cien-mil-vecinos-disfrutaron-la-Costa-de-Hudson-durante-el-verano-3-768x512.jpg 768w, https:\/\/treslineasnoticias.com.ar\/wp-content\/uploads\/2026\/03\/Mas-de-cien-mil-vecinos-disfrutaron-la-Costa-de-Hudson-durante-el-verano-3-1536x1024.jpg 1536w, https:\/\/treslineasnoticias.com.ar\/wp-content\/uploads\/2026\/03\/Mas-de-cien-mil-vecinos-disfrutaron-la-Costa-de-Hudson-durante-el-verano-3.jpg 1920w\" sizes=\"auto, (max-width: 1024px) 100vw, 1024px\" \/><\/figure>\n\n\n\n<p>A partir de esta semana, los food trucks estar\u00e1n los viernes, s\u00e1bados y domingos de marzo.<\/p>\n\n\n\n<p>\u201cHoy cerramos la temporada de verano, pero vamos a continuar con este tipo de propuestas. Seguimos siempre el legado de Juan Jos\u00e9 Mussi. Disfruten mucho,&nbsp;que esto es para nuestros vecinos\u201d, expres\u00f3 Balor.<\/p>\n\n\n\n<p>A su vez, el secretario de Trabajo, Juan Manuel Parra, destac\u00f3: \u201cDurante todo el verano contamos con m\u00e1s de diez food trucks y con la Feria Emprender. Estamos muy felices por la cantidad de gente que vino a la Costa este verano\u201d.<\/p>\n\n\n\n<figure class=\"wp-block-image size-large\"><img loading=\"lazy\" decoding=\"async\" width=\"1024\" height=\"683\" src=\"http:\/\/treslineasnoticias.com.ar\/wp-content\/uploads\/2026\/03\/Mas-de-cien-mil-vecinos-disfrutaron-la-Costa-de-Hudson-durante-el-verano-1-1024x683.jpg\" alt=\"\" class=\"wp-image-23410\" srcset=\"https:\/\/treslineasnoticias.com.ar\/wp-content\/uploads\/2026\/03\/Mas-de-cien-mil-vecinos-disfrutaron-la-Costa-de-Hudson-durante-el-verano-1-1024x683.jpg 1024w, https:\/\/treslineasnoticias.com.ar\/wp-content\/uploads\/2026\/03\/Mas-de-cien-mil-vecinos-disfrutaron-la-Costa-de-Hudson-durante-el-verano-1-300x200.jpg 300w, https:\/\/treslineasnoticias.com.ar\/wp-content\/uploads\/2026\/03\/Mas-de-cien-mil-vecinos-disfrutaron-la-Costa-de-Hudson-durante-el-verano-1-768x512.jpg 768w, https:\/\/treslineasnoticias.com.ar\/wp-content\/uploads\/2026\/03\/Mas-de-cien-mil-vecinos-disfrutaron-la-Costa-de-Hudson-durante-el-verano-1-1536x1024.jpg 1536w, https:\/\/treslineasnoticias.com.ar\/wp-content\/uploads\/2026\/03\/Mas-de-cien-mil-vecinos-disfrutaron-la-Costa-de-Hudson-durante-el-verano-1.jpg 1920w\" sizes=\"auto, (max-width: 1024px) 100vw, 1024px\" \/><\/figure>\n\n\n\n<p>En tanto, Maximiliano Di Mascio, propietario del food truck Sauces Hudson, subray\u00f3: \u201cFue una temporada hermosa, con muchas familias que vinieron a disfrutar del lugar y comer algo. Fue un verano con lindo clima, as\u00ed que muchos pudieron salir a pasear. Podemos estar ac\u00e1 gracias al apoyo de la Municipalidad; muchas gracias por acompa\u00f1arnos\u201d.<\/p>\n\n\n\n<p>Durante la jornada, se present\u00f3 la folclorista berazateguense Erika Cabral y la banda de cumbia Warida. &nbsp;<\/p>\n","protected":false},"excerpt":{"rendered":"<p>M\u00e1s de cien mil vecinos y vecinas visitaron la Costa de Hudson durante los meses de verano. Y para darle un cierre a la temporada, la Municipalidad de Berazategui organiz\u00f3 una gran fiesta. El intendente municipal, Carlos Balor, particip\u00f3 de la celebraci\u00f3n que tuvo m\u00fasica en vivo, el paseo gastron\u00f3mico a cargo de los Food [&hellip;]<\/p>\n","protected":false},"author":3,"featured_media":23411,"comment_status":"open","ping_status":"open","sticky":false,"template":"","format":"standard","meta":{"_jetpack_memberships_contains_paid_content":false,"footnotes":""},"categories":[4],"tags":[],"class_list":["post-23408","post","type-post","status-publish","format-standard","has-post-thumbnail","hentry","category-berazategui"],"yoast_head":"<!-- This site is optimized with the Yoast SEO plugin v24.7 - https:\/\/yoast.com\/wordpress\/plugins\/seo\/ -->\n<title>M\u00e1s de cien mil vecinos disfrutaron la Costa de Hudson durante el verano - Tres Lineas Noticias<\/title>\n<meta name=\"robots\" content=\"index, follow, max-snippet:-1, max-image-preview:large, max-video-preview:-1\" \/>\n<link rel=\"canonical\" href=\"https:\/\/treslineasnoticias.com.ar\/?p=23408\" \/>\n<meta property=\"og:locale\" content=\"es_ES\" \/>\n<meta property=\"og:type\" content=\"article\" \/>\n<meta property=\"og:title\" content=\"M\u00e1s de cien mil vecinos disfrutaron la Costa de Hudson durante el verano - Tres Lineas Noticias\" \/>\n<meta property=\"og:description\" content=\"M\u00e1s de cien mil vecinos y vecinas visitaron la Costa de Hudson durante los meses de verano. Y para darle un cierre a la temporada, la Municipalidad de Berazategui organiz\u00f3 una gran fiesta. El intendente municipal, Carlos Balor, particip\u00f3 de la celebraci\u00f3n que tuvo m\u00fasica en vivo, el paseo gastron\u00f3mico a cargo de los Food [&hellip;]\" \/>\n<meta property=\"og:url\" content=\"https:\/\/treslineasnoticias.com.ar\/?p=23408\" \/>\n<meta property=\"og:site_name\" content=\"Tres Lineas Noticias\" \/>\n<meta property=\"article:published_time\" content=\"2026-03-16T21:57:23+00:00\" \/>\n<meta property=\"article:modified_time\" content=\"2026-03-16T21:57:25+00:00\" \/>\n<meta property=\"og:image\" content=\"http:\/\/treslineasnoticias.com.ar\/wp-content\/uploads\/2026\/03\/Mas-de-cien-mil-vecinos-disfrutaron-la-Costa-de-Hudson-durante-el-verano-4.jpg\" \/>\n\t<meta property=\"og:image:width\" content=\"1920\" \/>\n\t<meta property=\"og:image:height\" content=\"1280\" \/>\n\t<meta property=\"og:image:type\" content=\"image\/jpeg\" \/>\n<meta name=\"author\" content=\"Horacio L\u00f3pez\" \/>\n<meta name=\"twitter:card\" content=\"summary_large_image\" \/>\n<meta name=\"twitter:label1\" content=\"Escrito por\" \/>\n\t<meta name=\"twitter:data1\" content=\"Horacio L\u00f3pez\" \/>\n\t<meta name=\"twitter:label2\" content=\"Tiempo de lectura\" \/>\n\t<meta name=\"twitter:data2\" content=\"2 minutos\" \/>\n<script type=\"application\/ld+json\" class=\"yoast-schema-graph\">{\"@context\":\"https:\/\/schema.org\",\"@graph\":[{\"@type\":\"WebPage\",\"@id\":\"https:\/\/treslineasnoticias.com.ar\/?p=23408\",\"url\":\"https:\/\/treslineasnoticias.com.ar\/?p=23408\",\"name\":\"M\u00e1s de cien mil vecinos disfrutaron la Costa de Hudson durante el verano - Tres Lineas Noticias\",\"isPartOf\":{\"@id\":\"https:\/\/treslineasnoticias.com.ar\/#website\"},\"primaryImageOfPage\":{\"@id\":\"https:\/\/treslineasnoticias.com.ar\/?p=23408#primaryimage\"},\"image\":{\"@id\":\"https:\/\/treslineasnoticias.com.ar\/?p=23408#primaryimage\"},\"thumbnailUrl\":\"https:\/\/treslineasnoticias.com.ar\/wp-content\/uploads\/2026\/03\/Mas-de-cien-mil-vecinos-disfrutaron-la-Costa-de-Hudson-durante-el-verano-4.jpg\",\"datePublished\":\"2026-03-16T21:57:23+00:00\",\"dateModified\":\"2026-03-16T21:57:25+00:00\",\"author\":{\"@id\":\"https:\/\/treslineasnoticias.com.ar\/#\/schema\/person\/c5f7249e50517b84c2379b145ca14895\"},\"breadcrumb\":{\"@id\":\"https:\/\/treslineasnoticias.com.ar\/?p=23408#breadcrumb\"},\"inLanguage\":\"es\",\"potentialAction\":[{\"@type\":\"ReadAction\",\"target\":[\"https:\/\/treslineasnoticias.com.ar\/?p=23408\"]}]},{\"@type\":\"ImageObject\",\"inLanguage\":\"es\",\"@id\":\"https:\/\/treslineasnoticias.com.ar\/?p=23408#primaryimage\",\"url\":\"https:\/\/treslineasnoticias.com.ar\/wp-content\/uploads\/2026\/03\/Mas-de-cien-mil-vecinos-disfrutaron-la-Costa-de-Hudson-durante-el-verano-4.jpg\",\"contentUrl\":\"https:\/\/treslineasnoticias.com.ar\/wp-content\/uploads\/2026\/03\/Mas-de-cien-mil-vecinos-disfrutaron-la-Costa-de-Hudson-durante-el-verano-4.jpg\",\"width\":1920,\"height\":1280},{\"@type\":\"BreadcrumbList\",\"@id\":\"https:\/\/treslineasnoticias.com.ar\/?p=23408#breadcrumb\",\"itemListElement\":[{\"@type\":\"ListItem\",\"position\":1,\"name\":\"Portada\",\"item\":\"https:\/\/treslineasnoticias.com.ar\/\"},{\"@type\":\"ListItem\",\"position\":2,\"name\":\"M\u00e1s de cien mil vecinos disfrutaron la Costa de Hudson durante el verano\"}]},{\"@type\":\"WebSite\",\"@id\":\"https:\/\/treslineasnoticias.com.ar\/#website\",\"url\":\"https:\/\/treslineasnoticias.com.ar\/\",\"name\":\"Tres Lineas Noticias\",\"description\":\"\",\"potentialAction\":[{\"@type\":\"SearchAction\",\"target\":{\"@type\":\"EntryPoint\",\"urlTemplate\":\"https:\/\/treslineasnoticias.com.ar\/?s={search_term_string}\"},\"query-input\":{\"@type\":\"PropertyValueSpecification\",\"valueRequired\":true,\"valueName\":\"search_term_string\"}}],\"inLanguage\":\"es\"},{\"@type\":\"Person\",\"@id\":\"https:\/\/treslineasnoticias.com.ar\/#\/schema\/person\/c5f7249e50517b84c2379b145ca14895\",\"name\":\"Horacio L\u00f3pez\",\"image\":{\"@type\":\"ImageObject\",\"inLanguage\":\"es\",\"@id\":\"https:\/\/treslineasnoticias.com.ar\/#\/schema\/person\/image\/\",\"url\":\"https:\/\/treslineasnoticias.com.ar\/wp-content\/litespeed\/avatar\/ddbec442f0224f940ce000570a0cb216.jpg?ver=1777673767\",\"contentUrl\":\"https:\/\/treslineasnoticias.com.ar\/wp-content\/litespeed\/avatar\/ddbec442f0224f940ce000570a0cb216.jpg?ver=1777673767\",\"caption\":\"Horacio L\u00f3pez\"},\"sameAs\":[\"http:\/\/treslineasnoticias.com.ar\"],\"url\":\"https:\/\/treslineasnoticias.com.ar\/?author=3\"}]}<\/script>\n<!-- \/ Yoast SEO plugin. -->","yoast_head_json":{"title":"M\u00e1s de cien mil vecinos disfrutaron la Costa de Hudson durante el verano - Tres Lineas Noticias","robots":{"index":"index","follow":"follow","max-snippet":"max-snippet:-1","max-image-preview":"max-image-preview:large","max-video-preview":"max-video-preview:-1"},"canonical":"https:\/\/treslineasnoticias.com.ar\/?p=23408","og_locale":"es_ES","og_type":"article","og_title":"M\u00e1s de cien mil vecinos disfrutaron la Costa de Hudson durante el verano - Tres Lineas Noticias","og_description":"M\u00e1s de cien mil vecinos y vecinas visitaron la Costa de Hudson durante los meses de verano. Y para darle un cierre a la temporada, la Municipalidad de Berazategui organiz\u00f3 una gran fiesta. El intendente municipal, Carlos Balor, particip\u00f3 de la celebraci\u00f3n que tuvo m\u00fasica en vivo, el paseo gastron\u00f3mico a cargo de los Food [&hellip;]","og_url":"https:\/\/treslineasnoticias.com.ar\/?p=23408","og_site_name":"Tres Lineas Noticias","article_published_time":"2026-03-16T21:57:23+00:00","article_modified_time":"2026-03-16T21:57:25+00:00","og_image":[{"width":1920,"height":1280,"url":"http:\/\/treslineasnoticias.com.ar\/wp-content\/uploads\/2026\/03\/Mas-de-cien-mil-vecinos-disfrutaron-la-Costa-de-Hudson-durante-el-verano-4.jpg","type":"image\/jpeg"}],"author":"Horacio L\u00f3pez","twitter_card":"summary_large_image","twitter_misc":{"Escrito por":"Horacio L\u00f3pez","Tiempo de lectura":"2 minutos"},"schema":{"@context":"https:\/\/schema.org","@graph":[{"@type":"WebPage","@id":"https:\/\/treslineasnoticias.com.ar\/?p=23408","url":"https:\/\/treslineasnoticias.com.ar\/?p=23408","name":"M\u00e1s de cien mil vecinos disfrutaron la Costa de Hudson durante el verano - Tres Lineas Noticias","isPartOf":{"@id":"https:\/\/treslineasnoticias.com.ar\/#website"},"primaryImageOfPage":{"@id":"https:\/\/treslineasnoticias.com.ar\/?p=23408#primaryimage"},"image":{"@id":"https:\/\/treslineasnoticias.com.ar\/?p=23408#primaryimage"},"thumbnailUrl":"https:\/\/treslineasnoticias.com.ar\/wp-content\/uploads\/2026\/03\/Mas-de-cien-mil-vecinos-disfrutaron-la-Costa-de-Hudson-durante-el-verano-4.jpg","datePublished":"2026-03-16T21:57:23+00:00","dateModified":"2026-03-16T21:57:25+00:00","author":{"@id":"https:\/\/treslineasnoticias.com.ar\/#\/schema\/person\/c5f7249e50517b84c2379b145ca14895"},"breadcrumb":{"@id":"https:\/\/treslineasnoticias.com.ar\/?p=23408#breadcrumb"},"inLanguage":"es","potentialAction":[{"@type":"ReadAction","target":["https:\/\/treslineasnoticias.com.ar\/?p=23408"]}]},{"@type":"ImageObject","inLanguage":"es","@id":"https:\/\/treslineasnoticias.com.ar\/?p=23408#primaryimage","url":"https:\/\/treslineasnoticias.com.ar\/wp-content\/uploads\/2026\/03\/Mas-de-cien-mil-vecinos-disfrutaron-la-Costa-de-Hudson-durante-el-verano-4.jpg","contentUrl":"https:\/\/treslineasnoticias.com.ar\/wp-content\/uploads\/2026\/03\/Mas-de-cien-mil-vecinos-disfrutaron-la-Costa-de-Hudson-durante-el-verano-4.jpg","width":1920,"height":1280},{"@type":"BreadcrumbList","@id":"https:\/\/treslineasnoticias.com.ar\/?p=23408#breadcrumb","itemListElement":[{"@type":"ListItem","position":1,"name":"Portada","item":"https:\/\/treslineasnoticias.com.ar\/"},{"@type":"ListItem","position":2,"name":"M\u00e1s de cien mil vecinos disfrutaron la Costa de Hudson durante el verano"}]},{"@type":"WebSite","@id":"https:\/\/treslineasnoticias.com.ar\/#website","url":"https:\/\/treslineasnoticias.com.ar\/","name":"Tres Lineas Noticias","description":"","potentialAction":[{"@type":"SearchAction","target":{"@type":"EntryPoint","urlTemplate":"https:\/\/treslineasnoticias.com.ar\/?s={search_term_string}"},"query-input":{"@type":"PropertyValueSpecification","valueRequired":true,"valueName":"search_term_string"}}],"inLanguage":"es"},{"@type":"Person","@id":"https:\/\/treslineasnoticias.com.ar\/#\/schema\/person\/c5f7249e50517b84c2379b145ca14895","name":"Horacio L\u00f3pez","image":{"@type":"ImageObject","inLanguage":"es","@id":"https:\/\/treslineasnoticias.com.ar\/#\/schema\/person\/image\/","url":"https:\/\/treslineasnoticias.com.ar\/wp-content\/litespeed\/avatar\/ddbec442f0224f940ce000570a0cb216.jpg?ver=1777673767","contentUrl":"https:\/\/treslineasnoticias.com.ar\/wp-content\/litespeed\/avatar\/ddbec442f0224f940ce000570a0cb216.jpg?ver=1777673767","caption":"Horacio L\u00f3pez"},"sameAs":["http:\/\/treslineasnoticias.com.ar"],"url":"https:\/\/treslineasnoticias.com.ar\/?author=3"}]}},"jetpack_featured_media_url":"https:\/\/treslineasnoticias.com.ar\/wp-content\/uploads\/2026\/03\/Mas-de-cien-mil-vecinos-disfrutaron-la-Costa-de-Hudson-durante-el-verano-4.jpg","jetpack_sharing_enabled":true,"_links":{"self":[{"href":"https:\/\/treslineasnoticias.com.ar\/index.php?rest_route=\/wp\/v2\/posts\/23408","targetHints":{"allow":["GET"]}}],"collection":[{"href":"https:\/\/treslineasnoticias.com.ar\/index.php?rest_route=\/wp\/v2\/posts"}],"about":[{"href":"https:\/\/treslineasnoticias.com.ar\/index.php?rest_route=\/wp\/v2\/types\/post"}],"author":[{"embeddable":true,"href":"https:\/\/treslineasnoticias.com.ar\/index.php?rest_route=\/wp\/v2\/users\/3"}],"replies":[{"embeddable":true,"href":"https:\/\/treslineasnoticias.com.ar\/index.php?rest_route=%2Fwp%2Fv2%2Fcomments&post=23408"}],"version-history":[{"count":1,"href":"https:\/\/treslineasnoticias.com.ar\/index.php?rest_route=\/wp\/v2\/posts\/23408\/revisions"}],"predecessor-version":[{"id":23412,"href":"https:\/\/treslineasnoticias.com.ar\/index.php?rest_route=\/wp\/v2\/posts\/23408\/revisions\/23412"}],"wp:featuredmedia":[{"embeddable":true,"href":"https:\/\/treslineasnoticias.com.ar\/index.php?rest_route=\/wp\/v2\/media\/23411"}],"wp:attachment":[{"href":"https:\/\/treslineasnoticias.com.ar\/index.php?rest_route=%2Fwp%2Fv2%2Fmedia&parent=23408"}],"wp:term":[{"taxonomy":"category","embeddable":true,"href":"https:\/\/treslineasnoticias.com.ar\/index.php?rest_route=%2Fwp%2Fv2%2Fcategories&post=23408"},{"taxonomy":"post_tag","embeddable":true,"href":"https:\/\/treslineasnoticias.com.ar\/index.php?rest_route=%2Fwp%2Fv2%2Ftags&post=23408"}],"curies":[{"name":"wp","href":"https:\/\/api.w.org\/{rel}","templated":true}]}}