{"id":23413,"date":"2026-03-16T19:00:54","date_gmt":"2026-03-16T22:00:54","guid":{"rendered":"https:\/\/treslineasnoticias.com.ar\/?p=23413"},"modified":"2026-03-16T19:00:56","modified_gmt":"2026-03-16T22:00:56","slug":"carlos-balor-reafirmo-el-apoyo-y-acompanamiento-del-municipio-a-las-industrias-locales","status":"publish","type":"post","link":"https:\/\/treslineasnoticias.com.ar\/?p=23413","title":{"rendered":"Carlos Balor reafirm\u00f3 el apoyo y acompa\u00f1amiento del Municipio a las industrias locales"},"content":{"rendered":"\n<p><strong><em>El intendente de Berazategui, Carlos Balor, se reuni\u00f3 con 30 industriales de Berazategui en el Polo Design, dentro de las instalaciones del Polo Hudson (kil\u00f3metro 30,5 de la Autopista Buenos Aires &#8211; La Plata), para conversar sobre la situaci\u00f3n que est\u00e1 viviendo el sector y reafirmar el acompa\u00f1amiento del Municipio.<\/em><\/strong><\/p>\n\n\n\n<figure class=\"wp-block-image size-large\"><img loading=\"lazy\" decoding=\"async\" width=\"1024\" height=\"683\" src=\"http:\/\/treslineasnoticias.com.ar\/wp-content\/uploads\/2026\/03\/Carlos-Balor-reafirmo-el-apoyo-y-acompanamiento-del-Municipio-a-las-industrias-locales-1-1024x683.jpg\" alt=\"\" class=\"wp-image-23416\" srcset=\"https:\/\/treslineasnoticias.com.ar\/wp-content\/uploads\/2026\/03\/Carlos-Balor-reafirmo-el-apoyo-y-acompanamiento-del-Municipio-a-las-industrias-locales-1-1024x683.jpg 1024w, https:\/\/treslineasnoticias.com.ar\/wp-content\/uploads\/2026\/03\/Carlos-Balor-reafirmo-el-apoyo-y-acompanamiento-del-Municipio-a-las-industrias-locales-1-300x200.jpg 300w, https:\/\/treslineasnoticias.com.ar\/wp-content\/uploads\/2026\/03\/Carlos-Balor-reafirmo-el-apoyo-y-acompanamiento-del-Municipio-a-las-industrias-locales-1-768x512.jpg 768w, https:\/\/treslineasnoticias.com.ar\/wp-content\/uploads\/2026\/03\/Carlos-Balor-reafirmo-el-apoyo-y-acompanamiento-del-Municipio-a-las-industrias-locales-1-1536x1024.jpg 1536w, https:\/\/treslineasnoticias.com.ar\/wp-content\/uploads\/2026\/03\/Carlos-Balor-reafirmo-el-apoyo-y-acompanamiento-del-Municipio-a-las-industrias-locales-1.jpg 1920w\" sizes=\"auto, (max-width: 1024px) 100vw, 1024px\" \/><\/figure>\n\n\n\n<p>\u201cCon este encuentro reafirmamos que el Municipio va a seguir acompa\u00f1ando a los industriales, como lo hizo siempre Juan Jos\u00e9 Mussi. Les pido que conf\u00eden en nosotros, de la misma manera que lo hicieron con el Dr. El equipo es el mismo y nosotros vamos a estar siempre para ayudarlos\u201d, asegur\u00f3 el Intendente.<\/p>\n\n\n\n<p>Asimismo, Roberto Ventimiglia, presidente del Polo Hudson, expres\u00f3: \u201cEn la empresa 3H recibimos al intendente Balor junto a su equipo que una vez m\u00e1s, como hac\u00eda el Dr. Juan Jos\u00e9 Mussi, se acerc\u00f3 a presentar su apoyo para que sigamos adelante. El Municipio est\u00e1 a disposici\u00f3n de las empresas y eso hoy es muy importante para nosotros. Estamos por empezar una etapa de construcci\u00f3n de 35 locales, que se van a acoplar a los ya existentes en el sector comercial. Esto nos incentiva a pensar que vamos por buen camino, seguimos poniendo todo el esfuerzo para seguir creciendo en este lugar maravilloso. Desde el primer d\u00eda que empezamos a construir en el Polo, el Intendente siempre estuvo acompa\u00f1\u00e1ndonos. Estamos agradecidos\u201d.<\/p>\n\n\n\n<figure class=\"wp-block-image size-large\"><img loading=\"lazy\" decoding=\"async\" width=\"1024\" height=\"683\" src=\"http:\/\/treslineasnoticias.com.ar\/wp-content\/uploads\/2026\/03\/Carlos-Balor-reafirmo-el-apoyo-y-acompanamiento-del-Municipio-a-las-industrias-locales-5-1024x683.jpg\" alt=\"\" class=\"wp-image-23415\" srcset=\"https:\/\/treslineasnoticias.com.ar\/wp-content\/uploads\/2026\/03\/Carlos-Balor-reafirmo-el-apoyo-y-acompanamiento-del-Municipio-a-las-industrias-locales-5-1024x683.jpg 1024w, https:\/\/treslineasnoticias.com.ar\/wp-content\/uploads\/2026\/03\/Carlos-Balor-reafirmo-el-apoyo-y-acompanamiento-del-Municipio-a-las-industrias-locales-5-300x200.jpg 300w, https:\/\/treslineasnoticias.com.ar\/wp-content\/uploads\/2026\/03\/Carlos-Balor-reafirmo-el-apoyo-y-acompanamiento-del-Municipio-a-las-industrias-locales-5-768x512.jpg 768w, https:\/\/treslineasnoticias.com.ar\/wp-content\/uploads\/2026\/03\/Carlos-Balor-reafirmo-el-apoyo-y-acompanamiento-del-Municipio-a-las-industrias-locales-5-1536x1024.jpg 1536w, https:\/\/treslineasnoticias.com.ar\/wp-content\/uploads\/2026\/03\/Carlos-Balor-reafirmo-el-apoyo-y-acompanamiento-del-Municipio-a-las-industrias-locales-5.jpg 1920w\" sizes=\"auto, (max-width: 1024px) 100vw, 1024px\" \/><\/figure>\n\n\n\n<p>El encuentro se realiz\u00f3 en la empresa familiar 3H Carpas (l\u00edder en el mercado local de carpas plegables, gazebos, stands, wind banners, sillas, productos promocionales y mobiliarios) y cont\u00f3 con la presencia, adem\u00e1s, del secretario de Trabajo de la Municipalidad de Berazategui, Juan Manuel Parra.<\/p>\n","protected":false},"excerpt":{"rendered":"<p>El intendente de Berazategui, Carlos Balor, se reuni\u00f3 con 30 industriales de Berazategui en el Polo Design, dentro de las instalaciones del Polo Hudson (kil\u00f3metro 30,5 de la Autopista Buenos Aires &#8211; La Plata), para conversar sobre la situaci\u00f3n que est\u00e1 viviendo el sector y reafirmar el acompa\u00f1amiento del Municipio. \u201cCon este encuentro reafirmamos que [&hellip;]<\/p>\n","protected":false},"author":3,"featured_media":23414,"comment_status":"open","ping_status":"open","sticky":false,"template":"","format":"standard","meta":{"_jetpack_memberships_contains_paid_content":false,"footnotes":""},"categories":[4],"tags":[],"class_list":["post-23413","post","type-post","status-publish","format-standard","has-post-thumbnail","hentry","category-berazategui"],"yoast_head":"<!-- This site is optimized with the Yoast SEO plugin v24.7 - https:\/\/yoast.com\/wordpress\/plugins\/seo\/ -->\n<title>Carlos Balor reafirm\u00f3 el apoyo y acompa\u00f1amiento del Municipio a las industrias locales - Tres Lineas Noticias<\/title>\n<meta name=\"robots\" content=\"index, follow, max-snippet:-1, max-image-preview:large, max-video-preview:-1\" \/>\n<link rel=\"canonical\" href=\"https:\/\/treslineasnoticias.com.ar\/?p=23413\" \/>\n<meta property=\"og:locale\" content=\"es_ES\" \/>\n<meta property=\"og:type\" content=\"article\" \/>\n<meta property=\"og:title\" content=\"Carlos Balor reafirm\u00f3 el apoyo y acompa\u00f1amiento del Municipio a las industrias locales - Tres Lineas Noticias\" \/>\n<meta property=\"og:description\" content=\"El intendente de Berazategui, Carlos Balor, se reuni\u00f3 con 30 industriales de Berazategui en el Polo Design, dentro de las instalaciones del Polo Hudson (kil\u00f3metro 30,5 de la Autopista Buenos Aires &#8211; La Plata), para conversar sobre la situaci\u00f3n que est\u00e1 viviendo el sector y reafirmar el acompa\u00f1amiento del Municipio. \u201cCon este encuentro reafirmamos que [&hellip;]\" \/>\n<meta property=\"og:url\" content=\"https:\/\/treslineasnoticias.com.ar\/?p=23413\" \/>\n<meta property=\"og:site_name\" content=\"Tres Lineas Noticias\" \/>\n<meta property=\"article:published_time\" content=\"2026-03-16T22:00:54+00:00\" \/>\n<meta property=\"article:modified_time\" content=\"2026-03-16T22:00:56+00:00\" \/>\n<meta property=\"og:image\" content=\"http:\/\/treslineasnoticias.com.ar\/wp-content\/uploads\/2026\/03\/Carlos-Balor-reafirmo-el-apoyo-y-acompanamiento-del-Municipio-a-las-industrias-locales-7.jpg\" \/>\n\t<meta property=\"og:image:width\" content=\"1920\" \/>\n\t<meta property=\"og:image:height\" content=\"1280\" \/>\n\t<meta property=\"og:image:type\" content=\"image\/jpeg\" \/>\n<meta name=\"author\" content=\"Horacio L\u00f3pez\" \/>\n<meta name=\"twitter:card\" content=\"summary_large_image\" \/>\n<meta name=\"twitter:label1\" content=\"Escrito por\" \/>\n\t<meta name=\"twitter:data1\" content=\"Horacio L\u00f3pez\" \/>\n\t<meta name=\"twitter:label2\" content=\"Tiempo de lectura\" \/>\n\t<meta name=\"twitter:data2\" content=\"2 minutos\" \/>\n<script type=\"application\/ld+json\" class=\"yoast-schema-graph\">{\"@context\":\"https:\/\/schema.org\",\"@graph\":[{\"@type\":\"WebPage\",\"@id\":\"https:\/\/treslineasnoticias.com.ar\/?p=23413\",\"url\":\"https:\/\/treslineasnoticias.com.ar\/?p=23413\",\"name\":\"Carlos Balor reafirm\u00f3 el apoyo y acompa\u00f1amiento del Municipio a las industrias locales - Tres Lineas Noticias\",\"isPartOf\":{\"@id\":\"https:\/\/treslineasnoticias.com.ar\/#website\"},\"primaryImageOfPage\":{\"@id\":\"https:\/\/treslineasnoticias.com.ar\/?p=23413#primaryimage\"},\"image\":{\"@id\":\"https:\/\/treslineasnoticias.com.ar\/?p=23413#primaryimage\"},\"thumbnailUrl\":\"https:\/\/treslineasnoticias.com.ar\/wp-content\/uploads\/2026\/03\/Carlos-Balor-reafirmo-el-apoyo-y-acompanamiento-del-Municipio-a-las-industrias-locales-7.jpg\",\"datePublished\":\"2026-03-16T22:00:54+00:00\",\"dateModified\":\"2026-03-16T22:00:56+00:00\",\"author\":{\"@id\":\"https:\/\/treslineasnoticias.com.ar\/#\/schema\/person\/c5f7249e50517b84c2379b145ca14895\"},\"breadcrumb\":{\"@id\":\"https:\/\/treslineasnoticias.com.ar\/?p=23413#breadcrumb\"},\"inLanguage\":\"es\",\"potentialAction\":[{\"@type\":\"ReadAction\",\"target\":[\"https:\/\/treslineasnoticias.com.ar\/?p=23413\"]}]},{\"@type\":\"ImageObject\",\"inLanguage\":\"es\",\"@id\":\"https:\/\/treslineasnoticias.com.ar\/?p=23413#primaryimage\",\"url\":\"https:\/\/treslineasnoticias.com.ar\/wp-content\/uploads\/2026\/03\/Carlos-Balor-reafirmo-el-apoyo-y-acompanamiento-del-Municipio-a-las-industrias-locales-7.jpg\",\"contentUrl\":\"https:\/\/treslineasnoticias.com.ar\/wp-content\/uploads\/2026\/03\/Carlos-Balor-reafirmo-el-apoyo-y-acompanamiento-del-Municipio-a-las-industrias-locales-7.jpg\",\"width\":1920,\"height\":1280},{\"@type\":\"BreadcrumbList\",\"@id\":\"https:\/\/treslineasnoticias.com.ar\/?p=23413#breadcrumb\",\"itemListElement\":[{\"@type\":\"ListItem\",\"position\":1,\"name\":\"Portada\",\"item\":\"https:\/\/treslineasnoticias.com.ar\/\"},{\"@type\":\"ListItem\",\"position\":2,\"name\":\"Carlos Balor reafirm\u00f3 el apoyo y acompa\u00f1amiento del Municipio a las industrias locales\"}]},{\"@type\":\"WebSite\",\"@id\":\"https:\/\/treslineasnoticias.com.ar\/#website\",\"url\":\"https:\/\/treslineasnoticias.com.ar\/\",\"name\":\"Tres Lineas Noticias\",\"description\":\"\",\"potentialAction\":[{\"@type\":\"SearchAction\",\"target\":{\"@type\":\"EntryPoint\",\"urlTemplate\":\"https:\/\/treslineasnoticias.com.ar\/?s={search_term_string}\"},\"query-input\":{\"@type\":\"PropertyValueSpecification\",\"valueRequired\":true,\"valueName\":\"search_term_string\"}}],\"inLanguage\":\"es\"},{\"@type\":\"Person\",\"@id\":\"https:\/\/treslineasnoticias.com.ar\/#\/schema\/person\/c5f7249e50517b84c2379b145ca14895\",\"name\":\"Horacio L\u00f3pez\",\"image\":{\"@type\":\"ImageObject\",\"inLanguage\":\"es\",\"@id\":\"https:\/\/treslineasnoticias.com.ar\/#\/schema\/person\/image\/\",\"url\":\"https:\/\/treslineasnoticias.com.ar\/wp-content\/litespeed\/avatar\/ddbec442f0224f940ce000570a0cb216.jpg?ver=1777673767\",\"contentUrl\":\"https:\/\/treslineasnoticias.com.ar\/wp-content\/litespeed\/avatar\/ddbec442f0224f940ce000570a0cb216.jpg?ver=1777673767\",\"caption\":\"Horacio L\u00f3pez\"},\"sameAs\":[\"http:\/\/treslineasnoticias.com.ar\"],\"url\":\"https:\/\/treslineasnoticias.com.ar\/?author=3\"}]}<\/script>\n<!-- \/ Yoast SEO plugin. -->","yoast_head_json":{"title":"Carlos Balor reafirm\u00f3 el apoyo y acompa\u00f1amiento del Municipio a las industrias locales - Tres Lineas Noticias","robots":{"index":"index","follow":"follow","max-snippet":"max-snippet:-1","max-image-preview":"max-image-preview:large","max-video-preview":"max-video-preview:-1"},"canonical":"https:\/\/treslineasnoticias.com.ar\/?p=23413","og_locale":"es_ES","og_type":"article","og_title":"Carlos Balor reafirm\u00f3 el apoyo y acompa\u00f1amiento del Municipio a las industrias locales - Tres Lineas Noticias","og_description":"El intendente de Berazategui, Carlos Balor, se reuni\u00f3 con 30 industriales de Berazategui en el Polo Design, dentro de las instalaciones del Polo Hudson (kil\u00f3metro 30,5 de la Autopista Buenos Aires &#8211; La Plata), para conversar sobre la situaci\u00f3n que est\u00e1 viviendo el sector y reafirmar el acompa\u00f1amiento del Municipio. \u201cCon este encuentro reafirmamos que [&hellip;]","og_url":"https:\/\/treslineasnoticias.com.ar\/?p=23413","og_site_name":"Tres Lineas Noticias","article_published_time":"2026-03-16T22:00:54+00:00","article_modified_time":"2026-03-16T22:00:56+00:00","og_image":[{"width":1920,"height":1280,"url":"http:\/\/treslineasnoticias.com.ar\/wp-content\/uploads\/2026\/03\/Carlos-Balor-reafirmo-el-apoyo-y-acompanamiento-del-Municipio-a-las-industrias-locales-7.jpg","type":"image\/jpeg"}],"author":"Horacio L\u00f3pez","twitter_card":"summary_large_image","twitter_misc":{"Escrito por":"Horacio L\u00f3pez","Tiempo de lectura":"2 minutos"},"schema":{"@context":"https:\/\/schema.org","@graph":[{"@type":"WebPage","@id":"https:\/\/treslineasnoticias.com.ar\/?p=23413","url":"https:\/\/treslineasnoticias.com.ar\/?p=23413","name":"Carlos Balor reafirm\u00f3 el apoyo y acompa\u00f1amiento del Municipio a las industrias locales - Tres Lineas Noticias","isPartOf":{"@id":"https:\/\/treslineasnoticias.com.ar\/#website"},"primaryImageOfPage":{"@id":"https:\/\/treslineasnoticias.com.ar\/?p=23413#primaryimage"},"image":{"@id":"https:\/\/treslineasnoticias.com.ar\/?p=23413#primaryimage"},"thumbnailUrl":"https:\/\/treslineasnoticias.com.ar\/wp-content\/uploads\/2026\/03\/Carlos-Balor-reafirmo-el-apoyo-y-acompanamiento-del-Municipio-a-las-industrias-locales-7.jpg","datePublished":"2026-03-16T22:00:54+00:00","dateModified":"2026-03-16T22:00:56+00:00","author":{"@id":"https:\/\/treslineasnoticias.com.ar\/#\/schema\/person\/c5f7249e50517b84c2379b145ca14895"},"breadcrumb":{"@id":"https:\/\/treslineasnoticias.com.ar\/?p=23413#breadcrumb"},"inLanguage":"es","potentialAction":[{"@type":"ReadAction","target":["https:\/\/treslineasnoticias.com.ar\/?p=23413"]}]},{"@type":"ImageObject","inLanguage":"es","@id":"https:\/\/treslineasnoticias.com.ar\/?p=23413#primaryimage","url":"https:\/\/treslineasnoticias.com.ar\/wp-content\/uploads\/2026\/03\/Carlos-Balor-reafirmo-el-apoyo-y-acompanamiento-del-Municipio-a-las-industrias-locales-7.jpg","contentUrl":"https:\/\/treslineasnoticias.com.ar\/wp-content\/uploads\/2026\/03\/Carlos-Balor-reafirmo-el-apoyo-y-acompanamiento-del-Municipio-a-las-industrias-locales-7.jpg","width":1920,"height":1280},{"@type":"BreadcrumbList","@id":"https:\/\/treslineasnoticias.com.ar\/?p=23413#breadcrumb","itemListElement":[{"@type":"ListItem","position":1,"name":"Portada","item":"https:\/\/treslineasnoticias.com.ar\/"},{"@type":"ListItem","position":2,"name":"Carlos Balor reafirm\u00f3 el apoyo y acompa\u00f1amiento del Municipio a las industrias locales"}]},{"@type":"WebSite","@id":"https:\/\/treslineasnoticias.com.ar\/#website","url":"https:\/\/treslineasnoticias.com.ar\/","name":"Tres Lineas Noticias","description":"","potentialAction":[{"@type":"SearchAction","target":{"@type":"EntryPoint","urlTemplate":"https:\/\/treslineasnoticias.com.ar\/?s={search_term_string}"},"query-input":{"@type":"PropertyValueSpecification","valueRequired":true,"valueName":"search_term_string"}}],"inLanguage":"es"},{"@type":"Person","@id":"https:\/\/treslineasnoticias.com.ar\/#\/schema\/person\/c5f7249e50517b84c2379b145ca14895","name":"Horacio L\u00f3pez","image":{"@type":"ImageObject","inLanguage":"es","@id":"https:\/\/treslineasnoticias.com.ar\/#\/schema\/person\/image\/","url":"https:\/\/treslineasnoticias.com.ar\/wp-content\/litespeed\/avatar\/ddbec442f0224f940ce000570a0cb216.jpg?ver=1777673767","contentUrl":"https:\/\/treslineasnoticias.com.ar\/wp-content\/litespeed\/avatar\/ddbec442f0224f940ce000570a0cb216.jpg?ver=1777673767","caption":"Horacio L\u00f3pez"},"sameAs":["http:\/\/treslineasnoticias.com.ar"],"url":"https:\/\/treslineasnoticias.com.ar\/?author=3"}]}},"jetpack_featured_media_url":"https:\/\/treslineasnoticias.com.ar\/wp-content\/uploads\/2026\/03\/Carlos-Balor-reafirmo-el-apoyo-y-acompanamiento-del-Municipio-a-las-industrias-locales-7.jpg","jetpack_sharing_enabled":true,"_links":{"self":[{"href":"https:\/\/treslineasnoticias.com.ar\/index.php?rest_route=\/wp\/v2\/posts\/23413","targetHints":{"allow":["GET"]}}],"collection":[{"href":"https:\/\/treslineasnoticias.com.ar\/index.php?rest_route=\/wp\/v2\/posts"}],"about":[{"href":"https:\/\/treslineasnoticias.com.ar\/index.php?rest_route=\/wp\/v2\/types\/post"}],"author":[{"embeddable":true,"href":"https:\/\/treslineasnoticias.com.ar\/index.php?rest_route=\/wp\/v2\/users\/3"}],"replies":[{"embeddable":true,"href":"https:\/\/treslineasnoticias.com.ar\/index.php?rest_route=%2Fwp%2Fv2%2Fcomments&post=23413"}],"version-history":[{"count":1,"href":"https:\/\/treslineasnoticias.com.ar\/index.php?rest_route=\/wp\/v2\/posts\/23413\/revisions"}],"predecessor-version":[{"id":23418,"href":"https:\/\/treslineasnoticias.com.ar\/index.php?rest_route=\/wp\/v2\/posts\/23413\/revisions\/23418"}],"wp:featuredmedia":[{"embeddable":true,"href":"https:\/\/treslineasnoticias.com.ar\/index.php?rest_route=\/wp\/v2\/media\/23414"}],"wp:attachment":[{"href":"https:\/\/treslineasnoticias.com.ar\/index.php?rest_route=%2Fwp%2Fv2%2Fmedia&parent=23413"}],"wp:term":[{"taxonomy":"category","embeddable":true,"href":"https:\/\/treslineasnoticias.com.ar\/index.php?rest_route=%2Fwp%2Fv2%2Fcategories&post=23413"},{"taxonomy":"post_tag","embeddable":true,"href":"https:\/\/treslineasnoticias.com.ar\/index.php?rest_route=%2Fwp%2Fv2%2Ftags&post=23413"}],"curies":[{"name":"wp","href":"https:\/\/api.w.org\/{rel}","templated":true}]}}