{"id":23419,"date":"2026-03-16T21:08:00","date_gmt":"2026-03-17T00:08:00","guid":{"rendered":"https:\/\/treslineasnoticias.com.ar\/?p=23419"},"modified":"2026-03-17T09:16:04","modified_gmt":"2026-03-17T12:16:04","slug":"cientos-de-varelenses-resolvieron-tramites-en-el-operativo-gratuito-de-documentacion","status":"publish","type":"post","link":"https:\/\/treslineasnoticias.com.ar\/?p=23419","title":{"rendered":"Cientos de varelenses resolvieron tr\u00e1mites en el operativo gratuito de documentaci\u00f3n"},"content":{"rendered":"\n<p><strong><em>El Municipio y la Provincia de Buenos Aires coordinaron la estrategia sin costo con diversas gestiones en la Sociedad de Fomento \u201c26 de Diciembre\u201d -calle Roque P\u00e9rez N\u00ba2270, Villa Ang\u00e9lica- el lunes por la ma\u00f1ana.<\/em><\/strong><\/p>\n\n\n\n<p>El subsecretario de Gobierno -Mat\u00edas Schneeberger- remarc\u00f3 \u201cla determinaci\u00f3n del intendente, Andr\u00e9s Watson: acercar las diferentes herramientas del Estado a la ciudadan\u00eda con una din\u00e1mica f\u00e1cil y efectiva\u201d.<\/p>\n\n\n\n<figure class=\"wp-block-image size-large\"><img loading=\"lazy\" decoding=\"async\" width=\"1024\" height=\"683\" src=\"http:\/\/treslineasnoticias.com.ar\/wp-content\/uploads\/2026\/03\/6a182722-4af2-28c9-13dd-8cfb1d70530a-1024x683.jpg\" alt=\"\" class=\"wp-image-23422\" srcset=\"https:\/\/treslineasnoticias.com.ar\/wp-content\/uploads\/2026\/03\/6a182722-4af2-28c9-13dd-8cfb1d70530a-1024x683.jpg 1024w, https:\/\/treslineasnoticias.com.ar\/wp-content\/uploads\/2026\/03\/6a182722-4af2-28c9-13dd-8cfb1d70530a-300x200.jpg 300w, https:\/\/treslineasnoticias.com.ar\/wp-content\/uploads\/2026\/03\/6a182722-4af2-28c9-13dd-8cfb1d70530a-768x512.jpg 768w, https:\/\/treslineasnoticias.com.ar\/wp-content\/uploads\/2026\/03\/6a182722-4af2-28c9-13dd-8cfb1d70530a-1536x1024.jpg 1536w, https:\/\/treslineasnoticias.com.ar\/wp-content\/uploads\/2026\/03\/6a182722-4af2-28c9-13dd-8cfb1d70530a-2048x1365.jpg 2048w\" sizes=\"auto, (max-width: 1024px) 100vw, 1024px\" \/><\/figure>\n\n\n\n<p>El funcionario destac\u00f3 \u201cuna concurrencia superior a 200 personas que tramitaron el Documento Nacional de Identidad, solicitaron partidas de nacimiento, domicilio o empadronamiento de extranjeros\u201d.<\/p>\n\n\n\n<p>Mar\u00eda de los \u00c1ngeles Alarc\u00f3n describi\u00f3 a la iniciativa como \u201cuna muy buena oportunidad para quienes no pod\u00edamos costear el tr\u00e1mite por problemas econ\u00f3micos\u201d. \u201cMi DNI venci\u00f3 el a\u00f1o pasado, pero no ten\u00eda recursos para solventar uno nuevo\u201d, record\u00f3 la se\u00f1ora radicada en los alrededores.<\/p>\n\n\n\n<p>Su vecino, Brian Montoya, valor\u00f3 \u201cla chance important\u00edsima\u201d. \u201cVine con mis dos nenas. Pagar cifras elevadas era complicado. No abonar fue una ventaja reflejada en la cantidad de gente que lleg\u00f3\u201d, sostuvo mientras aguardaba su turno.<\/p>\n\n\n\n<p>\u201cNecesitaba la actualizaci\u00f3n de la c\u00e9dula de mi hija por el comienzo de las clases\u201d, coment\u00f3 Yamila Cabral. \u201cDeb\u00eda ser r\u00e1pido. Fue positivo que montaran el dispositivo ac\u00e1\u201d, agreg\u00f3. La frentista de la zona asever\u00f3: \u201cQue vinieran al barrio fue b\u00e1rbaro, nos ahorr\u00f3 tiempo y dinero en el transporte\u201d.<\/p>\n\n\n\n<figure class=\"wp-block-image size-large\"><img loading=\"lazy\" decoding=\"async\" width=\"1024\" height=\"683\" src=\"http:\/\/treslineasnoticias.com.ar\/wp-content\/uploads\/2026\/03\/09429c3c-88cc-586d-bab4-092653822c60-1024x683.jpg\" alt=\"\" class=\"wp-image-23421\" srcset=\"https:\/\/treslineasnoticias.com.ar\/wp-content\/uploads\/2026\/03\/09429c3c-88cc-586d-bab4-092653822c60-1024x683.jpg 1024w, https:\/\/treslineasnoticias.com.ar\/wp-content\/uploads\/2026\/03\/09429c3c-88cc-586d-bab4-092653822c60-300x200.jpg 300w, https:\/\/treslineasnoticias.com.ar\/wp-content\/uploads\/2026\/03\/09429c3c-88cc-586d-bab4-092653822c60-768x512.jpg 768w, https:\/\/treslineasnoticias.com.ar\/wp-content\/uploads\/2026\/03\/09429c3c-88cc-586d-bab4-092653822c60-1536x1024.jpg 1536w, https:\/\/treslineasnoticias.com.ar\/wp-content\/uploads\/2026\/03\/09429c3c-88cc-586d-bab4-092653822c60-2048x1365.jpg 2048w\" sizes=\"auto, (max-width: 1024px) 100vw, 1024px\" \/><\/figure>\n\n\n\n<p>\u201cLa jornada brind\u00f3 accesibilidad a papeles imprescindibles\u201d, recalc\u00f3 Eber Alarc\u00f3n. \u201cFueron claves tanto la gratuidad como la descentralizaci\u00f3n\u201d, apunt\u00f3 el joven de Zeballos.<\/p>\n\n\n\n<p>Planificaron dos nuevas fechas de 9 a 15 h.: el martes 17 en Libertad -calle 570 esquina 509- y el mi\u00e9rcoles 18 en Los Tronquitos -plaza localizada en el cruce de 1523 con 1550- mediante el operativo \u201cLa Muni Cerca Tuyo\u201d. En caso de lluvias, estipularon la reprogramaci\u00f3n.<\/p>\n","protected":false},"excerpt":{"rendered":"<p>El Municipio y la Provincia de Buenos Aires coordinaron la estrategia sin costo con diversas gestiones en la Sociedad de Fomento \u201c26 de Diciembre\u201d -calle Roque P\u00e9rez N\u00ba2270, Villa Ang\u00e9lica- el lunes por la ma\u00f1ana. El subsecretario de Gobierno -Mat\u00edas Schneeberger- remarc\u00f3 \u201cla determinaci\u00f3n del intendente, Andr\u00e9s Watson: acercar las diferentes herramientas del Estado a [&hellip;]<\/p>\n","protected":false},"author":3,"featured_media":23420,"comment_status":"open","ping_status":"open","sticky":false,"template":"","format":"standard","meta":{"_jetpack_memberships_contains_paid_content":false,"footnotes":""},"categories":[6],"tags":[],"class_list":["post-23419","post","type-post","status-publish","format-standard","has-post-thumbnail","hentry","category-florencio-varela"],"yoast_head":"<!-- This site is optimized with the Yoast SEO plugin v24.7 - https:\/\/yoast.com\/wordpress\/plugins\/seo\/ -->\n<title>Cientos de varelenses resolvieron tr\u00e1mites en el operativo gratuito de documentaci\u00f3n - Tres Lineas Noticias<\/title>\n<meta name=\"robots\" content=\"index, follow, max-snippet:-1, max-image-preview:large, max-video-preview:-1\" \/>\n<link rel=\"canonical\" href=\"https:\/\/treslineasnoticias.com.ar\/?p=23419\" \/>\n<meta property=\"og:locale\" content=\"es_ES\" \/>\n<meta property=\"og:type\" content=\"article\" \/>\n<meta property=\"og:title\" content=\"Cientos de varelenses resolvieron tr\u00e1mites en el operativo gratuito de documentaci\u00f3n - Tres Lineas Noticias\" \/>\n<meta property=\"og:description\" content=\"El Municipio y la Provincia de Buenos Aires coordinaron la estrategia sin costo con diversas gestiones en la Sociedad de Fomento \u201c26 de Diciembre\u201d -calle Roque P\u00e9rez N\u00ba2270, Villa Ang\u00e9lica- el lunes por la ma\u00f1ana. El subsecretario de Gobierno -Mat\u00edas Schneeberger- remarc\u00f3 \u201cla determinaci\u00f3n del intendente, Andr\u00e9s Watson: acercar las diferentes herramientas del Estado a [&hellip;]\" \/>\n<meta property=\"og:url\" content=\"https:\/\/treslineasnoticias.com.ar\/?p=23419\" \/>\n<meta property=\"og:site_name\" content=\"Tres Lineas Noticias\" \/>\n<meta property=\"article:published_time\" content=\"2026-03-17T00:08:00+00:00\" \/>\n<meta property=\"article:modified_time\" content=\"2026-03-17T12:16:04+00:00\" \/>\n<meta property=\"og:image\" content=\"http:\/\/treslineasnoticias.com.ar\/wp-content\/uploads\/2026\/03\/58a2e01d-6888-59e0-4b37-e9bae575ced1-scaled.jpg\" \/>\n\t<meta property=\"og:image:width\" content=\"2560\" \/>\n\t<meta property=\"og:image:height\" content=\"1707\" \/>\n\t<meta property=\"og:image:type\" content=\"image\/jpeg\" \/>\n<meta name=\"author\" content=\"Horacio L\u00f3pez\" \/>\n<meta name=\"twitter:card\" content=\"summary_large_image\" \/>\n<meta name=\"twitter:label1\" content=\"Escrito por\" \/>\n\t<meta name=\"twitter:data1\" content=\"Horacio L\u00f3pez\" \/>\n\t<meta name=\"twitter:label2\" content=\"Tiempo de lectura\" \/>\n\t<meta name=\"twitter:data2\" content=\"2 minutos\" \/>\n<script type=\"application\/ld+json\" class=\"yoast-schema-graph\">{\"@context\":\"https:\/\/schema.org\",\"@graph\":[{\"@type\":\"WebPage\",\"@id\":\"https:\/\/treslineasnoticias.com.ar\/?p=23419\",\"url\":\"https:\/\/treslineasnoticias.com.ar\/?p=23419\",\"name\":\"Cientos de varelenses resolvieron tr\u00e1mites en el operativo gratuito de documentaci\u00f3n - Tres Lineas Noticias\",\"isPartOf\":{\"@id\":\"https:\/\/treslineasnoticias.com.ar\/#website\"},\"primaryImageOfPage\":{\"@id\":\"https:\/\/treslineasnoticias.com.ar\/?p=23419#primaryimage\"},\"image\":{\"@id\":\"https:\/\/treslineasnoticias.com.ar\/?p=23419#primaryimage\"},\"thumbnailUrl\":\"https:\/\/treslineasnoticias.com.ar\/wp-content\/uploads\/2026\/03\/58a2e01d-6888-59e0-4b37-e9bae575ced1-scaled.jpg\",\"datePublished\":\"2026-03-17T00:08:00+00:00\",\"dateModified\":\"2026-03-17T12:16:04+00:00\",\"author\":{\"@id\":\"https:\/\/treslineasnoticias.com.ar\/#\/schema\/person\/c5f7249e50517b84c2379b145ca14895\"},\"breadcrumb\":{\"@id\":\"https:\/\/treslineasnoticias.com.ar\/?p=23419#breadcrumb\"},\"inLanguage\":\"es\",\"potentialAction\":[{\"@type\":\"ReadAction\",\"target\":[\"https:\/\/treslineasnoticias.com.ar\/?p=23419\"]}]},{\"@type\":\"ImageObject\",\"inLanguage\":\"es\",\"@id\":\"https:\/\/treslineasnoticias.com.ar\/?p=23419#primaryimage\",\"url\":\"https:\/\/treslineasnoticias.com.ar\/wp-content\/uploads\/2026\/03\/58a2e01d-6888-59e0-4b37-e9bae575ced1-scaled.jpg\",\"contentUrl\":\"https:\/\/treslineasnoticias.com.ar\/wp-content\/uploads\/2026\/03\/58a2e01d-6888-59e0-4b37-e9bae575ced1-scaled.jpg\",\"width\":2560,\"height\":1707},{\"@type\":\"BreadcrumbList\",\"@id\":\"https:\/\/treslineasnoticias.com.ar\/?p=23419#breadcrumb\",\"itemListElement\":[{\"@type\":\"ListItem\",\"position\":1,\"name\":\"Portada\",\"item\":\"https:\/\/treslineasnoticias.com.ar\/\"},{\"@type\":\"ListItem\",\"position\":2,\"name\":\"Cientos de varelenses resolvieron tr\u00e1mites en el operativo gratuito de documentaci\u00f3n\"}]},{\"@type\":\"WebSite\",\"@id\":\"https:\/\/treslineasnoticias.com.ar\/#website\",\"url\":\"https:\/\/treslineasnoticias.com.ar\/\",\"name\":\"Tres Lineas Noticias\",\"description\":\"\",\"potentialAction\":[{\"@type\":\"SearchAction\",\"target\":{\"@type\":\"EntryPoint\",\"urlTemplate\":\"https:\/\/treslineasnoticias.com.ar\/?s={search_term_string}\"},\"query-input\":{\"@type\":\"PropertyValueSpecification\",\"valueRequired\":true,\"valueName\":\"search_term_string\"}}],\"inLanguage\":\"es\"},{\"@type\":\"Person\",\"@id\":\"https:\/\/treslineasnoticias.com.ar\/#\/schema\/person\/c5f7249e50517b84c2379b145ca14895\",\"name\":\"Horacio L\u00f3pez\",\"image\":{\"@type\":\"ImageObject\",\"inLanguage\":\"es\",\"@id\":\"https:\/\/treslineasnoticias.com.ar\/#\/schema\/person\/image\/\",\"url\":\"https:\/\/treslineasnoticias.com.ar\/wp-content\/litespeed\/avatar\/ddbec442f0224f940ce000570a0cb216.jpg?ver=1777673767\",\"contentUrl\":\"https:\/\/treslineasnoticias.com.ar\/wp-content\/litespeed\/avatar\/ddbec442f0224f940ce000570a0cb216.jpg?ver=1777673767\",\"caption\":\"Horacio L\u00f3pez\"},\"sameAs\":[\"http:\/\/treslineasnoticias.com.ar\"],\"url\":\"https:\/\/treslineasnoticias.com.ar\/?author=3\"}]}<\/script>\n<!-- \/ Yoast SEO plugin. -->","yoast_head_json":{"title":"Cientos de varelenses resolvieron tr\u00e1mites en el operativo gratuito de documentaci\u00f3n - Tres Lineas Noticias","robots":{"index":"index","follow":"follow","max-snippet":"max-snippet:-1","max-image-preview":"max-image-preview:large","max-video-preview":"max-video-preview:-1"},"canonical":"https:\/\/treslineasnoticias.com.ar\/?p=23419","og_locale":"es_ES","og_type":"article","og_title":"Cientos de varelenses resolvieron tr\u00e1mites en el operativo gratuito de documentaci\u00f3n - Tres Lineas Noticias","og_description":"El Municipio y la Provincia de Buenos Aires coordinaron la estrategia sin costo con diversas gestiones en la Sociedad de Fomento \u201c26 de Diciembre\u201d -calle Roque P\u00e9rez N\u00ba2270, Villa Ang\u00e9lica- el lunes por la ma\u00f1ana. El subsecretario de Gobierno -Mat\u00edas Schneeberger- remarc\u00f3 \u201cla determinaci\u00f3n del intendente, Andr\u00e9s Watson: acercar las diferentes herramientas del Estado a [&hellip;]","og_url":"https:\/\/treslineasnoticias.com.ar\/?p=23419","og_site_name":"Tres Lineas Noticias","article_published_time":"2026-03-17T00:08:00+00:00","article_modified_time":"2026-03-17T12:16:04+00:00","og_image":[{"width":2560,"height":1707,"url":"http:\/\/treslineasnoticias.com.ar\/wp-content\/uploads\/2026\/03\/58a2e01d-6888-59e0-4b37-e9bae575ced1-scaled.jpg","type":"image\/jpeg"}],"author":"Horacio L\u00f3pez","twitter_card":"summary_large_image","twitter_misc":{"Escrito por":"Horacio L\u00f3pez","Tiempo de lectura":"2 minutos"},"schema":{"@context":"https:\/\/schema.org","@graph":[{"@type":"WebPage","@id":"https:\/\/treslineasnoticias.com.ar\/?p=23419","url":"https:\/\/treslineasnoticias.com.ar\/?p=23419","name":"Cientos de varelenses resolvieron tr\u00e1mites en el operativo gratuito de documentaci\u00f3n - Tres Lineas Noticias","isPartOf":{"@id":"https:\/\/treslineasnoticias.com.ar\/#website"},"primaryImageOfPage":{"@id":"https:\/\/treslineasnoticias.com.ar\/?p=23419#primaryimage"},"image":{"@id":"https:\/\/treslineasnoticias.com.ar\/?p=23419#primaryimage"},"thumbnailUrl":"https:\/\/treslineasnoticias.com.ar\/wp-content\/uploads\/2026\/03\/58a2e01d-6888-59e0-4b37-e9bae575ced1-scaled.jpg","datePublished":"2026-03-17T00:08:00+00:00","dateModified":"2026-03-17T12:16:04+00:00","author":{"@id":"https:\/\/treslineasnoticias.com.ar\/#\/schema\/person\/c5f7249e50517b84c2379b145ca14895"},"breadcrumb":{"@id":"https:\/\/treslineasnoticias.com.ar\/?p=23419#breadcrumb"},"inLanguage":"es","potentialAction":[{"@type":"ReadAction","target":["https:\/\/treslineasnoticias.com.ar\/?p=23419"]}]},{"@type":"ImageObject","inLanguage":"es","@id":"https:\/\/treslineasnoticias.com.ar\/?p=23419#primaryimage","url":"https:\/\/treslineasnoticias.com.ar\/wp-content\/uploads\/2026\/03\/58a2e01d-6888-59e0-4b37-e9bae575ced1-scaled.jpg","contentUrl":"https:\/\/treslineasnoticias.com.ar\/wp-content\/uploads\/2026\/03\/58a2e01d-6888-59e0-4b37-e9bae575ced1-scaled.jpg","width":2560,"height":1707},{"@type":"BreadcrumbList","@id":"https:\/\/treslineasnoticias.com.ar\/?p=23419#breadcrumb","itemListElement":[{"@type":"ListItem","position":1,"name":"Portada","item":"https:\/\/treslineasnoticias.com.ar\/"},{"@type":"ListItem","position":2,"name":"Cientos de varelenses resolvieron tr\u00e1mites en el operativo gratuito de documentaci\u00f3n"}]},{"@type":"WebSite","@id":"https:\/\/treslineasnoticias.com.ar\/#website","url":"https:\/\/treslineasnoticias.com.ar\/","name":"Tres Lineas Noticias","description":"","potentialAction":[{"@type":"SearchAction","target":{"@type":"EntryPoint","urlTemplate":"https:\/\/treslineasnoticias.com.ar\/?s={search_term_string}"},"query-input":{"@type":"PropertyValueSpecification","valueRequired":true,"valueName":"search_term_string"}}],"inLanguage":"es"},{"@type":"Person","@id":"https:\/\/treslineasnoticias.com.ar\/#\/schema\/person\/c5f7249e50517b84c2379b145ca14895","name":"Horacio L\u00f3pez","image":{"@type":"ImageObject","inLanguage":"es","@id":"https:\/\/treslineasnoticias.com.ar\/#\/schema\/person\/image\/","url":"https:\/\/treslineasnoticias.com.ar\/wp-content\/litespeed\/avatar\/ddbec442f0224f940ce000570a0cb216.jpg?ver=1777673767","contentUrl":"https:\/\/treslineasnoticias.com.ar\/wp-content\/litespeed\/avatar\/ddbec442f0224f940ce000570a0cb216.jpg?ver=1777673767","caption":"Horacio L\u00f3pez"},"sameAs":["http:\/\/treslineasnoticias.com.ar"],"url":"https:\/\/treslineasnoticias.com.ar\/?author=3"}]}},"jetpack_featured_media_url":"https:\/\/treslineasnoticias.com.ar\/wp-content\/uploads\/2026\/03\/58a2e01d-6888-59e0-4b37-e9bae575ced1-scaled.jpg","jetpack_sharing_enabled":true,"_links":{"self":[{"href":"https:\/\/treslineasnoticias.com.ar\/index.php?rest_route=\/wp\/v2\/posts\/23419","targetHints":{"allow":["GET"]}}],"collection":[{"href":"https:\/\/treslineasnoticias.com.ar\/index.php?rest_route=\/wp\/v2\/posts"}],"about":[{"href":"https:\/\/treslineasnoticias.com.ar\/index.php?rest_route=\/wp\/v2\/types\/post"}],"author":[{"embeddable":true,"href":"https:\/\/treslineasnoticias.com.ar\/index.php?rest_route=\/wp\/v2\/users\/3"}],"replies":[{"embeddable":true,"href":"https:\/\/treslineasnoticias.com.ar\/index.php?rest_route=%2Fwp%2Fv2%2Fcomments&post=23419"}],"version-history":[{"count":1,"href":"https:\/\/treslineasnoticias.com.ar\/index.php?rest_route=\/wp\/v2\/posts\/23419\/revisions"}],"predecessor-version":[{"id":23423,"href":"https:\/\/treslineasnoticias.com.ar\/index.php?rest_route=\/wp\/v2\/posts\/23419\/revisions\/23423"}],"wp:featuredmedia":[{"embeddable":true,"href":"https:\/\/treslineasnoticias.com.ar\/index.php?rest_route=\/wp\/v2\/media\/23420"}],"wp:attachment":[{"href":"https:\/\/treslineasnoticias.com.ar\/index.php?rest_route=%2Fwp%2Fv2%2Fmedia&parent=23419"}],"wp:term":[{"taxonomy":"category","embeddable":true,"href":"https:\/\/treslineasnoticias.com.ar\/index.php?rest_route=%2Fwp%2Fv2%2Fcategories&post=23419"},{"taxonomy":"post_tag","embeddable":true,"href":"https:\/\/treslineasnoticias.com.ar\/index.php?rest_route=%2Fwp%2Fv2%2Ftags&post=23419"}],"curies":[{"name":"wp","href":"https:\/\/api.w.org\/{rel}","templated":true}]}}