{"id":23435,"date":"2026-03-17T06:04:00","date_gmt":"2026-03-17T09:04:00","guid":{"rendered":"https:\/\/treslineasnoticias.com.ar\/?p=23435"},"modified":"2026-03-17T10:14:05","modified_gmt":"2026-03-17T13:14:05","slug":"milei-en-cordoba-no-hablo-del-escandalo-de-adorni-ni-de-libra-y-centro-su-discurso-en-violentas-criticas-a-la-oposicion","status":"publish","type":"post","link":"https:\/\/treslineasnoticias.com.ar\/?p=23435","title":{"rendered":"Milei en C\u00f3rdoba: no habl\u00f3 del esc\u00e1ndalo de Adorni ni de $LIBRA, y centr\u00f3 su discurso en violentas cr\u00edticas a la oposici\u00f3n"},"content":{"rendered":"\n<p><strong><em>El presidente Javier Milei particip\u00f3 este lunes del inicio de actividades en la Bolsa de Comercio de C\u00f3rdoba junto a su jefe de Gabinete Manuel Adorni, a quien no le suelta la mano pese a las denuncias que enfrenta por incluir a su esposa Bettina Angeletti en la comitiva oficial que viaj\u00f3 a Nueva York y por el vuelo privado que realiz\u00f3 en febrero a Punta del Este.<\/em><\/strong><\/p>\n\n\n\n<p>En el discurso de este lunes, el mandatario no mencion\u00f3 el esc\u00e1ndalo institucional que enfrenta Adorni ni la nueva informaci\u00f3n que se conoci\u00f3 sobre la causa $LIBRA, sino que se dedic\u00f3 a despotricar contra el kirchnerismo.<\/p>\n\n\n\n<p>En su diatriba contra la oposici\u00f3n, atac\u00f3 uno de los pilares fundamentales del peronismo, la justicia social. \u201cPara nosotros matar est\u00e1 mal. Robar est\u00e1 mal. \u00bfQu\u00e9 es sino la justicia social? Es como que vengo yo a punta de pistola, les robo a todos ustedes y les reparto a ellos. Claramente, ustedes van a estar enojados y los otros felices. En t\u00e9rminos pol\u00edticos es brillante. En t\u00e9rminos morales es siniestro, porque estoy robando y robar est\u00e1 mal\u201c, sostuvo Milei.<\/p>\n\n\n\n<p>En ese marco,&nbsp;<strong>calific\u00f3 a los \u201csocialistas\u201d de \u201cenvidiosos y resentidos<\/strong>\u201d y dijo que son \u201cpersonas que prefieren estar mal con tal de verlos a ustedes peor y cuando pasa eso,&nbsp;<strong>esos tipos son capaces de destruir el sistema\u201d.<\/strong><\/p>\n\n\n\n<p><strong>\u201cEso es el kirchnerismo. Est\u00e1n dispuestos a romper todo y hacer cualquier tipo de barbaridad con tal de verlos mal a ustedes porque ellos no est\u00e1n en el poder<\/strong>\u201c, insisti\u00f3 el mandatario ante los empresarios de C\u00f3rdoba.<\/p>\n\n\n\n<p>En su disertaci\u00f3n, tambi\u00e9n carg\u00f3 contra&nbsp;<strong>M\u00e1ximo Kirchner<\/strong>, sin nombrarlo. \u201cUna persona muy precaria intelectualmente, pero con c\u00e1mara, dijo \u2018va a las provincias para que las personas le den las gracias\u2019. No se puede ser tan est\u00fapido: voy yo a las provincias a dar las gracias a las personas que nos acompa\u00f1an\u201d, afirm\u00f3 Milei.<\/p>\n\n\n\n<p>Y agreg\u00f3: \u00ab<strong>No s\u00f3lo tenemos que gobernar sino que tenemos que gobernar contra la ret\u00f3rica de esta horda de vagos que lo \u00fanico que saben hacer es dar buenos argumentos para tocar la sensibilidad de los seres humanos para seguir viviendo como vagos&#8230; No s\u00e9 si odian m\u00e1s ba\u00f1arse o trabajar&#8230;<\/strong>&nbsp;Creo que m\u00e1s les molesta trabajar, porque cada dos por tres cuando van a hacer l\u00edos al Congreso se llevan lindas duchas\u00bb.<\/p>\n\n\n\n<p>En su discurso ante los empresarios, el mandatario tambi\u00e9n afirm\u00f3 que la Argentina atraviesa \u201cuna gran oportunidad de volver a ser grande\u00bb y sostuvo que su administraci\u00f3n trabaja para convertir al pa\u00eds en \u201cel m\u00e1s libre del mundo\u201d<\/p>\n\n\n\n<p><strong>\u201cSalvo algunos casos de pa\u00edses que estaban destruidos y fueron reconstruidos, nadie logr\u00f3 lo que nosotros logramos en tan poco tiempo\u201d, concluy\u00f3 el ultraderechista, en una singular visi\u00f3n de la realidad del pa\u00eds.<\/strong><\/p>\n","protected":false},"excerpt":{"rendered":"<p>El presidente Javier Milei particip\u00f3 este lunes del inicio de actividades en la Bolsa de Comercio de C\u00f3rdoba junto a su jefe de Gabinete Manuel Adorni, a quien no le suelta la mano pese a las denuncias que enfrenta por incluir a su esposa Bettina Angeletti en la comitiva oficial que viaj\u00f3 a Nueva York [&hellip;]<\/p>\n","protected":false},"author":3,"featured_media":23436,"comment_status":"open","ping_status":"open","sticky":false,"template":"","format":"standard","meta":{"_jetpack_memberships_contains_paid_content":false,"footnotes":""},"categories":[14,9],"tags":[],"class_list":["post-23435","post","type-post","status-publish","format-standard","has-post-thumbnail","hentry","category-interes-general","category-nacionales"],"yoast_head":"<!-- This site is optimized with the Yoast SEO plugin v24.7 - https:\/\/yoast.com\/wordpress\/plugins\/seo\/ -->\n<title>Milei en C\u00f3rdoba: no habl\u00f3 del esc\u00e1ndalo de Adorni ni de $LIBRA, y centr\u00f3 su discurso en violentas cr\u00edticas a la oposici\u00f3n - Tres Lineas Noticias<\/title>\n<meta name=\"robots\" content=\"index, follow, max-snippet:-1, max-image-preview:large, max-video-preview:-1\" \/>\n<link rel=\"canonical\" href=\"https:\/\/treslineasnoticias.com.ar\/?p=23435\" \/>\n<meta property=\"og:locale\" content=\"es_ES\" \/>\n<meta property=\"og:type\" content=\"article\" \/>\n<meta property=\"og:title\" content=\"Milei en C\u00f3rdoba: no habl\u00f3 del esc\u00e1ndalo de Adorni ni de $LIBRA, y centr\u00f3 su discurso en violentas cr\u00edticas a la oposici\u00f3n - Tres Lineas Noticias\" \/>\n<meta property=\"og:description\" content=\"El presidente Javier Milei particip\u00f3 este lunes del inicio de actividades en la Bolsa de Comercio de C\u00f3rdoba junto a su jefe de Gabinete Manuel Adorni, a quien no le suelta la mano pese a las denuncias que enfrenta por incluir a su esposa Bettina Angeletti en la comitiva oficial que viaj\u00f3 a Nueva York [&hellip;]\" \/>\n<meta property=\"og:url\" content=\"https:\/\/treslineasnoticias.com.ar\/?p=23435\" \/>\n<meta property=\"og:site_name\" content=\"Tres Lineas Noticias\" \/>\n<meta property=\"article:published_time\" content=\"2026-03-17T09:04:00+00:00\" \/>\n<meta property=\"article:modified_time\" content=\"2026-03-17T13:14:05+00:00\" \/>\n<meta property=\"og:image\" content=\"http:\/\/treslineasnoticias.com.ar\/wp-content\/uploads\/2026\/03\/4OLKOPF5HNCPVOI6HVZB4JER5A-scaled.jpg\" \/>\n\t<meta property=\"og:image:width\" content=\"2560\" \/>\n\t<meta property=\"og:image:height\" content=\"1707\" \/>\n\t<meta property=\"og:image:type\" content=\"image\/jpeg\" \/>\n<meta name=\"author\" content=\"Horacio L\u00f3pez\" \/>\n<meta name=\"twitter:card\" content=\"summary_large_image\" \/>\n<meta name=\"twitter:label1\" content=\"Escrito por\" \/>\n\t<meta name=\"twitter:data1\" content=\"Horacio L\u00f3pez\" \/>\n\t<meta name=\"twitter:label2\" content=\"Tiempo de lectura\" \/>\n\t<meta name=\"twitter:data2\" content=\"3 minutos\" \/>\n<script type=\"application\/ld+json\" class=\"yoast-schema-graph\">{\"@context\":\"https:\/\/schema.org\",\"@graph\":[{\"@type\":\"WebPage\",\"@id\":\"https:\/\/treslineasnoticias.com.ar\/?p=23435\",\"url\":\"https:\/\/treslineasnoticias.com.ar\/?p=23435\",\"name\":\"Milei en C\u00f3rdoba: no habl\u00f3 del esc\u00e1ndalo de Adorni ni de $LIBRA, y centr\u00f3 su discurso en violentas cr\u00edticas a la oposici\u00f3n - Tres Lineas Noticias\",\"isPartOf\":{\"@id\":\"https:\/\/treslineasnoticias.com.ar\/#website\"},\"primaryImageOfPage\":{\"@id\":\"https:\/\/treslineasnoticias.com.ar\/?p=23435#primaryimage\"},\"image\":{\"@id\":\"https:\/\/treslineasnoticias.com.ar\/?p=23435#primaryimage\"},\"thumbnailUrl\":\"https:\/\/treslineasnoticias.com.ar\/wp-content\/uploads\/2026\/03\/4OLKOPF5HNCPVOI6HVZB4JER5A-scaled.jpg\",\"datePublished\":\"2026-03-17T09:04:00+00:00\",\"dateModified\":\"2026-03-17T13:14:05+00:00\",\"author\":{\"@id\":\"https:\/\/treslineasnoticias.com.ar\/#\/schema\/person\/c5f7249e50517b84c2379b145ca14895\"},\"breadcrumb\":{\"@id\":\"https:\/\/treslineasnoticias.com.ar\/?p=23435#breadcrumb\"},\"inLanguage\":\"es\",\"potentialAction\":[{\"@type\":\"ReadAction\",\"target\":[\"https:\/\/treslineasnoticias.com.ar\/?p=23435\"]}]},{\"@type\":\"ImageObject\",\"inLanguage\":\"es\",\"@id\":\"https:\/\/treslineasnoticias.com.ar\/?p=23435#primaryimage\",\"url\":\"https:\/\/treslineasnoticias.com.ar\/wp-content\/uploads\/2026\/03\/4OLKOPF5HNCPVOI6HVZB4JER5A-scaled.jpg\",\"contentUrl\":\"https:\/\/treslineasnoticias.com.ar\/wp-content\/uploads\/2026\/03\/4OLKOPF5HNCPVOI6HVZB4JER5A-scaled.jpg\",\"width\":2560,\"height\":1707},{\"@type\":\"BreadcrumbList\",\"@id\":\"https:\/\/treslineasnoticias.com.ar\/?p=23435#breadcrumb\",\"itemListElement\":[{\"@type\":\"ListItem\",\"position\":1,\"name\":\"Portada\",\"item\":\"https:\/\/treslineasnoticias.com.ar\/\"},{\"@type\":\"ListItem\",\"position\":2,\"name\":\"Milei en C\u00f3rdoba: no habl\u00f3 del esc\u00e1ndalo de Adorni ni de $LIBRA, y centr\u00f3 su discurso en violentas cr\u00edticas a la oposici\u00f3n\"}]},{\"@type\":\"WebSite\",\"@id\":\"https:\/\/treslineasnoticias.com.ar\/#website\",\"url\":\"https:\/\/treslineasnoticias.com.ar\/\",\"name\":\"Tres Lineas Noticias\",\"description\":\"\",\"potentialAction\":[{\"@type\":\"SearchAction\",\"target\":{\"@type\":\"EntryPoint\",\"urlTemplate\":\"https:\/\/treslineasnoticias.com.ar\/?s={search_term_string}\"},\"query-input\":{\"@type\":\"PropertyValueSpecification\",\"valueRequired\":true,\"valueName\":\"search_term_string\"}}],\"inLanguage\":\"es\"},{\"@type\":\"Person\",\"@id\":\"https:\/\/treslineasnoticias.com.ar\/#\/schema\/person\/c5f7249e50517b84c2379b145ca14895\",\"name\":\"Horacio L\u00f3pez\",\"image\":{\"@type\":\"ImageObject\",\"inLanguage\":\"es\",\"@id\":\"https:\/\/treslineasnoticias.com.ar\/#\/schema\/person\/image\/\",\"url\":\"https:\/\/treslineasnoticias.com.ar\/wp-content\/litespeed\/avatar\/ddbec442f0224f940ce000570a0cb216.jpg?ver=1777673767\",\"contentUrl\":\"https:\/\/treslineasnoticias.com.ar\/wp-content\/litespeed\/avatar\/ddbec442f0224f940ce000570a0cb216.jpg?ver=1777673767\",\"caption\":\"Horacio L\u00f3pez\"},\"sameAs\":[\"http:\/\/treslineasnoticias.com.ar\"],\"url\":\"https:\/\/treslineasnoticias.com.ar\/?author=3\"}]}<\/script>\n<!-- \/ Yoast SEO plugin. -->","yoast_head_json":{"title":"Milei en C\u00f3rdoba: no habl\u00f3 del esc\u00e1ndalo de Adorni ni de $LIBRA, y centr\u00f3 su discurso en violentas cr\u00edticas a la oposici\u00f3n - Tres Lineas Noticias","robots":{"index":"index","follow":"follow","max-snippet":"max-snippet:-1","max-image-preview":"max-image-preview:large","max-video-preview":"max-video-preview:-1"},"canonical":"https:\/\/treslineasnoticias.com.ar\/?p=23435","og_locale":"es_ES","og_type":"article","og_title":"Milei en C\u00f3rdoba: no habl\u00f3 del esc\u00e1ndalo de Adorni ni de $LIBRA, y centr\u00f3 su discurso en violentas cr\u00edticas a la oposici\u00f3n - Tres Lineas Noticias","og_description":"El presidente Javier Milei particip\u00f3 este lunes del inicio de actividades en la Bolsa de Comercio de C\u00f3rdoba junto a su jefe de Gabinete Manuel Adorni, a quien no le suelta la mano pese a las denuncias que enfrenta por incluir a su esposa Bettina Angeletti en la comitiva oficial que viaj\u00f3 a Nueva York [&hellip;]","og_url":"https:\/\/treslineasnoticias.com.ar\/?p=23435","og_site_name":"Tres Lineas Noticias","article_published_time":"2026-03-17T09:04:00+00:00","article_modified_time":"2026-03-17T13:14:05+00:00","og_image":[{"width":2560,"height":1707,"url":"http:\/\/treslineasnoticias.com.ar\/wp-content\/uploads\/2026\/03\/4OLKOPF5HNCPVOI6HVZB4JER5A-scaled.jpg","type":"image\/jpeg"}],"author":"Horacio L\u00f3pez","twitter_card":"summary_large_image","twitter_misc":{"Escrito por":"Horacio L\u00f3pez","Tiempo de lectura":"3 minutos"},"schema":{"@context":"https:\/\/schema.org","@graph":[{"@type":"WebPage","@id":"https:\/\/treslineasnoticias.com.ar\/?p=23435","url":"https:\/\/treslineasnoticias.com.ar\/?p=23435","name":"Milei en C\u00f3rdoba: no habl\u00f3 del esc\u00e1ndalo de Adorni ni de $LIBRA, y centr\u00f3 su discurso en violentas cr\u00edticas a la oposici\u00f3n - Tres Lineas Noticias","isPartOf":{"@id":"https:\/\/treslineasnoticias.com.ar\/#website"},"primaryImageOfPage":{"@id":"https:\/\/treslineasnoticias.com.ar\/?p=23435#primaryimage"},"image":{"@id":"https:\/\/treslineasnoticias.com.ar\/?p=23435#primaryimage"},"thumbnailUrl":"https:\/\/treslineasnoticias.com.ar\/wp-content\/uploads\/2026\/03\/4OLKOPF5HNCPVOI6HVZB4JER5A-scaled.jpg","datePublished":"2026-03-17T09:04:00+00:00","dateModified":"2026-03-17T13:14:05+00:00","author":{"@id":"https:\/\/treslineasnoticias.com.ar\/#\/schema\/person\/c5f7249e50517b84c2379b145ca14895"},"breadcrumb":{"@id":"https:\/\/treslineasnoticias.com.ar\/?p=23435#breadcrumb"},"inLanguage":"es","potentialAction":[{"@type":"ReadAction","target":["https:\/\/treslineasnoticias.com.ar\/?p=23435"]}]},{"@type":"ImageObject","inLanguage":"es","@id":"https:\/\/treslineasnoticias.com.ar\/?p=23435#primaryimage","url":"https:\/\/treslineasnoticias.com.ar\/wp-content\/uploads\/2026\/03\/4OLKOPF5HNCPVOI6HVZB4JER5A-scaled.jpg","contentUrl":"https:\/\/treslineasnoticias.com.ar\/wp-content\/uploads\/2026\/03\/4OLKOPF5HNCPVOI6HVZB4JER5A-scaled.jpg","width":2560,"height":1707},{"@type":"BreadcrumbList","@id":"https:\/\/treslineasnoticias.com.ar\/?p=23435#breadcrumb","itemListElement":[{"@type":"ListItem","position":1,"name":"Portada","item":"https:\/\/treslineasnoticias.com.ar\/"},{"@type":"ListItem","position":2,"name":"Milei en C\u00f3rdoba: no habl\u00f3 del esc\u00e1ndalo de Adorni ni de $LIBRA, y centr\u00f3 su discurso en violentas cr\u00edticas a la oposici\u00f3n"}]},{"@type":"WebSite","@id":"https:\/\/treslineasnoticias.com.ar\/#website","url":"https:\/\/treslineasnoticias.com.ar\/","name":"Tres Lineas Noticias","description":"","potentialAction":[{"@type":"SearchAction","target":{"@type":"EntryPoint","urlTemplate":"https:\/\/treslineasnoticias.com.ar\/?s={search_term_string}"},"query-input":{"@type":"PropertyValueSpecification","valueRequired":true,"valueName":"search_term_string"}}],"inLanguage":"es"},{"@type":"Person","@id":"https:\/\/treslineasnoticias.com.ar\/#\/schema\/person\/c5f7249e50517b84c2379b145ca14895","name":"Horacio L\u00f3pez","image":{"@type":"ImageObject","inLanguage":"es","@id":"https:\/\/treslineasnoticias.com.ar\/#\/schema\/person\/image\/","url":"https:\/\/treslineasnoticias.com.ar\/wp-content\/litespeed\/avatar\/ddbec442f0224f940ce000570a0cb216.jpg?ver=1777673767","contentUrl":"https:\/\/treslineasnoticias.com.ar\/wp-content\/litespeed\/avatar\/ddbec442f0224f940ce000570a0cb216.jpg?ver=1777673767","caption":"Horacio L\u00f3pez"},"sameAs":["http:\/\/treslineasnoticias.com.ar"],"url":"https:\/\/treslineasnoticias.com.ar\/?author=3"}]}},"jetpack_featured_media_url":"https:\/\/treslineasnoticias.com.ar\/wp-content\/uploads\/2026\/03\/4OLKOPF5HNCPVOI6HVZB4JER5A-scaled.jpg","jetpack_sharing_enabled":true,"_links":{"self":[{"href":"https:\/\/treslineasnoticias.com.ar\/index.php?rest_route=\/wp\/v2\/posts\/23435","targetHints":{"allow":["GET"]}}],"collection":[{"href":"https:\/\/treslineasnoticias.com.ar\/index.php?rest_route=\/wp\/v2\/posts"}],"about":[{"href":"https:\/\/treslineasnoticias.com.ar\/index.php?rest_route=\/wp\/v2\/types\/post"}],"author":[{"embeddable":true,"href":"https:\/\/treslineasnoticias.com.ar\/index.php?rest_route=\/wp\/v2\/users\/3"}],"replies":[{"embeddable":true,"href":"https:\/\/treslineasnoticias.com.ar\/index.php?rest_route=%2Fwp%2Fv2%2Fcomments&post=23435"}],"version-history":[{"count":1,"href":"https:\/\/treslineasnoticias.com.ar\/index.php?rest_route=\/wp\/v2\/posts\/23435\/revisions"}],"predecessor-version":[{"id":23437,"href":"https:\/\/treslineasnoticias.com.ar\/index.php?rest_route=\/wp\/v2\/posts\/23435\/revisions\/23437"}],"wp:featuredmedia":[{"embeddable":true,"href":"https:\/\/treslineasnoticias.com.ar\/index.php?rest_route=\/wp\/v2\/media\/23436"}],"wp:attachment":[{"href":"https:\/\/treslineasnoticias.com.ar\/index.php?rest_route=%2Fwp%2Fv2%2Fmedia&parent=23435"}],"wp:term":[{"taxonomy":"category","embeddable":true,"href":"https:\/\/treslineasnoticias.com.ar\/index.php?rest_route=%2Fwp%2Fv2%2Fcategories&post=23435"},{"taxonomy":"post_tag","embeddable":true,"href":"https:\/\/treslineasnoticias.com.ar\/index.php?rest_route=%2Fwp%2Fv2%2Ftags&post=23435"}],"curies":[{"name":"wp","href":"https:\/\/api.w.org\/{rel}","templated":true}]}}