{"id":24754,"date":"2026-04-25T23:41:00","date_gmt":"2026-04-26T02:41:00","guid":{"rendered":"https:\/\/treslineasnoticias.com.ar\/?p=24754"},"modified":"2026-04-26T11:45:58","modified_gmt":"2026-04-26T14:45:58","slug":"andres-watson-marco-la-largada-de-la-segunda-correcaminata-inclusiva-en-florencio-varela","status":"publish","type":"post","link":"https:\/\/treslineasnoticias.com.ar\/?p=24754","title":{"rendered":"Andr\u00e9s Watson marc\u00f3 la largada de la segunda Correcaminata inclusiva en Florencio Varela"},"content":{"rendered":"\n<p><strong><em>El intendente, Andr\u00e9s Watson, comparti\u00f3 el mediod\u00eda junto a m\u00e1s de 150 asistentes a la iniciativa atl\u00e9tica y recreativa en el predio comunal situado en calle Thevenet esquina Storni, con el mes de la concientizaci\u00f3n sobre el autismo como contexto.<\/em><\/strong><\/p>\n\n\n\n<figure class=\"wp-block-image size-large\"><img loading=\"lazy\" decoding=\"async\" width=\"1024\" height=\"682\" src=\"http:\/\/treslineasnoticias.com.ar\/wp-content\/uploads\/2026\/04\/3a52a5bf-076a-8298-dc59-eab0e535af48-1024x682.jpeg\" alt=\"\" class=\"wp-image-24757\" srcset=\"https:\/\/treslineasnoticias.com.ar\/wp-content\/uploads\/2026\/04\/3a52a5bf-076a-8298-dc59-eab0e535af48-1024x682.jpeg 1024w, https:\/\/treslineasnoticias.com.ar\/wp-content\/uploads\/2026\/04\/3a52a5bf-076a-8298-dc59-eab0e535af48-300x200.jpeg 300w, https:\/\/treslineasnoticias.com.ar\/wp-content\/uploads\/2026\/04\/3a52a5bf-076a-8298-dc59-eab0e535af48-768x512.jpeg 768w, https:\/\/treslineasnoticias.com.ar\/wp-content\/uploads\/2026\/04\/3a52a5bf-076a-8298-dc59-eab0e535af48-1536x1023.jpeg 1536w, https:\/\/treslineasnoticias.com.ar\/wp-content\/uploads\/2026\/04\/3a52a5bf-076a-8298-dc59-eab0e535af48.jpeg 1600w\" sizes=\"auto, (max-width: 1024px) 100vw, 1024px\" \/><\/figure>\n\n\n\n<p>El Mandatario varelense describi\u00f3 \u201cla jornada donde trabajamos en la contenci\u00f3n y la participaci\u00f3n plena a trav\u00e9s de la actividad f\u00edsica\u201d. \u201cReafirmamos el compromiso con el cuidado a las personas con discapacidad frente a un ataque permanente desde el gobierno nacional\u201d, asever\u00f3.<\/p>\n\n\n\n<p>\u201cEsta propuesta brind\u00f3 un espacio de expresi\u00f3n, inclusi\u00f3n y conformaci\u00f3n de sus propios grupos\u201d, narr\u00f3 Jessica Marengo, mam\u00e1 de Aymara. Adem\u00e1s, la frentista residente en Ingeniero Allan valor\u00f3 \u201cel encuentro con otras familias para intercambiar experiencias\u201d.<\/p>\n\n\n\n<p>\u201cFue una importante oportunidad en la que las chicas y los chicos demostraron sus habilidades sin limitaciones\u201d, resalt\u00f3 F\u00e1tima Llanos, que acompa\u00f1aba a Valentina. \u201cFuimos felices al verla contenta, divertirse con las amigas\u201d, celebr\u00f3 la vecina de Pico de Oro.<\/p>\n\n\n\n<figure class=\"wp-block-image size-large\"><img loading=\"lazy\" decoding=\"async\" width=\"1024\" height=\"682\" src=\"http:\/\/treslineasnoticias.com.ar\/wp-content\/uploads\/2026\/04\/97e0592d-124d-9a0f-2d79-8a04e86500c6-1024x682.jpeg\" alt=\"\" class=\"wp-image-24756\" srcset=\"https:\/\/treslineasnoticias.com.ar\/wp-content\/uploads\/2026\/04\/97e0592d-124d-9a0f-2d79-8a04e86500c6-1024x682.jpeg 1024w, https:\/\/treslineasnoticias.com.ar\/wp-content\/uploads\/2026\/04\/97e0592d-124d-9a0f-2d79-8a04e86500c6-300x200.jpeg 300w, https:\/\/treslineasnoticias.com.ar\/wp-content\/uploads\/2026\/04\/97e0592d-124d-9a0f-2d79-8a04e86500c6-768x512.jpeg 768w, https:\/\/treslineasnoticias.com.ar\/wp-content\/uploads\/2026\/04\/97e0592d-124d-9a0f-2d79-8a04e86500c6-1536x1023.jpeg 1536w, https:\/\/treslineasnoticias.com.ar\/wp-content\/uploads\/2026\/04\/97e0592d-124d-9a0f-2d79-8a04e86500c6.jpeg 1600w\" sizes=\"auto, (max-width: 1024px) 100vw, 1024px\" \/><\/figure>\n\n\n\n<p>De 9 de Julio, acudi\u00f3 Claudia Silva con su hija Esmeralda. Consider\u00f3 \u201cnecesarias las instancias de visibilizaci\u00f3n y disfrute para toda la poblaci\u00f3n\u201d. Inst\u00f3 a \u201cla comunidad a estar presente, como ciudadanos o ciudadanas, pero tambi\u00e9n como seres humanos\u201d.<\/p>\n\n\n\n<p>Estuvo la secretaria de Cultura, Deportes y Recreaci\u00f3n, Estefan\u00eda Nieva.<\/p>\n","protected":false},"excerpt":{"rendered":"<p>El intendente, Andr\u00e9s Watson, comparti\u00f3 el mediod\u00eda junto a m\u00e1s de 150 asistentes a la iniciativa atl\u00e9tica y recreativa en el predio comunal situado en calle Thevenet esquina Storni, con el mes de la concientizaci\u00f3n sobre el autismo como contexto. El Mandatario varelense describi\u00f3 \u201cla jornada donde trabajamos en la contenci\u00f3n y la participaci\u00f3n plena [&hellip;]<\/p>\n","protected":false},"author":3,"featured_media":24756,"comment_status":"open","ping_status":"open","sticky":false,"template":"","format":"standard","meta":{"_jetpack_memberships_contains_paid_content":false,"footnotes":""},"categories":[6],"tags":[],"class_list":["post-24754","post","type-post","status-publish","format-standard","has-post-thumbnail","hentry","category-florencio-varela"],"yoast_head":"<!-- This site is optimized with the Yoast SEO plugin v24.7 - https:\/\/yoast.com\/wordpress\/plugins\/seo\/ -->\n<title>Andr\u00e9s Watson marc\u00f3 la largada de la segunda Correcaminata inclusiva en Florencio Varela - Tres Lineas Noticias<\/title>\n<meta name=\"robots\" content=\"index, follow, max-snippet:-1, max-image-preview:large, max-video-preview:-1\" \/>\n<link rel=\"canonical\" href=\"https:\/\/treslineasnoticias.com.ar\/?p=24754\" \/>\n<meta property=\"og:locale\" content=\"es_ES\" \/>\n<meta property=\"og:type\" content=\"article\" \/>\n<meta property=\"og:title\" content=\"Andr\u00e9s Watson marc\u00f3 la largada de la segunda Correcaminata inclusiva en Florencio Varela - Tres Lineas Noticias\" \/>\n<meta property=\"og:description\" content=\"El intendente, Andr\u00e9s Watson, comparti\u00f3 el mediod\u00eda junto a m\u00e1s de 150 asistentes a la iniciativa atl\u00e9tica y recreativa en el predio comunal situado en calle Thevenet esquina Storni, con el mes de la concientizaci\u00f3n sobre el autismo como contexto. El Mandatario varelense describi\u00f3 \u201cla jornada donde trabajamos en la contenci\u00f3n y la participaci\u00f3n plena [&hellip;]\" \/>\n<meta property=\"og:url\" content=\"https:\/\/treslineasnoticias.com.ar\/?p=24754\" \/>\n<meta property=\"og:site_name\" content=\"Tres Lineas Noticias\" \/>\n<meta property=\"article:published_time\" content=\"2026-04-26T02:41:00+00:00\" \/>\n<meta property=\"article:modified_time\" content=\"2026-04-26T14:45:58+00:00\" \/>\n<meta property=\"og:image\" content=\"http:\/\/treslineasnoticias.com.ar\/wp-content\/uploads\/2026\/04\/97e0592d-124d-9a0f-2d79-8a04e86500c6.jpeg\" \/>\n\t<meta property=\"og:image:width\" content=\"1600\" \/>\n\t<meta property=\"og:image:height\" content=\"1066\" \/>\n\t<meta property=\"og:image:type\" content=\"image\/jpeg\" \/>\n<meta name=\"author\" content=\"Horacio L\u00f3pez\" \/>\n<meta name=\"twitter:card\" content=\"summary_large_image\" \/>\n<meta name=\"twitter:label1\" content=\"Escrito por\" \/>\n\t<meta name=\"twitter:data1\" content=\"Horacio L\u00f3pez\" \/>\n\t<meta name=\"twitter:label2\" content=\"Tiempo de lectura\" \/>\n\t<meta name=\"twitter:data2\" content=\"2 minutos\" \/>\n<script type=\"application\/ld+json\" class=\"yoast-schema-graph\">{\"@context\":\"https:\/\/schema.org\",\"@graph\":[{\"@type\":\"WebPage\",\"@id\":\"https:\/\/treslineasnoticias.com.ar\/?p=24754\",\"url\":\"https:\/\/treslineasnoticias.com.ar\/?p=24754\",\"name\":\"Andr\u00e9s Watson marc\u00f3 la largada de la segunda Correcaminata inclusiva en Florencio Varela - Tres Lineas Noticias\",\"isPartOf\":{\"@id\":\"https:\/\/treslineasnoticias.com.ar\/#website\"},\"primaryImageOfPage\":{\"@id\":\"https:\/\/treslineasnoticias.com.ar\/?p=24754#primaryimage\"},\"image\":{\"@id\":\"https:\/\/treslineasnoticias.com.ar\/?p=24754#primaryimage\"},\"thumbnailUrl\":\"https:\/\/treslineasnoticias.com.ar\/wp-content\/uploads\/2026\/04\/97e0592d-124d-9a0f-2d79-8a04e86500c6.jpeg\",\"datePublished\":\"2026-04-26T02:41:00+00:00\",\"dateModified\":\"2026-04-26T14:45:58+00:00\",\"author\":{\"@id\":\"https:\/\/treslineasnoticias.com.ar\/#\/schema\/person\/c5f7249e50517b84c2379b145ca14895\"},\"breadcrumb\":{\"@id\":\"https:\/\/treslineasnoticias.com.ar\/?p=24754#breadcrumb\"},\"inLanguage\":\"es\",\"potentialAction\":[{\"@type\":\"ReadAction\",\"target\":[\"https:\/\/treslineasnoticias.com.ar\/?p=24754\"]}]},{\"@type\":\"ImageObject\",\"inLanguage\":\"es\",\"@id\":\"https:\/\/treslineasnoticias.com.ar\/?p=24754#primaryimage\",\"url\":\"https:\/\/treslineasnoticias.com.ar\/wp-content\/uploads\/2026\/04\/97e0592d-124d-9a0f-2d79-8a04e86500c6.jpeg\",\"contentUrl\":\"https:\/\/treslineasnoticias.com.ar\/wp-content\/uploads\/2026\/04\/97e0592d-124d-9a0f-2d79-8a04e86500c6.jpeg\",\"width\":1600,\"height\":1066},{\"@type\":\"BreadcrumbList\",\"@id\":\"https:\/\/treslineasnoticias.com.ar\/?p=24754#breadcrumb\",\"itemListElement\":[{\"@type\":\"ListItem\",\"position\":1,\"name\":\"Portada\",\"item\":\"https:\/\/treslineasnoticias.com.ar\/\"},{\"@type\":\"ListItem\",\"position\":2,\"name\":\"Andr\u00e9s Watson marc\u00f3 la largada de la segunda Correcaminata inclusiva en Florencio Varela\"}]},{\"@type\":\"WebSite\",\"@id\":\"https:\/\/treslineasnoticias.com.ar\/#website\",\"url\":\"https:\/\/treslineasnoticias.com.ar\/\",\"name\":\"Tres Lineas Noticias\",\"description\":\"\",\"potentialAction\":[{\"@type\":\"SearchAction\",\"target\":{\"@type\":\"EntryPoint\",\"urlTemplate\":\"https:\/\/treslineasnoticias.com.ar\/?s={search_term_string}\"},\"query-input\":{\"@type\":\"PropertyValueSpecification\",\"valueRequired\":true,\"valueName\":\"search_term_string\"}}],\"inLanguage\":\"es\"},{\"@type\":\"Person\",\"@id\":\"https:\/\/treslineasnoticias.com.ar\/#\/schema\/person\/c5f7249e50517b84c2379b145ca14895\",\"name\":\"Horacio L\u00f3pez\",\"image\":{\"@type\":\"ImageObject\",\"inLanguage\":\"es\",\"@id\":\"https:\/\/treslineasnoticias.com.ar\/#\/schema\/person\/image\/\",\"url\":\"https:\/\/treslineasnoticias.com.ar\/wp-content\/litespeed\/avatar\/ddbec442f0224f940ce000570a0cb216.jpg?ver=1777068930\",\"contentUrl\":\"https:\/\/treslineasnoticias.com.ar\/wp-content\/litespeed\/avatar\/ddbec442f0224f940ce000570a0cb216.jpg?ver=1777068930\",\"caption\":\"Horacio L\u00f3pez\"},\"sameAs\":[\"http:\/\/treslineasnoticias.com.ar\"],\"url\":\"https:\/\/treslineasnoticias.com.ar\/?author=3\"}]}<\/script>\n<!-- \/ Yoast SEO plugin. -->","yoast_head_json":{"title":"Andr\u00e9s Watson marc\u00f3 la largada de la segunda Correcaminata inclusiva en Florencio Varela - Tres Lineas Noticias","robots":{"index":"index","follow":"follow","max-snippet":"max-snippet:-1","max-image-preview":"max-image-preview:large","max-video-preview":"max-video-preview:-1"},"canonical":"https:\/\/treslineasnoticias.com.ar\/?p=24754","og_locale":"es_ES","og_type":"article","og_title":"Andr\u00e9s Watson marc\u00f3 la largada de la segunda Correcaminata inclusiva en Florencio Varela - Tres Lineas Noticias","og_description":"El intendente, Andr\u00e9s Watson, comparti\u00f3 el mediod\u00eda junto a m\u00e1s de 150 asistentes a la iniciativa atl\u00e9tica y recreativa en el predio comunal situado en calle Thevenet esquina Storni, con el mes de la concientizaci\u00f3n sobre el autismo como contexto. El Mandatario varelense describi\u00f3 \u201cla jornada donde trabajamos en la contenci\u00f3n y la participaci\u00f3n plena [&hellip;]","og_url":"https:\/\/treslineasnoticias.com.ar\/?p=24754","og_site_name":"Tres Lineas Noticias","article_published_time":"2026-04-26T02:41:00+00:00","article_modified_time":"2026-04-26T14:45:58+00:00","og_image":[{"width":1600,"height":1066,"url":"http:\/\/treslineasnoticias.com.ar\/wp-content\/uploads\/2026\/04\/97e0592d-124d-9a0f-2d79-8a04e86500c6.jpeg","type":"image\/jpeg"}],"author":"Horacio L\u00f3pez","twitter_card":"summary_large_image","twitter_misc":{"Escrito por":"Horacio L\u00f3pez","Tiempo de lectura":"2 minutos"},"schema":{"@context":"https:\/\/schema.org","@graph":[{"@type":"WebPage","@id":"https:\/\/treslineasnoticias.com.ar\/?p=24754","url":"https:\/\/treslineasnoticias.com.ar\/?p=24754","name":"Andr\u00e9s Watson marc\u00f3 la largada de la segunda Correcaminata inclusiva en Florencio Varela - Tres Lineas Noticias","isPartOf":{"@id":"https:\/\/treslineasnoticias.com.ar\/#website"},"primaryImageOfPage":{"@id":"https:\/\/treslineasnoticias.com.ar\/?p=24754#primaryimage"},"image":{"@id":"https:\/\/treslineasnoticias.com.ar\/?p=24754#primaryimage"},"thumbnailUrl":"https:\/\/treslineasnoticias.com.ar\/wp-content\/uploads\/2026\/04\/97e0592d-124d-9a0f-2d79-8a04e86500c6.jpeg","datePublished":"2026-04-26T02:41:00+00:00","dateModified":"2026-04-26T14:45:58+00:00","author":{"@id":"https:\/\/treslineasnoticias.com.ar\/#\/schema\/person\/c5f7249e50517b84c2379b145ca14895"},"breadcrumb":{"@id":"https:\/\/treslineasnoticias.com.ar\/?p=24754#breadcrumb"},"inLanguage":"es","potentialAction":[{"@type":"ReadAction","target":["https:\/\/treslineasnoticias.com.ar\/?p=24754"]}]},{"@type":"ImageObject","inLanguage":"es","@id":"https:\/\/treslineasnoticias.com.ar\/?p=24754#primaryimage","url":"https:\/\/treslineasnoticias.com.ar\/wp-content\/uploads\/2026\/04\/97e0592d-124d-9a0f-2d79-8a04e86500c6.jpeg","contentUrl":"https:\/\/treslineasnoticias.com.ar\/wp-content\/uploads\/2026\/04\/97e0592d-124d-9a0f-2d79-8a04e86500c6.jpeg","width":1600,"height":1066},{"@type":"BreadcrumbList","@id":"https:\/\/treslineasnoticias.com.ar\/?p=24754#breadcrumb","itemListElement":[{"@type":"ListItem","position":1,"name":"Portada","item":"https:\/\/treslineasnoticias.com.ar\/"},{"@type":"ListItem","position":2,"name":"Andr\u00e9s Watson marc\u00f3 la largada de la segunda Correcaminata inclusiva en Florencio Varela"}]},{"@type":"WebSite","@id":"https:\/\/treslineasnoticias.com.ar\/#website","url":"https:\/\/treslineasnoticias.com.ar\/","name":"Tres Lineas Noticias","description":"","potentialAction":[{"@type":"SearchAction","target":{"@type":"EntryPoint","urlTemplate":"https:\/\/treslineasnoticias.com.ar\/?s={search_term_string}"},"query-input":{"@type":"PropertyValueSpecification","valueRequired":true,"valueName":"search_term_string"}}],"inLanguage":"es"},{"@type":"Person","@id":"https:\/\/treslineasnoticias.com.ar\/#\/schema\/person\/c5f7249e50517b84c2379b145ca14895","name":"Horacio L\u00f3pez","image":{"@type":"ImageObject","inLanguage":"es","@id":"https:\/\/treslineasnoticias.com.ar\/#\/schema\/person\/image\/","url":"https:\/\/treslineasnoticias.com.ar\/wp-content\/litespeed\/avatar\/ddbec442f0224f940ce000570a0cb216.jpg?ver=1777068930","contentUrl":"https:\/\/treslineasnoticias.com.ar\/wp-content\/litespeed\/avatar\/ddbec442f0224f940ce000570a0cb216.jpg?ver=1777068930","caption":"Horacio L\u00f3pez"},"sameAs":["http:\/\/treslineasnoticias.com.ar"],"url":"https:\/\/treslineasnoticias.com.ar\/?author=3"}]}},"jetpack_featured_media_url":"https:\/\/treslineasnoticias.com.ar\/wp-content\/uploads\/2026\/04\/97e0592d-124d-9a0f-2d79-8a04e86500c6.jpeg","jetpack_sharing_enabled":true,"_links":{"self":[{"href":"https:\/\/treslineasnoticias.com.ar\/index.php?rest_route=\/wp\/v2\/posts\/24754","targetHints":{"allow":["GET"]}}],"collection":[{"href":"https:\/\/treslineasnoticias.com.ar\/index.php?rest_route=\/wp\/v2\/posts"}],"about":[{"href":"https:\/\/treslineasnoticias.com.ar\/index.php?rest_route=\/wp\/v2\/types\/post"}],"author":[{"embeddable":true,"href":"https:\/\/treslineasnoticias.com.ar\/index.php?rest_route=\/wp\/v2\/users\/3"}],"replies":[{"embeddable":true,"href":"https:\/\/treslineasnoticias.com.ar\/index.php?rest_route=%2Fwp%2Fv2%2Fcomments&post=24754"}],"version-history":[{"count":1,"href":"https:\/\/treslineasnoticias.com.ar\/index.php?rest_route=\/wp\/v2\/posts\/24754\/revisions"}],"predecessor-version":[{"id":24758,"href":"https:\/\/treslineasnoticias.com.ar\/index.php?rest_route=\/wp\/v2\/posts\/24754\/revisions\/24758"}],"wp:featuredmedia":[{"embeddable":true,"href":"https:\/\/treslineasnoticias.com.ar\/index.php?rest_route=\/wp\/v2\/media\/24756"}],"wp:attachment":[{"href":"https:\/\/treslineasnoticias.com.ar\/index.php?rest_route=%2Fwp%2Fv2%2Fmedia&parent=24754"}],"wp:term":[{"taxonomy":"category","embeddable":true,"href":"https:\/\/treslineasnoticias.com.ar\/index.php?rest_route=%2Fwp%2Fv2%2Fcategories&post=24754"},{"taxonomy":"post_tag","embeddable":true,"href":"https:\/\/treslineasnoticias.com.ar\/index.php?rest_route=%2Fwp%2Fv2%2Ftags&post=24754"}],"curies":[{"name":"wp","href":"https:\/\/api.w.org\/{rel}","templated":true}]}}