{"id":24759,"date":"2026-04-25T23:46:00","date_gmt":"2026-04-26T02:46:00","guid":{"rendered":"https:\/\/treslineasnoticias.com.ar\/?p=24759"},"modified":"2026-04-26T11:49:20","modified_gmt":"2026-04-26T14:49:20","slug":"la-comunidad-varelense-celebro-los-100-anos-de-la-ex-estacion-gobernador-monteverde","status":"publish","type":"post","link":"https:\/\/treslineasnoticias.com.ar\/?p=24759","title":{"rendered":"La comunidad varelense celebr\u00f3 los 100 a\u00f1os de la ex estaci\u00f3n \u201cGobernador Monteverde\u201d"},"content":{"rendered":"\n<p><strong><em>Entre m\u00fasica, recuerdos y emoci\u00f3n, frentistas del distrito disfrutaron el ciclo cultural \u201cLa Vieja Estaci\u00f3n\u201d, en una edici\u00f3n especial por el aniversario del emblem\u00e1tico predio situado en Diagonal Granaderos de San Mart\u00edn esquina Monteagudo.<\/em><\/strong><\/p>\n\n\n\n<p>El alcalde, Andr\u00e9s Watson, remarc\u00f3: \u201cFue un sitio recuperado por el Estado comunal para impulsar m\u00e1s oportunidades de encuentro en la ciudadan\u00eda, como esta fiesta por el centenario\u201d. Luego, el Intendente resalt\u00f3 \u201clas diferentes instancias de desarrollo para la zona, entre ellas, la reciente puesta en valor de las plazas aleda\u00f1as\u201d.<\/p>\n\n\n\n<figure class=\"wp-block-image size-large\"><img loading=\"lazy\" decoding=\"async\" width=\"1024\" height=\"683\" src=\"http:\/\/treslineasnoticias.com.ar\/wp-content\/uploads\/2026\/04\/a281fc18-e0eb-9266-481c-e7a4515a4169-1024x683.jpg\" alt=\"\" class=\"wp-image-24760\" srcset=\"https:\/\/treslineasnoticias.com.ar\/wp-content\/uploads\/2026\/04\/a281fc18-e0eb-9266-481c-e7a4515a4169-1024x683.jpg 1024w, https:\/\/treslineasnoticias.com.ar\/wp-content\/uploads\/2026\/04\/a281fc18-e0eb-9266-481c-e7a4515a4169-300x200.jpg 300w, https:\/\/treslineasnoticias.com.ar\/wp-content\/uploads\/2026\/04\/a281fc18-e0eb-9266-481c-e7a4515a4169-768x512.jpg 768w, https:\/\/treslineasnoticias.com.ar\/wp-content\/uploads\/2026\/04\/a281fc18-e0eb-9266-481c-e7a4515a4169-1536x1024.jpg 1536w, https:\/\/treslineasnoticias.com.ar\/wp-content\/uploads\/2026\/04\/a281fc18-e0eb-9266-481c-e7a4515a4169-2048x1365.jpg 2048w\" sizes=\"auto, (max-width: 1024px) 100vw, 1024px\" \/><\/figure>\n\n\n\n<p>Durante la jornada, hubo n\u00fameros art\u00edsticos, de baile y canto, adem\u00e1s de variedad de puestos con emprendimientos locales.<\/p>\n\n\n\n<p>\u201cViv\u00ed ac\u00e1 toda mi vida. La conmemoraci\u00f3n me trajo memorias de mi juventud y las tardes que pasaba ac\u00e1 con mis amigas\u201d, narr\u00f3 Mabel Pietri. Consider\u00f3 \u201cfant\u00e1stica una iniciativa que revaloriz\u00f3 espacios llenos de historia\u201d.<\/p>\n\n\n\n<p>Con m\u00e1s de cinco d\u00e9cadas de residencia en las inmediaciones, Marcela Jara acudi\u00f3 a aprovechar el evento junto a su familia. \u201cEl lugar estaba abandonado. Me pareci\u00f3 muy lindo que lo hayan revivido. Fue un punto de reuni\u00f3n en distintas generaciones\u201d, afirm\u00f3.<\/p>\n\n\n\n<figure class=\"wp-block-image size-large\"><img loading=\"lazy\" decoding=\"async\" width=\"1024\" height=\"683\" src=\"http:\/\/treslineasnoticias.com.ar\/wp-content\/uploads\/2026\/04\/0e1ac93b-827b-5fef-2e5d-0e00e04aa28a-1024x683.jpg\" alt=\"\" class=\"wp-image-24762\" srcset=\"https:\/\/treslineasnoticias.com.ar\/wp-content\/uploads\/2026\/04\/0e1ac93b-827b-5fef-2e5d-0e00e04aa28a-1024x683.jpg 1024w, https:\/\/treslineasnoticias.com.ar\/wp-content\/uploads\/2026\/04\/0e1ac93b-827b-5fef-2e5d-0e00e04aa28a-300x200.jpg 300w, https:\/\/treslineasnoticias.com.ar\/wp-content\/uploads\/2026\/04\/0e1ac93b-827b-5fef-2e5d-0e00e04aa28a-768x512.jpg 768w, https:\/\/treslineasnoticias.com.ar\/wp-content\/uploads\/2026\/04\/0e1ac93b-827b-5fef-2e5d-0e00e04aa28a-1536x1024.jpg 1536w, https:\/\/treslineasnoticias.com.ar\/wp-content\/uploads\/2026\/04\/0e1ac93b-827b-5fef-2e5d-0e00e04aa28a-2048x1365.jpg 2048w\" sizes=\"auto, (max-width: 1024px) 100vw, 1024px\" \/><\/figure>\n\n\n\n<p>\u201cMe enter\u00e9 de la actividad por el canal de WhatsApp del Municipio, as\u00ed que vine con mis hijos\u201d, cont\u00f3 Camila Vel\u00e1zquez. \u201cLa pasamos bien\u201d, asegur\u00f3 la vecina de Villa Vatteone, quien dese\u00f3 \u201cm\u00e1s actividades para socializar en comunidad y festejar esta ciudad tan linda\u201d.<\/p>\n\n\n\n<p>Planificaron una segunda fecha de la propuesta el domingo 26 de abril de 14 a 20 hs. en la misma ubicaci\u00f3n.<\/p>\n\n\n\n<p>Estuvo la secretaria de Cultura, Deportes y Recreaci\u00f3n, Estefan\u00eda Nieva.<\/p>\n","protected":false},"excerpt":{"rendered":"<p>Entre m\u00fasica, recuerdos y emoci\u00f3n, frentistas del distrito disfrutaron el ciclo cultural \u201cLa Vieja Estaci\u00f3n\u201d, en una edici\u00f3n especial por el aniversario del emblem\u00e1tico predio situado en Diagonal Granaderos de San Mart\u00edn esquina Monteagudo. El alcalde, Andr\u00e9s Watson, remarc\u00f3: \u201cFue un sitio recuperado por el Estado comunal para impulsar m\u00e1s oportunidades de encuentro en la [&hellip;]<\/p>\n","protected":false},"author":3,"featured_media":24761,"comment_status":"open","ping_status":"open","sticky":false,"template":"","format":"standard","meta":{"_jetpack_memberships_contains_paid_content":false,"footnotes":""},"categories":[6],"tags":[],"class_list":["post-24759","post","type-post","status-publish","format-standard","has-post-thumbnail","hentry","category-florencio-varela"],"yoast_head":"<!-- This site is optimized with the Yoast SEO plugin v24.7 - https:\/\/yoast.com\/wordpress\/plugins\/seo\/ -->\n<title>La comunidad varelense celebr\u00f3 los 100 a\u00f1os de la ex estaci\u00f3n \u201cGobernador Monteverde\u201d - Tres Lineas Noticias<\/title>\n<meta name=\"robots\" content=\"index, follow, max-snippet:-1, max-image-preview:large, max-video-preview:-1\" \/>\n<link rel=\"canonical\" href=\"https:\/\/treslineasnoticias.com.ar\/?p=24759\" \/>\n<meta property=\"og:locale\" content=\"es_ES\" \/>\n<meta property=\"og:type\" content=\"article\" \/>\n<meta property=\"og:title\" content=\"La comunidad varelense celebr\u00f3 los 100 a\u00f1os de la ex estaci\u00f3n \u201cGobernador Monteverde\u201d - Tres Lineas Noticias\" \/>\n<meta property=\"og:description\" content=\"Entre m\u00fasica, recuerdos y emoci\u00f3n, frentistas del distrito disfrutaron el ciclo cultural \u201cLa Vieja Estaci\u00f3n\u201d, en una edici\u00f3n especial por el aniversario del emblem\u00e1tico predio situado en Diagonal Granaderos de San Mart\u00edn esquina Monteagudo. El alcalde, Andr\u00e9s Watson, remarc\u00f3: \u201cFue un sitio recuperado por el Estado comunal para impulsar m\u00e1s oportunidades de encuentro en la [&hellip;]\" \/>\n<meta property=\"og:url\" content=\"https:\/\/treslineasnoticias.com.ar\/?p=24759\" \/>\n<meta property=\"og:site_name\" content=\"Tres Lineas Noticias\" \/>\n<meta property=\"article:published_time\" content=\"2026-04-26T02:46:00+00:00\" \/>\n<meta property=\"article:modified_time\" content=\"2026-04-26T14:49:20+00:00\" \/>\n<meta property=\"og:image\" content=\"http:\/\/treslineasnoticias.com.ar\/wp-content\/uploads\/2026\/04\/30cb47ff-c892-84f6-6fb1-c1a907bad6eb-scaled.jpg\" \/>\n\t<meta property=\"og:image:width\" content=\"2560\" \/>\n\t<meta property=\"og:image:height\" content=\"1707\" \/>\n\t<meta property=\"og:image:type\" content=\"image\/jpeg\" \/>\n<meta name=\"author\" content=\"Horacio L\u00f3pez\" \/>\n<meta name=\"twitter:card\" content=\"summary_large_image\" \/>\n<meta name=\"twitter:label1\" content=\"Escrito por\" \/>\n\t<meta name=\"twitter:data1\" content=\"Horacio L\u00f3pez\" \/>\n\t<meta name=\"twitter:label2\" content=\"Tiempo de lectura\" \/>\n\t<meta name=\"twitter:data2\" content=\"2 minutos\" \/>\n<script type=\"application\/ld+json\" class=\"yoast-schema-graph\">{\"@context\":\"https:\/\/schema.org\",\"@graph\":[{\"@type\":\"WebPage\",\"@id\":\"https:\/\/treslineasnoticias.com.ar\/?p=24759\",\"url\":\"https:\/\/treslineasnoticias.com.ar\/?p=24759\",\"name\":\"La comunidad varelense celebr\u00f3 los 100 a\u00f1os de la ex estaci\u00f3n \u201cGobernador Monteverde\u201d - Tres Lineas Noticias\",\"isPartOf\":{\"@id\":\"https:\/\/treslineasnoticias.com.ar\/#website\"},\"primaryImageOfPage\":{\"@id\":\"https:\/\/treslineasnoticias.com.ar\/?p=24759#primaryimage\"},\"image\":{\"@id\":\"https:\/\/treslineasnoticias.com.ar\/?p=24759#primaryimage\"},\"thumbnailUrl\":\"https:\/\/treslineasnoticias.com.ar\/wp-content\/uploads\/2026\/04\/30cb47ff-c892-84f6-6fb1-c1a907bad6eb-scaled.jpg\",\"datePublished\":\"2026-04-26T02:46:00+00:00\",\"dateModified\":\"2026-04-26T14:49:20+00:00\",\"author\":{\"@id\":\"https:\/\/treslineasnoticias.com.ar\/#\/schema\/person\/c5f7249e50517b84c2379b145ca14895\"},\"breadcrumb\":{\"@id\":\"https:\/\/treslineasnoticias.com.ar\/?p=24759#breadcrumb\"},\"inLanguage\":\"es\",\"potentialAction\":[{\"@type\":\"ReadAction\",\"target\":[\"https:\/\/treslineasnoticias.com.ar\/?p=24759\"]}]},{\"@type\":\"ImageObject\",\"inLanguage\":\"es\",\"@id\":\"https:\/\/treslineasnoticias.com.ar\/?p=24759#primaryimage\",\"url\":\"https:\/\/treslineasnoticias.com.ar\/wp-content\/uploads\/2026\/04\/30cb47ff-c892-84f6-6fb1-c1a907bad6eb-scaled.jpg\",\"contentUrl\":\"https:\/\/treslineasnoticias.com.ar\/wp-content\/uploads\/2026\/04\/30cb47ff-c892-84f6-6fb1-c1a907bad6eb-scaled.jpg\",\"width\":2560,\"height\":1707},{\"@type\":\"BreadcrumbList\",\"@id\":\"https:\/\/treslineasnoticias.com.ar\/?p=24759#breadcrumb\",\"itemListElement\":[{\"@type\":\"ListItem\",\"position\":1,\"name\":\"Portada\",\"item\":\"https:\/\/treslineasnoticias.com.ar\/\"},{\"@type\":\"ListItem\",\"position\":2,\"name\":\"La comunidad varelense celebr\u00f3 los 100 a\u00f1os de la ex estaci\u00f3n \u201cGobernador Monteverde\u201d\"}]},{\"@type\":\"WebSite\",\"@id\":\"https:\/\/treslineasnoticias.com.ar\/#website\",\"url\":\"https:\/\/treslineasnoticias.com.ar\/\",\"name\":\"Tres Lineas Noticias\",\"description\":\"\",\"potentialAction\":[{\"@type\":\"SearchAction\",\"target\":{\"@type\":\"EntryPoint\",\"urlTemplate\":\"https:\/\/treslineasnoticias.com.ar\/?s={search_term_string}\"},\"query-input\":{\"@type\":\"PropertyValueSpecification\",\"valueRequired\":true,\"valueName\":\"search_term_string\"}}],\"inLanguage\":\"es\"},{\"@type\":\"Person\",\"@id\":\"https:\/\/treslineasnoticias.com.ar\/#\/schema\/person\/c5f7249e50517b84c2379b145ca14895\",\"name\":\"Horacio L\u00f3pez\",\"image\":{\"@type\":\"ImageObject\",\"inLanguage\":\"es\",\"@id\":\"https:\/\/treslineasnoticias.com.ar\/#\/schema\/person\/image\/\",\"url\":\"https:\/\/treslineasnoticias.com.ar\/wp-content\/litespeed\/avatar\/ddbec442f0224f940ce000570a0cb216.jpg?ver=1777068930\",\"contentUrl\":\"https:\/\/treslineasnoticias.com.ar\/wp-content\/litespeed\/avatar\/ddbec442f0224f940ce000570a0cb216.jpg?ver=1777068930\",\"caption\":\"Horacio L\u00f3pez\"},\"sameAs\":[\"http:\/\/treslineasnoticias.com.ar\"],\"url\":\"https:\/\/treslineasnoticias.com.ar\/?author=3\"}]}<\/script>\n<!-- \/ Yoast SEO plugin. -->","yoast_head_json":{"title":"La comunidad varelense celebr\u00f3 los 100 a\u00f1os de la ex estaci\u00f3n \u201cGobernador Monteverde\u201d - Tres Lineas Noticias","robots":{"index":"index","follow":"follow","max-snippet":"max-snippet:-1","max-image-preview":"max-image-preview:large","max-video-preview":"max-video-preview:-1"},"canonical":"https:\/\/treslineasnoticias.com.ar\/?p=24759","og_locale":"es_ES","og_type":"article","og_title":"La comunidad varelense celebr\u00f3 los 100 a\u00f1os de la ex estaci\u00f3n \u201cGobernador Monteverde\u201d - Tres Lineas Noticias","og_description":"Entre m\u00fasica, recuerdos y emoci\u00f3n, frentistas del distrito disfrutaron el ciclo cultural \u201cLa Vieja Estaci\u00f3n\u201d, en una edici\u00f3n especial por el aniversario del emblem\u00e1tico predio situado en Diagonal Granaderos de San Mart\u00edn esquina Monteagudo. El alcalde, Andr\u00e9s Watson, remarc\u00f3: \u201cFue un sitio recuperado por el Estado comunal para impulsar m\u00e1s oportunidades de encuentro en la [&hellip;]","og_url":"https:\/\/treslineasnoticias.com.ar\/?p=24759","og_site_name":"Tres Lineas Noticias","article_published_time":"2026-04-26T02:46:00+00:00","article_modified_time":"2026-04-26T14:49:20+00:00","og_image":[{"width":2560,"height":1707,"url":"http:\/\/treslineasnoticias.com.ar\/wp-content\/uploads\/2026\/04\/30cb47ff-c892-84f6-6fb1-c1a907bad6eb-scaled.jpg","type":"image\/jpeg"}],"author":"Horacio L\u00f3pez","twitter_card":"summary_large_image","twitter_misc":{"Escrito por":"Horacio L\u00f3pez","Tiempo de lectura":"2 minutos"},"schema":{"@context":"https:\/\/schema.org","@graph":[{"@type":"WebPage","@id":"https:\/\/treslineasnoticias.com.ar\/?p=24759","url":"https:\/\/treslineasnoticias.com.ar\/?p=24759","name":"La comunidad varelense celebr\u00f3 los 100 a\u00f1os de la ex estaci\u00f3n \u201cGobernador Monteverde\u201d - Tres Lineas Noticias","isPartOf":{"@id":"https:\/\/treslineasnoticias.com.ar\/#website"},"primaryImageOfPage":{"@id":"https:\/\/treslineasnoticias.com.ar\/?p=24759#primaryimage"},"image":{"@id":"https:\/\/treslineasnoticias.com.ar\/?p=24759#primaryimage"},"thumbnailUrl":"https:\/\/treslineasnoticias.com.ar\/wp-content\/uploads\/2026\/04\/30cb47ff-c892-84f6-6fb1-c1a907bad6eb-scaled.jpg","datePublished":"2026-04-26T02:46:00+00:00","dateModified":"2026-04-26T14:49:20+00:00","author":{"@id":"https:\/\/treslineasnoticias.com.ar\/#\/schema\/person\/c5f7249e50517b84c2379b145ca14895"},"breadcrumb":{"@id":"https:\/\/treslineasnoticias.com.ar\/?p=24759#breadcrumb"},"inLanguage":"es","potentialAction":[{"@type":"ReadAction","target":["https:\/\/treslineasnoticias.com.ar\/?p=24759"]}]},{"@type":"ImageObject","inLanguage":"es","@id":"https:\/\/treslineasnoticias.com.ar\/?p=24759#primaryimage","url":"https:\/\/treslineasnoticias.com.ar\/wp-content\/uploads\/2026\/04\/30cb47ff-c892-84f6-6fb1-c1a907bad6eb-scaled.jpg","contentUrl":"https:\/\/treslineasnoticias.com.ar\/wp-content\/uploads\/2026\/04\/30cb47ff-c892-84f6-6fb1-c1a907bad6eb-scaled.jpg","width":2560,"height":1707},{"@type":"BreadcrumbList","@id":"https:\/\/treslineasnoticias.com.ar\/?p=24759#breadcrumb","itemListElement":[{"@type":"ListItem","position":1,"name":"Portada","item":"https:\/\/treslineasnoticias.com.ar\/"},{"@type":"ListItem","position":2,"name":"La comunidad varelense celebr\u00f3 los 100 a\u00f1os de la ex estaci\u00f3n \u201cGobernador Monteverde\u201d"}]},{"@type":"WebSite","@id":"https:\/\/treslineasnoticias.com.ar\/#website","url":"https:\/\/treslineasnoticias.com.ar\/","name":"Tres Lineas Noticias","description":"","potentialAction":[{"@type":"SearchAction","target":{"@type":"EntryPoint","urlTemplate":"https:\/\/treslineasnoticias.com.ar\/?s={search_term_string}"},"query-input":{"@type":"PropertyValueSpecification","valueRequired":true,"valueName":"search_term_string"}}],"inLanguage":"es"},{"@type":"Person","@id":"https:\/\/treslineasnoticias.com.ar\/#\/schema\/person\/c5f7249e50517b84c2379b145ca14895","name":"Horacio L\u00f3pez","image":{"@type":"ImageObject","inLanguage":"es","@id":"https:\/\/treslineasnoticias.com.ar\/#\/schema\/person\/image\/","url":"https:\/\/treslineasnoticias.com.ar\/wp-content\/litespeed\/avatar\/ddbec442f0224f940ce000570a0cb216.jpg?ver=1777068930","contentUrl":"https:\/\/treslineasnoticias.com.ar\/wp-content\/litespeed\/avatar\/ddbec442f0224f940ce000570a0cb216.jpg?ver=1777068930","caption":"Horacio L\u00f3pez"},"sameAs":["http:\/\/treslineasnoticias.com.ar"],"url":"https:\/\/treslineasnoticias.com.ar\/?author=3"}]}},"jetpack_featured_media_url":"https:\/\/treslineasnoticias.com.ar\/wp-content\/uploads\/2026\/04\/30cb47ff-c892-84f6-6fb1-c1a907bad6eb-scaled.jpg","jetpack_sharing_enabled":true,"_links":{"self":[{"href":"https:\/\/treslineasnoticias.com.ar\/index.php?rest_route=\/wp\/v2\/posts\/24759","targetHints":{"allow":["GET"]}}],"collection":[{"href":"https:\/\/treslineasnoticias.com.ar\/index.php?rest_route=\/wp\/v2\/posts"}],"about":[{"href":"https:\/\/treslineasnoticias.com.ar\/index.php?rest_route=\/wp\/v2\/types\/post"}],"author":[{"embeddable":true,"href":"https:\/\/treslineasnoticias.com.ar\/index.php?rest_route=\/wp\/v2\/users\/3"}],"replies":[{"embeddable":true,"href":"https:\/\/treslineasnoticias.com.ar\/index.php?rest_route=%2Fwp%2Fv2%2Fcomments&post=24759"}],"version-history":[{"count":1,"href":"https:\/\/treslineasnoticias.com.ar\/index.php?rest_route=\/wp\/v2\/posts\/24759\/revisions"}],"predecessor-version":[{"id":24763,"href":"https:\/\/treslineasnoticias.com.ar\/index.php?rest_route=\/wp\/v2\/posts\/24759\/revisions\/24763"}],"wp:featuredmedia":[{"embeddable":true,"href":"https:\/\/treslineasnoticias.com.ar\/index.php?rest_route=\/wp\/v2\/media\/24761"}],"wp:attachment":[{"href":"https:\/\/treslineasnoticias.com.ar\/index.php?rest_route=%2Fwp%2Fv2%2Fmedia&parent=24759"}],"wp:term":[{"taxonomy":"category","embeddable":true,"href":"https:\/\/treslineasnoticias.com.ar\/index.php?rest_route=%2Fwp%2Fv2%2Fcategories&post=24759"},{"taxonomy":"post_tag","embeddable":true,"href":"https:\/\/treslineasnoticias.com.ar\/index.php?rest_route=%2Fwp%2Fv2%2Ftags&post=24759"}],"curies":[{"name":"wp","href":"https:\/\/api.w.org\/{rel}","templated":true}]}}