{"id":24767,"date":"2026-04-25T23:52:00","date_gmt":"2026-04-26T02:52:00","guid":{"rendered":"https:\/\/treslineasnoticias.com.ar\/?p=24767"},"modified":"2026-04-26T11:54:52","modified_gmt":"2026-04-26T14:54:52","slug":"exitosa-presentacion-del-concierto-con-memoria-en-el-cpa-leonardo-favio-de-bernal","status":"publish","type":"post","link":"https:\/\/treslineasnoticias.com.ar\/?p=24767","title":{"rendered":"Exitosa presentaci\u00f3n del \u201cConcierto con Memoria\u201d en el CPA Leonardo Favio de Bernal"},"content":{"rendered":"\n<p><strong><em>El Municipio de Quilmes, con la presencia de la intendenta interina local, Eva Mieri, llev\u00f3 adelante este s\u00e1bado el \u201cConcierto con Memoria\u201d, un punto de encuentro para bandas y orquestas infantiles y juveniles de todo el distrito, en el que pudieron compartir una jornada de m\u00fasica y arte, que se desarroll\u00f3 en el Centro de Producci\u00f3n Audiovisual (CPA) Leonardo Favio, en Chacabuco 600, de Bernal, ante una gran audiencia, donde tambi\u00e9n se entregaron distintos elementos para el desarrollo de estas actividades.<\/em><\/strong><\/p>\n\n\n\n<figure class=\"wp-block-image size-large\"><img loading=\"lazy\" decoding=\"async\" width=\"1024\" height=\"682\" src=\"http:\/\/treslineasnoticias.com.ar\/wp-content\/uploads\/2026\/04\/1000328024-1024x682.jpg\" alt=\"\" class=\"wp-image-24771\" srcset=\"https:\/\/treslineasnoticias.com.ar\/wp-content\/uploads\/2026\/04\/1000328024-1024x682.jpg 1024w, https:\/\/treslineasnoticias.com.ar\/wp-content\/uploads\/2026\/04\/1000328024-300x200.jpg 300w, https:\/\/treslineasnoticias.com.ar\/wp-content\/uploads\/2026\/04\/1000328024-768x512.jpg 768w, https:\/\/treslineasnoticias.com.ar\/wp-content\/uploads\/2026\/04\/1000328024.jpg 1280w\" sizes=\"auto, (max-width: 1024px) 100vw, 1024px\" \/><\/figure>\n\n\n\n<p>\u201cEste encuentro, para nosotros como gesti\u00f3n municipal, es muy importante. En esta ma\u00f1ana no solamente acompa\u00f1amos esta muestra, sino tambi\u00e9n entregamos muchos insumos importantes para que sigan adelante con sus actividades. Queremos que nuestras hijas e hijos, y nuestras nietas y nietos puedan encontrar en estos espacios no solamente la pr\u00e1ctica de un instrumento, sino tambi\u00e9n seguir construyendo comunidad. Hagamos de la cultura un puente, un abrazo y una oportunidad para todos y todas\u201d, afirm\u00f3 Eva, acompa\u00f1ada por la secretar\u00eda de Educaci\u00f3n y Culturas, Evangelina Ram\u00edrez.<\/p>\n\n\n\n<p>Por su parte, Ram\u00edrez, coment\u00f3: \u201cEn un contexto tan complejo como el que vivimos hoy, estar en este espacio es muy importante, con un eje muy especial a 50 a\u00f1os del \u00faltimo golpe c\u00edvico-militar y hacerlo a trav\u00e9s del arte, que tiene que ver con la posibilidad no solamente de acceder, sino tambi\u00e9n de mostrar lo que se hace en nuestro distrito\u201d.<\/p>\n\n\n\n<figure class=\"wp-block-image size-large\"><img loading=\"lazy\" decoding=\"async\" width=\"1024\" height=\"682\" src=\"http:\/\/treslineasnoticias.com.ar\/wp-content\/uploads\/2026\/04\/1000328021-1024x682.jpg\" alt=\"\" class=\"wp-image-24770\" srcset=\"https:\/\/treslineasnoticias.com.ar\/wp-content\/uploads\/2026\/04\/1000328021-1024x682.jpg 1024w, https:\/\/treslineasnoticias.com.ar\/wp-content\/uploads\/2026\/04\/1000328021-300x200.jpg 300w, https:\/\/treslineasnoticias.com.ar\/wp-content\/uploads\/2026\/04\/1000328021-768x512.jpg 768w, https:\/\/treslineasnoticias.com.ar\/wp-content\/uploads\/2026\/04\/1000328021.jpg 1280w\" sizes=\"auto, (max-width: 1024px) 100vw, 1024px\" \/><\/figure>\n\n\n\n<p>Las orquestas infantiles y juveniles desempe\u00f1an un papel fundamental generando oportunidades para el desarrollo integral de ni\u00f1as, ni\u00f1os y j\u00f3venes. Estos espacios art\u00edsticos no solo fomentan habilidades musicales, sino que tambi\u00e9n promueven valores como la disciplina, el trabajo en equipo, la autoestima y la inclusi\u00f3n social.<\/p>\n\n\n\n<p>Durante la jornada se presentaron seis orquestas, La Sonora de la IAPI; La Sonora del R\u00edo, La Sonora de Ezpeleta, La Orquesta de Solano, La Orquesta Sinton\u00eda 442, La Orquesta Ezpeleta, y el coro Llover\u00e1n Cantares, que ensaya en el mismo CPA Leonardo Favio. Estos espacios brindan inclusi\u00f3n y garantizan el acceso a bienes culturales a un total de 480 ni\u00f1os y adolescentes entre los 6 y los 18 a\u00f1os.<\/p>\n\n\n\n<figure class=\"wp-block-image size-large\"><img loading=\"lazy\" decoding=\"async\" width=\"1024\" height=\"682\" src=\"http:\/\/treslineasnoticias.com.ar\/wp-content\/uploads\/2026\/04\/1000328022-1024x682.jpg\" alt=\"\" class=\"wp-image-24769\" srcset=\"https:\/\/treslineasnoticias.com.ar\/wp-content\/uploads\/2026\/04\/1000328022-1024x682.jpg 1024w, https:\/\/treslineasnoticias.com.ar\/wp-content\/uploads\/2026\/04\/1000328022-300x200.jpg 300w, https:\/\/treslineasnoticias.com.ar\/wp-content\/uploads\/2026\/04\/1000328022-768x512.jpg 768w, https:\/\/treslineasnoticias.com.ar\/wp-content\/uploads\/2026\/04\/1000328022.jpg 1280w\" sizes=\"auto, (max-width: 1024px) 100vw, 1024px\" \/><\/figure>\n\n\n\n<p>A lo largo de la actividad tambi\u00e9n se entregaron distintos insumos y elementos importantes para el desarrollo de estas actividades como remeras, arcos de viol\u00edn, encordados, lubricantes, baquetas de percusi\u00f3n, resinas y boquillas para instrumentos de viento, todo financiado con fondos municipales.<\/p>\n\n\n\n<p>Participaron tambi\u00e9n de la actividad el director general de Educaci\u00f3n, Leonardo Casazza; el director de Cultura en Barrios, David Pereyra, y su par del CPA Leonardo Favio, Danila Imbrogno, entre otros funcionarios.<\/p>\n","protected":false},"excerpt":{"rendered":"<p>El Municipio de Quilmes, con la presencia de la intendenta interina local, Eva Mieri, llev\u00f3 adelante este s\u00e1bado el \u201cConcierto con Memoria\u201d, un punto de encuentro para bandas y orquestas infantiles y juveniles de todo el distrito, en el que pudieron compartir una jornada de m\u00fasica y arte, que se desarroll\u00f3 en el Centro de [&hellip;]<\/p>\n","protected":false},"author":3,"featured_media":24768,"comment_status":"open","ping_status":"open","sticky":false,"template":"","format":"standard","meta":{"_jetpack_memberships_contains_paid_content":false,"footnotes":""},"categories":[5],"tags":[],"class_list":["post-24767","post","type-post","status-publish","format-standard","has-post-thumbnail","hentry","category-quilmes"],"yoast_head":"<!-- This site is optimized with the Yoast SEO plugin v24.7 - https:\/\/yoast.com\/wordpress\/plugins\/seo\/ -->\n<title>Exitosa presentaci\u00f3n del \u201cConcierto con Memoria\u201d en el CPA Leonardo Favio de Bernal - Tres Lineas Noticias<\/title>\n<meta name=\"robots\" content=\"index, follow, max-snippet:-1, max-image-preview:large, max-video-preview:-1\" \/>\n<link rel=\"canonical\" href=\"https:\/\/treslineasnoticias.com.ar\/?p=24767\" \/>\n<meta property=\"og:locale\" content=\"es_ES\" \/>\n<meta property=\"og:type\" content=\"article\" \/>\n<meta property=\"og:title\" content=\"Exitosa presentaci\u00f3n del \u201cConcierto con Memoria\u201d en el CPA Leonardo Favio de Bernal - Tres Lineas Noticias\" \/>\n<meta property=\"og:description\" content=\"El Municipio de Quilmes, con la presencia de la intendenta interina local, Eva Mieri, llev\u00f3 adelante este s\u00e1bado el \u201cConcierto con Memoria\u201d, un punto de encuentro para bandas y orquestas infantiles y juveniles de todo el distrito, en el que pudieron compartir una jornada de m\u00fasica y arte, que se desarroll\u00f3 en el Centro de [&hellip;]\" \/>\n<meta property=\"og:url\" content=\"https:\/\/treslineasnoticias.com.ar\/?p=24767\" \/>\n<meta property=\"og:site_name\" content=\"Tres Lineas Noticias\" \/>\n<meta property=\"article:published_time\" content=\"2026-04-26T02:52:00+00:00\" \/>\n<meta property=\"article:modified_time\" content=\"2026-04-26T14:54:52+00:00\" \/>\n<meta property=\"og:image\" content=\"http:\/\/treslineasnoticias.com.ar\/wp-content\/uploads\/2026\/04\/1000328020.jpg\" \/>\n\t<meta property=\"og:image:width\" content=\"1280\" \/>\n\t<meta property=\"og:image:height\" content=\"853\" \/>\n\t<meta property=\"og:image:type\" content=\"image\/jpeg\" \/>\n<meta name=\"author\" content=\"Horacio L\u00f3pez\" \/>\n<meta name=\"twitter:card\" content=\"summary_large_image\" \/>\n<meta name=\"twitter:label1\" content=\"Escrito por\" \/>\n\t<meta name=\"twitter:data1\" content=\"Horacio L\u00f3pez\" \/>\n\t<meta name=\"twitter:label2\" content=\"Tiempo de lectura\" \/>\n\t<meta name=\"twitter:data2\" content=\"3 minutos\" \/>\n<script type=\"application\/ld+json\" class=\"yoast-schema-graph\">{\"@context\":\"https:\/\/schema.org\",\"@graph\":[{\"@type\":\"WebPage\",\"@id\":\"https:\/\/treslineasnoticias.com.ar\/?p=24767\",\"url\":\"https:\/\/treslineasnoticias.com.ar\/?p=24767\",\"name\":\"Exitosa presentaci\u00f3n del \u201cConcierto con Memoria\u201d en el CPA Leonardo Favio de Bernal - Tres Lineas Noticias\",\"isPartOf\":{\"@id\":\"https:\/\/treslineasnoticias.com.ar\/#website\"},\"primaryImageOfPage\":{\"@id\":\"https:\/\/treslineasnoticias.com.ar\/?p=24767#primaryimage\"},\"image\":{\"@id\":\"https:\/\/treslineasnoticias.com.ar\/?p=24767#primaryimage\"},\"thumbnailUrl\":\"https:\/\/treslineasnoticias.com.ar\/wp-content\/uploads\/2026\/04\/1000328020.jpg\",\"datePublished\":\"2026-04-26T02:52:00+00:00\",\"dateModified\":\"2026-04-26T14:54:52+00:00\",\"author\":{\"@id\":\"https:\/\/treslineasnoticias.com.ar\/#\/schema\/person\/c5f7249e50517b84c2379b145ca14895\"},\"breadcrumb\":{\"@id\":\"https:\/\/treslineasnoticias.com.ar\/?p=24767#breadcrumb\"},\"inLanguage\":\"es\",\"potentialAction\":[{\"@type\":\"ReadAction\",\"target\":[\"https:\/\/treslineasnoticias.com.ar\/?p=24767\"]}]},{\"@type\":\"ImageObject\",\"inLanguage\":\"es\",\"@id\":\"https:\/\/treslineasnoticias.com.ar\/?p=24767#primaryimage\",\"url\":\"https:\/\/treslineasnoticias.com.ar\/wp-content\/uploads\/2026\/04\/1000328020.jpg\",\"contentUrl\":\"https:\/\/treslineasnoticias.com.ar\/wp-content\/uploads\/2026\/04\/1000328020.jpg\",\"width\":1280,\"height\":853},{\"@type\":\"BreadcrumbList\",\"@id\":\"https:\/\/treslineasnoticias.com.ar\/?p=24767#breadcrumb\",\"itemListElement\":[{\"@type\":\"ListItem\",\"position\":1,\"name\":\"Portada\",\"item\":\"https:\/\/treslineasnoticias.com.ar\/\"},{\"@type\":\"ListItem\",\"position\":2,\"name\":\"Exitosa presentaci\u00f3n del \u201cConcierto con Memoria\u201d en el CPA Leonardo Favio de Bernal\"}]},{\"@type\":\"WebSite\",\"@id\":\"https:\/\/treslineasnoticias.com.ar\/#website\",\"url\":\"https:\/\/treslineasnoticias.com.ar\/\",\"name\":\"Tres Lineas Noticias\",\"description\":\"\",\"potentialAction\":[{\"@type\":\"SearchAction\",\"target\":{\"@type\":\"EntryPoint\",\"urlTemplate\":\"https:\/\/treslineasnoticias.com.ar\/?s={search_term_string}\"},\"query-input\":{\"@type\":\"PropertyValueSpecification\",\"valueRequired\":true,\"valueName\":\"search_term_string\"}}],\"inLanguage\":\"es\"},{\"@type\":\"Person\",\"@id\":\"https:\/\/treslineasnoticias.com.ar\/#\/schema\/person\/c5f7249e50517b84c2379b145ca14895\",\"name\":\"Horacio L\u00f3pez\",\"image\":{\"@type\":\"ImageObject\",\"inLanguage\":\"es\",\"@id\":\"https:\/\/treslineasnoticias.com.ar\/#\/schema\/person\/image\/\",\"url\":\"https:\/\/treslineasnoticias.com.ar\/wp-content\/litespeed\/avatar\/ddbec442f0224f940ce000570a0cb216.jpg?ver=1777068930\",\"contentUrl\":\"https:\/\/treslineasnoticias.com.ar\/wp-content\/litespeed\/avatar\/ddbec442f0224f940ce000570a0cb216.jpg?ver=1777068930\",\"caption\":\"Horacio L\u00f3pez\"},\"sameAs\":[\"http:\/\/treslineasnoticias.com.ar\"],\"url\":\"https:\/\/treslineasnoticias.com.ar\/?author=3\"}]}<\/script>\n<!-- \/ Yoast SEO plugin. -->","yoast_head_json":{"title":"Exitosa presentaci\u00f3n del \u201cConcierto con Memoria\u201d en el CPA Leonardo Favio de Bernal - Tres Lineas Noticias","robots":{"index":"index","follow":"follow","max-snippet":"max-snippet:-1","max-image-preview":"max-image-preview:large","max-video-preview":"max-video-preview:-1"},"canonical":"https:\/\/treslineasnoticias.com.ar\/?p=24767","og_locale":"es_ES","og_type":"article","og_title":"Exitosa presentaci\u00f3n del \u201cConcierto con Memoria\u201d en el CPA Leonardo Favio de Bernal - Tres Lineas Noticias","og_description":"El Municipio de Quilmes, con la presencia de la intendenta interina local, Eva Mieri, llev\u00f3 adelante este s\u00e1bado el \u201cConcierto con Memoria\u201d, un punto de encuentro para bandas y orquestas infantiles y juveniles de todo el distrito, en el que pudieron compartir una jornada de m\u00fasica y arte, que se desarroll\u00f3 en el Centro de [&hellip;]","og_url":"https:\/\/treslineasnoticias.com.ar\/?p=24767","og_site_name":"Tres Lineas Noticias","article_published_time":"2026-04-26T02:52:00+00:00","article_modified_time":"2026-04-26T14:54:52+00:00","og_image":[{"width":1280,"height":853,"url":"http:\/\/treslineasnoticias.com.ar\/wp-content\/uploads\/2026\/04\/1000328020.jpg","type":"image\/jpeg"}],"author":"Horacio L\u00f3pez","twitter_card":"summary_large_image","twitter_misc":{"Escrito por":"Horacio L\u00f3pez","Tiempo de lectura":"3 minutos"},"schema":{"@context":"https:\/\/schema.org","@graph":[{"@type":"WebPage","@id":"https:\/\/treslineasnoticias.com.ar\/?p=24767","url":"https:\/\/treslineasnoticias.com.ar\/?p=24767","name":"Exitosa presentaci\u00f3n del \u201cConcierto con Memoria\u201d en el CPA Leonardo Favio de Bernal - Tres Lineas Noticias","isPartOf":{"@id":"https:\/\/treslineasnoticias.com.ar\/#website"},"primaryImageOfPage":{"@id":"https:\/\/treslineasnoticias.com.ar\/?p=24767#primaryimage"},"image":{"@id":"https:\/\/treslineasnoticias.com.ar\/?p=24767#primaryimage"},"thumbnailUrl":"https:\/\/treslineasnoticias.com.ar\/wp-content\/uploads\/2026\/04\/1000328020.jpg","datePublished":"2026-04-26T02:52:00+00:00","dateModified":"2026-04-26T14:54:52+00:00","author":{"@id":"https:\/\/treslineasnoticias.com.ar\/#\/schema\/person\/c5f7249e50517b84c2379b145ca14895"},"breadcrumb":{"@id":"https:\/\/treslineasnoticias.com.ar\/?p=24767#breadcrumb"},"inLanguage":"es","potentialAction":[{"@type":"ReadAction","target":["https:\/\/treslineasnoticias.com.ar\/?p=24767"]}]},{"@type":"ImageObject","inLanguage":"es","@id":"https:\/\/treslineasnoticias.com.ar\/?p=24767#primaryimage","url":"https:\/\/treslineasnoticias.com.ar\/wp-content\/uploads\/2026\/04\/1000328020.jpg","contentUrl":"https:\/\/treslineasnoticias.com.ar\/wp-content\/uploads\/2026\/04\/1000328020.jpg","width":1280,"height":853},{"@type":"BreadcrumbList","@id":"https:\/\/treslineasnoticias.com.ar\/?p=24767#breadcrumb","itemListElement":[{"@type":"ListItem","position":1,"name":"Portada","item":"https:\/\/treslineasnoticias.com.ar\/"},{"@type":"ListItem","position":2,"name":"Exitosa presentaci\u00f3n del \u201cConcierto con Memoria\u201d en el CPA Leonardo Favio de Bernal"}]},{"@type":"WebSite","@id":"https:\/\/treslineasnoticias.com.ar\/#website","url":"https:\/\/treslineasnoticias.com.ar\/","name":"Tres Lineas Noticias","description":"","potentialAction":[{"@type":"SearchAction","target":{"@type":"EntryPoint","urlTemplate":"https:\/\/treslineasnoticias.com.ar\/?s={search_term_string}"},"query-input":{"@type":"PropertyValueSpecification","valueRequired":true,"valueName":"search_term_string"}}],"inLanguage":"es"},{"@type":"Person","@id":"https:\/\/treslineasnoticias.com.ar\/#\/schema\/person\/c5f7249e50517b84c2379b145ca14895","name":"Horacio L\u00f3pez","image":{"@type":"ImageObject","inLanguage":"es","@id":"https:\/\/treslineasnoticias.com.ar\/#\/schema\/person\/image\/","url":"https:\/\/treslineasnoticias.com.ar\/wp-content\/litespeed\/avatar\/ddbec442f0224f940ce000570a0cb216.jpg?ver=1777068930","contentUrl":"https:\/\/treslineasnoticias.com.ar\/wp-content\/litespeed\/avatar\/ddbec442f0224f940ce000570a0cb216.jpg?ver=1777068930","caption":"Horacio L\u00f3pez"},"sameAs":["http:\/\/treslineasnoticias.com.ar"],"url":"https:\/\/treslineasnoticias.com.ar\/?author=3"}]}},"jetpack_featured_media_url":"https:\/\/treslineasnoticias.com.ar\/wp-content\/uploads\/2026\/04\/1000328020.jpg","jetpack_sharing_enabled":true,"_links":{"self":[{"href":"https:\/\/treslineasnoticias.com.ar\/index.php?rest_route=\/wp\/v2\/posts\/24767","targetHints":{"allow":["GET"]}}],"collection":[{"href":"https:\/\/treslineasnoticias.com.ar\/index.php?rest_route=\/wp\/v2\/posts"}],"about":[{"href":"https:\/\/treslineasnoticias.com.ar\/index.php?rest_route=\/wp\/v2\/types\/post"}],"author":[{"embeddable":true,"href":"https:\/\/treslineasnoticias.com.ar\/index.php?rest_route=\/wp\/v2\/users\/3"}],"replies":[{"embeddable":true,"href":"https:\/\/treslineasnoticias.com.ar\/index.php?rest_route=%2Fwp%2Fv2%2Fcomments&post=24767"}],"version-history":[{"count":1,"href":"https:\/\/treslineasnoticias.com.ar\/index.php?rest_route=\/wp\/v2\/posts\/24767\/revisions"}],"predecessor-version":[{"id":24772,"href":"https:\/\/treslineasnoticias.com.ar\/index.php?rest_route=\/wp\/v2\/posts\/24767\/revisions\/24772"}],"wp:featuredmedia":[{"embeddable":true,"href":"https:\/\/treslineasnoticias.com.ar\/index.php?rest_route=\/wp\/v2\/media\/24768"}],"wp:attachment":[{"href":"https:\/\/treslineasnoticias.com.ar\/index.php?rest_route=%2Fwp%2Fv2%2Fmedia&parent=24767"}],"wp:term":[{"taxonomy":"category","embeddable":true,"href":"https:\/\/treslineasnoticias.com.ar\/index.php?rest_route=%2Fwp%2Fv2%2Fcategories&post=24767"},{"taxonomy":"post_tag","embeddable":true,"href":"https:\/\/treslineasnoticias.com.ar\/index.php?rest_route=%2Fwp%2Fv2%2Ftags&post=24767"}],"curies":[{"name":"wp","href":"https:\/\/api.w.org\/{rel}","templated":true}]}}