{"id":24773,"date":"2026-04-24T23:55:00","date_gmt":"2026-04-25T02:55:00","guid":{"rendered":"https:\/\/treslineasnoticias.com.ar\/?p=24773"},"modified":"2026-04-26T12:01:17","modified_gmt":"2026-04-26T15:01:17","slug":"retos-en-redes-sociales-responsabilidad-y-puntos-clave-del-regimen-penal-juvenil","status":"publish","type":"post","link":"https:\/\/treslineasnoticias.com.ar\/?p=24773","title":{"rendered":"Retos en redes sociales, responsabilidad y puntos clave del R\u00e9gimen Penal Juvenil"},"content":{"rendered":"\n<p><strong><em>Estudiantes varelenses protagonizaron el quinto encuentro del plan municipal de fortalecimiento de lectura y alfabetizaci\u00f3n, donde el eje fue la viralizaci\u00f3n de mensajes violentos en escuelas, pero tambi\u00e9n el alcance del nuevo R\u00e9gimen Penal Juvenil (Ley N\u00ba27.801), el \u00faltimo viernes de abril en el sal\u00f3n de Bomberos Voluntarios del partido.<\/em><\/strong><\/p>\n\n\n\n<figure class=\"wp-block-image size-large\"><img loading=\"lazy\" decoding=\"async\" width=\"1024\" height=\"683\" src=\"http:\/\/treslineasnoticias.com.ar\/wp-content\/uploads\/2026\/04\/65453428-488b-f9d5-1990-81dfadfaacbc-1024x683.jpg\" alt=\"\" class=\"wp-image-24775\" srcset=\"https:\/\/treslineasnoticias.com.ar\/wp-content\/uploads\/2026\/04\/65453428-488b-f9d5-1990-81dfadfaacbc-1024x683.jpg 1024w, https:\/\/treslineasnoticias.com.ar\/wp-content\/uploads\/2026\/04\/65453428-488b-f9d5-1990-81dfadfaacbc-300x200.jpg 300w, https:\/\/treslineasnoticias.com.ar\/wp-content\/uploads\/2026\/04\/65453428-488b-f9d5-1990-81dfadfaacbc-768x512.jpg 768w, https:\/\/treslineasnoticias.com.ar\/wp-content\/uploads\/2026\/04\/65453428-488b-f9d5-1990-81dfadfaacbc-1536x1024.jpg 1536w, https:\/\/treslineasnoticias.com.ar\/wp-content\/uploads\/2026\/04\/65453428-488b-f9d5-1990-81dfadfaacbc-2048x1365.jpg 2048w\" sizes=\"auto, (max-width: 1024px) 100vw, 1024px\" \/><\/figure>\n\n\n\n<p>El intendente Andr\u00e9s Watson inici\u00f3 las disertaciones con \u201cun agradecimiento a la Justicia, personificado en algunos de sus representantes, para acercarles a los chicos y las chicas los instrumentos indispensables para analizar un tema en boga: los retos en las redes sociales\u201d.<\/p>\n\n\n\n<p>El Mandatario Comunal comprendi\u00f3 \u201clas diferentes circunstancias que enfrent\u00f3 la juventud en una actualidad cambiante y hostil, pero la herramienta fundamental para afrontarlo siempre fue el di\u00e1logo\u201d. Plante\u00f3 a cada presente \u201centender que no fueron chistes, fueron actos que no solo implicaron el despliegue de dispositivos para cuidar la integridad, sino las consecuencias que conllevaron\u201d.<\/p>\n\n\n\n<p>Milagros Acu\u00f1a y Xiomara Cruz, de la Media N\u00ba2 de El Roc\u00edo, contaron su experiencia en la prevenci\u00f3n de hechos similares. \u201cHicimos reuniones para darle el tratamiento necesario. Advertimos que las y los m\u00e1s peque\u00f1os estaban asustados\u201d, lamentaron.<\/p>\n\n\n\n<figure class=\"wp-block-image size-large\"><img loading=\"lazy\" decoding=\"async\" width=\"1024\" height=\"683\" src=\"http:\/\/treslineasnoticias.com.ar\/wp-content\/uploads\/2026\/04\/92bc7d2e-5ee7-e2be-b2d0-e34037e58984-1024x683.jpg\" alt=\"\" class=\"wp-image-24774\" srcset=\"https:\/\/treslineasnoticias.com.ar\/wp-content\/uploads\/2026\/04\/92bc7d2e-5ee7-e2be-b2d0-e34037e58984-1024x683.jpg 1024w, https:\/\/treslineasnoticias.com.ar\/wp-content\/uploads\/2026\/04\/92bc7d2e-5ee7-e2be-b2d0-e34037e58984-300x200.jpg 300w, https:\/\/treslineasnoticias.com.ar\/wp-content\/uploads\/2026\/04\/92bc7d2e-5ee7-e2be-b2d0-e34037e58984-768x512.jpg 768w, https:\/\/treslineasnoticias.com.ar\/wp-content\/uploads\/2026\/04\/92bc7d2e-5ee7-e2be-b2d0-e34037e58984-1536x1024.jpg 1536w, https:\/\/treslineasnoticias.com.ar\/wp-content\/uploads\/2026\/04\/92bc7d2e-5ee7-e2be-b2d0-e34037e58984-2048x1365.jpg 2048w\" sizes=\"auto, (max-width: 1024px) 100vw, 1024px\" \/><\/figure>\n\n\n\n<p>La subsecretaria de Prensa y Comunicaci\u00f3n, Noelia Pi\u00f1eiro, convers\u00f3 tanto con alumnos como alumnas para discernir en conjunto \u201cla connotaci\u00f3n negativa o peligrosa de videos masivos, sobre todo en plataformas como TikTok que generaron consumos m\u00e1s r\u00e1pidos, en menor cantidad de tiempo, con menos chequeos: las fake news, por ejemplo\u201d.<\/p>\n\n\n\n<p>Nicole Ju\u00e1rez, de la E.S. N\u00ba6 \u201cHomero Manzi\u201d de Villa Cirio, coincidi\u00f3 con sus pares en \u201cla preocupaci\u00f3n: muchas personas faltaron a clase, pero nosotros acompa\u00f1amos para que estuvieran tranquilos\u201d.<\/p>\n\n\n\n<p>El panel estuvo conformado por: Marina Corbelli, directora de Abordaje Inclusivo y Capacitaciones municipal; Valeria Patanella, titular de la Fiscal\u00eda de Responsabilidad Penal Juvenil N\u00ba2 de Berazategui; Juan Pablo Lelievre, secretario de la Defensor\u00eda de Responsabilidad Penal Juvenil N\u00ba5 de Berazategui; Marcelo Leguizam\u00f3n, secretario de la Defensor\u00eda de Responsabilidad Penal Juvenil N\u00ba3 de Florencio Varela.<\/p>\n\n\n\n<figure class=\"wp-block-image size-large\"><img loading=\"lazy\" decoding=\"async\" width=\"1024\" height=\"683\" src=\"http:\/\/treslineasnoticias.com.ar\/wp-content\/uploads\/2026\/04\/4f05b788-9555-4eff-991e-c33885bf1ef5-1024x683.jpg\" alt=\"\" class=\"wp-image-24776\" srcset=\"https:\/\/treslineasnoticias.com.ar\/wp-content\/uploads\/2026\/04\/4f05b788-9555-4eff-991e-c33885bf1ef5-1024x683.jpg 1024w, https:\/\/treslineasnoticias.com.ar\/wp-content\/uploads\/2026\/04\/4f05b788-9555-4eff-991e-c33885bf1ef5-300x200.jpg 300w, https:\/\/treslineasnoticias.com.ar\/wp-content\/uploads\/2026\/04\/4f05b788-9555-4eff-991e-c33885bf1ef5-768x512.jpg 768w, https:\/\/treslineasnoticias.com.ar\/wp-content\/uploads\/2026\/04\/4f05b788-9555-4eff-991e-c33885bf1ef5-1536x1024.jpg 1536w, https:\/\/treslineasnoticias.com.ar\/wp-content\/uploads\/2026\/04\/4f05b788-9555-4eff-991e-c33885bf1ef5-2048x1365.jpg 2048w\" sizes=\"auto, (max-width: 1024px) 100vw, 1024px\" \/><\/figure>\n\n\n\n<p>Estuvieron centros que nuclearon al alumnado, j\u00f3venes replicadores del programa \u201cContener\u201d, directivos, equipos de orientaci\u00f3n escolar; el secretario de Gobierno, Daniel Dono Leidi; el presidente del Honorable Concejo Deliberante, Gustavo Rearte; el fiscal adjunto del Poder Judicial de Quilmes, Ernesto Ichazo; el defensor penal juvenil de Florencio Varela, Carlos Lagioia, la defensora oficial criminal y correccional de Florencio Varela, Mar\u00eda Laura Varela; autoridades educativas de la regi\u00f3n y del distrito, entre otros.<\/p>\n","protected":false},"excerpt":{"rendered":"<p>Estudiantes varelenses protagonizaron el quinto encuentro del plan municipal de fortalecimiento de lectura y alfabetizaci\u00f3n, donde el eje fue la viralizaci\u00f3n de mensajes violentos en escuelas, pero tambi\u00e9n el alcance del nuevo R\u00e9gimen Penal Juvenil (Ley N\u00ba27.801), el \u00faltimo viernes de abril en el sal\u00f3n de Bomberos Voluntarios del partido. El intendente Andr\u00e9s Watson inici\u00f3 [&hellip;]<\/p>\n","protected":false},"author":3,"featured_media":24777,"comment_status":"open","ping_status":"open","sticky":false,"template":"","format":"standard","meta":{"_jetpack_memberships_contains_paid_content":false,"footnotes":""},"categories":[6],"tags":[],"class_list":["post-24773","post","type-post","status-publish","format-standard","has-post-thumbnail","hentry","category-florencio-varela"],"yoast_head":"<!-- This site is optimized with the Yoast SEO plugin v24.7 - https:\/\/yoast.com\/wordpress\/plugins\/seo\/ -->\n<title>Retos en redes sociales, responsabilidad y puntos clave del R\u00e9gimen Penal Juvenil - Tres Lineas Noticias<\/title>\n<meta name=\"robots\" content=\"index, follow, max-snippet:-1, max-image-preview:large, max-video-preview:-1\" \/>\n<link rel=\"canonical\" href=\"https:\/\/treslineasnoticias.com.ar\/?p=24773\" \/>\n<meta property=\"og:locale\" content=\"es_ES\" \/>\n<meta property=\"og:type\" content=\"article\" \/>\n<meta property=\"og:title\" content=\"Retos en redes sociales, responsabilidad y puntos clave del R\u00e9gimen Penal Juvenil - Tres Lineas Noticias\" \/>\n<meta property=\"og:description\" content=\"Estudiantes varelenses protagonizaron el quinto encuentro del plan municipal de fortalecimiento de lectura y alfabetizaci\u00f3n, donde el eje fue la viralizaci\u00f3n de mensajes violentos en escuelas, pero tambi\u00e9n el alcance del nuevo R\u00e9gimen Penal Juvenil (Ley N\u00ba27.801), el \u00faltimo viernes de abril en el sal\u00f3n de Bomberos Voluntarios del partido. El intendente Andr\u00e9s Watson inici\u00f3 [&hellip;]\" \/>\n<meta property=\"og:url\" content=\"https:\/\/treslineasnoticias.com.ar\/?p=24773\" \/>\n<meta property=\"og:site_name\" content=\"Tres Lineas Noticias\" \/>\n<meta property=\"article:published_time\" content=\"2026-04-25T02:55:00+00:00\" \/>\n<meta property=\"article:modified_time\" content=\"2026-04-26T15:01:17+00:00\" \/>\n<meta property=\"og:image\" content=\"http:\/\/treslineasnoticias.com.ar\/wp-content\/uploads\/2026\/04\/61317dec-b72f-76a7-0600-d5bba53471ca-scaled.jpg\" \/>\n\t<meta property=\"og:image:width\" content=\"2560\" \/>\n\t<meta property=\"og:image:height\" content=\"1706\" \/>\n\t<meta property=\"og:image:type\" content=\"image\/jpeg\" \/>\n<meta name=\"author\" content=\"Horacio L\u00f3pez\" \/>\n<meta name=\"twitter:card\" content=\"summary_large_image\" \/>\n<meta name=\"twitter:label1\" content=\"Escrito por\" \/>\n\t<meta name=\"twitter:data1\" content=\"Horacio L\u00f3pez\" \/>\n\t<meta name=\"twitter:label2\" content=\"Tiempo de lectura\" \/>\n\t<meta name=\"twitter:data2\" content=\"3 minutos\" \/>\n<script type=\"application\/ld+json\" class=\"yoast-schema-graph\">{\"@context\":\"https:\/\/schema.org\",\"@graph\":[{\"@type\":\"WebPage\",\"@id\":\"https:\/\/treslineasnoticias.com.ar\/?p=24773\",\"url\":\"https:\/\/treslineasnoticias.com.ar\/?p=24773\",\"name\":\"Retos en redes sociales, responsabilidad y puntos clave del R\u00e9gimen Penal Juvenil - Tres Lineas Noticias\",\"isPartOf\":{\"@id\":\"https:\/\/treslineasnoticias.com.ar\/#website\"},\"primaryImageOfPage\":{\"@id\":\"https:\/\/treslineasnoticias.com.ar\/?p=24773#primaryimage\"},\"image\":{\"@id\":\"https:\/\/treslineasnoticias.com.ar\/?p=24773#primaryimage\"},\"thumbnailUrl\":\"https:\/\/treslineasnoticias.com.ar\/wp-content\/uploads\/2026\/04\/61317dec-b72f-76a7-0600-d5bba53471ca-scaled.jpg\",\"datePublished\":\"2026-04-25T02:55:00+00:00\",\"dateModified\":\"2026-04-26T15:01:17+00:00\",\"author\":{\"@id\":\"https:\/\/treslineasnoticias.com.ar\/#\/schema\/person\/c5f7249e50517b84c2379b145ca14895\"},\"breadcrumb\":{\"@id\":\"https:\/\/treslineasnoticias.com.ar\/?p=24773#breadcrumb\"},\"inLanguage\":\"es\",\"potentialAction\":[{\"@type\":\"ReadAction\",\"target\":[\"https:\/\/treslineasnoticias.com.ar\/?p=24773\"]}]},{\"@type\":\"ImageObject\",\"inLanguage\":\"es\",\"@id\":\"https:\/\/treslineasnoticias.com.ar\/?p=24773#primaryimage\",\"url\":\"https:\/\/treslineasnoticias.com.ar\/wp-content\/uploads\/2026\/04\/61317dec-b72f-76a7-0600-d5bba53471ca-scaled.jpg\",\"contentUrl\":\"https:\/\/treslineasnoticias.com.ar\/wp-content\/uploads\/2026\/04\/61317dec-b72f-76a7-0600-d5bba53471ca-scaled.jpg\",\"width\":2560,\"height\":1706},{\"@type\":\"BreadcrumbList\",\"@id\":\"https:\/\/treslineasnoticias.com.ar\/?p=24773#breadcrumb\",\"itemListElement\":[{\"@type\":\"ListItem\",\"position\":1,\"name\":\"Portada\",\"item\":\"https:\/\/treslineasnoticias.com.ar\/\"},{\"@type\":\"ListItem\",\"position\":2,\"name\":\"Retos en redes sociales, responsabilidad y puntos clave del R\u00e9gimen Penal Juvenil\"}]},{\"@type\":\"WebSite\",\"@id\":\"https:\/\/treslineasnoticias.com.ar\/#website\",\"url\":\"https:\/\/treslineasnoticias.com.ar\/\",\"name\":\"Tres Lineas Noticias\",\"description\":\"\",\"potentialAction\":[{\"@type\":\"SearchAction\",\"target\":{\"@type\":\"EntryPoint\",\"urlTemplate\":\"https:\/\/treslineasnoticias.com.ar\/?s={search_term_string}\"},\"query-input\":{\"@type\":\"PropertyValueSpecification\",\"valueRequired\":true,\"valueName\":\"search_term_string\"}}],\"inLanguage\":\"es\"},{\"@type\":\"Person\",\"@id\":\"https:\/\/treslineasnoticias.com.ar\/#\/schema\/person\/c5f7249e50517b84c2379b145ca14895\",\"name\":\"Horacio L\u00f3pez\",\"image\":{\"@type\":\"ImageObject\",\"inLanguage\":\"es\",\"@id\":\"https:\/\/treslineasnoticias.com.ar\/#\/schema\/person\/image\/\",\"url\":\"https:\/\/treslineasnoticias.com.ar\/wp-content\/litespeed\/avatar\/ddbec442f0224f940ce000570a0cb216.jpg?ver=1777068930\",\"contentUrl\":\"https:\/\/treslineasnoticias.com.ar\/wp-content\/litespeed\/avatar\/ddbec442f0224f940ce000570a0cb216.jpg?ver=1777068930\",\"caption\":\"Horacio L\u00f3pez\"},\"sameAs\":[\"http:\/\/treslineasnoticias.com.ar\"],\"url\":\"https:\/\/treslineasnoticias.com.ar\/?author=3\"}]}<\/script>\n<!-- \/ Yoast SEO plugin. -->","yoast_head_json":{"title":"Retos en redes sociales, responsabilidad y puntos clave del R\u00e9gimen Penal Juvenil - Tres Lineas Noticias","robots":{"index":"index","follow":"follow","max-snippet":"max-snippet:-1","max-image-preview":"max-image-preview:large","max-video-preview":"max-video-preview:-1"},"canonical":"https:\/\/treslineasnoticias.com.ar\/?p=24773","og_locale":"es_ES","og_type":"article","og_title":"Retos en redes sociales, responsabilidad y puntos clave del R\u00e9gimen Penal Juvenil - Tres Lineas Noticias","og_description":"Estudiantes varelenses protagonizaron el quinto encuentro del plan municipal de fortalecimiento de lectura y alfabetizaci\u00f3n, donde el eje fue la viralizaci\u00f3n de mensajes violentos en escuelas, pero tambi\u00e9n el alcance del nuevo R\u00e9gimen Penal Juvenil (Ley N\u00ba27.801), el \u00faltimo viernes de abril en el sal\u00f3n de Bomberos Voluntarios del partido. El intendente Andr\u00e9s Watson inici\u00f3 [&hellip;]","og_url":"https:\/\/treslineasnoticias.com.ar\/?p=24773","og_site_name":"Tres Lineas Noticias","article_published_time":"2026-04-25T02:55:00+00:00","article_modified_time":"2026-04-26T15:01:17+00:00","og_image":[{"width":2560,"height":1706,"url":"http:\/\/treslineasnoticias.com.ar\/wp-content\/uploads\/2026\/04\/61317dec-b72f-76a7-0600-d5bba53471ca-scaled.jpg","type":"image\/jpeg"}],"author":"Horacio L\u00f3pez","twitter_card":"summary_large_image","twitter_misc":{"Escrito por":"Horacio L\u00f3pez","Tiempo de lectura":"3 minutos"},"schema":{"@context":"https:\/\/schema.org","@graph":[{"@type":"WebPage","@id":"https:\/\/treslineasnoticias.com.ar\/?p=24773","url":"https:\/\/treslineasnoticias.com.ar\/?p=24773","name":"Retos en redes sociales, responsabilidad y puntos clave del R\u00e9gimen Penal Juvenil - Tres Lineas Noticias","isPartOf":{"@id":"https:\/\/treslineasnoticias.com.ar\/#website"},"primaryImageOfPage":{"@id":"https:\/\/treslineasnoticias.com.ar\/?p=24773#primaryimage"},"image":{"@id":"https:\/\/treslineasnoticias.com.ar\/?p=24773#primaryimage"},"thumbnailUrl":"https:\/\/treslineasnoticias.com.ar\/wp-content\/uploads\/2026\/04\/61317dec-b72f-76a7-0600-d5bba53471ca-scaled.jpg","datePublished":"2026-04-25T02:55:00+00:00","dateModified":"2026-04-26T15:01:17+00:00","author":{"@id":"https:\/\/treslineasnoticias.com.ar\/#\/schema\/person\/c5f7249e50517b84c2379b145ca14895"},"breadcrumb":{"@id":"https:\/\/treslineasnoticias.com.ar\/?p=24773#breadcrumb"},"inLanguage":"es","potentialAction":[{"@type":"ReadAction","target":["https:\/\/treslineasnoticias.com.ar\/?p=24773"]}]},{"@type":"ImageObject","inLanguage":"es","@id":"https:\/\/treslineasnoticias.com.ar\/?p=24773#primaryimage","url":"https:\/\/treslineasnoticias.com.ar\/wp-content\/uploads\/2026\/04\/61317dec-b72f-76a7-0600-d5bba53471ca-scaled.jpg","contentUrl":"https:\/\/treslineasnoticias.com.ar\/wp-content\/uploads\/2026\/04\/61317dec-b72f-76a7-0600-d5bba53471ca-scaled.jpg","width":2560,"height":1706},{"@type":"BreadcrumbList","@id":"https:\/\/treslineasnoticias.com.ar\/?p=24773#breadcrumb","itemListElement":[{"@type":"ListItem","position":1,"name":"Portada","item":"https:\/\/treslineasnoticias.com.ar\/"},{"@type":"ListItem","position":2,"name":"Retos en redes sociales, responsabilidad y puntos clave del R\u00e9gimen Penal Juvenil"}]},{"@type":"WebSite","@id":"https:\/\/treslineasnoticias.com.ar\/#website","url":"https:\/\/treslineasnoticias.com.ar\/","name":"Tres Lineas Noticias","description":"","potentialAction":[{"@type":"SearchAction","target":{"@type":"EntryPoint","urlTemplate":"https:\/\/treslineasnoticias.com.ar\/?s={search_term_string}"},"query-input":{"@type":"PropertyValueSpecification","valueRequired":true,"valueName":"search_term_string"}}],"inLanguage":"es"},{"@type":"Person","@id":"https:\/\/treslineasnoticias.com.ar\/#\/schema\/person\/c5f7249e50517b84c2379b145ca14895","name":"Horacio L\u00f3pez","image":{"@type":"ImageObject","inLanguage":"es","@id":"https:\/\/treslineasnoticias.com.ar\/#\/schema\/person\/image\/","url":"https:\/\/treslineasnoticias.com.ar\/wp-content\/litespeed\/avatar\/ddbec442f0224f940ce000570a0cb216.jpg?ver=1777068930","contentUrl":"https:\/\/treslineasnoticias.com.ar\/wp-content\/litespeed\/avatar\/ddbec442f0224f940ce000570a0cb216.jpg?ver=1777068930","caption":"Horacio L\u00f3pez"},"sameAs":["http:\/\/treslineasnoticias.com.ar"],"url":"https:\/\/treslineasnoticias.com.ar\/?author=3"}]}},"jetpack_featured_media_url":"https:\/\/treslineasnoticias.com.ar\/wp-content\/uploads\/2026\/04\/61317dec-b72f-76a7-0600-d5bba53471ca-scaled.jpg","jetpack_sharing_enabled":true,"_links":{"self":[{"href":"https:\/\/treslineasnoticias.com.ar\/index.php?rest_route=\/wp\/v2\/posts\/24773","targetHints":{"allow":["GET"]}}],"collection":[{"href":"https:\/\/treslineasnoticias.com.ar\/index.php?rest_route=\/wp\/v2\/posts"}],"about":[{"href":"https:\/\/treslineasnoticias.com.ar\/index.php?rest_route=\/wp\/v2\/types\/post"}],"author":[{"embeddable":true,"href":"https:\/\/treslineasnoticias.com.ar\/index.php?rest_route=\/wp\/v2\/users\/3"}],"replies":[{"embeddable":true,"href":"https:\/\/treslineasnoticias.com.ar\/index.php?rest_route=%2Fwp%2Fv2%2Fcomments&post=24773"}],"version-history":[{"count":1,"href":"https:\/\/treslineasnoticias.com.ar\/index.php?rest_route=\/wp\/v2\/posts\/24773\/revisions"}],"predecessor-version":[{"id":24778,"href":"https:\/\/treslineasnoticias.com.ar\/index.php?rest_route=\/wp\/v2\/posts\/24773\/revisions\/24778"}],"wp:featuredmedia":[{"embeddable":true,"href":"https:\/\/treslineasnoticias.com.ar\/index.php?rest_route=\/wp\/v2\/media\/24777"}],"wp:attachment":[{"href":"https:\/\/treslineasnoticias.com.ar\/index.php?rest_route=%2Fwp%2Fv2%2Fmedia&parent=24773"}],"wp:term":[{"taxonomy":"category","embeddable":true,"href":"https:\/\/treslineasnoticias.com.ar\/index.php?rest_route=%2Fwp%2Fv2%2Fcategories&post=24773"},{"taxonomy":"post_tag","embeddable":true,"href":"https:\/\/treslineasnoticias.com.ar\/index.php?rest_route=%2Fwp%2Fv2%2Ftags&post=24773"}],"curies":[{"name":"wp","href":"https:\/\/api.w.org\/{rel}","templated":true}]}}