{"id":24779,"date":"2026-04-24T23:01:00","date_gmt":"2026-04-25T02:01:00","guid":{"rendered":"https:\/\/treslineasnoticias.com.ar\/?p=24779"},"modified":"2026-04-26T12:03:20","modified_gmt":"2026-04-26T15:03:20","slug":"nuevos-asfaltos-en-villa-del-plata-con-financiamiento-comunal","status":"publish","type":"post","link":"https:\/\/treslineasnoticias.com.ar\/?p=24779","title":{"rendered":"Nuevos asfaltos en Villa del Plata con financiamiento comunal"},"content":{"rendered":"\n<p><strong><em>El Municipio de Florencio Varela planifica el comienzo de tareas de pavimentaci\u00f3n en hormig\u00f3n simple a partir del lunes 27 de abril sobre Carlos Casares, entre Gral. Rudecindo Alvarado y Antonio Luis Beruti.<\/em><\/strong><\/p>\n\n\n\n<p>La intervenci\u00f3n, impulsada a trav\u00e9s de fondos comunales, tiene como prop\u00f3sito ampliar la red vial y optimizar la circulaci\u00f3n en los alrededores de la plaza Mail\u00edn.<\/p>\n\n\n\n<p>Adem\u00e1s, los trabajos facilitar\u00e1n el acceso a las instituciones educativas de la zona, como la Primaria N\u00ba15, la Secundaria N\u00ba28 o el Jard\u00edn de Infantes N\u00ba908 mediante las arterias vehiculares principales del partido.<\/p>\n\n\n\n<p>Por otro lado, el proyecto incluir\u00e1 la colocaci\u00f3n de diez rampas peatonales en el trayecto detallado, sumado al tramo de Beruti que comprende desde Carlos Casares hacia Carlos Tejedor.<\/p>\n\n\n\n<p>Estimaron la realizaci\u00f3n de la obra en un plazo aproximado de 45 d\u00edas, con interrupci\u00f3n en el tr\u00e1nsito de veh\u00edculos.<\/p>\n","protected":false},"excerpt":{"rendered":"<p>El Municipio de Florencio Varela planifica el comienzo de tareas de pavimentaci\u00f3n en hormig\u00f3n simple a partir del lunes 27 de abril sobre Carlos Casares, entre Gral. Rudecindo Alvarado y Antonio Luis Beruti. La intervenci\u00f3n, impulsada a trav\u00e9s de fondos comunales, tiene como prop\u00f3sito ampliar la red vial y optimizar la circulaci\u00f3n en los alrededores [&hellip;]<\/p>\n","protected":false},"author":3,"featured_media":24780,"comment_status":"open","ping_status":"open","sticky":false,"template":"","format":"standard","meta":{"_jetpack_memberships_contains_paid_content":false,"footnotes":""},"categories":[6],"tags":[],"class_list":["post-24779","post","type-post","status-publish","format-standard","has-post-thumbnail","hentry","category-florencio-varela"],"yoast_head":"<!-- This site is optimized with the Yoast SEO plugin v24.7 - https:\/\/yoast.com\/wordpress\/plugins\/seo\/ -->\n<title>Nuevos asfaltos en Villa del Plata con financiamiento comunal - Tres Lineas Noticias<\/title>\n<meta name=\"robots\" content=\"index, follow, max-snippet:-1, max-image-preview:large, max-video-preview:-1\" \/>\n<link rel=\"canonical\" href=\"https:\/\/treslineasnoticias.com.ar\/?p=24779\" \/>\n<meta property=\"og:locale\" content=\"es_ES\" \/>\n<meta property=\"og:type\" content=\"article\" \/>\n<meta property=\"og:title\" content=\"Nuevos asfaltos en Villa del Plata con financiamiento comunal - Tres Lineas Noticias\" \/>\n<meta property=\"og:description\" content=\"El Municipio de Florencio Varela planifica el comienzo de tareas de pavimentaci\u00f3n en hormig\u00f3n simple a partir del lunes 27 de abril sobre Carlos Casares, entre Gral. Rudecindo Alvarado y Antonio Luis Beruti. La intervenci\u00f3n, impulsada a trav\u00e9s de fondos comunales, tiene como prop\u00f3sito ampliar la red vial y optimizar la circulaci\u00f3n en los alrededores [&hellip;]\" \/>\n<meta property=\"og:url\" content=\"https:\/\/treslineasnoticias.com.ar\/?p=24779\" \/>\n<meta property=\"og:site_name\" content=\"Tres Lineas Noticias\" \/>\n<meta property=\"article:published_time\" content=\"2026-04-25T02:01:00+00:00\" \/>\n<meta property=\"article:modified_time\" content=\"2026-04-26T15:03:20+00:00\" \/>\n<meta property=\"og:image\" content=\"http:\/\/treslineasnoticias.com.ar\/wp-content\/uploads\/2026\/04\/54d615a5-9660-4fcf-1692-55181fe8df08.png\" \/>\n\t<meta property=\"og:image:width\" content=\"1234\" \/>\n\t<meta property=\"og:image:height\" content=\"869\" \/>\n\t<meta property=\"og:image:type\" content=\"image\/png\" \/>\n<meta name=\"author\" content=\"Horacio L\u00f3pez\" \/>\n<meta name=\"twitter:card\" content=\"summary_large_image\" \/>\n<meta name=\"twitter:label1\" content=\"Escrito por\" \/>\n\t<meta name=\"twitter:data1\" content=\"Horacio L\u00f3pez\" \/>\n\t<meta name=\"twitter:label2\" content=\"Tiempo de lectura\" \/>\n\t<meta name=\"twitter:data2\" content=\"1 minuto\" \/>\n<script type=\"application\/ld+json\" class=\"yoast-schema-graph\">{\"@context\":\"https:\/\/schema.org\",\"@graph\":[{\"@type\":\"WebPage\",\"@id\":\"https:\/\/treslineasnoticias.com.ar\/?p=24779\",\"url\":\"https:\/\/treslineasnoticias.com.ar\/?p=24779\",\"name\":\"Nuevos asfaltos en Villa del Plata con financiamiento comunal - Tres Lineas Noticias\",\"isPartOf\":{\"@id\":\"https:\/\/treslineasnoticias.com.ar\/#website\"},\"primaryImageOfPage\":{\"@id\":\"https:\/\/treslineasnoticias.com.ar\/?p=24779#primaryimage\"},\"image\":{\"@id\":\"https:\/\/treslineasnoticias.com.ar\/?p=24779#primaryimage\"},\"thumbnailUrl\":\"https:\/\/treslineasnoticias.com.ar\/wp-content\/uploads\/2026\/04\/54d615a5-9660-4fcf-1692-55181fe8df08.png\",\"datePublished\":\"2026-04-25T02:01:00+00:00\",\"dateModified\":\"2026-04-26T15:03:20+00:00\",\"author\":{\"@id\":\"https:\/\/treslineasnoticias.com.ar\/#\/schema\/person\/c5f7249e50517b84c2379b145ca14895\"},\"breadcrumb\":{\"@id\":\"https:\/\/treslineasnoticias.com.ar\/?p=24779#breadcrumb\"},\"inLanguage\":\"es\",\"potentialAction\":[{\"@type\":\"ReadAction\",\"target\":[\"https:\/\/treslineasnoticias.com.ar\/?p=24779\"]}]},{\"@type\":\"ImageObject\",\"inLanguage\":\"es\",\"@id\":\"https:\/\/treslineasnoticias.com.ar\/?p=24779#primaryimage\",\"url\":\"https:\/\/treslineasnoticias.com.ar\/wp-content\/uploads\/2026\/04\/54d615a5-9660-4fcf-1692-55181fe8df08.png\",\"contentUrl\":\"https:\/\/treslineasnoticias.com.ar\/wp-content\/uploads\/2026\/04\/54d615a5-9660-4fcf-1692-55181fe8df08.png\",\"width\":1234,\"height\":869},{\"@type\":\"BreadcrumbList\",\"@id\":\"https:\/\/treslineasnoticias.com.ar\/?p=24779#breadcrumb\",\"itemListElement\":[{\"@type\":\"ListItem\",\"position\":1,\"name\":\"Portada\",\"item\":\"https:\/\/treslineasnoticias.com.ar\/\"},{\"@type\":\"ListItem\",\"position\":2,\"name\":\"Nuevos asfaltos en Villa del Plata con financiamiento comunal\"}]},{\"@type\":\"WebSite\",\"@id\":\"https:\/\/treslineasnoticias.com.ar\/#website\",\"url\":\"https:\/\/treslineasnoticias.com.ar\/\",\"name\":\"Tres Lineas Noticias\",\"description\":\"\",\"potentialAction\":[{\"@type\":\"SearchAction\",\"target\":{\"@type\":\"EntryPoint\",\"urlTemplate\":\"https:\/\/treslineasnoticias.com.ar\/?s={search_term_string}\"},\"query-input\":{\"@type\":\"PropertyValueSpecification\",\"valueRequired\":true,\"valueName\":\"search_term_string\"}}],\"inLanguage\":\"es\"},{\"@type\":\"Person\",\"@id\":\"https:\/\/treslineasnoticias.com.ar\/#\/schema\/person\/c5f7249e50517b84c2379b145ca14895\",\"name\":\"Horacio L\u00f3pez\",\"image\":{\"@type\":\"ImageObject\",\"inLanguage\":\"es\",\"@id\":\"https:\/\/treslineasnoticias.com.ar\/#\/schema\/person\/image\/\",\"url\":\"https:\/\/treslineasnoticias.com.ar\/wp-content\/litespeed\/avatar\/ddbec442f0224f940ce000570a0cb216.jpg?ver=1777068930\",\"contentUrl\":\"https:\/\/treslineasnoticias.com.ar\/wp-content\/litespeed\/avatar\/ddbec442f0224f940ce000570a0cb216.jpg?ver=1777068930\",\"caption\":\"Horacio L\u00f3pez\"},\"sameAs\":[\"http:\/\/treslineasnoticias.com.ar\"],\"url\":\"https:\/\/treslineasnoticias.com.ar\/?author=3\"}]}<\/script>\n<!-- \/ Yoast SEO plugin. -->","yoast_head_json":{"title":"Nuevos asfaltos en Villa del Plata con financiamiento comunal - Tres Lineas Noticias","robots":{"index":"index","follow":"follow","max-snippet":"max-snippet:-1","max-image-preview":"max-image-preview:large","max-video-preview":"max-video-preview:-1"},"canonical":"https:\/\/treslineasnoticias.com.ar\/?p=24779","og_locale":"es_ES","og_type":"article","og_title":"Nuevos asfaltos en Villa del Plata con financiamiento comunal - Tres Lineas Noticias","og_description":"El Municipio de Florencio Varela planifica el comienzo de tareas de pavimentaci\u00f3n en hormig\u00f3n simple a partir del lunes 27 de abril sobre Carlos Casares, entre Gral. Rudecindo Alvarado y Antonio Luis Beruti. La intervenci\u00f3n, impulsada a trav\u00e9s de fondos comunales, tiene como prop\u00f3sito ampliar la red vial y optimizar la circulaci\u00f3n en los alrededores [&hellip;]","og_url":"https:\/\/treslineasnoticias.com.ar\/?p=24779","og_site_name":"Tres Lineas Noticias","article_published_time":"2026-04-25T02:01:00+00:00","article_modified_time":"2026-04-26T15:03:20+00:00","og_image":[{"width":1234,"height":869,"url":"http:\/\/treslineasnoticias.com.ar\/wp-content\/uploads\/2026\/04\/54d615a5-9660-4fcf-1692-55181fe8df08.png","type":"image\/png"}],"author":"Horacio L\u00f3pez","twitter_card":"summary_large_image","twitter_misc":{"Escrito por":"Horacio L\u00f3pez","Tiempo de lectura":"1 minuto"},"schema":{"@context":"https:\/\/schema.org","@graph":[{"@type":"WebPage","@id":"https:\/\/treslineasnoticias.com.ar\/?p=24779","url":"https:\/\/treslineasnoticias.com.ar\/?p=24779","name":"Nuevos asfaltos en Villa del Plata con financiamiento comunal - Tres Lineas Noticias","isPartOf":{"@id":"https:\/\/treslineasnoticias.com.ar\/#website"},"primaryImageOfPage":{"@id":"https:\/\/treslineasnoticias.com.ar\/?p=24779#primaryimage"},"image":{"@id":"https:\/\/treslineasnoticias.com.ar\/?p=24779#primaryimage"},"thumbnailUrl":"https:\/\/treslineasnoticias.com.ar\/wp-content\/uploads\/2026\/04\/54d615a5-9660-4fcf-1692-55181fe8df08.png","datePublished":"2026-04-25T02:01:00+00:00","dateModified":"2026-04-26T15:03:20+00:00","author":{"@id":"https:\/\/treslineasnoticias.com.ar\/#\/schema\/person\/c5f7249e50517b84c2379b145ca14895"},"breadcrumb":{"@id":"https:\/\/treslineasnoticias.com.ar\/?p=24779#breadcrumb"},"inLanguage":"es","potentialAction":[{"@type":"ReadAction","target":["https:\/\/treslineasnoticias.com.ar\/?p=24779"]}]},{"@type":"ImageObject","inLanguage":"es","@id":"https:\/\/treslineasnoticias.com.ar\/?p=24779#primaryimage","url":"https:\/\/treslineasnoticias.com.ar\/wp-content\/uploads\/2026\/04\/54d615a5-9660-4fcf-1692-55181fe8df08.png","contentUrl":"https:\/\/treslineasnoticias.com.ar\/wp-content\/uploads\/2026\/04\/54d615a5-9660-4fcf-1692-55181fe8df08.png","width":1234,"height":869},{"@type":"BreadcrumbList","@id":"https:\/\/treslineasnoticias.com.ar\/?p=24779#breadcrumb","itemListElement":[{"@type":"ListItem","position":1,"name":"Portada","item":"https:\/\/treslineasnoticias.com.ar\/"},{"@type":"ListItem","position":2,"name":"Nuevos asfaltos en Villa del Plata con financiamiento comunal"}]},{"@type":"WebSite","@id":"https:\/\/treslineasnoticias.com.ar\/#website","url":"https:\/\/treslineasnoticias.com.ar\/","name":"Tres Lineas Noticias","description":"","potentialAction":[{"@type":"SearchAction","target":{"@type":"EntryPoint","urlTemplate":"https:\/\/treslineasnoticias.com.ar\/?s={search_term_string}"},"query-input":{"@type":"PropertyValueSpecification","valueRequired":true,"valueName":"search_term_string"}}],"inLanguage":"es"},{"@type":"Person","@id":"https:\/\/treslineasnoticias.com.ar\/#\/schema\/person\/c5f7249e50517b84c2379b145ca14895","name":"Horacio L\u00f3pez","image":{"@type":"ImageObject","inLanguage":"es","@id":"https:\/\/treslineasnoticias.com.ar\/#\/schema\/person\/image\/","url":"https:\/\/treslineasnoticias.com.ar\/wp-content\/litespeed\/avatar\/ddbec442f0224f940ce000570a0cb216.jpg?ver=1777068930","contentUrl":"https:\/\/treslineasnoticias.com.ar\/wp-content\/litespeed\/avatar\/ddbec442f0224f940ce000570a0cb216.jpg?ver=1777068930","caption":"Horacio L\u00f3pez"},"sameAs":["http:\/\/treslineasnoticias.com.ar"],"url":"https:\/\/treslineasnoticias.com.ar\/?author=3"}]}},"jetpack_featured_media_url":"https:\/\/treslineasnoticias.com.ar\/wp-content\/uploads\/2026\/04\/54d615a5-9660-4fcf-1692-55181fe8df08.png","jetpack_sharing_enabled":true,"_links":{"self":[{"href":"https:\/\/treslineasnoticias.com.ar\/index.php?rest_route=\/wp\/v2\/posts\/24779","targetHints":{"allow":["GET"]}}],"collection":[{"href":"https:\/\/treslineasnoticias.com.ar\/index.php?rest_route=\/wp\/v2\/posts"}],"about":[{"href":"https:\/\/treslineasnoticias.com.ar\/index.php?rest_route=\/wp\/v2\/types\/post"}],"author":[{"embeddable":true,"href":"https:\/\/treslineasnoticias.com.ar\/index.php?rest_route=\/wp\/v2\/users\/3"}],"replies":[{"embeddable":true,"href":"https:\/\/treslineasnoticias.com.ar\/index.php?rest_route=%2Fwp%2Fv2%2Fcomments&post=24779"}],"version-history":[{"count":1,"href":"https:\/\/treslineasnoticias.com.ar\/index.php?rest_route=\/wp\/v2\/posts\/24779\/revisions"}],"predecessor-version":[{"id":24781,"href":"https:\/\/treslineasnoticias.com.ar\/index.php?rest_route=\/wp\/v2\/posts\/24779\/revisions\/24781"}],"wp:featuredmedia":[{"embeddable":true,"href":"https:\/\/treslineasnoticias.com.ar\/index.php?rest_route=\/wp\/v2\/media\/24780"}],"wp:attachment":[{"href":"https:\/\/treslineasnoticias.com.ar\/index.php?rest_route=%2Fwp%2Fv2%2Fmedia&parent=24779"}],"wp:term":[{"taxonomy":"category","embeddable":true,"href":"https:\/\/treslineasnoticias.com.ar\/index.php?rest_route=%2Fwp%2Fv2%2Fcategories&post=24779"},{"taxonomy":"post_tag","embeddable":true,"href":"https:\/\/treslineasnoticias.com.ar\/index.php?rest_route=%2Fwp%2Fv2%2Ftags&post=24779"}],"curies":[{"name":"wp","href":"https:\/\/api.w.org\/{rel}","templated":true}]}}