{"id":24782,"date":"2026-04-24T18:03:00","date_gmt":"2026-04-24T21:03:00","guid":{"rendered":"https:\/\/treslineasnoticias.com.ar\/?p=24782"},"modified":"2026-04-26T12:06:53","modified_gmt":"2026-04-26T15:06:53","slug":"la-localidad-de-gutierrez-festejara-sus-142-anos","status":"publish","type":"post","link":"https:\/\/treslineasnoticias.com.ar\/?p=24782","title":{"rendered":"La localidad de Guti\u00e9rrez festejar\u00e1 sus 142 a\u00f1os"},"content":{"rendered":"\n<p><strong><em>Este domingo 26 de abril, la localidad de Juan Mar\u00eda Guti\u00e9rrez celebrar\u00e1 su 142\u00b0 aniversario con una gran fiesta popular. El evento se desarrollar\u00e1 en el Centro C\u00edvico, Cultural y Recreativo Municipal (calle 417 y Camino Real), a partir de las 15.00, con entrada libre y gratuita. Se suspender\u00e1 en caso de malas condiciones clim\u00e1ticas.<\/em><\/strong><\/p>\n\n\n\n<figure class=\"wp-block-image size-large is-resized\"><img loading=\"lazy\" decoding=\"async\" width=\"819\" height=\"1024\" src=\"http:\/\/treslineasnoticias.com.ar\/wp-content\/uploads\/2026\/04\/La-localidad-de-Gutierrez-festejara-sus-142-anos-819x1024.jpg\" alt=\"\" class=\"wp-image-24783\" style=\"width:840px;height:auto\" srcset=\"https:\/\/treslineasnoticias.com.ar\/wp-content\/uploads\/2026\/04\/La-localidad-de-Gutierrez-festejara-sus-142-anos-819x1024.jpg 819w, https:\/\/treslineasnoticias.com.ar\/wp-content\/uploads\/2026\/04\/La-localidad-de-Gutierrez-festejara-sus-142-anos-240x300.jpg 240w, https:\/\/treslineasnoticias.com.ar\/wp-content\/uploads\/2026\/04\/La-localidad-de-Gutierrez-festejara-sus-142-anos-768x960.jpg 768w, https:\/\/treslineasnoticias.com.ar\/wp-content\/uploads\/2026\/04\/La-localidad-de-Gutierrez-festejara-sus-142-anos-1229x1536.jpg 1229w, https:\/\/treslineasnoticias.com.ar\/wp-content\/uploads\/2026\/04\/La-localidad-de-Gutierrez-festejara-sus-142-anos.jpg 1280w\" sizes=\"auto, (max-width: 819px) 100vw, 819px\" \/><\/figure>\n\n\n\n<p>Durante la jornada, la comunidad podr\u00e1 disfrutar de n\u00fameros art\u00edsticos, stands y exhibiciones a cargo de la Secretar\u00eda de Cultura y Educaci\u00f3n de la Municipalidad de Berazategui y establecimientos educativos de la zona. Tambi\u00e9n habr\u00e1 un polo gastron\u00f3mico y muchas propuestas m\u00e1s para pasarla bien en familia y con amigos, como sorteos y las ferias Regal\u00e1 Cultura y Emprender. Quienes lo deseen, pueden concurrir con su equipo de mate.<\/p>\n\n\n\n<p>Asimismo, con motivo del festejo, se informa que ese d\u00eda, de 12.00 a 18.00, las siguientes calles permanecer\u00e1n cerradas para la circulaci\u00f3n vehicular: Camino Real Norte y Sur, entre 416 y 418; y 417 entre 457 y 462. Por esta raz\u00f3n, se les sugiere a los conductores transitar por las calles 416 y 420.<\/p>\n","protected":false},"excerpt":{"rendered":"<p>Este domingo 26 de abril, la localidad de Juan Mar\u00eda Guti\u00e9rrez celebrar\u00e1 su 142\u00b0 aniversario con una gran fiesta popular. El evento se desarrollar\u00e1 en el Centro C\u00edvico, Cultural y Recreativo Municipal (calle 417 y Camino Real), a partir de las 15.00, con entrada libre y gratuita. Se suspender\u00e1 en caso de malas condiciones clim\u00e1ticas. [&hellip;]<\/p>\n","protected":false},"author":3,"featured_media":24784,"comment_status":"open","ping_status":"open","sticky":false,"template":"","format":"standard","meta":{"_jetpack_memberships_contains_paid_content":false,"footnotes":""},"categories":[4],"tags":[],"class_list":["post-24782","post","type-post","status-publish","format-standard","has-post-thumbnail","hentry","category-berazategui"],"yoast_head":"<!-- This site is optimized with the Yoast SEO plugin v24.7 - https:\/\/yoast.com\/wordpress\/plugins\/seo\/ -->\n<title>La localidad de Guti\u00e9rrez festejar\u00e1 sus 142 a\u00f1os - Tres Lineas Noticias<\/title>\n<meta name=\"robots\" content=\"index, follow, max-snippet:-1, max-image-preview:large, max-video-preview:-1\" \/>\n<link rel=\"canonical\" href=\"https:\/\/treslineasnoticias.com.ar\/?p=24782\" \/>\n<meta property=\"og:locale\" content=\"es_ES\" \/>\n<meta property=\"og:type\" content=\"article\" \/>\n<meta property=\"og:title\" content=\"La localidad de Guti\u00e9rrez festejar\u00e1 sus 142 a\u00f1os - Tres Lineas Noticias\" \/>\n<meta property=\"og:description\" content=\"Este domingo 26 de abril, la localidad de Juan Mar\u00eda Guti\u00e9rrez celebrar\u00e1 su 142\u00b0 aniversario con una gran fiesta popular. El evento se desarrollar\u00e1 en el Centro C\u00edvico, Cultural y Recreativo Municipal (calle 417 y Camino Real), a partir de las 15.00, con entrada libre y gratuita. Se suspender\u00e1 en caso de malas condiciones clim\u00e1ticas. [&hellip;]\" \/>\n<meta property=\"og:url\" content=\"https:\/\/treslineasnoticias.com.ar\/?p=24782\" \/>\n<meta property=\"og:site_name\" content=\"Tres Lineas Noticias\" \/>\n<meta property=\"article:published_time\" content=\"2026-04-24T21:03:00+00:00\" \/>\n<meta property=\"article:modified_time\" content=\"2026-04-26T15:06:53+00:00\" \/>\n<meta property=\"og:image\" content=\"http:\/\/treslineasnoticias.com.ar\/wp-content\/uploads\/2026\/04\/La-localidad-de-Gutierrez-festejara-sus-142-anos-1.jpg\" \/>\n\t<meta property=\"og:image:width\" content=\"1280\" \/>\n\t<meta property=\"og:image:height\" content=\"1600\" \/>\n\t<meta property=\"og:image:type\" content=\"image\/jpeg\" \/>\n<meta name=\"author\" content=\"Horacio L\u00f3pez\" \/>\n<meta name=\"twitter:card\" content=\"summary_large_image\" \/>\n<meta name=\"twitter:label1\" content=\"Escrito por\" \/>\n\t<meta name=\"twitter:data1\" content=\"Horacio L\u00f3pez\" \/>\n\t<meta name=\"twitter:label2\" content=\"Tiempo de lectura\" \/>\n\t<meta name=\"twitter:data2\" content=\"2 minutos\" \/>\n<script type=\"application\/ld+json\" class=\"yoast-schema-graph\">{\"@context\":\"https:\/\/schema.org\",\"@graph\":[{\"@type\":\"WebPage\",\"@id\":\"https:\/\/treslineasnoticias.com.ar\/?p=24782\",\"url\":\"https:\/\/treslineasnoticias.com.ar\/?p=24782\",\"name\":\"La localidad de Guti\u00e9rrez festejar\u00e1 sus 142 a\u00f1os - Tres Lineas Noticias\",\"isPartOf\":{\"@id\":\"https:\/\/treslineasnoticias.com.ar\/#website\"},\"primaryImageOfPage\":{\"@id\":\"https:\/\/treslineasnoticias.com.ar\/?p=24782#primaryimage\"},\"image\":{\"@id\":\"https:\/\/treslineasnoticias.com.ar\/?p=24782#primaryimage\"},\"thumbnailUrl\":\"https:\/\/treslineasnoticias.com.ar\/wp-content\/uploads\/2026\/04\/La-localidad-de-Gutierrez-festejara-sus-142-anos-1.jpg\",\"datePublished\":\"2026-04-24T21:03:00+00:00\",\"dateModified\":\"2026-04-26T15:06:53+00:00\",\"author\":{\"@id\":\"https:\/\/treslineasnoticias.com.ar\/#\/schema\/person\/c5f7249e50517b84c2379b145ca14895\"},\"breadcrumb\":{\"@id\":\"https:\/\/treslineasnoticias.com.ar\/?p=24782#breadcrumb\"},\"inLanguage\":\"es\",\"potentialAction\":[{\"@type\":\"ReadAction\",\"target\":[\"https:\/\/treslineasnoticias.com.ar\/?p=24782\"]}]},{\"@type\":\"ImageObject\",\"inLanguage\":\"es\",\"@id\":\"https:\/\/treslineasnoticias.com.ar\/?p=24782#primaryimage\",\"url\":\"https:\/\/treslineasnoticias.com.ar\/wp-content\/uploads\/2026\/04\/La-localidad-de-Gutierrez-festejara-sus-142-anos-1.jpg\",\"contentUrl\":\"https:\/\/treslineasnoticias.com.ar\/wp-content\/uploads\/2026\/04\/La-localidad-de-Gutierrez-festejara-sus-142-anos-1.jpg\",\"width\":1280,\"height\":1600},{\"@type\":\"BreadcrumbList\",\"@id\":\"https:\/\/treslineasnoticias.com.ar\/?p=24782#breadcrumb\",\"itemListElement\":[{\"@type\":\"ListItem\",\"position\":1,\"name\":\"Portada\",\"item\":\"https:\/\/treslineasnoticias.com.ar\/\"},{\"@type\":\"ListItem\",\"position\":2,\"name\":\"La localidad de Guti\u00e9rrez festejar\u00e1 sus 142 a\u00f1os\"}]},{\"@type\":\"WebSite\",\"@id\":\"https:\/\/treslineasnoticias.com.ar\/#website\",\"url\":\"https:\/\/treslineasnoticias.com.ar\/\",\"name\":\"Tres Lineas Noticias\",\"description\":\"\",\"potentialAction\":[{\"@type\":\"SearchAction\",\"target\":{\"@type\":\"EntryPoint\",\"urlTemplate\":\"https:\/\/treslineasnoticias.com.ar\/?s={search_term_string}\"},\"query-input\":{\"@type\":\"PropertyValueSpecification\",\"valueRequired\":true,\"valueName\":\"search_term_string\"}}],\"inLanguage\":\"es\"},{\"@type\":\"Person\",\"@id\":\"https:\/\/treslineasnoticias.com.ar\/#\/schema\/person\/c5f7249e50517b84c2379b145ca14895\",\"name\":\"Horacio L\u00f3pez\",\"image\":{\"@type\":\"ImageObject\",\"inLanguage\":\"es\",\"@id\":\"https:\/\/treslineasnoticias.com.ar\/#\/schema\/person\/image\/\",\"url\":\"https:\/\/treslineasnoticias.com.ar\/wp-content\/litespeed\/avatar\/ddbec442f0224f940ce000570a0cb216.jpg?ver=1777068930\",\"contentUrl\":\"https:\/\/treslineasnoticias.com.ar\/wp-content\/litespeed\/avatar\/ddbec442f0224f940ce000570a0cb216.jpg?ver=1777068930\",\"caption\":\"Horacio L\u00f3pez\"},\"sameAs\":[\"http:\/\/treslineasnoticias.com.ar\"],\"url\":\"https:\/\/treslineasnoticias.com.ar\/?author=3\"}]}<\/script>\n<!-- \/ Yoast SEO plugin. -->","yoast_head_json":{"title":"La localidad de Guti\u00e9rrez festejar\u00e1 sus 142 a\u00f1os - Tres Lineas Noticias","robots":{"index":"index","follow":"follow","max-snippet":"max-snippet:-1","max-image-preview":"max-image-preview:large","max-video-preview":"max-video-preview:-1"},"canonical":"https:\/\/treslineasnoticias.com.ar\/?p=24782","og_locale":"es_ES","og_type":"article","og_title":"La localidad de Guti\u00e9rrez festejar\u00e1 sus 142 a\u00f1os - Tres Lineas Noticias","og_description":"Este domingo 26 de abril, la localidad de Juan Mar\u00eda Guti\u00e9rrez celebrar\u00e1 su 142\u00b0 aniversario con una gran fiesta popular. El evento se desarrollar\u00e1 en el Centro C\u00edvico, Cultural y Recreativo Municipal (calle 417 y Camino Real), a partir de las 15.00, con entrada libre y gratuita. Se suspender\u00e1 en caso de malas condiciones clim\u00e1ticas. [&hellip;]","og_url":"https:\/\/treslineasnoticias.com.ar\/?p=24782","og_site_name":"Tres Lineas Noticias","article_published_time":"2026-04-24T21:03:00+00:00","article_modified_time":"2026-04-26T15:06:53+00:00","og_image":[{"width":1280,"height":1600,"url":"http:\/\/treslineasnoticias.com.ar\/wp-content\/uploads\/2026\/04\/La-localidad-de-Gutierrez-festejara-sus-142-anos-1.jpg","type":"image\/jpeg"}],"author":"Horacio L\u00f3pez","twitter_card":"summary_large_image","twitter_misc":{"Escrito por":"Horacio L\u00f3pez","Tiempo de lectura":"2 minutos"},"schema":{"@context":"https:\/\/schema.org","@graph":[{"@type":"WebPage","@id":"https:\/\/treslineasnoticias.com.ar\/?p=24782","url":"https:\/\/treslineasnoticias.com.ar\/?p=24782","name":"La localidad de Guti\u00e9rrez festejar\u00e1 sus 142 a\u00f1os - Tres Lineas Noticias","isPartOf":{"@id":"https:\/\/treslineasnoticias.com.ar\/#website"},"primaryImageOfPage":{"@id":"https:\/\/treslineasnoticias.com.ar\/?p=24782#primaryimage"},"image":{"@id":"https:\/\/treslineasnoticias.com.ar\/?p=24782#primaryimage"},"thumbnailUrl":"https:\/\/treslineasnoticias.com.ar\/wp-content\/uploads\/2026\/04\/La-localidad-de-Gutierrez-festejara-sus-142-anos-1.jpg","datePublished":"2026-04-24T21:03:00+00:00","dateModified":"2026-04-26T15:06:53+00:00","author":{"@id":"https:\/\/treslineasnoticias.com.ar\/#\/schema\/person\/c5f7249e50517b84c2379b145ca14895"},"breadcrumb":{"@id":"https:\/\/treslineasnoticias.com.ar\/?p=24782#breadcrumb"},"inLanguage":"es","potentialAction":[{"@type":"ReadAction","target":["https:\/\/treslineasnoticias.com.ar\/?p=24782"]}]},{"@type":"ImageObject","inLanguage":"es","@id":"https:\/\/treslineasnoticias.com.ar\/?p=24782#primaryimage","url":"https:\/\/treslineasnoticias.com.ar\/wp-content\/uploads\/2026\/04\/La-localidad-de-Gutierrez-festejara-sus-142-anos-1.jpg","contentUrl":"https:\/\/treslineasnoticias.com.ar\/wp-content\/uploads\/2026\/04\/La-localidad-de-Gutierrez-festejara-sus-142-anos-1.jpg","width":1280,"height":1600},{"@type":"BreadcrumbList","@id":"https:\/\/treslineasnoticias.com.ar\/?p=24782#breadcrumb","itemListElement":[{"@type":"ListItem","position":1,"name":"Portada","item":"https:\/\/treslineasnoticias.com.ar\/"},{"@type":"ListItem","position":2,"name":"La localidad de Guti\u00e9rrez festejar\u00e1 sus 142 a\u00f1os"}]},{"@type":"WebSite","@id":"https:\/\/treslineasnoticias.com.ar\/#website","url":"https:\/\/treslineasnoticias.com.ar\/","name":"Tres Lineas Noticias","description":"","potentialAction":[{"@type":"SearchAction","target":{"@type":"EntryPoint","urlTemplate":"https:\/\/treslineasnoticias.com.ar\/?s={search_term_string}"},"query-input":{"@type":"PropertyValueSpecification","valueRequired":true,"valueName":"search_term_string"}}],"inLanguage":"es"},{"@type":"Person","@id":"https:\/\/treslineasnoticias.com.ar\/#\/schema\/person\/c5f7249e50517b84c2379b145ca14895","name":"Horacio L\u00f3pez","image":{"@type":"ImageObject","inLanguage":"es","@id":"https:\/\/treslineasnoticias.com.ar\/#\/schema\/person\/image\/","url":"https:\/\/treslineasnoticias.com.ar\/wp-content\/litespeed\/avatar\/ddbec442f0224f940ce000570a0cb216.jpg?ver=1777068930","contentUrl":"https:\/\/treslineasnoticias.com.ar\/wp-content\/litespeed\/avatar\/ddbec442f0224f940ce000570a0cb216.jpg?ver=1777068930","caption":"Horacio L\u00f3pez"},"sameAs":["http:\/\/treslineasnoticias.com.ar"],"url":"https:\/\/treslineasnoticias.com.ar\/?author=3"}]}},"jetpack_featured_media_url":"https:\/\/treslineasnoticias.com.ar\/wp-content\/uploads\/2026\/04\/La-localidad-de-Gutierrez-festejara-sus-142-anos-1.jpg","jetpack_sharing_enabled":true,"_links":{"self":[{"href":"https:\/\/treslineasnoticias.com.ar\/index.php?rest_route=\/wp\/v2\/posts\/24782","targetHints":{"allow":["GET"]}}],"collection":[{"href":"https:\/\/treslineasnoticias.com.ar\/index.php?rest_route=\/wp\/v2\/posts"}],"about":[{"href":"https:\/\/treslineasnoticias.com.ar\/index.php?rest_route=\/wp\/v2\/types\/post"}],"author":[{"embeddable":true,"href":"https:\/\/treslineasnoticias.com.ar\/index.php?rest_route=\/wp\/v2\/users\/3"}],"replies":[{"embeddable":true,"href":"https:\/\/treslineasnoticias.com.ar\/index.php?rest_route=%2Fwp%2Fv2%2Fcomments&post=24782"}],"version-history":[{"count":1,"href":"https:\/\/treslineasnoticias.com.ar\/index.php?rest_route=\/wp\/v2\/posts\/24782\/revisions"}],"predecessor-version":[{"id":24785,"href":"https:\/\/treslineasnoticias.com.ar\/index.php?rest_route=\/wp\/v2\/posts\/24782\/revisions\/24785"}],"wp:featuredmedia":[{"embeddable":true,"href":"https:\/\/treslineasnoticias.com.ar\/index.php?rest_route=\/wp\/v2\/media\/24784"}],"wp:attachment":[{"href":"https:\/\/treslineasnoticias.com.ar\/index.php?rest_route=%2Fwp%2Fv2%2Fmedia&parent=24782"}],"wp:term":[{"taxonomy":"category","embeddable":true,"href":"https:\/\/treslineasnoticias.com.ar\/index.php?rest_route=%2Fwp%2Fv2%2Fcategories&post=24782"},{"taxonomy":"post_tag","embeddable":true,"href":"https:\/\/treslineasnoticias.com.ar\/index.php?rest_route=%2Fwp%2Fv2%2Ftags&post=24782"}],"curies":[{"name":"wp","href":"https:\/\/api.w.org\/{rel}","templated":true}]}}