{"id":24786,"date":"2026-04-24T16:07:00","date_gmt":"2026-04-24T19:07:00","guid":{"rendered":"https:\/\/treslineasnoticias.com.ar\/?p=24786"},"modified":"2026-04-26T12:09:04","modified_gmt":"2026-04-26T15:09:04","slug":"berazategui-vivira-una-nueva-edicion-del-encuentro-por-el-dia-del-animal","status":"publish","type":"post","link":"https:\/\/treslineasnoticias.com.ar\/?p=24786","title":{"rendered":"Berazategui vivir\u00e1 una nueva edici\u00f3n del Encuentro por el D\u00eda del Animal"},"content":{"rendered":"\n<p><strong><em>Este s\u00e1bado 25 de abril, desde las 14.30, el play\u00f3n del Edificio Municipal (Av. 14 e\/ 131 y 131 A) ser\u00e1 sede de una nueva edici\u00f3n del tradicional Encuentro Animal de Berazategui. La propuesta, organizada por la Municipalidad e impulsada por el intendente Carlos Balor, invita a los vecinos y vecinas a disfrutar de una jornada al aire libre junto a sus animales de compa\u00f1\u00eda, con acceso libre y gratuito.<\/em><\/strong><\/p>\n\n\n\n<figure class=\"wp-block-image size-large\"><img loading=\"lazy\" decoding=\"async\" width=\"1024\" height=\"682\" src=\"http:\/\/treslineasnoticias.com.ar\/wp-content\/uploads\/2026\/04\/Berazategui-vivira-una-nueva-edicion-del-Encuentro-por-el-Dia-del-Animal-2-1024x682.jpg\" alt=\"\" class=\"wp-image-24789\" srcset=\"https:\/\/treslineasnoticias.com.ar\/wp-content\/uploads\/2026\/04\/Berazategui-vivira-una-nueva-edicion-del-Encuentro-por-el-Dia-del-Animal-2-1024x682.jpg 1024w, https:\/\/treslineasnoticias.com.ar\/wp-content\/uploads\/2026\/04\/Berazategui-vivira-una-nueva-edicion-del-Encuentro-por-el-Dia-del-Animal-2-300x200.jpg 300w, https:\/\/treslineasnoticias.com.ar\/wp-content\/uploads\/2026\/04\/Berazategui-vivira-una-nueva-edicion-del-Encuentro-por-el-Dia-del-Animal-2-768x512.jpg 768w, https:\/\/treslineasnoticias.com.ar\/wp-content\/uploads\/2026\/04\/Berazategui-vivira-una-nueva-edicion-del-Encuentro-por-el-Dia-del-Animal-2-1536x1023.jpg 1536w, https:\/\/treslineasnoticias.com.ar\/wp-content\/uploads\/2026\/04\/Berazategui-vivira-una-nueva-edicion-del-Encuentro-por-el-Dia-del-Animal-2.jpg 1600w\" sizes=\"auto, (max-width: 1024px) 100vw, 1024px\" \/><\/figure>\n\n\n\n<p>Durante el evento se brindar\u00e1n servicios de vacunaci\u00f3n antirr\u00e1bica y desparasitaci\u00f3n para perros y gatos, sin costo. Adem\u00e1s, se realizar\u00e1n sorteos y un desfile en el que los animales ser\u00e1n los protagonistas. Tambi\u00e9n tendr\u00e1 lugar la tradicional bendici\u00f3n de animalitos y una charla a cargo del berazateguense Fernando Pieroni, presidente de la Fundaci\u00f3n Planeta Vivo Argentina.<\/p>\n\n\n\n<p>El evento contar\u00e1 con propuestas recreativas para todas las edades y un espacio de estampado de remeras. Quienes lo deseen podr\u00e1n acercarse con una prenda de algod\u00f3n, preferentemente de colores claros. Tambi\u00e9n participar\u00e1n la Feria Municipal Emprender, que ofrecer\u00e1 productos elaborados especialmente para animales, y los foodtrucks con varias opciones gastron\u00f3micas. Adem\u00e1s, la jornada incluir\u00e1 un stand de la Cl\u00ednica Veterinaria Municipal -la primera de su tipo en el pa\u00eds-, donde se brindar\u00e1 informaci\u00f3n sobre los servicios disponibles y adopci\u00f3n animal, tenencia responsable y recomendaciones para su cuidado.<\/p>\n\n\n\n<figure class=\"wp-block-image size-large\"><img loading=\"lazy\" decoding=\"async\" width=\"1024\" height=\"682\" src=\"http:\/\/treslineasnoticias.com.ar\/wp-content\/uploads\/2026\/04\/Berazategui-vivira-una-nueva-edicion-del-Encuentro-por-el-Dia-del-Animal-3-1024x682.jpg\" alt=\"\" class=\"wp-image-24788\" srcset=\"https:\/\/treslineasnoticias.com.ar\/wp-content\/uploads\/2026\/04\/Berazategui-vivira-una-nueva-edicion-del-Encuentro-por-el-Dia-del-Animal-3-1024x682.jpg 1024w, https:\/\/treslineasnoticias.com.ar\/wp-content\/uploads\/2026\/04\/Berazategui-vivira-una-nueva-edicion-del-Encuentro-por-el-Dia-del-Animal-3-300x200.jpg 300w, https:\/\/treslineasnoticias.com.ar\/wp-content\/uploads\/2026\/04\/Berazategui-vivira-una-nueva-edicion-del-Encuentro-por-el-Dia-del-Animal-3-768x512.jpg 768w, https:\/\/treslineasnoticias.com.ar\/wp-content\/uploads\/2026\/04\/Berazategui-vivira-una-nueva-edicion-del-Encuentro-por-el-Dia-del-Animal-3-1536x1023.jpg 1536w, https:\/\/treslineasnoticias.com.ar\/wp-content\/uploads\/2026\/04\/Berazategui-vivira-una-nueva-edicion-del-Encuentro-por-el-Dia-del-Animal-3.jpg 1600w\" sizes=\"auto, (max-width: 1024px) 100vw, 1024px\" \/><\/figure>\n\n\n\n<p>A todos aquellos vecinos y vecinas que asistan se les recomienda concurrir con sus animalitos de compa\u00f1\u00eda con su respectiva correa, collar y chapita identificatoria, adem\u00e1s de llevar bolsitas para recoger sus desechos y un recipiente para su adecuada hidrataci\u00f3n. Asimismo, se informa que en caso de mal tiempo, la actividad ser\u00e1 reprogramada.<\/p>\n","protected":false},"excerpt":{"rendered":"<p>Este s\u00e1bado 25 de abril, desde las 14.30, el play\u00f3n del Edificio Municipal (Av. 14 e\/ 131 y 131 A) ser\u00e1 sede de una nueva edici\u00f3n del tradicional Encuentro Animal de Berazategui. La propuesta, organizada por la Municipalidad e impulsada por el intendente Carlos Balor, invita a los vecinos y vecinas a disfrutar de una [&hellip;]<\/p>\n","protected":false},"author":3,"featured_media":24787,"comment_status":"open","ping_status":"open","sticky":false,"template":"","format":"standard","meta":{"_jetpack_memberships_contains_paid_content":false,"footnotes":""},"categories":[4],"tags":[],"class_list":["post-24786","post","type-post","status-publish","format-standard","has-post-thumbnail","hentry","category-berazategui"],"yoast_head":"<!-- This site is optimized with the Yoast SEO plugin v24.7 - https:\/\/yoast.com\/wordpress\/plugins\/seo\/ -->\n<title>Berazategui vivir\u00e1 una nueva edici\u00f3n del Encuentro por el D\u00eda del Animal - Tres Lineas Noticias<\/title>\n<meta name=\"robots\" content=\"index, follow, max-snippet:-1, max-image-preview:large, max-video-preview:-1\" \/>\n<link rel=\"canonical\" href=\"https:\/\/treslineasnoticias.com.ar\/?p=24786\" \/>\n<meta property=\"og:locale\" content=\"es_ES\" \/>\n<meta property=\"og:type\" content=\"article\" \/>\n<meta property=\"og:title\" content=\"Berazategui vivir\u00e1 una nueva edici\u00f3n del Encuentro por el D\u00eda del Animal - Tres Lineas Noticias\" \/>\n<meta property=\"og:description\" content=\"Este s\u00e1bado 25 de abril, desde las 14.30, el play\u00f3n del Edificio Municipal (Av. 14 e\/ 131 y 131 A) ser\u00e1 sede de una nueva edici\u00f3n del tradicional Encuentro Animal de Berazategui. La propuesta, organizada por la Municipalidad e impulsada por el intendente Carlos Balor, invita a los vecinos y vecinas a disfrutar de una [&hellip;]\" \/>\n<meta property=\"og:url\" content=\"https:\/\/treslineasnoticias.com.ar\/?p=24786\" \/>\n<meta property=\"og:site_name\" content=\"Tres Lineas Noticias\" \/>\n<meta property=\"article:published_time\" content=\"2026-04-24T19:07:00+00:00\" \/>\n<meta property=\"article:modified_time\" content=\"2026-04-26T15:09:04+00:00\" \/>\n<meta property=\"og:image\" content=\"http:\/\/treslineasnoticias.com.ar\/wp-content\/uploads\/2026\/04\/Berazategui-vivira-una-nueva-edicion-del-Encuentro-por-el-Dia-del-Animal.jpg\" \/>\n\t<meta property=\"og:image:width\" content=\"1280\" \/>\n\t<meta property=\"og:image:height\" content=\"1600\" \/>\n\t<meta property=\"og:image:type\" content=\"image\/jpeg\" \/>\n<meta name=\"author\" content=\"Horacio L\u00f3pez\" \/>\n<meta name=\"twitter:card\" content=\"summary_large_image\" \/>\n<meta name=\"twitter:label1\" content=\"Escrito por\" \/>\n\t<meta name=\"twitter:data1\" content=\"Horacio L\u00f3pez\" \/>\n\t<meta name=\"twitter:label2\" content=\"Tiempo de lectura\" \/>\n\t<meta name=\"twitter:data2\" content=\"2 minutos\" \/>\n<script type=\"application\/ld+json\" class=\"yoast-schema-graph\">{\"@context\":\"https:\/\/schema.org\",\"@graph\":[{\"@type\":\"WebPage\",\"@id\":\"https:\/\/treslineasnoticias.com.ar\/?p=24786\",\"url\":\"https:\/\/treslineasnoticias.com.ar\/?p=24786\",\"name\":\"Berazategui vivir\u00e1 una nueva edici\u00f3n del Encuentro por el D\u00eda del Animal - Tres Lineas Noticias\",\"isPartOf\":{\"@id\":\"https:\/\/treslineasnoticias.com.ar\/#website\"},\"primaryImageOfPage\":{\"@id\":\"https:\/\/treslineasnoticias.com.ar\/?p=24786#primaryimage\"},\"image\":{\"@id\":\"https:\/\/treslineasnoticias.com.ar\/?p=24786#primaryimage\"},\"thumbnailUrl\":\"https:\/\/treslineasnoticias.com.ar\/wp-content\/uploads\/2026\/04\/Berazategui-vivira-una-nueva-edicion-del-Encuentro-por-el-Dia-del-Animal.jpg\",\"datePublished\":\"2026-04-24T19:07:00+00:00\",\"dateModified\":\"2026-04-26T15:09:04+00:00\",\"author\":{\"@id\":\"https:\/\/treslineasnoticias.com.ar\/#\/schema\/person\/c5f7249e50517b84c2379b145ca14895\"},\"breadcrumb\":{\"@id\":\"https:\/\/treslineasnoticias.com.ar\/?p=24786#breadcrumb\"},\"inLanguage\":\"es\",\"potentialAction\":[{\"@type\":\"ReadAction\",\"target\":[\"https:\/\/treslineasnoticias.com.ar\/?p=24786\"]}]},{\"@type\":\"ImageObject\",\"inLanguage\":\"es\",\"@id\":\"https:\/\/treslineasnoticias.com.ar\/?p=24786#primaryimage\",\"url\":\"https:\/\/treslineasnoticias.com.ar\/wp-content\/uploads\/2026\/04\/Berazategui-vivira-una-nueva-edicion-del-Encuentro-por-el-Dia-del-Animal.jpg\",\"contentUrl\":\"https:\/\/treslineasnoticias.com.ar\/wp-content\/uploads\/2026\/04\/Berazategui-vivira-una-nueva-edicion-del-Encuentro-por-el-Dia-del-Animal.jpg\",\"width\":1280,\"height\":1600},{\"@type\":\"BreadcrumbList\",\"@id\":\"https:\/\/treslineasnoticias.com.ar\/?p=24786#breadcrumb\",\"itemListElement\":[{\"@type\":\"ListItem\",\"position\":1,\"name\":\"Portada\",\"item\":\"https:\/\/treslineasnoticias.com.ar\/\"},{\"@type\":\"ListItem\",\"position\":2,\"name\":\"Berazategui vivir\u00e1 una nueva edici\u00f3n del Encuentro por el D\u00eda del Animal\"}]},{\"@type\":\"WebSite\",\"@id\":\"https:\/\/treslineasnoticias.com.ar\/#website\",\"url\":\"https:\/\/treslineasnoticias.com.ar\/\",\"name\":\"Tres Lineas Noticias\",\"description\":\"\",\"potentialAction\":[{\"@type\":\"SearchAction\",\"target\":{\"@type\":\"EntryPoint\",\"urlTemplate\":\"https:\/\/treslineasnoticias.com.ar\/?s={search_term_string}\"},\"query-input\":{\"@type\":\"PropertyValueSpecification\",\"valueRequired\":true,\"valueName\":\"search_term_string\"}}],\"inLanguage\":\"es\"},{\"@type\":\"Person\",\"@id\":\"https:\/\/treslineasnoticias.com.ar\/#\/schema\/person\/c5f7249e50517b84c2379b145ca14895\",\"name\":\"Horacio L\u00f3pez\",\"image\":{\"@type\":\"ImageObject\",\"inLanguage\":\"es\",\"@id\":\"https:\/\/treslineasnoticias.com.ar\/#\/schema\/person\/image\/\",\"url\":\"https:\/\/treslineasnoticias.com.ar\/wp-content\/litespeed\/avatar\/ddbec442f0224f940ce000570a0cb216.jpg?ver=1777068930\",\"contentUrl\":\"https:\/\/treslineasnoticias.com.ar\/wp-content\/litespeed\/avatar\/ddbec442f0224f940ce000570a0cb216.jpg?ver=1777068930\",\"caption\":\"Horacio L\u00f3pez\"},\"sameAs\":[\"http:\/\/treslineasnoticias.com.ar\"],\"url\":\"https:\/\/treslineasnoticias.com.ar\/?author=3\"}]}<\/script>\n<!-- \/ Yoast SEO plugin. -->","yoast_head_json":{"title":"Berazategui vivir\u00e1 una nueva edici\u00f3n del Encuentro por el D\u00eda del Animal - Tres Lineas Noticias","robots":{"index":"index","follow":"follow","max-snippet":"max-snippet:-1","max-image-preview":"max-image-preview:large","max-video-preview":"max-video-preview:-1"},"canonical":"https:\/\/treslineasnoticias.com.ar\/?p=24786","og_locale":"es_ES","og_type":"article","og_title":"Berazategui vivir\u00e1 una nueva edici\u00f3n del Encuentro por el D\u00eda del Animal - Tres Lineas Noticias","og_description":"Este s\u00e1bado 25 de abril, desde las 14.30, el play\u00f3n del Edificio Municipal (Av. 14 e\/ 131 y 131 A) ser\u00e1 sede de una nueva edici\u00f3n del tradicional Encuentro Animal de Berazategui. La propuesta, organizada por la Municipalidad e impulsada por el intendente Carlos Balor, invita a los vecinos y vecinas a disfrutar de una [&hellip;]","og_url":"https:\/\/treslineasnoticias.com.ar\/?p=24786","og_site_name":"Tres Lineas Noticias","article_published_time":"2026-04-24T19:07:00+00:00","article_modified_time":"2026-04-26T15:09:04+00:00","og_image":[{"width":1280,"height":1600,"url":"http:\/\/treslineasnoticias.com.ar\/wp-content\/uploads\/2026\/04\/Berazategui-vivira-una-nueva-edicion-del-Encuentro-por-el-Dia-del-Animal.jpg","type":"image\/jpeg"}],"author":"Horacio L\u00f3pez","twitter_card":"summary_large_image","twitter_misc":{"Escrito por":"Horacio L\u00f3pez","Tiempo de lectura":"2 minutos"},"schema":{"@context":"https:\/\/schema.org","@graph":[{"@type":"WebPage","@id":"https:\/\/treslineasnoticias.com.ar\/?p=24786","url":"https:\/\/treslineasnoticias.com.ar\/?p=24786","name":"Berazategui vivir\u00e1 una nueva edici\u00f3n del Encuentro por el D\u00eda del Animal - Tres Lineas Noticias","isPartOf":{"@id":"https:\/\/treslineasnoticias.com.ar\/#website"},"primaryImageOfPage":{"@id":"https:\/\/treslineasnoticias.com.ar\/?p=24786#primaryimage"},"image":{"@id":"https:\/\/treslineasnoticias.com.ar\/?p=24786#primaryimage"},"thumbnailUrl":"https:\/\/treslineasnoticias.com.ar\/wp-content\/uploads\/2026\/04\/Berazategui-vivira-una-nueva-edicion-del-Encuentro-por-el-Dia-del-Animal.jpg","datePublished":"2026-04-24T19:07:00+00:00","dateModified":"2026-04-26T15:09:04+00:00","author":{"@id":"https:\/\/treslineasnoticias.com.ar\/#\/schema\/person\/c5f7249e50517b84c2379b145ca14895"},"breadcrumb":{"@id":"https:\/\/treslineasnoticias.com.ar\/?p=24786#breadcrumb"},"inLanguage":"es","potentialAction":[{"@type":"ReadAction","target":["https:\/\/treslineasnoticias.com.ar\/?p=24786"]}]},{"@type":"ImageObject","inLanguage":"es","@id":"https:\/\/treslineasnoticias.com.ar\/?p=24786#primaryimage","url":"https:\/\/treslineasnoticias.com.ar\/wp-content\/uploads\/2026\/04\/Berazategui-vivira-una-nueva-edicion-del-Encuentro-por-el-Dia-del-Animal.jpg","contentUrl":"https:\/\/treslineasnoticias.com.ar\/wp-content\/uploads\/2026\/04\/Berazategui-vivira-una-nueva-edicion-del-Encuentro-por-el-Dia-del-Animal.jpg","width":1280,"height":1600},{"@type":"BreadcrumbList","@id":"https:\/\/treslineasnoticias.com.ar\/?p=24786#breadcrumb","itemListElement":[{"@type":"ListItem","position":1,"name":"Portada","item":"https:\/\/treslineasnoticias.com.ar\/"},{"@type":"ListItem","position":2,"name":"Berazategui vivir\u00e1 una nueva edici\u00f3n del Encuentro por el D\u00eda del Animal"}]},{"@type":"WebSite","@id":"https:\/\/treslineasnoticias.com.ar\/#website","url":"https:\/\/treslineasnoticias.com.ar\/","name":"Tres Lineas Noticias","description":"","potentialAction":[{"@type":"SearchAction","target":{"@type":"EntryPoint","urlTemplate":"https:\/\/treslineasnoticias.com.ar\/?s={search_term_string}"},"query-input":{"@type":"PropertyValueSpecification","valueRequired":true,"valueName":"search_term_string"}}],"inLanguage":"es"},{"@type":"Person","@id":"https:\/\/treslineasnoticias.com.ar\/#\/schema\/person\/c5f7249e50517b84c2379b145ca14895","name":"Horacio L\u00f3pez","image":{"@type":"ImageObject","inLanguage":"es","@id":"https:\/\/treslineasnoticias.com.ar\/#\/schema\/person\/image\/","url":"https:\/\/treslineasnoticias.com.ar\/wp-content\/litespeed\/avatar\/ddbec442f0224f940ce000570a0cb216.jpg?ver=1777068930","contentUrl":"https:\/\/treslineasnoticias.com.ar\/wp-content\/litespeed\/avatar\/ddbec442f0224f940ce000570a0cb216.jpg?ver=1777068930","caption":"Horacio L\u00f3pez"},"sameAs":["http:\/\/treslineasnoticias.com.ar"],"url":"https:\/\/treslineasnoticias.com.ar\/?author=3"}]}},"jetpack_featured_media_url":"https:\/\/treslineasnoticias.com.ar\/wp-content\/uploads\/2026\/04\/Berazategui-vivira-una-nueva-edicion-del-Encuentro-por-el-Dia-del-Animal.jpg","jetpack_sharing_enabled":true,"_links":{"self":[{"href":"https:\/\/treslineasnoticias.com.ar\/index.php?rest_route=\/wp\/v2\/posts\/24786","targetHints":{"allow":["GET"]}}],"collection":[{"href":"https:\/\/treslineasnoticias.com.ar\/index.php?rest_route=\/wp\/v2\/posts"}],"about":[{"href":"https:\/\/treslineasnoticias.com.ar\/index.php?rest_route=\/wp\/v2\/types\/post"}],"author":[{"embeddable":true,"href":"https:\/\/treslineasnoticias.com.ar\/index.php?rest_route=\/wp\/v2\/users\/3"}],"replies":[{"embeddable":true,"href":"https:\/\/treslineasnoticias.com.ar\/index.php?rest_route=%2Fwp%2Fv2%2Fcomments&post=24786"}],"version-history":[{"count":1,"href":"https:\/\/treslineasnoticias.com.ar\/index.php?rest_route=\/wp\/v2\/posts\/24786\/revisions"}],"predecessor-version":[{"id":24790,"href":"https:\/\/treslineasnoticias.com.ar\/index.php?rest_route=\/wp\/v2\/posts\/24786\/revisions\/24790"}],"wp:featuredmedia":[{"embeddable":true,"href":"https:\/\/treslineasnoticias.com.ar\/index.php?rest_route=\/wp\/v2\/media\/24787"}],"wp:attachment":[{"href":"https:\/\/treslineasnoticias.com.ar\/index.php?rest_route=%2Fwp%2Fv2%2Fmedia&parent=24786"}],"wp:term":[{"taxonomy":"category","embeddable":true,"href":"https:\/\/treslineasnoticias.com.ar\/index.php?rest_route=%2Fwp%2Fv2%2Fcategories&post=24786"},{"taxonomy":"post_tag","embeddable":true,"href":"https:\/\/treslineasnoticias.com.ar\/index.php?rest_route=%2Fwp%2Fv2%2Ftags&post=24786"}],"curies":[{"name":"wp","href":"https:\/\/api.w.org\/{rel}","templated":true}]}}