{"id":24801,"date":"2026-04-27T07:15:00","date_gmt":"2026-04-27T10:15:00","guid":{"rendered":"https:\/\/treslineasnoticias.com.ar\/?p=24801"},"modified":"2026-04-27T19:43:12","modified_gmt":"2026-04-27T22:43:12","slug":"no-hay-plata-para-vos-si-para-los-ministros","status":"publish","type":"post","link":"https:\/\/treslineasnoticias.com.ar\/?p=24801","title":{"rendered":"No hay plata para vos, pero s\u00ed para los ministros"},"content":{"rendered":"\n<p><strong><em>A trav\u00e9s de un decreto de Javier Milei, Manuel Adorni y el resto de los ministros duplicaron sus sueldos. El dato surge del informe oficial al que se accedi\u00f3 PERFIL mediante un pedido de Acceso a la Informaci\u00f3n P\u00fablica. A partir de enero de 2026 los funcionaron pasaron a ganar $7.272.091 (antes eran $3.500.000). El presidente y la vice, Victoria Villarruel, siguen con sus sueldos congelados.<\/em><\/strong><\/p>\n\n\n\n<p>El jefe de Gabinete, Manuel Adorni<a href=\"https:\/\/www.perfil.com\/noticias\/politica\/adorni-en-el-congreso-cocina-un-contraataque-y-evadira-preguntas-sobre-sus-propiedades.phtml\" target=\"_blank\" rel=\"noreferrer noopener\">,<\/a>\u00a0percibe actualmente una remuneraci\u00f3n bruta mensual de\u00a0<strong>$7.272.091<\/strong>, en l\u00ednea con el resto de los ministros del Poder Ejecutivo Nacional. El dato surge del informe oficial, al que se accedi\u00f3\u00a0Perfil\u00a0mediante un pedido de\u00a0<strong>Acceso a la Informaci\u00f3n P\u00fablica\u00a0<\/strong>realizado bajo la Ley 27.275, y que precisa que ese monto se compone de un sueldo b\u00e1sico de $3.300.233 y un complemento por responsabilidad del cargo de $3.971.858.<\/p>\n\n\n\n<p>El documento, elaborado por la Direcci\u00f3n Nacional de Sistemas y Estad\u00edsticas de Empleo P\u00fablico y Pol\u00edtica Salarial, deja en claro que este esquema alcanza a todos los ministros, al jefe de Gabinete y a las autoridades superiores del Poder Ejecutivo comprendidas en distintos reg\u00edmenes (decretos 838\/94, 1716\/92 y 140\/07), es decir, secretarios, subsecretarios y funcionarios con rango equivalente. La actualizaci\u00f3n salarial fue consecuencia directa del decreto 931\/2025, <strong>firmado por el presidente el 31 de diciembre de ese a\u00f1o<\/strong>,<strong>\u00a0<\/strong>que traslad\u00f3 a la c\u00fapula del Ejecutivo los aumentos acordados en las paritarias estatales de 2024 y 2025 . De esta norma est\u00e1n exceptuados\u00a0<strong>Javier Milei<\/strong>\u00a0y la vicepresidenta,\u00a0<strong>Victoria Villarruel<\/strong>, que siguen con sus\u00a0<strong>sueldos congelados.<\/strong><\/p>\n\n\n\n<figure class=\"wp-block-image size-full\"><img loading=\"lazy\" decoding=\"async\" width=\"900\" height=\"608\" src=\"http:\/\/treslineasnoticias.com.ar\/wp-content\/uploads\/2026\/04\/los-sueldos-de-los-ministros-de-javier-milei-2228349.webp\" alt=\"\" class=\"wp-image-24803\" srcset=\"https:\/\/treslineasnoticias.com.ar\/wp-content\/uploads\/2026\/04\/los-sueldos-de-los-ministros-de-javier-milei-2228349.webp 900w, https:\/\/treslineasnoticias.com.ar\/wp-content\/uploads\/2026\/04\/los-sueldos-de-los-ministros-de-javier-milei-2228349-300x203.webp 300w, https:\/\/treslineasnoticias.com.ar\/wp-content\/uploads\/2026\/04\/los-sueldos-de-los-ministros-de-javier-milei-2228349-768x519.webp 768w\" sizes=\"auto, (max-width: 900px) 100vw, 900px\" \/><\/figure>\n\n\n\n<p>Antes de esa decisi\u00f3n, los salarios de los altos funcionarios \u2014incluido Adorni\u2014 permanec\u00edan en los niveles fijados por el decreto 235\/2024, congelados con referencia a diciembre de 2023.&nbsp;<strong>Hasta enero de 2026 Adorni y el resto de los ministros ganaban $3.500.000<\/strong>. La aplicaci\u00f3n de los incrementos acumulados implic\u00f3 en los hechos una recomposici\u00f3n significativa que, medida en t\u00e9rminos nominales,&nbsp;<strong>llev\u00f3 a duplicar los ingresos de la c\u00fapula pol\u00edtica en poco m\u00e1s de un a\u00f1o.<\/strong><\/p>\n\n\n\n<p>El incremento salarial coincidi\u00f3 con una etapa de fuerte exposici\u00f3n judicial para Adorni. El primer foco de conflicto se registr\u00f3 el 15 de febrero de 2026, cuando se hicieron p\u00fablicos cuestionamientos sobre la evoluci\u00f3n de su patrimonio. A partir de all\u00ed se abrieron distintas l\u00edneas de investigaci\u00f3n que abarcan la adquisici\u00f3n de propiedades, inconsistencias entre ingresos declarados y gastos \u2014incluidos consumos con tarjetas de cr\u00e9dito\u2014 y posibles conflictos de inter\u00e9s derivados de su rol en el Estado.<\/p>\n\n\n\n<p>Entre los expedientes m\u00e1s relevantes se encuentra la causa vinculada al uso de recursos oficiales para viajes, en particular el traslado a Nueva York junto a su esposa,\u00a0<strong>Betina Angelett<\/strong>i. Ese expediente fue finalmente archivado por el juez federal <strong>Daniel Rafecas<\/strong>,\u00a0con intervenci\u00f3n del fiscal<strong>\u00a0Ramiro Gonz\u00e1lez<\/strong>, quienes concluyeron que no hab\u00eda elementos suficientes para sostener una imputaci\u00f3n penal. Sin embargo, otras causas contin\u00faan en etapa de investigaci\u00f3n preliminar en distintos juzgados federales, con pedidos de informes patrimoniales, cruces de datos fiscales y medidas orientadas a reconstruir la evoluci\u00f3n de sus bienes.<\/p>\n\n\n\n<p>En el plano institucional,&nbsp;<strong>Adorni deber\u00e1 presentarse el 29 de abril ante el Congreso de la Naci\u00f3n<\/strong>&nbsp;para brindar su informe de gesti\u00f3n. Hasta el momento, no hay una cifra oficial p\u00fablica confirmada sobre cu\u00e1ntas preguntas responder\u00e1 en esa sesi\u00f3n. Los 19 bloques que contienen a los 257 diputados que conforman la C\u00e1mara presentaron&nbsp;<strong>4.800 consultas<\/strong>&nbsp;para que responda el jefe de Gabinete, pero el n\u00famero final de respuestas efectivas depender\u00e1 del desarrollo de la sesi\u00f3n y del formato acordado entre los bloques, por lo que no puede afirmarse con precisi\u00f3n un n\u00famero cerrado.<\/p>\n\n\n\n<h2 class=\"wp-block-heading\"><strong>Lo que gana la \u00abcasta\u00bb contra los ingresos de la gente<\/strong><\/h2>\n\n\n\n<p>La evoluci\u00f3n de los salarios de los altos funcionarios contrasta con la din\u00e1mica del resto de los ingresos en la econom\u00eda. El poder adquisitivo del&nbsp;<strong>salario m\u00ednimo, vital y m\u00f3vil<\/strong>&nbsp;disminuy\u00f3&nbsp;<strong>39% entre noviembre de 2023 y marzo de 2026<\/strong>, seg\u00fan el informe \u201cPanorama del empleo asalariado formal y de las remuneraciones\u201d del Instituto Interdisciplinario de Econom\u00eda Pol\u00edtica (IIEP) de la&nbsp;<strong>Facultad de Ciencias Econ\u00f3micas (UBA)<\/strong>. Sin embargo, esos ajustes quedaron por debajo de la inflaci\u00f3n anual.<\/p>\n\n\n\n<figure class=\"wp-block-image size-full\"><img loading=\"lazy\" decoding=\"async\" width=\"987\" height=\"555\" src=\"http:\/\/treslineasnoticias.com.ar\/wp-content\/uploads\/2026\/04\/250426mileigabineteministroscedocg-2227388.webp\" alt=\"\" class=\"wp-image-24804\" srcset=\"https:\/\/treslineasnoticias.com.ar\/wp-content\/uploads\/2026\/04\/250426mileigabineteministroscedocg-2227388.webp 987w, https:\/\/treslineasnoticias.com.ar\/wp-content\/uploads\/2026\/04\/250426mileigabineteministroscedocg-2227388-300x169.webp 300w, https:\/\/treslineasnoticias.com.ar\/wp-content\/uploads\/2026\/04\/250426mileigabineteministroscedocg-2227388-768x432.webp 768w\" sizes=\"auto, (max-width: 987px) 100vw, 987px\" \/><\/figure>\n\n\n\n<p>En ese contexto, tanto los empleados p\u00fablicos como los jubilados sufrieron una marcada p\u00e9rdida de poder adquisitivo. Las estimaciones coinciden en que los trabajadores estatales registraron ca\u00eddas reales de un 30 por ciento (seg\u00fan un informe de ATE), mientras que los haberes previsionales perdieron alrededor de 20 puntos frente a la suba de precios. El INDEC, adem\u00e1s inform\u00f3 que durante 2025 los salarios formales perdieron m\u00e1s de 2 % de poder adquisitivo real frente a la inflaci\u00f3n.<\/p>\n\n\n\n<p>En 2025, las jubilaciones que cobran la m\u00ednima con bono<strong>&nbsp;perdieron un 4,6%<\/strong>&nbsp;de poder de compra frente a la inflaci\u00f3n, debido al congelamiento del bono de $70000. En contraste, los haberes por encima de la m\u00ednima se mantuvieron estables, con una mejora marginal del<strong>&nbsp;0,4%<\/strong>, quedando pr\u00e1cticamente empatados contra la inflaci\u00f3n.<\/p>\n\n\n\n<p>La p\u00e9rdida del poder adquisitivo de los jubilados se refleja tambi\u00e9n en la distancia entre el valor de las jubilaciones y la canasta de consumo de los adultos mayores. Seg\u00fan los \u00faltimos datosde la Defensoria de la Tercera Edad porte\u00f1a, <strong>la canasta de consumo de una pareja de personas adultas mayores con vivienda propia lleg\u00f3 en febrero de 2026 a $1.548.360 (5,5% m\u00e1s que el valor del mes anterior). Equivale a 3,4 jubilaciones m\u00ednimas, con bono, de abril.<\/strong><\/p>\n\n\n\n<p>Si esa misma pareja alquila, el costo de vida fue de<strong>&nbsp;$2.268.554<\/strong>&nbsp;(lo que signific\u00f3 un incremento de 4,7% en el mes). En ese caso, la relaci\u00f3n con el haber m\u00e1s bajo se&nbsp;<strong>ampl\u00eda a 5 veces el monto actual.<\/strong><\/p>\n\n\n\n<p>La diferencia con los ingresos de la c\u00fapula pol\u00edtica radica en que estos \u00faltimos se actualizaron autom\u00e1ticamente por las paritarias acumuladas, mecanismo que no logr\u00f3 replicarse con igual eficacia en el resto de los sectores.<\/p>\n\n\n\n<p>As\u00ed, el informe que Adorni llevar\u00e1 al Congreso no s\u00f3lo estar\u00e1 atravesado por las preguntas sobre su gesti\u00f3n, sino tambi\u00e9n por el debate en torno a los ingresos de los funcionarios en un contexto de deterioro generalizado del poder de compra y de m\u00faltiples investigaciones judiciales a\u00fan abiertas.<\/p>\n","protected":false},"excerpt":{"rendered":"<p>A trav\u00e9s de un decreto de Javier Milei, Manuel Adorni y el resto de los ministros duplicaron sus sueldos. El dato surge del informe oficial al que se accedi\u00f3 PERFIL mediante un pedido de Acceso a la Informaci\u00f3n P\u00fablica. A partir de enero de 2026 los funcionaron pasaron a ganar $7.272.091 (antes eran $3.500.000). El [&hellip;]<\/p>\n","protected":false},"author":3,"featured_media":24802,"comment_status":"open","ping_status":"open","sticky":false,"template":"","format":"standard","meta":{"_jetpack_memberships_contains_paid_content":false,"footnotes":""},"categories":[9],"tags":[],"class_list":["post-24801","post","type-post","status-publish","format-standard","has-post-thumbnail","hentry","category-nacionales"],"yoast_head":"<!-- This site is optimized with the Yoast SEO plugin v24.7 - https:\/\/yoast.com\/wordpress\/plugins\/seo\/ -->\n<title>No hay plata para vos, pero s\u00ed para los ministros - Tres Lineas Noticias<\/title>\n<meta name=\"robots\" content=\"index, follow, max-snippet:-1, max-image-preview:large, max-video-preview:-1\" \/>\n<link rel=\"canonical\" href=\"https:\/\/treslineasnoticias.com.ar\/?p=24801\" \/>\n<meta property=\"og:locale\" content=\"es_ES\" \/>\n<meta property=\"og:type\" content=\"article\" \/>\n<meta property=\"og:title\" content=\"No hay plata para vos, pero s\u00ed para los ministros - Tres Lineas Noticias\" \/>\n<meta property=\"og:description\" content=\"A trav\u00e9s de un decreto de Javier Milei, Manuel Adorni y el resto de los ministros duplicaron sus sueldos. El dato surge del informe oficial al que se accedi\u00f3 PERFIL mediante un pedido de Acceso a la Informaci\u00f3n P\u00fablica. A partir de enero de 2026 los funcionaron pasaron a ganar $7.272.091 (antes eran $3.500.000). El [&hellip;]\" \/>\n<meta property=\"og:url\" content=\"https:\/\/treslineasnoticias.com.ar\/?p=24801\" \/>\n<meta property=\"og:site_name\" content=\"Tres Lineas Noticias\" \/>\n<meta property=\"article:published_time\" content=\"2026-04-27T10:15:00+00:00\" \/>\n<meta property=\"article:modified_time\" content=\"2026-04-27T22:43:12+00:00\" \/>\n<meta property=\"og:image\" content=\"http:\/\/treslineasnoticias.com.ar\/wp-content\/uploads\/2026\/04\/milei-agasaja-su-gabinete-este-lunes-un-asado-olivos.webp\" \/>\n\t<meta property=\"og:image:width\" content=\"1000\" \/>\n\t<meta property=\"og:image:height\" content=\"562\" \/>\n\t<meta property=\"og:image:type\" content=\"image\/webp\" \/>\n<meta name=\"author\" content=\"Horacio L\u00f3pez\" \/>\n<meta name=\"twitter:card\" content=\"summary_large_image\" \/>\n<meta name=\"twitter:label1\" content=\"Escrito por\" \/>\n\t<meta name=\"twitter:data1\" content=\"Horacio L\u00f3pez\" \/>\n\t<meta name=\"twitter:label2\" content=\"Tiempo de lectura\" \/>\n\t<meta name=\"twitter:data2\" content=\"6 minutos\" \/>\n<script type=\"application\/ld+json\" class=\"yoast-schema-graph\">{\"@context\":\"https:\/\/schema.org\",\"@graph\":[{\"@type\":\"WebPage\",\"@id\":\"https:\/\/treslineasnoticias.com.ar\/?p=24801\",\"url\":\"https:\/\/treslineasnoticias.com.ar\/?p=24801\",\"name\":\"No hay plata para vos, pero s\u00ed para los ministros - Tres Lineas Noticias\",\"isPartOf\":{\"@id\":\"https:\/\/treslineasnoticias.com.ar\/#website\"},\"primaryImageOfPage\":{\"@id\":\"https:\/\/treslineasnoticias.com.ar\/?p=24801#primaryimage\"},\"image\":{\"@id\":\"https:\/\/treslineasnoticias.com.ar\/?p=24801#primaryimage\"},\"thumbnailUrl\":\"https:\/\/treslineasnoticias.com.ar\/wp-content\/uploads\/2026\/04\/milei-agasaja-su-gabinete-este-lunes-un-asado-olivos.webp\",\"datePublished\":\"2026-04-27T10:15:00+00:00\",\"dateModified\":\"2026-04-27T22:43:12+00:00\",\"author\":{\"@id\":\"https:\/\/treslineasnoticias.com.ar\/#\/schema\/person\/c5f7249e50517b84c2379b145ca14895\"},\"breadcrumb\":{\"@id\":\"https:\/\/treslineasnoticias.com.ar\/?p=24801#breadcrumb\"},\"inLanguage\":\"es\",\"potentialAction\":[{\"@type\":\"ReadAction\",\"target\":[\"https:\/\/treslineasnoticias.com.ar\/?p=24801\"]}]},{\"@type\":\"ImageObject\",\"inLanguage\":\"es\",\"@id\":\"https:\/\/treslineasnoticias.com.ar\/?p=24801#primaryimage\",\"url\":\"https:\/\/treslineasnoticias.com.ar\/wp-content\/uploads\/2026\/04\/milei-agasaja-su-gabinete-este-lunes-un-asado-olivos.webp\",\"contentUrl\":\"https:\/\/treslineasnoticias.com.ar\/wp-content\/uploads\/2026\/04\/milei-agasaja-su-gabinete-este-lunes-un-asado-olivos.webp\",\"width\":1000,\"height\":562,\"caption\":\"Milei junto a su gabinete en diciembre 2025\"},{\"@type\":\"BreadcrumbList\",\"@id\":\"https:\/\/treslineasnoticias.com.ar\/?p=24801#breadcrumb\",\"itemListElement\":[{\"@type\":\"ListItem\",\"position\":1,\"name\":\"Portada\",\"item\":\"https:\/\/treslineasnoticias.com.ar\/\"},{\"@type\":\"ListItem\",\"position\":2,\"name\":\"No hay plata para vos, pero s\u00ed para los ministros\"}]},{\"@type\":\"WebSite\",\"@id\":\"https:\/\/treslineasnoticias.com.ar\/#website\",\"url\":\"https:\/\/treslineasnoticias.com.ar\/\",\"name\":\"Tres Lineas Noticias\",\"description\":\"\",\"potentialAction\":[{\"@type\":\"SearchAction\",\"target\":{\"@type\":\"EntryPoint\",\"urlTemplate\":\"https:\/\/treslineasnoticias.com.ar\/?s={search_term_string}\"},\"query-input\":{\"@type\":\"PropertyValueSpecification\",\"valueRequired\":true,\"valueName\":\"search_term_string\"}}],\"inLanguage\":\"es\"},{\"@type\":\"Person\",\"@id\":\"https:\/\/treslineasnoticias.com.ar\/#\/schema\/person\/c5f7249e50517b84c2379b145ca14895\",\"name\":\"Horacio L\u00f3pez\",\"image\":{\"@type\":\"ImageObject\",\"inLanguage\":\"es\",\"@id\":\"https:\/\/treslineasnoticias.com.ar\/#\/schema\/person\/image\/\",\"url\":\"https:\/\/treslineasnoticias.com.ar\/wp-content\/litespeed\/avatar\/ddbec442f0224f940ce000570a0cb216.jpg?ver=1777068930\",\"contentUrl\":\"https:\/\/treslineasnoticias.com.ar\/wp-content\/litespeed\/avatar\/ddbec442f0224f940ce000570a0cb216.jpg?ver=1777068930\",\"caption\":\"Horacio L\u00f3pez\"},\"sameAs\":[\"http:\/\/treslineasnoticias.com.ar\"],\"url\":\"https:\/\/treslineasnoticias.com.ar\/?author=3\"}]}<\/script>\n<!-- \/ Yoast SEO plugin. -->","yoast_head_json":{"title":"No hay plata para vos, pero s\u00ed para los ministros - Tres Lineas Noticias","robots":{"index":"index","follow":"follow","max-snippet":"max-snippet:-1","max-image-preview":"max-image-preview:large","max-video-preview":"max-video-preview:-1"},"canonical":"https:\/\/treslineasnoticias.com.ar\/?p=24801","og_locale":"es_ES","og_type":"article","og_title":"No hay plata para vos, pero s\u00ed para los ministros - Tres Lineas Noticias","og_description":"A trav\u00e9s de un decreto de Javier Milei, Manuel Adorni y el resto de los ministros duplicaron sus sueldos. El dato surge del informe oficial al que se accedi\u00f3 PERFIL mediante un pedido de Acceso a la Informaci\u00f3n P\u00fablica. A partir de enero de 2026 los funcionaron pasaron a ganar $7.272.091 (antes eran $3.500.000). El [&hellip;]","og_url":"https:\/\/treslineasnoticias.com.ar\/?p=24801","og_site_name":"Tres Lineas Noticias","article_published_time":"2026-04-27T10:15:00+00:00","article_modified_time":"2026-04-27T22:43:12+00:00","og_image":[{"width":1000,"height":562,"url":"http:\/\/treslineasnoticias.com.ar\/wp-content\/uploads\/2026\/04\/milei-agasaja-su-gabinete-este-lunes-un-asado-olivos.webp","type":"image\/webp"}],"author":"Horacio L\u00f3pez","twitter_card":"summary_large_image","twitter_misc":{"Escrito por":"Horacio L\u00f3pez","Tiempo de lectura":"6 minutos"},"schema":{"@context":"https:\/\/schema.org","@graph":[{"@type":"WebPage","@id":"https:\/\/treslineasnoticias.com.ar\/?p=24801","url":"https:\/\/treslineasnoticias.com.ar\/?p=24801","name":"No hay plata para vos, pero s\u00ed para los ministros - Tres Lineas Noticias","isPartOf":{"@id":"https:\/\/treslineasnoticias.com.ar\/#website"},"primaryImageOfPage":{"@id":"https:\/\/treslineasnoticias.com.ar\/?p=24801#primaryimage"},"image":{"@id":"https:\/\/treslineasnoticias.com.ar\/?p=24801#primaryimage"},"thumbnailUrl":"https:\/\/treslineasnoticias.com.ar\/wp-content\/uploads\/2026\/04\/milei-agasaja-su-gabinete-este-lunes-un-asado-olivos.webp","datePublished":"2026-04-27T10:15:00+00:00","dateModified":"2026-04-27T22:43:12+00:00","author":{"@id":"https:\/\/treslineasnoticias.com.ar\/#\/schema\/person\/c5f7249e50517b84c2379b145ca14895"},"breadcrumb":{"@id":"https:\/\/treslineasnoticias.com.ar\/?p=24801#breadcrumb"},"inLanguage":"es","potentialAction":[{"@type":"ReadAction","target":["https:\/\/treslineasnoticias.com.ar\/?p=24801"]}]},{"@type":"ImageObject","inLanguage":"es","@id":"https:\/\/treslineasnoticias.com.ar\/?p=24801#primaryimage","url":"https:\/\/treslineasnoticias.com.ar\/wp-content\/uploads\/2026\/04\/milei-agasaja-su-gabinete-este-lunes-un-asado-olivos.webp","contentUrl":"https:\/\/treslineasnoticias.com.ar\/wp-content\/uploads\/2026\/04\/milei-agasaja-su-gabinete-este-lunes-un-asado-olivos.webp","width":1000,"height":562,"caption":"Milei junto a su gabinete en diciembre 2025"},{"@type":"BreadcrumbList","@id":"https:\/\/treslineasnoticias.com.ar\/?p=24801#breadcrumb","itemListElement":[{"@type":"ListItem","position":1,"name":"Portada","item":"https:\/\/treslineasnoticias.com.ar\/"},{"@type":"ListItem","position":2,"name":"No hay plata para vos, pero s\u00ed para los ministros"}]},{"@type":"WebSite","@id":"https:\/\/treslineasnoticias.com.ar\/#website","url":"https:\/\/treslineasnoticias.com.ar\/","name":"Tres Lineas Noticias","description":"","potentialAction":[{"@type":"SearchAction","target":{"@type":"EntryPoint","urlTemplate":"https:\/\/treslineasnoticias.com.ar\/?s={search_term_string}"},"query-input":{"@type":"PropertyValueSpecification","valueRequired":true,"valueName":"search_term_string"}}],"inLanguage":"es"},{"@type":"Person","@id":"https:\/\/treslineasnoticias.com.ar\/#\/schema\/person\/c5f7249e50517b84c2379b145ca14895","name":"Horacio L\u00f3pez","image":{"@type":"ImageObject","inLanguage":"es","@id":"https:\/\/treslineasnoticias.com.ar\/#\/schema\/person\/image\/","url":"https:\/\/treslineasnoticias.com.ar\/wp-content\/litespeed\/avatar\/ddbec442f0224f940ce000570a0cb216.jpg?ver=1777068930","contentUrl":"https:\/\/treslineasnoticias.com.ar\/wp-content\/litespeed\/avatar\/ddbec442f0224f940ce000570a0cb216.jpg?ver=1777068930","caption":"Horacio L\u00f3pez"},"sameAs":["http:\/\/treslineasnoticias.com.ar"],"url":"https:\/\/treslineasnoticias.com.ar\/?author=3"}]}},"jetpack_featured_media_url":"https:\/\/treslineasnoticias.com.ar\/wp-content\/uploads\/2026\/04\/milei-agasaja-su-gabinete-este-lunes-un-asado-olivos.webp","jetpack_sharing_enabled":true,"_links":{"self":[{"href":"https:\/\/treslineasnoticias.com.ar\/index.php?rest_route=\/wp\/v2\/posts\/24801","targetHints":{"allow":["GET"]}}],"collection":[{"href":"https:\/\/treslineasnoticias.com.ar\/index.php?rest_route=\/wp\/v2\/posts"}],"about":[{"href":"https:\/\/treslineasnoticias.com.ar\/index.php?rest_route=\/wp\/v2\/types\/post"}],"author":[{"embeddable":true,"href":"https:\/\/treslineasnoticias.com.ar\/index.php?rest_route=\/wp\/v2\/users\/3"}],"replies":[{"embeddable":true,"href":"https:\/\/treslineasnoticias.com.ar\/index.php?rest_route=%2Fwp%2Fv2%2Fcomments&post=24801"}],"version-history":[{"count":2,"href":"https:\/\/treslineasnoticias.com.ar\/index.php?rest_route=\/wp\/v2\/posts\/24801\/revisions"}],"predecessor-version":[{"id":24806,"href":"https:\/\/treslineasnoticias.com.ar\/index.php?rest_route=\/wp\/v2\/posts\/24801\/revisions\/24806"}],"wp:featuredmedia":[{"embeddable":true,"href":"https:\/\/treslineasnoticias.com.ar\/index.php?rest_route=\/wp\/v2\/media\/24802"}],"wp:attachment":[{"href":"https:\/\/treslineasnoticias.com.ar\/index.php?rest_route=%2Fwp%2Fv2%2Fmedia&parent=24801"}],"wp:term":[{"taxonomy":"category","embeddable":true,"href":"https:\/\/treslineasnoticias.com.ar\/index.php?rest_route=%2Fwp%2Fv2%2Fcategories&post=24801"},{"taxonomy":"post_tag","embeddable":true,"href":"https:\/\/treslineasnoticias.com.ar\/index.php?rest_route=%2Fwp%2Fv2%2Ftags&post=24801"}],"curies":[{"name":"wp","href":"https:\/\/api.w.org\/{rel}","templated":true}]}}