{"id":24811,"date":"2026-04-27T07:45:00","date_gmt":"2026-04-27T10:45:00","guid":{"rendered":"https:\/\/treslineasnoticias.com.ar\/?p=24811"},"modified":"2026-04-27T20:43:30","modified_gmt":"2026-04-27T23:43:30","slug":"y-esto-una-mas-y-van-titulo-viejo-nota-nueva","status":"publish","type":"post","link":"https:\/\/treslineasnoticias.com.ar\/?p=24811","title":{"rendered":"\u00bfY esto? Una m\u00e1s y van..,(T\u00edtulo viejo nota nueva)"},"content":{"rendered":"\n<p><strong><em>Otro ejecutivo de ENARGAS bajo sospecha: Gerente rectific\u00f3 su DDJJ y ahora investigan cr\u00e9dito privado millonario. Una ampliaci\u00f3n de denuncia incorpora un cr\u00e9dito millonario otorgado por un particular y apunta a posibles v\u00ednculos con otro funcionario del organismo.<\/em><\/strong><\/p>\n\n\n\n<p><strong>La denuncia por presunto enriquecimiento il\u00edcito\u00a0contra el gerente de Recursos Humanos y Relaciones Institucionales del Ente Nacional Regulador del Gas (ENARGAS), Eric Oscar Salomone Strunz, sum\u00f3 en las \u00faltimas horas un elemento que reconfigura el caso<\/strong>: la aparici\u00f3n de un cr\u00e9dito hipotecario millonario otorgado por un particular y la sospecha de v\u00ednculos internos dentro del propio organismo.<\/p>\n\n\n\n<p>La ampliaci\u00f3n de la presentaci\u00f3n,&nbsp;<strong>registrada bajo el c\u00f3digo NJDK-850 ante el ministerio P\u00fablico Fiscal<\/strong>, introduce \u201cnuevos elementos de hecho que refuerzan la hip\u00f3tesis de posible enriquecimiento il\u00edcito (art\u00edculo 268 inciso 2 del C\u00f3digo Penal) y negociaciones incompatibles (art\u00edculo&nbsp;265)\u201d, seg\u00fan consta en el escrito.&nbsp;<strong>En ese marco, el foco ya no se limita \u00fanicamente al crecimiento patrimonial del funcionario, sino al posible origen de los fondos que explican ese salto.<\/strong><\/p>\n\n\n\n<p>El dato central que emerge del nuevo documento es la existencia de un\u00a0<strong>\u201ccr\u00e9dito significativo otorgado por persona f\u00edsica identificada como Salvador Bello, sin condiciones claras ni entidad financiera interviniente\u201d<\/strong>. La referencia no es menor:\u00a0<strong>se trata de un pr\u00e9stamo por m\u00e1s de 70 millones de pesos que figura en la declaraci\u00f3n jurada rectificativa del funcionario<\/strong>,\u00a0<strong>vinculado a la adquisici\u00f3n de un departamento en la Ciudad Aut\u00f3noma de Buenos Aires.<\/strong><\/p>\n\n\n\n<figure class=\"wp-block-image size-full\"><img loading=\"lazy\" decoding=\"async\" width=\"880\" height=\"495\" src=\"http:\/\/treslineasnoticias.com.ar\/wp-content\/uploads\/2026\/04\/20260313223051_eric-oscar-salomone-strunz-1.webp\" alt=\"\" class=\"wp-image-24812\" srcset=\"https:\/\/treslineasnoticias.com.ar\/wp-content\/uploads\/2026\/04\/20260313223051_eric-oscar-salomone-strunz-1.webp 880w, https:\/\/treslineasnoticias.com.ar\/wp-content\/uploads\/2026\/04\/20260313223051_eric-oscar-salomone-strunz-1-300x169.webp 300w, https:\/\/treslineasnoticias.com.ar\/wp-content\/uploads\/2026\/04\/20260313223051_eric-oscar-salomone-strunz-1-768x432.webp 768w\" sizes=\"auto, (max-width: 880px) 100vw, 880px\" \/><\/figure>\n\n\n\n<p>Ese mismo inmueble &#8211;<strong>de aproximadamente 150 metros cuadrados y con una valuaci\u00f3n cercana a los 97 millones de pesos<\/strong>-aparece incorporado en la \u00faltima versi\u00f3n de la declaraci\u00f3n patrimonial, junto con una estructura de activos que incluye d\u00f3lares en efectivo, veh\u00edculos de alta gama e inversiones financieras.<\/p>\n\n\n\n<p>Pero el punto m\u00e1s sensible del nuevo escrito no es solo el cr\u00e9dito en s\u00ed, sino la\u00a0<strong>posible relaci\u00f3n entre el prestamista y el propio organismo<\/strong>. La ampliaci\u00f3n menciona expresamente una\u00a0<strong>\u201cposible vinculaci\u00f3n con funcionario del ENARGAS,\u00a0Fabi\u00e1n Marcelo Bello, a verificar\u201d<\/strong>. Se trata del actual gerente de Desempe\u00f1o y Econom\u00eda del ente, designado formalmente en 2021.<\/p>\n\n\n\n<p>Aunque la presentaci\u00f3n no afirma la existencia de un v\u00ednculo directo, s\u00ed\u00a0<strong>solicita que la Justicia avance en su verificaci\u00f3n a trav\u00e9s de cruces de datos con organismos como ANSES y RENAPER<\/strong>, lo que introduce una hip\u00f3tesis de trabajo que podr\u00eda derivar en un an\u00e1lisis por negociaciones incompatibles.<\/p>\n\n\n\n<h2 class=\"wp-block-heading\"><strong>Declaraciones que cambiaron<\/strong><\/h2>\n\n\n\n<p>Otro de los ejes que adquiere relevancia es la evoluci\u00f3n de las propias declaraciones juradas del funcionario. La documentaci\u00f3n incorporada muestra que&nbsp;<strong>la presentaci\u00f3n correspondiente a 2024 no se mantuvo inalterada, sino que fue rectificada en m\u00e1s de una oportunidad.<\/strong><\/p>\n\n\n\n<p>Ese dato no es meramente administrativo. La comparaci\u00f3n entre versiones revela diferencias sustanciales.&nbsp;<strong>Mientras que en la declaraci\u00f3n original el patrimonio total rondaba los 237 millones de pesos sin deudas relevantes al cierre, en las versiones posteriores el monto asciende a m\u00e1s de 341 millones e incorpora pasivos por m\u00e1s de 75 millones, incluyendo la hipoteca con el particular mencionado.<\/strong><\/p>\n\n\n\n<p>En t\u00e9rminos concretos, la rectificaci\u00f3n no solo ajusta valores: redefine la estructura patrimonial declarada. Aparecen nuevos bienes, se modifican valuaciones y se incorpora un esquema de financiamiento que no figuraba en la presentaci\u00f3n inicial.<\/p>\n\n\n\n<figure class=\"wp-block-image size-full\"><img loading=\"lazy\" decoding=\"async\" width=\"880\" height=\"495\" src=\"http:\/\/treslineasnoticias.com.ar\/wp-content\/uploads\/2026\/04\/20260418001043_eric-salomone-strunz.webp\" alt=\"\" class=\"wp-image-24814\" srcset=\"https:\/\/treslineasnoticias.com.ar\/wp-content\/uploads\/2026\/04\/20260418001043_eric-salomone-strunz.webp 880w, https:\/\/treslineasnoticias.com.ar\/wp-content\/uploads\/2026\/04\/20260418001043_eric-salomone-strunz-300x169.webp 300w, https:\/\/treslineasnoticias.com.ar\/wp-content\/uploads\/2026\/04\/20260418001043_eric-salomone-strunz-768x432.webp 768w\" sizes=\"auto, (max-width: 880px) 100vw, 880px\" \/><\/figure>\n\n\n\n<h2 class=\"wp-block-heading\"><strong>El salto patrimonial<\/strong><\/h2>\n\n\n\n<p><strong>El trasfondo del caso sigue siendo el mismo que motiv\u00f3 la denuncia original: un incremento patrimonial que, seg\u00fan los documentos, pas\u00f3 de poco m\u00e1s de 3,4 millones de pesos en 2020 a cifras que superan ampliamente los 300 millones en 2024.<\/strong><\/p>\n\n\n\n<p>Ese crecimiento \u2014que en t\u00e9rminos nominales implica una multiplicaci\u00f3n cercana a cien veces\u2014 es el que activ\u00f3 la presentaci\u00f3n inicial por presunto enriquecimiento il\u00edcito. Sin embargo, con la ampliaci\u00f3n, el eje se desplaza hacia la explicaci\u00f3n de ese salto.<\/p>\n\n\n\n<p>En esa l\u00ednea,&nbsp;<strong>el escrito plantea la necesidad de una pericia contable integral, la verificaci\u00f3n del cr\u00e9dito privado, requerimientos a entidades bancarias y fiscales, y la tasaci\u00f3n de los bienes declarados<\/strong>. Tambi\u00e9n solicita avanzar en la reconstrucci\u00f3n de la evoluci\u00f3n patrimonial del funcionario y su correspondencia con los ingresos percibidos.<\/p>\n\n\n\n<h2 class=\"wp-block-heading\"><strong>Una hip\u00f3tesis en construcci\u00f3n<\/strong><\/h2>\n\n\n\n<p>Por el momento, el caso se encuentra en etapa de an\u00e1lisis preliminar y no existen imputaciones formales. La ampliaci\u00f3n de la denuncia, no obstante, introduce un elemento clave:&nbsp;<strong>la posible existencia de un circuito de financiamiento por fuera del sistema bancario tradicional, con actores que podr\u00edan tener relaci\u00f3n con el propio ente regulador.<\/strong><\/p>\n\n\n\n<p><strong>Esa combinaci\u00f3n \u2014cr\u00e9ditos privados millonarios, rectificaciones patrimoniales y v\u00ednculos a verificar dentro del organismo\u2014 es la que ahora queda bajo la lupa judicial.<\/strong><\/p>\n\n\n\n<p>Ser\u00e1 la Justicia la que deba determinar si se trata de operaciones leg\u00edtimas o si, por el contrario, los elementos reunidos configuran un esquema incompatible con el ejercicio de la funci\u00f3n p\u00fablica.<\/p>\n","protected":false},"excerpt":{"rendered":"<p>Otro ejecutivo de ENARGAS bajo sospecha: Gerente rectific\u00f3 su DDJJ y ahora investigan cr\u00e9dito privado millonario. Una ampliaci\u00f3n de denuncia incorpora un cr\u00e9dito millonario otorgado por un particular y apunta a posibles v\u00ednculos con otro funcionario del organismo. La denuncia por presunto enriquecimiento il\u00edcito\u00a0contra el gerente de Recursos Humanos y Relaciones Institucionales del Ente Nacional [&hellip;]<\/p>\n","protected":false},"author":3,"featured_media":24813,"comment_status":"open","ping_status":"open","sticky":false,"template":"","format":"standard","meta":{"_jetpack_memberships_contains_paid_content":false,"footnotes":""},"categories":[9],"tags":[],"class_list":["post-24811","post","type-post","status-publish","format-standard","has-post-thumbnail","hentry","category-nacionales"],"yoast_head":"<!-- This site is optimized with the Yoast SEO plugin v24.7 - https:\/\/yoast.com\/wordpress\/plugins\/seo\/ -->\n<title>\u00bfY esto? Una m\u00e1s y van..,(T\u00edtulo viejo nota nueva) - Tres Lineas Noticias<\/title>\n<meta name=\"robots\" content=\"index, follow, max-snippet:-1, max-image-preview:large, max-video-preview:-1\" \/>\n<link rel=\"canonical\" href=\"https:\/\/treslineasnoticias.com.ar\/?p=24811\" \/>\n<meta property=\"og:locale\" content=\"es_ES\" \/>\n<meta property=\"og:type\" content=\"article\" \/>\n<meta property=\"og:title\" content=\"\u00bfY esto? Una m\u00e1s y van..,(T\u00edtulo viejo nota nueva) - Tres Lineas Noticias\" \/>\n<meta property=\"og:description\" content=\"Otro ejecutivo de ENARGAS bajo sospecha: Gerente rectific\u00f3 su DDJJ y ahora investigan cr\u00e9dito privado millonario. Una ampliaci\u00f3n de denuncia incorpora un cr\u00e9dito millonario otorgado por un particular y apunta a posibles v\u00ednculos con otro funcionario del organismo. La denuncia por presunto enriquecimiento il\u00edcito\u00a0contra el gerente de Recursos Humanos y Relaciones Institucionales del Ente Nacional [&hellip;]\" \/>\n<meta property=\"og:url\" content=\"https:\/\/treslineasnoticias.com.ar\/?p=24811\" \/>\n<meta property=\"og:site_name\" content=\"Tres Lineas Noticias\" \/>\n<meta property=\"article:published_time\" content=\"2026-04-27T10:45:00+00:00\" \/>\n<meta property=\"article:modified_time\" content=\"2026-04-27T23:43:30+00:00\" \/>\n<meta property=\"og:image\" content=\"http:\/\/treslineasnoticias.com.ar\/wp-content\/uploads\/2026\/04\/eric-salomone-strunz-consultor-gestion-publica.png\" \/>\n\t<meta property=\"og:image:width\" content=\"1100\" \/>\n\t<meta property=\"og:image:height\" content=\"618\" \/>\n\t<meta property=\"og:image:type\" content=\"image\/png\" \/>\n<meta name=\"author\" content=\"Horacio L\u00f3pez\" \/>\n<meta name=\"twitter:card\" content=\"summary_large_image\" \/>\n<meta name=\"twitter:label1\" content=\"Escrito por\" \/>\n\t<meta name=\"twitter:data1\" content=\"Horacio L\u00f3pez\" \/>\n\t<meta name=\"twitter:label2\" content=\"Tiempo de lectura\" \/>\n\t<meta name=\"twitter:data2\" content=\"5 minutos\" \/>\n<script type=\"application\/ld+json\" class=\"yoast-schema-graph\">{\"@context\":\"https:\/\/schema.org\",\"@graph\":[{\"@type\":\"WebPage\",\"@id\":\"https:\/\/treslineasnoticias.com.ar\/?p=24811\",\"url\":\"https:\/\/treslineasnoticias.com.ar\/?p=24811\",\"name\":\"\u00bfY esto? Una m\u00e1s y van..,(T\u00edtulo viejo nota nueva) - Tres Lineas Noticias\",\"isPartOf\":{\"@id\":\"https:\/\/treslineasnoticias.com.ar\/#website\"},\"primaryImageOfPage\":{\"@id\":\"https:\/\/treslineasnoticias.com.ar\/?p=24811#primaryimage\"},\"image\":{\"@id\":\"https:\/\/treslineasnoticias.com.ar\/?p=24811#primaryimage\"},\"thumbnailUrl\":\"https:\/\/treslineasnoticias.com.ar\/wp-content\/uploads\/2026\/04\/eric-salomone-strunz-consultor-gestion-publica.png\",\"datePublished\":\"2026-04-27T10:45:00+00:00\",\"dateModified\":\"2026-04-27T23:43:30+00:00\",\"author\":{\"@id\":\"https:\/\/treslineasnoticias.com.ar\/#\/schema\/person\/c5f7249e50517b84c2379b145ca14895\"},\"breadcrumb\":{\"@id\":\"https:\/\/treslineasnoticias.com.ar\/?p=24811#breadcrumb\"},\"inLanguage\":\"es\",\"potentialAction\":[{\"@type\":\"ReadAction\",\"target\":[\"https:\/\/treslineasnoticias.com.ar\/?p=24811\"]}]},{\"@type\":\"ImageObject\",\"inLanguage\":\"es\",\"@id\":\"https:\/\/treslineasnoticias.com.ar\/?p=24811#primaryimage\",\"url\":\"https:\/\/treslineasnoticias.com.ar\/wp-content\/uploads\/2026\/04\/eric-salomone-strunz-consultor-gestion-publica.png\",\"contentUrl\":\"https:\/\/treslineasnoticias.com.ar\/wp-content\/uploads\/2026\/04\/eric-salomone-strunz-consultor-gestion-publica.png\",\"width\":1100,\"height\":618},{\"@type\":\"BreadcrumbList\",\"@id\":\"https:\/\/treslineasnoticias.com.ar\/?p=24811#breadcrumb\",\"itemListElement\":[{\"@type\":\"ListItem\",\"position\":1,\"name\":\"Portada\",\"item\":\"https:\/\/treslineasnoticias.com.ar\/\"},{\"@type\":\"ListItem\",\"position\":2,\"name\":\"\u00bfY esto? Una m\u00e1s y van..,(T\u00edtulo viejo nota nueva)\"}]},{\"@type\":\"WebSite\",\"@id\":\"https:\/\/treslineasnoticias.com.ar\/#website\",\"url\":\"https:\/\/treslineasnoticias.com.ar\/\",\"name\":\"Tres Lineas Noticias\",\"description\":\"\",\"potentialAction\":[{\"@type\":\"SearchAction\",\"target\":{\"@type\":\"EntryPoint\",\"urlTemplate\":\"https:\/\/treslineasnoticias.com.ar\/?s={search_term_string}\"},\"query-input\":{\"@type\":\"PropertyValueSpecification\",\"valueRequired\":true,\"valueName\":\"search_term_string\"}}],\"inLanguage\":\"es\"},{\"@type\":\"Person\",\"@id\":\"https:\/\/treslineasnoticias.com.ar\/#\/schema\/person\/c5f7249e50517b84c2379b145ca14895\",\"name\":\"Horacio L\u00f3pez\",\"image\":{\"@type\":\"ImageObject\",\"inLanguage\":\"es\",\"@id\":\"https:\/\/treslineasnoticias.com.ar\/#\/schema\/person\/image\/\",\"url\":\"https:\/\/treslineasnoticias.com.ar\/wp-content\/litespeed\/avatar\/ddbec442f0224f940ce000570a0cb216.jpg?ver=1777068930\",\"contentUrl\":\"https:\/\/treslineasnoticias.com.ar\/wp-content\/litespeed\/avatar\/ddbec442f0224f940ce000570a0cb216.jpg?ver=1777068930\",\"caption\":\"Horacio L\u00f3pez\"},\"sameAs\":[\"http:\/\/treslineasnoticias.com.ar\"],\"url\":\"https:\/\/treslineasnoticias.com.ar\/?author=3\"}]}<\/script>\n<!-- \/ Yoast SEO plugin. -->","yoast_head_json":{"title":"\u00bfY esto? Una m\u00e1s y van..,(T\u00edtulo viejo nota nueva) - Tres Lineas Noticias","robots":{"index":"index","follow":"follow","max-snippet":"max-snippet:-1","max-image-preview":"max-image-preview:large","max-video-preview":"max-video-preview:-1"},"canonical":"https:\/\/treslineasnoticias.com.ar\/?p=24811","og_locale":"es_ES","og_type":"article","og_title":"\u00bfY esto? Una m\u00e1s y van..,(T\u00edtulo viejo nota nueva) - Tres Lineas Noticias","og_description":"Otro ejecutivo de ENARGAS bajo sospecha: Gerente rectific\u00f3 su DDJJ y ahora investigan cr\u00e9dito privado millonario. Una ampliaci\u00f3n de denuncia incorpora un cr\u00e9dito millonario otorgado por un particular y apunta a posibles v\u00ednculos con otro funcionario del organismo. La denuncia por presunto enriquecimiento il\u00edcito\u00a0contra el gerente de Recursos Humanos y Relaciones Institucionales del Ente Nacional [&hellip;]","og_url":"https:\/\/treslineasnoticias.com.ar\/?p=24811","og_site_name":"Tres Lineas Noticias","article_published_time":"2026-04-27T10:45:00+00:00","article_modified_time":"2026-04-27T23:43:30+00:00","og_image":[{"width":1100,"height":618,"url":"http:\/\/treslineasnoticias.com.ar\/wp-content\/uploads\/2026\/04\/eric-salomone-strunz-consultor-gestion-publica.png","type":"image\/png"}],"author":"Horacio L\u00f3pez","twitter_card":"summary_large_image","twitter_misc":{"Escrito por":"Horacio L\u00f3pez","Tiempo de lectura":"5 minutos"},"schema":{"@context":"https:\/\/schema.org","@graph":[{"@type":"WebPage","@id":"https:\/\/treslineasnoticias.com.ar\/?p=24811","url":"https:\/\/treslineasnoticias.com.ar\/?p=24811","name":"\u00bfY esto? Una m\u00e1s y van..,(T\u00edtulo viejo nota nueva) - Tres Lineas Noticias","isPartOf":{"@id":"https:\/\/treslineasnoticias.com.ar\/#website"},"primaryImageOfPage":{"@id":"https:\/\/treslineasnoticias.com.ar\/?p=24811#primaryimage"},"image":{"@id":"https:\/\/treslineasnoticias.com.ar\/?p=24811#primaryimage"},"thumbnailUrl":"https:\/\/treslineasnoticias.com.ar\/wp-content\/uploads\/2026\/04\/eric-salomone-strunz-consultor-gestion-publica.png","datePublished":"2026-04-27T10:45:00+00:00","dateModified":"2026-04-27T23:43:30+00:00","author":{"@id":"https:\/\/treslineasnoticias.com.ar\/#\/schema\/person\/c5f7249e50517b84c2379b145ca14895"},"breadcrumb":{"@id":"https:\/\/treslineasnoticias.com.ar\/?p=24811#breadcrumb"},"inLanguage":"es","potentialAction":[{"@type":"ReadAction","target":["https:\/\/treslineasnoticias.com.ar\/?p=24811"]}]},{"@type":"ImageObject","inLanguage":"es","@id":"https:\/\/treslineasnoticias.com.ar\/?p=24811#primaryimage","url":"https:\/\/treslineasnoticias.com.ar\/wp-content\/uploads\/2026\/04\/eric-salomone-strunz-consultor-gestion-publica.png","contentUrl":"https:\/\/treslineasnoticias.com.ar\/wp-content\/uploads\/2026\/04\/eric-salomone-strunz-consultor-gestion-publica.png","width":1100,"height":618},{"@type":"BreadcrumbList","@id":"https:\/\/treslineasnoticias.com.ar\/?p=24811#breadcrumb","itemListElement":[{"@type":"ListItem","position":1,"name":"Portada","item":"https:\/\/treslineasnoticias.com.ar\/"},{"@type":"ListItem","position":2,"name":"\u00bfY esto? Una m\u00e1s y van..,(T\u00edtulo viejo nota nueva)"}]},{"@type":"WebSite","@id":"https:\/\/treslineasnoticias.com.ar\/#website","url":"https:\/\/treslineasnoticias.com.ar\/","name":"Tres Lineas Noticias","description":"","potentialAction":[{"@type":"SearchAction","target":{"@type":"EntryPoint","urlTemplate":"https:\/\/treslineasnoticias.com.ar\/?s={search_term_string}"},"query-input":{"@type":"PropertyValueSpecification","valueRequired":true,"valueName":"search_term_string"}}],"inLanguage":"es"},{"@type":"Person","@id":"https:\/\/treslineasnoticias.com.ar\/#\/schema\/person\/c5f7249e50517b84c2379b145ca14895","name":"Horacio L\u00f3pez","image":{"@type":"ImageObject","inLanguage":"es","@id":"https:\/\/treslineasnoticias.com.ar\/#\/schema\/person\/image\/","url":"https:\/\/treslineasnoticias.com.ar\/wp-content\/litespeed\/avatar\/ddbec442f0224f940ce000570a0cb216.jpg?ver=1777068930","contentUrl":"https:\/\/treslineasnoticias.com.ar\/wp-content\/litespeed\/avatar\/ddbec442f0224f940ce000570a0cb216.jpg?ver=1777068930","caption":"Horacio L\u00f3pez"},"sameAs":["http:\/\/treslineasnoticias.com.ar"],"url":"https:\/\/treslineasnoticias.com.ar\/?author=3"}]}},"jetpack_featured_media_url":"https:\/\/treslineasnoticias.com.ar\/wp-content\/uploads\/2026\/04\/eric-salomone-strunz-consultor-gestion-publica.png","jetpack_sharing_enabled":true,"_links":{"self":[{"href":"https:\/\/treslineasnoticias.com.ar\/index.php?rest_route=\/wp\/v2\/posts\/24811","targetHints":{"allow":["GET"]}}],"collection":[{"href":"https:\/\/treslineasnoticias.com.ar\/index.php?rest_route=\/wp\/v2\/posts"}],"about":[{"href":"https:\/\/treslineasnoticias.com.ar\/index.php?rest_route=\/wp\/v2\/types\/post"}],"author":[{"embeddable":true,"href":"https:\/\/treslineasnoticias.com.ar\/index.php?rest_route=\/wp\/v2\/users\/3"}],"replies":[{"embeddable":true,"href":"https:\/\/treslineasnoticias.com.ar\/index.php?rest_route=%2Fwp%2Fv2%2Fcomments&post=24811"}],"version-history":[{"count":1,"href":"https:\/\/treslineasnoticias.com.ar\/index.php?rest_route=\/wp\/v2\/posts\/24811\/revisions"}],"predecessor-version":[{"id":24815,"href":"https:\/\/treslineasnoticias.com.ar\/index.php?rest_route=\/wp\/v2\/posts\/24811\/revisions\/24815"}],"wp:featuredmedia":[{"embeddable":true,"href":"https:\/\/treslineasnoticias.com.ar\/index.php?rest_route=\/wp\/v2\/media\/24813"}],"wp:attachment":[{"href":"https:\/\/treslineasnoticias.com.ar\/index.php?rest_route=%2Fwp%2Fv2%2Fmedia&parent=24811"}],"wp:term":[{"taxonomy":"category","embeddable":true,"href":"https:\/\/treslineasnoticias.com.ar\/index.php?rest_route=%2Fwp%2Fv2%2Fcategories&post=24811"},{"taxonomy":"post_tag","embeddable":true,"href":"https:\/\/treslineasnoticias.com.ar\/index.php?rest_route=%2Fwp%2Fv2%2Ftags&post=24811"}],"curies":[{"name":"wp","href":"https:\/\/api.w.org\/{rel}","templated":true}]}}