{"id":24816,"date":"2026-04-27T14:55:00","date_gmt":"2026-04-27T17:55:00","guid":{"rendered":"https:\/\/treslineasnoticias.com.ar\/?p=24816"},"modified":"2026-04-28T09:38:36","modified_gmt":"2026-04-28T12:38:36","slug":"el-intendente-fue-entrevistado-por-chicos-de-la-primaria-n-33-y-el-jardin-n-920","status":"publish","type":"post","link":"https:\/\/treslineasnoticias.com.ar\/?p=24816","title":{"rendered":"El Intendente fue entrevistado por chicos de la Primaria N\u00b0 33 y el Jard\u00edn N\u00b0 920"},"content":{"rendered":"\n<p><strong><em>El intendente de Berazategui, Carlos Balor, visit\u00f3 la Escuela Primaria N\u00b0 33 \u201cV\u00edctor Mercante\u201d y el Jard\u00edn de Infantes N\u00b0 920 \u201cLos Ceibos\u201d, donde fue entrevistado por los estudiantes y nenes, y disfrut\u00f3 la jornada junto a la comunidad educativa.<\/em><\/strong><\/p>\n\n\n\n<p>La Primaria N\u00b0 33 cuenta con orientaci\u00f3n en Ciencias Sociales y trabaja sobre todas las personalidades del distrito, como proyecto institucional. Es as\u00ed que, los y las estudiantes profundizaron en la trayectoria del intendente Carlos Balor y la nueva gesti\u00f3n municipal, y lo entrevistaron.<\/p>\n\n\n\n<p>Tras la visita, Balor expres\u00f3: \u201cLos estudiantes de la Primaria N\u00b0 33 me hicieron una hermosa entrevista. Cada pregunta me emocion\u00f3\u2026 \u00a1No se imaginan lo que generan! Tambi\u00e9n recorr\u00ed el Jard\u00edn de Infantes N\u00b0 920, donde la alegr\u00eda y las ganas de aprender se sienten en cada rinc\u00f3n. Charlamos con los chicos y docentes, que todos los d\u00edas sostienen con compromiso una educaci\u00f3n p\u00fablica que nos llena de orgullo\u201d.<\/p>\n\n\n\n<figure class=\"wp-block-image size-large is-resized\"><img loading=\"lazy\" decoding=\"async\" width=\"1024\" height=\"683\" src=\"http:\/\/treslineasnoticias.com.ar\/wp-content\/uploads\/2026\/04\/El-Intendente-fue-entrevistado-por-chicos-de-la-Primaria-N\u00b0-33-y-el-Jardin-N\u00b0-920-1-1024x683.jpg\" alt=\"\" class=\"wp-image-24818\" style=\"width:823px;height:auto\" srcset=\"https:\/\/treslineasnoticias.com.ar\/wp-content\/uploads\/2026\/04\/El-Intendente-fue-entrevistado-por-chicos-de-la-Primaria-N\u00b0-33-y-el-Jardin-N\u00b0-920-1-1024x683.jpg 1024w, https:\/\/treslineasnoticias.com.ar\/wp-content\/uploads\/2026\/04\/El-Intendente-fue-entrevistado-por-chicos-de-la-Primaria-N\u00b0-33-y-el-Jardin-N\u00b0-920-1-300x200.jpg 300w, https:\/\/treslineasnoticias.com.ar\/wp-content\/uploads\/2026\/04\/El-Intendente-fue-entrevistado-por-chicos-de-la-Primaria-N\u00b0-33-y-el-Jardin-N\u00b0-920-1-768x512.jpg 768w, https:\/\/treslineasnoticias.com.ar\/wp-content\/uploads\/2026\/04\/El-Intendente-fue-entrevistado-por-chicos-de-la-Primaria-N\u00b0-33-y-el-Jardin-N\u00b0-920-1-1536x1024.jpg 1536w, https:\/\/treslineasnoticias.com.ar\/wp-content\/uploads\/2026\/04\/El-Intendente-fue-entrevistado-por-chicos-de-la-Primaria-N\u00b0-33-y-el-Jardin-N\u00b0-920-1.jpg 1920w\" sizes=\"auto, (max-width: 1024px) 100vw, 1024px\" \/><\/figure>\n\n\n\n<p>Asimismo, Marcela Porta, directora de la Primaria N\u00b0 33 -que cuenta con una matr\u00edcula de 136 estudiantes-, coment\u00f3: \u201cHoy es un d\u00eda muy importante porque recibimos la visita de nuestro intendente Carlos Balor. Estamos agradecidos por visibilizar nuestra escuela y brindar interacci\u00f3n y cari\u00f1o hacia los chicos. En estos momentos, donde es tan dif\u00edcil la situaci\u00f3n actual para nuestras familias, contamos con el acompa\u00f1amiento del Intendente, quien se interioriz\u00f3 acerca de las necesidades de nuestra instituci\u00f3n y de nuestra comunidad educativa. Nuestra escuela pas\u00f3 a tener jornada completa en 2024, gracias a la gesti\u00f3n del Dr. Juan Jos\u00e9 Mussi. Esta comunidad va a estar siempre agradecida con este acompa\u00f1amiento\u201d.<\/p>\n\n\n\n<p>Por su parte, Valeria L\u00f3pez, directora del Jard\u00edn de Infantes, coment\u00f3: \u201cPara nosotros, hoy fue un d\u00eda muy importante. Tuvimos el honor de recibir al intendente municipal Carlos Balor. Actualmente, la Municipalidad est\u00e1 realizando obras de infraestructura en el Jard\u00edn, para mejorar el edificio y que los chicos puedan disfrutarlo. Agradecemos que el Municipio le d\u00e9 tanta importancia a la educaci\u00f3n; siempre recibimos acompa\u00f1amiento en Berazategui\u201d.<\/p>\n\n\n\n<p>Estuvieron presentes, adem\u00e1s, integrantes del Gabinete municipal; y la inspectora jefa distrital Gladys Ram\u00edrez.<\/p>\n","protected":false},"excerpt":{"rendered":"<p>El intendente de Berazategui, Carlos Balor, visit\u00f3 la Escuela Primaria N\u00b0 33 \u201cV\u00edctor Mercante\u201d y el Jard\u00edn de Infantes N\u00b0 920 \u201cLos Ceibos\u201d, donde fue entrevistado por los estudiantes y nenes, y disfrut\u00f3 la jornada junto a la comunidad educativa. La Primaria N\u00b0 33 cuenta con orientaci\u00f3n en Ciencias Sociales y trabaja sobre todas las [&hellip;]<\/p>\n","protected":false},"author":3,"featured_media":24817,"comment_status":"open","ping_status":"open","sticky":false,"template":"","format":"standard","meta":{"_jetpack_memberships_contains_paid_content":false,"footnotes":""},"categories":[4],"tags":[],"class_list":["post-24816","post","type-post","status-publish","format-standard","has-post-thumbnail","hentry","category-berazategui"],"yoast_head":"<!-- This site is optimized with the Yoast SEO plugin v24.7 - https:\/\/yoast.com\/wordpress\/plugins\/seo\/ -->\n<title>El Intendente fue entrevistado por chicos de la Primaria N\u00b0 33 y el Jard\u00edn N\u00b0 920 - Tres Lineas Noticias<\/title>\n<meta name=\"robots\" content=\"index, follow, max-snippet:-1, max-image-preview:large, max-video-preview:-1\" \/>\n<link rel=\"canonical\" href=\"https:\/\/treslineasnoticias.com.ar\/?p=24816\" \/>\n<meta property=\"og:locale\" content=\"es_ES\" \/>\n<meta property=\"og:type\" content=\"article\" \/>\n<meta property=\"og:title\" content=\"El Intendente fue entrevistado por chicos de la Primaria N\u00b0 33 y el Jard\u00edn N\u00b0 920 - Tres Lineas Noticias\" \/>\n<meta property=\"og:description\" content=\"El intendente de Berazategui, Carlos Balor, visit\u00f3 la Escuela Primaria N\u00b0 33 \u201cV\u00edctor Mercante\u201d y el Jard\u00edn de Infantes N\u00b0 920 \u201cLos Ceibos\u201d, donde fue entrevistado por los estudiantes y nenes, y disfrut\u00f3 la jornada junto a la comunidad educativa. La Primaria N\u00b0 33 cuenta con orientaci\u00f3n en Ciencias Sociales y trabaja sobre todas las [&hellip;]\" \/>\n<meta property=\"og:url\" content=\"https:\/\/treslineasnoticias.com.ar\/?p=24816\" \/>\n<meta property=\"og:site_name\" content=\"Tres Lineas Noticias\" \/>\n<meta property=\"article:published_time\" content=\"2026-04-27T17:55:00+00:00\" \/>\n<meta property=\"article:modified_time\" content=\"2026-04-28T12:38:36+00:00\" \/>\n<meta property=\"og:image\" content=\"http:\/\/treslineasnoticias.com.ar\/wp-content\/uploads\/2026\/04\/El-Intendente-fue-entrevistado-por-chicos-de-la-Primaria-N\u00b0-33-y-el-Jardin-N\u00b0-920-2.jpg\" \/>\n\t<meta property=\"og:image:width\" content=\"1920\" \/>\n\t<meta property=\"og:image:height\" content=\"1280\" \/>\n\t<meta property=\"og:image:type\" content=\"image\/jpeg\" \/>\n<meta name=\"author\" content=\"Horacio L\u00f3pez\" \/>\n<meta name=\"twitter:card\" content=\"summary_large_image\" \/>\n<meta name=\"twitter:label1\" content=\"Escrito por\" \/>\n\t<meta name=\"twitter:data1\" content=\"Horacio L\u00f3pez\" \/>\n\t<meta name=\"twitter:label2\" content=\"Tiempo de lectura\" \/>\n\t<meta name=\"twitter:data2\" content=\"2 minutos\" \/>\n<script type=\"application\/ld+json\" class=\"yoast-schema-graph\">{\"@context\":\"https:\/\/schema.org\",\"@graph\":[{\"@type\":\"WebPage\",\"@id\":\"https:\/\/treslineasnoticias.com.ar\/?p=24816\",\"url\":\"https:\/\/treslineasnoticias.com.ar\/?p=24816\",\"name\":\"El Intendente fue entrevistado por chicos de la Primaria N\u00b0 33 y el Jard\u00edn N\u00b0 920 - Tres Lineas Noticias\",\"isPartOf\":{\"@id\":\"https:\/\/treslineasnoticias.com.ar\/#website\"},\"primaryImageOfPage\":{\"@id\":\"https:\/\/treslineasnoticias.com.ar\/?p=24816#primaryimage\"},\"image\":{\"@id\":\"https:\/\/treslineasnoticias.com.ar\/?p=24816#primaryimage\"},\"thumbnailUrl\":\"https:\/\/treslineasnoticias.com.ar\/wp-content\/uploads\/2026\/04\/El-Intendente-fue-entrevistado-por-chicos-de-la-Primaria-N\u00b0-33-y-el-Jardin-N\u00b0-920-2.jpg\",\"datePublished\":\"2026-04-27T17:55:00+00:00\",\"dateModified\":\"2026-04-28T12:38:36+00:00\",\"author\":{\"@id\":\"https:\/\/treslineasnoticias.com.ar\/#\/schema\/person\/c5f7249e50517b84c2379b145ca14895\"},\"breadcrumb\":{\"@id\":\"https:\/\/treslineasnoticias.com.ar\/?p=24816#breadcrumb\"},\"inLanguage\":\"es\",\"potentialAction\":[{\"@type\":\"ReadAction\",\"target\":[\"https:\/\/treslineasnoticias.com.ar\/?p=24816\"]}]},{\"@type\":\"ImageObject\",\"inLanguage\":\"es\",\"@id\":\"https:\/\/treslineasnoticias.com.ar\/?p=24816#primaryimage\",\"url\":\"https:\/\/treslineasnoticias.com.ar\/wp-content\/uploads\/2026\/04\/El-Intendente-fue-entrevistado-por-chicos-de-la-Primaria-N\u00b0-33-y-el-Jardin-N\u00b0-920-2.jpg\",\"contentUrl\":\"https:\/\/treslineasnoticias.com.ar\/wp-content\/uploads\/2026\/04\/El-Intendente-fue-entrevistado-por-chicos-de-la-Primaria-N\u00b0-33-y-el-Jardin-N\u00b0-920-2.jpg\",\"width\":1920,\"height\":1280},{\"@type\":\"BreadcrumbList\",\"@id\":\"https:\/\/treslineasnoticias.com.ar\/?p=24816#breadcrumb\",\"itemListElement\":[{\"@type\":\"ListItem\",\"position\":1,\"name\":\"Portada\",\"item\":\"https:\/\/treslineasnoticias.com.ar\/\"},{\"@type\":\"ListItem\",\"position\":2,\"name\":\"El Intendente fue entrevistado por chicos de la Primaria N\u00b0 33 y el Jard\u00edn N\u00b0 920\"}]},{\"@type\":\"WebSite\",\"@id\":\"https:\/\/treslineasnoticias.com.ar\/#website\",\"url\":\"https:\/\/treslineasnoticias.com.ar\/\",\"name\":\"Tres Lineas Noticias\",\"description\":\"\",\"potentialAction\":[{\"@type\":\"SearchAction\",\"target\":{\"@type\":\"EntryPoint\",\"urlTemplate\":\"https:\/\/treslineasnoticias.com.ar\/?s={search_term_string}\"},\"query-input\":{\"@type\":\"PropertyValueSpecification\",\"valueRequired\":true,\"valueName\":\"search_term_string\"}}],\"inLanguage\":\"es\"},{\"@type\":\"Person\",\"@id\":\"https:\/\/treslineasnoticias.com.ar\/#\/schema\/person\/c5f7249e50517b84c2379b145ca14895\",\"name\":\"Horacio L\u00f3pez\",\"image\":{\"@type\":\"ImageObject\",\"inLanguage\":\"es\",\"@id\":\"https:\/\/treslineasnoticias.com.ar\/#\/schema\/person\/image\/\",\"url\":\"https:\/\/treslineasnoticias.com.ar\/wp-content\/litespeed\/avatar\/ddbec442f0224f940ce000570a0cb216.jpg?ver=1777068930\",\"contentUrl\":\"https:\/\/treslineasnoticias.com.ar\/wp-content\/litespeed\/avatar\/ddbec442f0224f940ce000570a0cb216.jpg?ver=1777068930\",\"caption\":\"Horacio L\u00f3pez\"},\"sameAs\":[\"http:\/\/treslineasnoticias.com.ar\"],\"url\":\"https:\/\/treslineasnoticias.com.ar\/?author=3\"}]}<\/script>\n<!-- \/ Yoast SEO plugin. -->","yoast_head_json":{"title":"El Intendente fue entrevistado por chicos de la Primaria N\u00b0 33 y el Jard\u00edn N\u00b0 920 - Tres Lineas Noticias","robots":{"index":"index","follow":"follow","max-snippet":"max-snippet:-1","max-image-preview":"max-image-preview:large","max-video-preview":"max-video-preview:-1"},"canonical":"https:\/\/treslineasnoticias.com.ar\/?p=24816","og_locale":"es_ES","og_type":"article","og_title":"El Intendente fue entrevistado por chicos de la Primaria N\u00b0 33 y el Jard\u00edn N\u00b0 920 - Tres Lineas Noticias","og_description":"El intendente de Berazategui, Carlos Balor, visit\u00f3 la Escuela Primaria N\u00b0 33 \u201cV\u00edctor Mercante\u201d y el Jard\u00edn de Infantes N\u00b0 920 \u201cLos Ceibos\u201d, donde fue entrevistado por los estudiantes y nenes, y disfrut\u00f3 la jornada junto a la comunidad educativa. La Primaria N\u00b0 33 cuenta con orientaci\u00f3n en Ciencias Sociales y trabaja sobre todas las [&hellip;]","og_url":"https:\/\/treslineasnoticias.com.ar\/?p=24816","og_site_name":"Tres Lineas Noticias","article_published_time":"2026-04-27T17:55:00+00:00","article_modified_time":"2026-04-28T12:38:36+00:00","og_image":[{"width":1920,"height":1280,"url":"http:\/\/treslineasnoticias.com.ar\/wp-content\/uploads\/2026\/04\/El-Intendente-fue-entrevistado-por-chicos-de-la-Primaria-N\u00b0-33-y-el-Jardin-N\u00b0-920-2.jpg","type":"image\/jpeg"}],"author":"Horacio L\u00f3pez","twitter_card":"summary_large_image","twitter_misc":{"Escrito por":"Horacio L\u00f3pez","Tiempo de lectura":"2 minutos"},"schema":{"@context":"https:\/\/schema.org","@graph":[{"@type":"WebPage","@id":"https:\/\/treslineasnoticias.com.ar\/?p=24816","url":"https:\/\/treslineasnoticias.com.ar\/?p=24816","name":"El Intendente fue entrevistado por chicos de la Primaria N\u00b0 33 y el Jard\u00edn N\u00b0 920 - Tres Lineas Noticias","isPartOf":{"@id":"https:\/\/treslineasnoticias.com.ar\/#website"},"primaryImageOfPage":{"@id":"https:\/\/treslineasnoticias.com.ar\/?p=24816#primaryimage"},"image":{"@id":"https:\/\/treslineasnoticias.com.ar\/?p=24816#primaryimage"},"thumbnailUrl":"https:\/\/treslineasnoticias.com.ar\/wp-content\/uploads\/2026\/04\/El-Intendente-fue-entrevistado-por-chicos-de-la-Primaria-N\u00b0-33-y-el-Jardin-N\u00b0-920-2.jpg","datePublished":"2026-04-27T17:55:00+00:00","dateModified":"2026-04-28T12:38:36+00:00","author":{"@id":"https:\/\/treslineasnoticias.com.ar\/#\/schema\/person\/c5f7249e50517b84c2379b145ca14895"},"breadcrumb":{"@id":"https:\/\/treslineasnoticias.com.ar\/?p=24816#breadcrumb"},"inLanguage":"es","potentialAction":[{"@type":"ReadAction","target":["https:\/\/treslineasnoticias.com.ar\/?p=24816"]}]},{"@type":"ImageObject","inLanguage":"es","@id":"https:\/\/treslineasnoticias.com.ar\/?p=24816#primaryimage","url":"https:\/\/treslineasnoticias.com.ar\/wp-content\/uploads\/2026\/04\/El-Intendente-fue-entrevistado-por-chicos-de-la-Primaria-N\u00b0-33-y-el-Jardin-N\u00b0-920-2.jpg","contentUrl":"https:\/\/treslineasnoticias.com.ar\/wp-content\/uploads\/2026\/04\/El-Intendente-fue-entrevistado-por-chicos-de-la-Primaria-N\u00b0-33-y-el-Jardin-N\u00b0-920-2.jpg","width":1920,"height":1280},{"@type":"BreadcrumbList","@id":"https:\/\/treslineasnoticias.com.ar\/?p=24816#breadcrumb","itemListElement":[{"@type":"ListItem","position":1,"name":"Portada","item":"https:\/\/treslineasnoticias.com.ar\/"},{"@type":"ListItem","position":2,"name":"El Intendente fue entrevistado por chicos de la Primaria N\u00b0 33 y el Jard\u00edn N\u00b0 920"}]},{"@type":"WebSite","@id":"https:\/\/treslineasnoticias.com.ar\/#website","url":"https:\/\/treslineasnoticias.com.ar\/","name":"Tres Lineas Noticias","description":"","potentialAction":[{"@type":"SearchAction","target":{"@type":"EntryPoint","urlTemplate":"https:\/\/treslineasnoticias.com.ar\/?s={search_term_string}"},"query-input":{"@type":"PropertyValueSpecification","valueRequired":true,"valueName":"search_term_string"}}],"inLanguage":"es"},{"@type":"Person","@id":"https:\/\/treslineasnoticias.com.ar\/#\/schema\/person\/c5f7249e50517b84c2379b145ca14895","name":"Horacio L\u00f3pez","image":{"@type":"ImageObject","inLanguage":"es","@id":"https:\/\/treslineasnoticias.com.ar\/#\/schema\/person\/image\/","url":"https:\/\/treslineasnoticias.com.ar\/wp-content\/litespeed\/avatar\/ddbec442f0224f940ce000570a0cb216.jpg?ver=1777068930","contentUrl":"https:\/\/treslineasnoticias.com.ar\/wp-content\/litespeed\/avatar\/ddbec442f0224f940ce000570a0cb216.jpg?ver=1777068930","caption":"Horacio L\u00f3pez"},"sameAs":["http:\/\/treslineasnoticias.com.ar"],"url":"https:\/\/treslineasnoticias.com.ar\/?author=3"}]}},"jetpack_featured_media_url":"https:\/\/treslineasnoticias.com.ar\/wp-content\/uploads\/2026\/04\/El-Intendente-fue-entrevistado-por-chicos-de-la-Primaria-N\u00b0-33-y-el-Jardin-N\u00b0-920-2.jpg","jetpack_sharing_enabled":true,"_links":{"self":[{"href":"https:\/\/treslineasnoticias.com.ar\/index.php?rest_route=\/wp\/v2\/posts\/24816","targetHints":{"allow":["GET"]}}],"collection":[{"href":"https:\/\/treslineasnoticias.com.ar\/index.php?rest_route=\/wp\/v2\/posts"}],"about":[{"href":"https:\/\/treslineasnoticias.com.ar\/index.php?rest_route=\/wp\/v2\/types\/post"}],"author":[{"embeddable":true,"href":"https:\/\/treslineasnoticias.com.ar\/index.php?rest_route=\/wp\/v2\/users\/3"}],"replies":[{"embeddable":true,"href":"https:\/\/treslineasnoticias.com.ar\/index.php?rest_route=%2Fwp%2Fv2%2Fcomments&post=24816"}],"version-history":[{"count":1,"href":"https:\/\/treslineasnoticias.com.ar\/index.php?rest_route=\/wp\/v2\/posts\/24816\/revisions"}],"predecessor-version":[{"id":24819,"href":"https:\/\/treslineasnoticias.com.ar\/index.php?rest_route=\/wp\/v2\/posts\/24816\/revisions\/24819"}],"wp:featuredmedia":[{"embeddable":true,"href":"https:\/\/treslineasnoticias.com.ar\/index.php?rest_route=\/wp\/v2\/media\/24817"}],"wp:attachment":[{"href":"https:\/\/treslineasnoticias.com.ar\/index.php?rest_route=%2Fwp%2Fv2%2Fmedia&parent=24816"}],"wp:term":[{"taxonomy":"category","embeddable":true,"href":"https:\/\/treslineasnoticias.com.ar\/index.php?rest_route=%2Fwp%2Fv2%2Fcategories&post=24816"},{"taxonomy":"post_tag","embeddable":true,"href":"https:\/\/treslineasnoticias.com.ar\/index.php?rest_route=%2Fwp%2Fv2%2Ftags&post=24816"}],"curies":[{"name":"wp","href":"https:\/\/api.w.org\/{rel}","templated":true}]}}