{"id":24820,"date":"2026-04-27T15:10:00","date_gmt":"2026-04-27T18:10:00","guid":{"rendered":"https:\/\/treslineasnoticias.com.ar\/?p=24820"},"modified":"2026-04-28T09:50:12","modified_gmt":"2026-04-28T12:50:12","slug":"primer-encuentro-de-deportes-de-escuelas-de-educacion-especial-privadas-en-el-polideportivo-municipal","status":"publish","type":"post","link":"https:\/\/treslineasnoticias.com.ar\/?p=24820","title":{"rendered":"Primer encuentro de deportes de escuelas de educaci\u00f3n especial privadas en el polideportivo municipal"},"content":{"rendered":"\n<p><strong><em>El Municipio de Quilmes llev\u00f3 llev\u00f3 a cabo este lunes y con la presencia de la intendenta interina local, Eva Mieri, el primer encuentro deportivo de instituciones de educaci\u00f3n especial privadas del distrito, que se desarroll\u00f3 en el Polideportivo Municipal \u201cReynaldo Gorno\u201d, ubicado sobre el bulevar Omar Indio G\u00f3mez -ex Vicente L\u00f3pez- y Lafinur, en Quilmes Oeste, en el marco de los preparativos para los Juegos Bonaerenses 2026.<\/em><\/strong><\/p>\n\n\n\n<p>\u201cHoy lo importante es encontrarnos, compartir y divertirnos en cualquiera de las disciplinas donde participen. Darles la bienvenida a este polideportivo que siempre los va a recibir y agradecerles el trabajo a todos los profes y las dires, que hacen lo posible para que todos tengan esta oportunidad\u201d, afirm\u00f3 Eva frente a los alumnos, acompa\u00f1ada por el secretario de Deportes, Nicol\u00e1s Mellino, y su par de Educaci\u00f3n y Culturas, Evangelina Ram\u00edrez.<\/p>\n\n\n\n<figure class=\"wp-block-image size-large is-resized\"><img loading=\"lazy\" decoding=\"async\" width=\"1024\" height=\"682\" src=\"http:\/\/treslineasnoticias.com.ar\/wp-content\/uploads\/2026\/04\/ESCUELAS-DE-EDUCACION-ESPECIAL-1-1024x682.jpg\" alt=\"\" class=\"wp-image-24821\" style=\"width:820px;height:auto\" srcset=\"https:\/\/treslineasnoticias.com.ar\/wp-content\/uploads\/2026\/04\/ESCUELAS-DE-EDUCACION-ESPECIAL-1-1024x682.jpg 1024w, https:\/\/treslineasnoticias.com.ar\/wp-content\/uploads\/2026\/04\/ESCUELAS-DE-EDUCACION-ESPECIAL-1-300x200.jpg 300w, https:\/\/treslineasnoticias.com.ar\/wp-content\/uploads\/2026\/04\/ESCUELAS-DE-EDUCACION-ESPECIAL-1-768x512.jpg 768w, https:\/\/treslineasnoticias.com.ar\/wp-content\/uploads\/2026\/04\/ESCUELAS-DE-EDUCACION-ESPECIAL-1.jpg 1280w\" sizes=\"auto, (max-width: 1024px) 100vw, 1024px\" \/><\/figure>\n\n\n\n<p>Por su parte, Mellino coment\u00f3: \u201cLos chicos vinieron a hacer una jornada de pr\u00e1ctica deportiva en el marco de la preparaci\u00f3n para los Juegos Bonaerenses. En mayo vamos a tener otra jornada. Para nosotros es un orgullo contar con espacios como este polideportivo que nos permiten integrar a estas escuelas\u201d.<\/p>\n\n\n\n<p>En tanto, el coordinador del \u00e1rea de Discapacidad del Municipio, Am\u00edlcar Ayala, se\u00f1al\u00f3: \u201cLa idea es visibilizar, generar concientizaci\u00f3n de que este lugar es de todos y que sepan nuestros horarios para que los chicos que se preparen para los Juegos Bonaerenses, puedan acercarse a entrenar\u201d. En la misma l\u00ednea, el profesor del Centro Alter, Gast\u00f3n Crivellone, asegur\u00f3: \u201cEs s\u00faper constructivo tener este espacio, los chicos se llevan una experiencia espectacular, son lugares de aprendizaje y humanizadores\u201d.<\/p>\n\n\n\n<figure class=\"wp-block-image size-large is-resized\"><img loading=\"lazy\" decoding=\"async\" width=\"1024\" height=\"683\" src=\"http:\/\/treslineasnoticias.com.ar\/wp-content\/uploads\/2026\/04\/ESCUELAS-DE-EDUCACION-ESPECIAL-4-1024x683.jpg\" alt=\"\" class=\"wp-image-24822\" style=\"width:820px;height:auto\" srcset=\"https:\/\/treslineasnoticias.com.ar\/wp-content\/uploads\/2026\/04\/ESCUELAS-DE-EDUCACION-ESPECIAL-4-1024x683.jpg 1024w, https:\/\/treslineasnoticias.com.ar\/wp-content\/uploads\/2026\/04\/ESCUELAS-DE-EDUCACION-ESPECIAL-4-300x200.jpg 300w, https:\/\/treslineasnoticias.com.ar\/wp-content\/uploads\/2026\/04\/ESCUELAS-DE-EDUCACION-ESPECIAL-4-768x512.jpg 768w, https:\/\/treslineasnoticias.com.ar\/wp-content\/uploads\/2026\/04\/ESCUELAS-DE-EDUCACION-ESPECIAL-4.jpg 1280w\" sizes=\"auto, (max-width: 1024px) 100vw, 1024px\" \/><\/figure>\n\n\n\n<p>Vale mencionar que la convocatoria reuni\u00f3 unos 60 j\u00f3venes hasta los 13 a\u00f1os, compartiendo una jornada de recreaci\u00f3n y actividades deportivas en el predio del Polideportivo Municipal, donde se realizaron pr\u00e1cticas de atletismo, f\u00fatbol y tenis de mesa, entre otras disciplinas. El evento se lleva a cabo por primera vez con distintas escuelas privadas del distrito, con el objetivo de que los y las estudiantes se preparen para los pr\u00f3ximos Juegos Bonaerenses. Las escuelas participantes fueron Alter; Decroly; Fronteras Abiertas; Nuevo Horizonte; Ser Especial y Centro de D\u00eda del Sur.<\/p>\n\n\n\n<p>Participaron tambi\u00e9n de la actividad la subsecretaria de Educaci\u00f3n, Florencia Sierra, y su par de Deportes, Martina Bonanata; el director general de Deportes, Lucas Tundis y su par de Educaci\u00f3n, Leonardo Casazza, entre otros funcionarios y autoridades de las escuelas.<\/p>\n","protected":false},"excerpt":{"rendered":"<p>El Municipio de Quilmes llev\u00f3 llev\u00f3 a cabo este lunes y con la presencia de la intendenta interina local, Eva Mieri, el primer encuentro deportivo de instituciones de educaci\u00f3n especial privadas del distrito, que se desarroll\u00f3 en el Polideportivo Municipal \u201cReynaldo Gorno\u201d, ubicado sobre el bulevar Omar Indio G\u00f3mez -ex Vicente L\u00f3pez- y Lafinur, en [&hellip;]<\/p>\n","protected":false},"author":3,"featured_media":24823,"comment_status":"open","ping_status":"open","sticky":false,"template":"","format":"standard","meta":{"_jetpack_memberships_contains_paid_content":false,"footnotes":""},"categories":[5],"tags":[],"class_list":["post-24820","post","type-post","status-publish","format-standard","has-post-thumbnail","hentry","category-quilmes"],"yoast_head":"<!-- This site is optimized with the Yoast SEO plugin v24.7 - https:\/\/yoast.com\/wordpress\/plugins\/seo\/ -->\n<title>Primer encuentro de deportes de escuelas de educaci\u00f3n especial privadas en el polideportivo municipal - Tres Lineas Noticias<\/title>\n<meta name=\"robots\" content=\"index, follow, max-snippet:-1, max-image-preview:large, max-video-preview:-1\" \/>\n<link rel=\"canonical\" href=\"https:\/\/treslineasnoticias.com.ar\/?p=24820\" \/>\n<meta property=\"og:locale\" content=\"es_ES\" \/>\n<meta property=\"og:type\" content=\"article\" \/>\n<meta property=\"og:title\" content=\"Primer encuentro de deportes de escuelas de educaci\u00f3n especial privadas en el polideportivo municipal - Tres Lineas Noticias\" \/>\n<meta property=\"og:description\" content=\"El Municipio de Quilmes llev\u00f3 llev\u00f3 a cabo este lunes y con la presencia de la intendenta interina local, Eva Mieri, el primer encuentro deportivo de instituciones de educaci\u00f3n especial privadas del distrito, que se desarroll\u00f3 en el Polideportivo Municipal \u201cReynaldo Gorno\u201d, ubicado sobre el bulevar Omar Indio G\u00f3mez -ex Vicente L\u00f3pez- y Lafinur, en [&hellip;]\" \/>\n<meta property=\"og:url\" content=\"https:\/\/treslineasnoticias.com.ar\/?p=24820\" \/>\n<meta property=\"og:site_name\" content=\"Tres Lineas Noticias\" \/>\n<meta property=\"article:published_time\" content=\"2026-04-27T18:10:00+00:00\" \/>\n<meta property=\"article:modified_time\" content=\"2026-04-28T12:50:12+00:00\" \/>\n<meta property=\"og:image\" content=\"http:\/\/treslineasnoticias.com.ar\/wp-content\/uploads\/2026\/04\/ESCUELAS-DE-EDUCACION-ESPECIAL-3.jpg\" \/>\n\t<meta property=\"og:image:width\" content=\"1280\" \/>\n\t<meta property=\"og:image:height\" content=\"853\" \/>\n\t<meta property=\"og:image:type\" content=\"image\/jpeg\" \/>\n<meta name=\"author\" content=\"Horacio L\u00f3pez\" \/>\n<meta name=\"twitter:card\" content=\"summary_large_image\" \/>\n<meta name=\"twitter:label1\" content=\"Escrito por\" \/>\n\t<meta name=\"twitter:data1\" content=\"Horacio L\u00f3pez\" \/>\n\t<meta name=\"twitter:label2\" content=\"Tiempo de lectura\" \/>\n\t<meta name=\"twitter:data2\" content=\"3 minutos\" \/>\n<script type=\"application\/ld+json\" class=\"yoast-schema-graph\">{\"@context\":\"https:\/\/schema.org\",\"@graph\":[{\"@type\":\"WebPage\",\"@id\":\"https:\/\/treslineasnoticias.com.ar\/?p=24820\",\"url\":\"https:\/\/treslineasnoticias.com.ar\/?p=24820\",\"name\":\"Primer encuentro de deportes de escuelas de educaci\u00f3n especial privadas en el polideportivo municipal - Tres Lineas Noticias\",\"isPartOf\":{\"@id\":\"https:\/\/treslineasnoticias.com.ar\/#website\"},\"primaryImageOfPage\":{\"@id\":\"https:\/\/treslineasnoticias.com.ar\/?p=24820#primaryimage\"},\"image\":{\"@id\":\"https:\/\/treslineasnoticias.com.ar\/?p=24820#primaryimage\"},\"thumbnailUrl\":\"https:\/\/treslineasnoticias.com.ar\/wp-content\/uploads\/2026\/04\/ESCUELAS-DE-EDUCACION-ESPECIAL-3.jpg\",\"datePublished\":\"2026-04-27T18:10:00+00:00\",\"dateModified\":\"2026-04-28T12:50:12+00:00\",\"author\":{\"@id\":\"https:\/\/treslineasnoticias.com.ar\/#\/schema\/person\/c5f7249e50517b84c2379b145ca14895\"},\"breadcrumb\":{\"@id\":\"https:\/\/treslineasnoticias.com.ar\/?p=24820#breadcrumb\"},\"inLanguage\":\"es\",\"potentialAction\":[{\"@type\":\"ReadAction\",\"target\":[\"https:\/\/treslineasnoticias.com.ar\/?p=24820\"]}]},{\"@type\":\"ImageObject\",\"inLanguage\":\"es\",\"@id\":\"https:\/\/treslineasnoticias.com.ar\/?p=24820#primaryimage\",\"url\":\"https:\/\/treslineasnoticias.com.ar\/wp-content\/uploads\/2026\/04\/ESCUELAS-DE-EDUCACION-ESPECIAL-3.jpg\",\"contentUrl\":\"https:\/\/treslineasnoticias.com.ar\/wp-content\/uploads\/2026\/04\/ESCUELAS-DE-EDUCACION-ESPECIAL-3.jpg\",\"width\":1280,\"height\":853},{\"@type\":\"BreadcrumbList\",\"@id\":\"https:\/\/treslineasnoticias.com.ar\/?p=24820#breadcrumb\",\"itemListElement\":[{\"@type\":\"ListItem\",\"position\":1,\"name\":\"Portada\",\"item\":\"https:\/\/treslineasnoticias.com.ar\/\"},{\"@type\":\"ListItem\",\"position\":2,\"name\":\"Primer encuentro de deportes de escuelas de educaci\u00f3n especial privadas en el polideportivo municipal\"}]},{\"@type\":\"WebSite\",\"@id\":\"https:\/\/treslineasnoticias.com.ar\/#website\",\"url\":\"https:\/\/treslineasnoticias.com.ar\/\",\"name\":\"Tres Lineas Noticias\",\"description\":\"\",\"potentialAction\":[{\"@type\":\"SearchAction\",\"target\":{\"@type\":\"EntryPoint\",\"urlTemplate\":\"https:\/\/treslineasnoticias.com.ar\/?s={search_term_string}\"},\"query-input\":{\"@type\":\"PropertyValueSpecification\",\"valueRequired\":true,\"valueName\":\"search_term_string\"}}],\"inLanguage\":\"es\"},{\"@type\":\"Person\",\"@id\":\"https:\/\/treslineasnoticias.com.ar\/#\/schema\/person\/c5f7249e50517b84c2379b145ca14895\",\"name\":\"Horacio L\u00f3pez\",\"image\":{\"@type\":\"ImageObject\",\"inLanguage\":\"es\",\"@id\":\"https:\/\/treslineasnoticias.com.ar\/#\/schema\/person\/image\/\",\"url\":\"https:\/\/treslineasnoticias.com.ar\/wp-content\/litespeed\/avatar\/ddbec442f0224f940ce000570a0cb216.jpg?ver=1777068930\",\"contentUrl\":\"https:\/\/treslineasnoticias.com.ar\/wp-content\/litespeed\/avatar\/ddbec442f0224f940ce000570a0cb216.jpg?ver=1777068930\",\"caption\":\"Horacio L\u00f3pez\"},\"sameAs\":[\"http:\/\/treslineasnoticias.com.ar\"],\"url\":\"https:\/\/treslineasnoticias.com.ar\/?author=3\"}]}<\/script>\n<!-- \/ Yoast SEO plugin. -->","yoast_head_json":{"title":"Primer encuentro de deportes de escuelas de educaci\u00f3n especial privadas en el polideportivo municipal - Tres Lineas Noticias","robots":{"index":"index","follow":"follow","max-snippet":"max-snippet:-1","max-image-preview":"max-image-preview:large","max-video-preview":"max-video-preview:-1"},"canonical":"https:\/\/treslineasnoticias.com.ar\/?p=24820","og_locale":"es_ES","og_type":"article","og_title":"Primer encuentro de deportes de escuelas de educaci\u00f3n especial privadas en el polideportivo municipal - Tres Lineas Noticias","og_description":"El Municipio de Quilmes llev\u00f3 llev\u00f3 a cabo este lunes y con la presencia de la intendenta interina local, Eva Mieri, el primer encuentro deportivo de instituciones de educaci\u00f3n especial privadas del distrito, que se desarroll\u00f3 en el Polideportivo Municipal \u201cReynaldo Gorno\u201d, ubicado sobre el bulevar Omar Indio G\u00f3mez -ex Vicente L\u00f3pez- y Lafinur, en [&hellip;]","og_url":"https:\/\/treslineasnoticias.com.ar\/?p=24820","og_site_name":"Tres Lineas Noticias","article_published_time":"2026-04-27T18:10:00+00:00","article_modified_time":"2026-04-28T12:50:12+00:00","og_image":[{"width":1280,"height":853,"url":"http:\/\/treslineasnoticias.com.ar\/wp-content\/uploads\/2026\/04\/ESCUELAS-DE-EDUCACION-ESPECIAL-3.jpg","type":"image\/jpeg"}],"author":"Horacio L\u00f3pez","twitter_card":"summary_large_image","twitter_misc":{"Escrito por":"Horacio L\u00f3pez","Tiempo de lectura":"3 minutos"},"schema":{"@context":"https:\/\/schema.org","@graph":[{"@type":"WebPage","@id":"https:\/\/treslineasnoticias.com.ar\/?p=24820","url":"https:\/\/treslineasnoticias.com.ar\/?p=24820","name":"Primer encuentro de deportes de escuelas de educaci\u00f3n especial privadas en el polideportivo municipal - Tres Lineas Noticias","isPartOf":{"@id":"https:\/\/treslineasnoticias.com.ar\/#website"},"primaryImageOfPage":{"@id":"https:\/\/treslineasnoticias.com.ar\/?p=24820#primaryimage"},"image":{"@id":"https:\/\/treslineasnoticias.com.ar\/?p=24820#primaryimage"},"thumbnailUrl":"https:\/\/treslineasnoticias.com.ar\/wp-content\/uploads\/2026\/04\/ESCUELAS-DE-EDUCACION-ESPECIAL-3.jpg","datePublished":"2026-04-27T18:10:00+00:00","dateModified":"2026-04-28T12:50:12+00:00","author":{"@id":"https:\/\/treslineasnoticias.com.ar\/#\/schema\/person\/c5f7249e50517b84c2379b145ca14895"},"breadcrumb":{"@id":"https:\/\/treslineasnoticias.com.ar\/?p=24820#breadcrumb"},"inLanguage":"es","potentialAction":[{"@type":"ReadAction","target":["https:\/\/treslineasnoticias.com.ar\/?p=24820"]}]},{"@type":"ImageObject","inLanguage":"es","@id":"https:\/\/treslineasnoticias.com.ar\/?p=24820#primaryimage","url":"https:\/\/treslineasnoticias.com.ar\/wp-content\/uploads\/2026\/04\/ESCUELAS-DE-EDUCACION-ESPECIAL-3.jpg","contentUrl":"https:\/\/treslineasnoticias.com.ar\/wp-content\/uploads\/2026\/04\/ESCUELAS-DE-EDUCACION-ESPECIAL-3.jpg","width":1280,"height":853},{"@type":"BreadcrumbList","@id":"https:\/\/treslineasnoticias.com.ar\/?p=24820#breadcrumb","itemListElement":[{"@type":"ListItem","position":1,"name":"Portada","item":"https:\/\/treslineasnoticias.com.ar\/"},{"@type":"ListItem","position":2,"name":"Primer encuentro de deportes de escuelas de educaci\u00f3n especial privadas en el polideportivo municipal"}]},{"@type":"WebSite","@id":"https:\/\/treslineasnoticias.com.ar\/#website","url":"https:\/\/treslineasnoticias.com.ar\/","name":"Tres Lineas Noticias","description":"","potentialAction":[{"@type":"SearchAction","target":{"@type":"EntryPoint","urlTemplate":"https:\/\/treslineasnoticias.com.ar\/?s={search_term_string}"},"query-input":{"@type":"PropertyValueSpecification","valueRequired":true,"valueName":"search_term_string"}}],"inLanguage":"es"},{"@type":"Person","@id":"https:\/\/treslineasnoticias.com.ar\/#\/schema\/person\/c5f7249e50517b84c2379b145ca14895","name":"Horacio L\u00f3pez","image":{"@type":"ImageObject","inLanguage":"es","@id":"https:\/\/treslineasnoticias.com.ar\/#\/schema\/person\/image\/","url":"https:\/\/treslineasnoticias.com.ar\/wp-content\/litespeed\/avatar\/ddbec442f0224f940ce000570a0cb216.jpg?ver=1777068930","contentUrl":"https:\/\/treslineasnoticias.com.ar\/wp-content\/litespeed\/avatar\/ddbec442f0224f940ce000570a0cb216.jpg?ver=1777068930","caption":"Horacio L\u00f3pez"},"sameAs":["http:\/\/treslineasnoticias.com.ar"],"url":"https:\/\/treslineasnoticias.com.ar\/?author=3"}]}},"jetpack_featured_media_url":"https:\/\/treslineasnoticias.com.ar\/wp-content\/uploads\/2026\/04\/ESCUELAS-DE-EDUCACION-ESPECIAL-3.jpg","jetpack_sharing_enabled":true,"_links":{"self":[{"href":"https:\/\/treslineasnoticias.com.ar\/index.php?rest_route=\/wp\/v2\/posts\/24820","targetHints":{"allow":["GET"]}}],"collection":[{"href":"https:\/\/treslineasnoticias.com.ar\/index.php?rest_route=\/wp\/v2\/posts"}],"about":[{"href":"https:\/\/treslineasnoticias.com.ar\/index.php?rest_route=\/wp\/v2\/types\/post"}],"author":[{"embeddable":true,"href":"https:\/\/treslineasnoticias.com.ar\/index.php?rest_route=\/wp\/v2\/users\/3"}],"replies":[{"embeddable":true,"href":"https:\/\/treslineasnoticias.com.ar\/index.php?rest_route=%2Fwp%2Fv2%2Fcomments&post=24820"}],"version-history":[{"count":1,"href":"https:\/\/treslineasnoticias.com.ar\/index.php?rest_route=\/wp\/v2\/posts\/24820\/revisions"}],"predecessor-version":[{"id":24824,"href":"https:\/\/treslineasnoticias.com.ar\/index.php?rest_route=\/wp\/v2\/posts\/24820\/revisions\/24824"}],"wp:featuredmedia":[{"embeddable":true,"href":"https:\/\/treslineasnoticias.com.ar\/index.php?rest_route=\/wp\/v2\/media\/24823"}],"wp:attachment":[{"href":"https:\/\/treslineasnoticias.com.ar\/index.php?rest_route=%2Fwp%2Fv2%2Fmedia&parent=24820"}],"wp:term":[{"taxonomy":"category","embeddable":true,"href":"https:\/\/treslineasnoticias.com.ar\/index.php?rest_route=%2Fwp%2Fv2%2Fcategories&post=24820"},{"taxonomy":"post_tag","embeddable":true,"href":"https:\/\/treslineasnoticias.com.ar\/index.php?rest_route=%2Fwp%2Fv2%2Ftags&post=24820"}],"curies":[{"name":"wp","href":"https:\/\/api.w.org\/{rel}","templated":true}]}}