{"id":24825,"date":"2026-04-27T20:30:00","date_gmt":"2026-04-27T23:30:00","guid":{"rendered":"https:\/\/treslineasnoticias.com.ar\/?p=24825"},"modified":"2026-04-28T10:05:24","modified_gmt":"2026-04-28T13:05:24","slug":"reconocimiento-a-vecinas-varelenses-por-su-compromiso-comunitario","status":"publish","type":"post","link":"https:\/\/treslineasnoticias.com.ar\/?p=24825","title":{"rendered":"Reconocimiento a vecinas varelenses por su compromiso comunitario"},"content":{"rendered":"\n<p><strong><em>El intendente Andr\u00e9s Watson destac\u00f3 \u201cuna pol\u00edtica que evidenci\u00f3 el respaldo a la dedicaci\u00f3n incansable de las trabajadoras con la ciudadan\u00eda\u201d tras otorgar 20 subsidios a manzaneras mediante la Ley N\u00ba14.245 y anunciar la resoluci\u00f3n del gobernador bonaerense, Axel Kicillof: aumentar la percepci\u00f3n de dichos haberes.<\/em><\/strong><\/p>\n\n\n\n<p>Durante el encuentro, realizado el lunes por la ma\u00f1ana en la Sociedad de Fomento \u201cGobernador Monteverde\u201d -Senzabello esquina Famatina- el Alcalde tambi\u00e9n entreg\u00f3 130 certificados a quienes finalizaron el seminario sobre Manipulaci\u00f3n de Alimentos.<\/p>\n\n\n\n<p>La m\u00e1xima autoridad en el partido consider\u00f3 a las presentes \u201cel coraz\u00f3n del distrito por su compromiso de ayudar a los dem\u00e1s: asumieron las labores de apoyo a los sectores vulnerables que la Presidencia decidi\u00f3 no hacer\u201d.<\/p>\n\n\n\n<figure class=\"wp-block-image size-large is-resized\"><img loading=\"lazy\" decoding=\"async\" width=\"1024\" height=\"683\" src=\"http:\/\/treslineasnoticias.com.ar\/wp-content\/uploads\/2026\/04\/e09dbca0-ea92-6ede-0045-be55f74edb79-1024x683.jpg\" alt=\"\" class=\"wp-image-24828\" style=\"width:816px;height:auto\" srcset=\"https:\/\/treslineasnoticias.com.ar\/wp-content\/uploads\/2026\/04\/e09dbca0-ea92-6ede-0045-be55f74edb79-1024x683.jpg 1024w, https:\/\/treslineasnoticias.com.ar\/wp-content\/uploads\/2026\/04\/e09dbca0-ea92-6ede-0045-be55f74edb79-300x200.jpg 300w, https:\/\/treslineasnoticias.com.ar\/wp-content\/uploads\/2026\/04\/e09dbca0-ea92-6ede-0045-be55f74edb79-768x512.jpg 768w, https:\/\/treslineasnoticias.com.ar\/wp-content\/uploads\/2026\/04\/e09dbca0-ea92-6ede-0045-be55f74edb79-1536x1024.jpg 1536w, https:\/\/treslineasnoticias.com.ar\/wp-content\/uploads\/2026\/04\/e09dbca0-ea92-6ede-0045-be55f74edb79-2048x1365.jpg 2048w\" sizes=\"auto, (max-width: 1024px) 100vw, 1024px\" \/><\/figure>\n\n\n\n<p>Por otro lado, el Mandatario Comunal resalt\u00f3 \u201cla formaci\u00f3n permanente en su quehacer: una herramienta fundamental para aquellas con tareas en comedores, a fin de asegurar una correcta preparaci\u00f3n de comidas a la poblaci\u00f3n\u201d.<\/p>\n\n\n\n<p>La directora provincial de Nutrici\u00f3n y Calidad de los Alimentos -Luc\u00eda Cacciutto- enfatiz\u00f3 en \u201cla relevancia de capacitarse con el objetivo de brindar una dieta segura y saludable a infancias, adolescentes, adultos o adultas: sin su intervenci\u00f3n, no acceder\u00edan a un derecho elemental\u201d.<\/p>\n\n\n\n<p>Graciela Basigalupo -de Ricardo Rojas- coment\u00f3: \u201cLuego de tres d\u00e9cadas de colaborar con la gente, fue muy emocionante el reconocimiento\u201d. \u201cDesde el aspecto financiero, fue una mano muy grande por la dif\u00edcil situaci\u00f3n del pa\u00eds\u201d, confes\u00f3.<\/p>\n\n\n\n<p>\u201cInici\u00e9 el 5 de septiembre de 1994; de aquella \u00e9poca hasta ac\u00e1, estuve con much\u00edsimas personas, fue muy gratificante\u201d, record\u00f3 Marcia Rodr\u00edguez. La frentista de Pico de Oro lament\u00f3 \u201cla culminaci\u00f3n del trabajo junto a las chicas\u201d, pero demostr\u00f3 \u201cuna gran satisfacci\u00f3n por todo lo que conseguimos\u201d.<\/p>\n\n\n\n<figure class=\"wp-block-image size-large is-resized\"><img loading=\"lazy\" decoding=\"async\" width=\"1024\" height=\"683\" src=\"http:\/\/treslineasnoticias.com.ar\/wp-content\/uploads\/2026\/04\/b9298758-d2f2-d157-0c02-182068af49e5-1024x683.jpg\" alt=\"\" class=\"wp-image-24827\" style=\"width:817px;height:auto\" srcset=\"https:\/\/treslineasnoticias.com.ar\/wp-content\/uploads\/2026\/04\/b9298758-d2f2-d157-0c02-182068af49e5-1024x683.jpg 1024w, https:\/\/treslineasnoticias.com.ar\/wp-content\/uploads\/2026\/04\/b9298758-d2f2-d157-0c02-182068af49e5-300x200.jpg 300w, https:\/\/treslineasnoticias.com.ar\/wp-content\/uploads\/2026\/04\/b9298758-d2f2-d157-0c02-182068af49e5-768x512.jpg 768w, https:\/\/treslineasnoticias.com.ar\/wp-content\/uploads\/2026\/04\/b9298758-d2f2-d157-0c02-182068af49e5-1536x1024.jpg 1536w, https:\/\/treslineasnoticias.com.ar\/wp-content\/uploads\/2026\/04\/b9298758-d2f2-d157-0c02-182068af49e5-2048x1365.jpg 2048w\" sizes=\"auto, (max-width: 1024px) 100vw, 1024px\" \/><\/figure>\n\n\n\n<p>\u201cPrincipalmente, nos inscribimos por la salida laboral\u201d, admitieron Elba Garc\u00eda -San Nicol\u00e1s- y Silvia Viana -San Emilio- en la antesala a recibir su diploma del curso impulsado por el \u201cPlan M\u00e1s Vida\u201d. Las se\u00f1oras evaluaron \u201cla chance de comenzar alg\u00fan emprendimiento para contrarrestar el mal momento econ\u00f3mico\u201d.<\/p>\n\n\n\n<p>Participaron la secretaria de Desarrollo Social -Laura Vivas-, el director provincial de Acceso a la Seguridad Social Alimentaria -Nicol\u00e1s Cuello- y funcionarios locales.<\/p>\n","protected":false},"excerpt":{"rendered":"<p>El intendente Andr\u00e9s Watson destac\u00f3 \u201cuna pol\u00edtica que evidenci\u00f3 el respaldo a la dedicaci\u00f3n incansable de las trabajadoras con la ciudadan\u00eda\u201d tras otorgar 20 subsidios a manzaneras mediante la Ley N\u00ba14.245 y anunciar la resoluci\u00f3n del gobernador bonaerense, Axel Kicillof: aumentar la percepci\u00f3n de dichos haberes. Durante el encuentro, realizado el lunes por la ma\u00f1ana [&hellip;]<\/p>\n","protected":false},"author":3,"featured_media":24826,"comment_status":"open","ping_status":"open","sticky":false,"template":"","format":"standard","meta":{"_jetpack_memberships_contains_paid_content":false,"footnotes":""},"categories":[6],"tags":[],"class_list":["post-24825","post","type-post","status-publish","format-standard","has-post-thumbnail","hentry","category-florencio-varela"],"yoast_head":"<!-- This site is optimized with the Yoast SEO plugin v24.7 - https:\/\/yoast.com\/wordpress\/plugins\/seo\/ -->\n<title>Reconocimiento a vecinas varelenses por su compromiso comunitario - Tres Lineas Noticias<\/title>\n<meta name=\"robots\" content=\"index, follow, max-snippet:-1, max-image-preview:large, max-video-preview:-1\" \/>\n<link rel=\"canonical\" href=\"https:\/\/treslineasnoticias.com.ar\/?p=24825\" \/>\n<meta property=\"og:locale\" content=\"es_ES\" \/>\n<meta property=\"og:type\" content=\"article\" \/>\n<meta property=\"og:title\" content=\"Reconocimiento a vecinas varelenses por su compromiso comunitario - Tres Lineas Noticias\" \/>\n<meta property=\"og:description\" content=\"El intendente Andr\u00e9s Watson destac\u00f3 \u201cuna pol\u00edtica que evidenci\u00f3 el respaldo a la dedicaci\u00f3n incansable de las trabajadoras con la ciudadan\u00eda\u201d tras otorgar 20 subsidios a manzaneras mediante la Ley N\u00ba14.245 y anunciar la resoluci\u00f3n del gobernador bonaerense, Axel Kicillof: aumentar la percepci\u00f3n de dichos haberes. Durante el encuentro, realizado el lunes por la ma\u00f1ana [&hellip;]\" \/>\n<meta property=\"og:url\" content=\"https:\/\/treslineasnoticias.com.ar\/?p=24825\" \/>\n<meta property=\"og:site_name\" content=\"Tres Lineas Noticias\" \/>\n<meta property=\"article:published_time\" content=\"2026-04-27T23:30:00+00:00\" \/>\n<meta property=\"article:modified_time\" content=\"2026-04-28T13:05:24+00:00\" \/>\n<meta property=\"og:image\" content=\"http:\/\/treslineasnoticias.com.ar\/wp-content\/uploads\/2026\/04\/5cb61fb7-4c06-7232-fec5-3ee78e755ba7-scaled.jpg\" \/>\n\t<meta property=\"og:image:width\" content=\"2560\" \/>\n\t<meta property=\"og:image:height\" content=\"1706\" \/>\n\t<meta property=\"og:image:type\" content=\"image\/jpeg\" \/>\n<meta name=\"author\" content=\"Horacio L\u00f3pez\" \/>\n<meta name=\"twitter:card\" content=\"summary_large_image\" \/>\n<meta name=\"twitter:label1\" content=\"Escrito por\" \/>\n\t<meta name=\"twitter:data1\" content=\"Horacio L\u00f3pez\" \/>\n\t<meta name=\"twitter:label2\" content=\"Tiempo de lectura\" \/>\n\t<meta name=\"twitter:data2\" content=\"3 minutos\" \/>\n<script type=\"application\/ld+json\" class=\"yoast-schema-graph\">{\"@context\":\"https:\/\/schema.org\",\"@graph\":[{\"@type\":\"WebPage\",\"@id\":\"https:\/\/treslineasnoticias.com.ar\/?p=24825\",\"url\":\"https:\/\/treslineasnoticias.com.ar\/?p=24825\",\"name\":\"Reconocimiento a vecinas varelenses por su compromiso comunitario - Tres Lineas Noticias\",\"isPartOf\":{\"@id\":\"https:\/\/treslineasnoticias.com.ar\/#website\"},\"primaryImageOfPage\":{\"@id\":\"https:\/\/treslineasnoticias.com.ar\/?p=24825#primaryimage\"},\"image\":{\"@id\":\"https:\/\/treslineasnoticias.com.ar\/?p=24825#primaryimage\"},\"thumbnailUrl\":\"https:\/\/treslineasnoticias.com.ar\/wp-content\/uploads\/2026\/04\/5cb61fb7-4c06-7232-fec5-3ee78e755ba7-scaled.jpg\",\"datePublished\":\"2026-04-27T23:30:00+00:00\",\"dateModified\":\"2026-04-28T13:05:24+00:00\",\"author\":{\"@id\":\"https:\/\/treslineasnoticias.com.ar\/#\/schema\/person\/c5f7249e50517b84c2379b145ca14895\"},\"breadcrumb\":{\"@id\":\"https:\/\/treslineasnoticias.com.ar\/?p=24825#breadcrumb\"},\"inLanguage\":\"es\",\"potentialAction\":[{\"@type\":\"ReadAction\",\"target\":[\"https:\/\/treslineasnoticias.com.ar\/?p=24825\"]}]},{\"@type\":\"ImageObject\",\"inLanguage\":\"es\",\"@id\":\"https:\/\/treslineasnoticias.com.ar\/?p=24825#primaryimage\",\"url\":\"https:\/\/treslineasnoticias.com.ar\/wp-content\/uploads\/2026\/04\/5cb61fb7-4c06-7232-fec5-3ee78e755ba7-scaled.jpg\",\"contentUrl\":\"https:\/\/treslineasnoticias.com.ar\/wp-content\/uploads\/2026\/04\/5cb61fb7-4c06-7232-fec5-3ee78e755ba7-scaled.jpg\",\"width\":2560,\"height\":1706},{\"@type\":\"BreadcrumbList\",\"@id\":\"https:\/\/treslineasnoticias.com.ar\/?p=24825#breadcrumb\",\"itemListElement\":[{\"@type\":\"ListItem\",\"position\":1,\"name\":\"Portada\",\"item\":\"https:\/\/treslineasnoticias.com.ar\/\"},{\"@type\":\"ListItem\",\"position\":2,\"name\":\"Reconocimiento a vecinas varelenses por su compromiso comunitario\"}]},{\"@type\":\"WebSite\",\"@id\":\"https:\/\/treslineasnoticias.com.ar\/#website\",\"url\":\"https:\/\/treslineasnoticias.com.ar\/\",\"name\":\"Tres Lineas Noticias\",\"description\":\"\",\"potentialAction\":[{\"@type\":\"SearchAction\",\"target\":{\"@type\":\"EntryPoint\",\"urlTemplate\":\"https:\/\/treslineasnoticias.com.ar\/?s={search_term_string}\"},\"query-input\":{\"@type\":\"PropertyValueSpecification\",\"valueRequired\":true,\"valueName\":\"search_term_string\"}}],\"inLanguage\":\"es\"},{\"@type\":\"Person\",\"@id\":\"https:\/\/treslineasnoticias.com.ar\/#\/schema\/person\/c5f7249e50517b84c2379b145ca14895\",\"name\":\"Horacio L\u00f3pez\",\"image\":{\"@type\":\"ImageObject\",\"inLanguage\":\"es\",\"@id\":\"https:\/\/treslineasnoticias.com.ar\/#\/schema\/person\/image\/\",\"url\":\"https:\/\/treslineasnoticias.com.ar\/wp-content\/litespeed\/avatar\/ddbec442f0224f940ce000570a0cb216.jpg?ver=1777068930\",\"contentUrl\":\"https:\/\/treslineasnoticias.com.ar\/wp-content\/litespeed\/avatar\/ddbec442f0224f940ce000570a0cb216.jpg?ver=1777068930\",\"caption\":\"Horacio L\u00f3pez\"},\"sameAs\":[\"http:\/\/treslineasnoticias.com.ar\"],\"url\":\"https:\/\/treslineasnoticias.com.ar\/?author=3\"}]}<\/script>\n<!-- \/ Yoast SEO plugin. -->","yoast_head_json":{"title":"Reconocimiento a vecinas varelenses por su compromiso comunitario - Tres Lineas Noticias","robots":{"index":"index","follow":"follow","max-snippet":"max-snippet:-1","max-image-preview":"max-image-preview:large","max-video-preview":"max-video-preview:-1"},"canonical":"https:\/\/treslineasnoticias.com.ar\/?p=24825","og_locale":"es_ES","og_type":"article","og_title":"Reconocimiento a vecinas varelenses por su compromiso comunitario - Tres Lineas Noticias","og_description":"El intendente Andr\u00e9s Watson destac\u00f3 \u201cuna pol\u00edtica que evidenci\u00f3 el respaldo a la dedicaci\u00f3n incansable de las trabajadoras con la ciudadan\u00eda\u201d tras otorgar 20 subsidios a manzaneras mediante la Ley N\u00ba14.245 y anunciar la resoluci\u00f3n del gobernador bonaerense, Axel Kicillof: aumentar la percepci\u00f3n de dichos haberes. Durante el encuentro, realizado el lunes por la ma\u00f1ana [&hellip;]","og_url":"https:\/\/treslineasnoticias.com.ar\/?p=24825","og_site_name":"Tres Lineas Noticias","article_published_time":"2026-04-27T23:30:00+00:00","article_modified_time":"2026-04-28T13:05:24+00:00","og_image":[{"width":2560,"height":1706,"url":"http:\/\/treslineasnoticias.com.ar\/wp-content\/uploads\/2026\/04\/5cb61fb7-4c06-7232-fec5-3ee78e755ba7-scaled.jpg","type":"image\/jpeg"}],"author":"Horacio L\u00f3pez","twitter_card":"summary_large_image","twitter_misc":{"Escrito por":"Horacio L\u00f3pez","Tiempo de lectura":"3 minutos"},"schema":{"@context":"https:\/\/schema.org","@graph":[{"@type":"WebPage","@id":"https:\/\/treslineasnoticias.com.ar\/?p=24825","url":"https:\/\/treslineasnoticias.com.ar\/?p=24825","name":"Reconocimiento a vecinas varelenses por su compromiso comunitario - Tres Lineas Noticias","isPartOf":{"@id":"https:\/\/treslineasnoticias.com.ar\/#website"},"primaryImageOfPage":{"@id":"https:\/\/treslineasnoticias.com.ar\/?p=24825#primaryimage"},"image":{"@id":"https:\/\/treslineasnoticias.com.ar\/?p=24825#primaryimage"},"thumbnailUrl":"https:\/\/treslineasnoticias.com.ar\/wp-content\/uploads\/2026\/04\/5cb61fb7-4c06-7232-fec5-3ee78e755ba7-scaled.jpg","datePublished":"2026-04-27T23:30:00+00:00","dateModified":"2026-04-28T13:05:24+00:00","author":{"@id":"https:\/\/treslineasnoticias.com.ar\/#\/schema\/person\/c5f7249e50517b84c2379b145ca14895"},"breadcrumb":{"@id":"https:\/\/treslineasnoticias.com.ar\/?p=24825#breadcrumb"},"inLanguage":"es","potentialAction":[{"@type":"ReadAction","target":["https:\/\/treslineasnoticias.com.ar\/?p=24825"]}]},{"@type":"ImageObject","inLanguage":"es","@id":"https:\/\/treslineasnoticias.com.ar\/?p=24825#primaryimage","url":"https:\/\/treslineasnoticias.com.ar\/wp-content\/uploads\/2026\/04\/5cb61fb7-4c06-7232-fec5-3ee78e755ba7-scaled.jpg","contentUrl":"https:\/\/treslineasnoticias.com.ar\/wp-content\/uploads\/2026\/04\/5cb61fb7-4c06-7232-fec5-3ee78e755ba7-scaled.jpg","width":2560,"height":1706},{"@type":"BreadcrumbList","@id":"https:\/\/treslineasnoticias.com.ar\/?p=24825#breadcrumb","itemListElement":[{"@type":"ListItem","position":1,"name":"Portada","item":"https:\/\/treslineasnoticias.com.ar\/"},{"@type":"ListItem","position":2,"name":"Reconocimiento a vecinas varelenses por su compromiso comunitario"}]},{"@type":"WebSite","@id":"https:\/\/treslineasnoticias.com.ar\/#website","url":"https:\/\/treslineasnoticias.com.ar\/","name":"Tres Lineas Noticias","description":"","potentialAction":[{"@type":"SearchAction","target":{"@type":"EntryPoint","urlTemplate":"https:\/\/treslineasnoticias.com.ar\/?s={search_term_string}"},"query-input":{"@type":"PropertyValueSpecification","valueRequired":true,"valueName":"search_term_string"}}],"inLanguage":"es"},{"@type":"Person","@id":"https:\/\/treslineasnoticias.com.ar\/#\/schema\/person\/c5f7249e50517b84c2379b145ca14895","name":"Horacio L\u00f3pez","image":{"@type":"ImageObject","inLanguage":"es","@id":"https:\/\/treslineasnoticias.com.ar\/#\/schema\/person\/image\/","url":"https:\/\/treslineasnoticias.com.ar\/wp-content\/litespeed\/avatar\/ddbec442f0224f940ce000570a0cb216.jpg?ver=1777068930","contentUrl":"https:\/\/treslineasnoticias.com.ar\/wp-content\/litespeed\/avatar\/ddbec442f0224f940ce000570a0cb216.jpg?ver=1777068930","caption":"Horacio L\u00f3pez"},"sameAs":["http:\/\/treslineasnoticias.com.ar"],"url":"https:\/\/treslineasnoticias.com.ar\/?author=3"}]}},"jetpack_featured_media_url":"https:\/\/treslineasnoticias.com.ar\/wp-content\/uploads\/2026\/04\/5cb61fb7-4c06-7232-fec5-3ee78e755ba7-scaled.jpg","jetpack_sharing_enabled":true,"_links":{"self":[{"href":"https:\/\/treslineasnoticias.com.ar\/index.php?rest_route=\/wp\/v2\/posts\/24825","targetHints":{"allow":["GET"]}}],"collection":[{"href":"https:\/\/treslineasnoticias.com.ar\/index.php?rest_route=\/wp\/v2\/posts"}],"about":[{"href":"https:\/\/treslineasnoticias.com.ar\/index.php?rest_route=\/wp\/v2\/types\/post"}],"author":[{"embeddable":true,"href":"https:\/\/treslineasnoticias.com.ar\/index.php?rest_route=\/wp\/v2\/users\/3"}],"replies":[{"embeddable":true,"href":"https:\/\/treslineasnoticias.com.ar\/index.php?rest_route=%2Fwp%2Fv2%2Fcomments&post=24825"}],"version-history":[{"count":1,"href":"https:\/\/treslineasnoticias.com.ar\/index.php?rest_route=\/wp\/v2\/posts\/24825\/revisions"}],"predecessor-version":[{"id":24829,"href":"https:\/\/treslineasnoticias.com.ar\/index.php?rest_route=\/wp\/v2\/posts\/24825\/revisions\/24829"}],"wp:featuredmedia":[{"embeddable":true,"href":"https:\/\/treslineasnoticias.com.ar\/index.php?rest_route=\/wp\/v2\/media\/24826"}],"wp:attachment":[{"href":"https:\/\/treslineasnoticias.com.ar\/index.php?rest_route=%2Fwp%2Fv2%2Fmedia&parent=24825"}],"wp:term":[{"taxonomy":"category","embeddable":true,"href":"https:\/\/treslineasnoticias.com.ar\/index.php?rest_route=%2Fwp%2Fv2%2Fcategories&post=24825"},{"taxonomy":"post_tag","embeddable":true,"href":"https:\/\/treslineasnoticias.com.ar\/index.php?rest_route=%2Fwp%2Fv2%2Ftags&post=24825"}],"curies":[{"name":"wp","href":"https:\/\/api.w.org\/{rel}","templated":true}]}}