{"id":24830,"date":"2026-04-28T08:20:00","date_gmt":"2026-04-28T11:20:00","guid":{"rendered":"https:\/\/treslineasnoticias.com.ar\/?p=24830"},"modified":"2026-04-28T10:22:17","modified_gmt":"2026-04-28T13:22:17","slug":"andres-watson-y-estudiantes-de-escuelas-secundarias-analizaron-inquietudes-de-la-agenda-escolar","status":"publish","type":"post","link":"https:\/\/treslineasnoticias.com.ar\/?p=24830","title":{"rendered":"Andr\u00e9s Watson y estudiantes de escuelas secundarias analizaron inquietudes de la agenda escolar"},"content":{"rendered":"\n<p><strong><em>El jefe comunal, Andr\u00e9s Watson, recibi\u00f3 a alumnos y alumnas este mediod\u00eda en la Intendencia a representantes de instituciones de nivel medio, tanto de gesti\u00f3n estatal como privada, quienes presentaron formalmente el proyecto para conformar la Uni\u00f3n Estudiantil Secundaria (UES).<\/em><\/strong><\/p>\n\n\n\n<p>\u201cConversamos sobre el funcionamiento de la UES. Expusimos los principales temas que nos preocupaban: la violencia o la salud mental en las aulas\u201d, explic\u00f3 Mateo L\u00f3pez, de la E.S. N\u00ba24, que ocup\u00f3 el rol de presidente de la organizaci\u00f3n.<\/p>\n\n\n\n<figure class=\"wp-block-image size-large is-resized\"><img loading=\"lazy\" decoding=\"async\" width=\"1024\" height=\"683\" src=\"http:\/\/treslineasnoticias.com.ar\/wp-content\/uploads\/2026\/04\/773d9b60-e721-6d77-0f42-8aeebef28478-1024x683.jpg\" alt=\"\" class=\"wp-image-24831\" style=\"width:822px;height:auto\" srcset=\"https:\/\/treslineasnoticias.com.ar\/wp-content\/uploads\/2026\/04\/773d9b60-e721-6d77-0f42-8aeebef28478-1024x683.jpg 1024w, https:\/\/treslineasnoticias.com.ar\/wp-content\/uploads\/2026\/04\/773d9b60-e721-6d77-0f42-8aeebef28478-300x200.jpg 300w, https:\/\/treslineasnoticias.com.ar\/wp-content\/uploads\/2026\/04\/773d9b60-e721-6d77-0f42-8aeebef28478-768x512.jpg 768w, https:\/\/treslineasnoticias.com.ar\/wp-content\/uploads\/2026\/04\/773d9b60-e721-6d77-0f42-8aeebef28478-1536x1024.jpg 1536w, https:\/\/treslineasnoticias.com.ar\/wp-content\/uploads\/2026\/04\/773d9b60-e721-6d77-0f42-8aeebef28478-2048x1365.jpg 2048w\" sizes=\"auto, (max-width: 1024px) 100vw, 1024px\" \/><\/figure>\n\n\n\n<p>El adolescente resalt\u00f3 \u201cel nexo con el Municipio, vital en la construcci\u00f3n colectiva de propuestas que atendieron a las necesidades de las chicas y los chicos dentro de la escuela, pero tambi\u00e9n en su d\u00eda a d\u00eda\u201d.<\/p>\n\n\n\n<p>Alejandro Fern\u00e1ndez, de la E.S. N\u00ba8, desempe\u00f1aba el puesto de secretario de Medioambiente. Consider\u00f3 al cambio clim\u00e1tico \u201cuna cuesti\u00f3n fundamental para debatir entre juventudes, compartir las diferentes experiencias y abogar por el cuidado de nuestro entorno\u201d.<\/p>\n\n\n\n<p>Estuvo la secretaria de Educaci\u00f3n, Andrea Digiobani; la subsecretaria de Prensa y Comunicaci\u00f3n, Noelia Pi\u00f1eiro.<\/p>\n","protected":false},"excerpt":{"rendered":"<p>El jefe comunal, Andr\u00e9s Watson, recibi\u00f3 a alumnos y alumnas este mediod\u00eda en la Intendencia a representantes de instituciones de nivel medio, tanto de gesti\u00f3n estatal como privada, quienes presentaron formalmente el proyecto para conformar la Uni\u00f3n Estudiantil Secundaria (UES). \u201cConversamos sobre el funcionamiento de la UES. Expusimos los principales temas que nos preocupaban: la [&hellip;]<\/p>\n","protected":false},"author":3,"featured_media":24832,"comment_status":"open","ping_status":"open","sticky":false,"template":"","format":"standard","meta":{"_jetpack_memberships_contains_paid_content":false,"footnotes":""},"categories":[6],"tags":[],"class_list":["post-24830","post","type-post","status-publish","format-standard","has-post-thumbnail","hentry","category-florencio-varela"],"yoast_head":"<!-- This site is optimized with the Yoast SEO plugin v24.7 - https:\/\/yoast.com\/wordpress\/plugins\/seo\/ -->\n<title>Andr\u00e9s Watson y estudiantes de escuelas secundarias analizaron inquietudes de la agenda escolar - Tres Lineas Noticias<\/title>\n<meta name=\"robots\" content=\"index, follow, max-snippet:-1, max-image-preview:large, max-video-preview:-1\" \/>\n<link rel=\"canonical\" href=\"https:\/\/treslineasnoticias.com.ar\/?p=24830\" \/>\n<meta property=\"og:locale\" content=\"es_ES\" \/>\n<meta property=\"og:type\" content=\"article\" \/>\n<meta property=\"og:title\" content=\"Andr\u00e9s Watson y estudiantes de escuelas secundarias analizaron inquietudes de la agenda escolar - Tres Lineas Noticias\" \/>\n<meta property=\"og:description\" content=\"El jefe comunal, Andr\u00e9s Watson, recibi\u00f3 a alumnos y alumnas este mediod\u00eda en la Intendencia a representantes de instituciones de nivel medio, tanto de gesti\u00f3n estatal como privada, quienes presentaron formalmente el proyecto para conformar la Uni\u00f3n Estudiantil Secundaria (UES). \u201cConversamos sobre el funcionamiento de la UES. Expusimos los principales temas que nos preocupaban: la [&hellip;]\" \/>\n<meta property=\"og:url\" content=\"https:\/\/treslineasnoticias.com.ar\/?p=24830\" \/>\n<meta property=\"og:site_name\" content=\"Tres Lineas Noticias\" \/>\n<meta property=\"article:published_time\" content=\"2026-04-28T11:20:00+00:00\" \/>\n<meta property=\"article:modified_time\" content=\"2026-04-28T13:22:17+00:00\" \/>\n<meta property=\"og:image\" content=\"http:\/\/treslineasnoticias.com.ar\/wp-content\/uploads\/2026\/04\/e84f00a2-a838-a1e4-0594-1a42a89c83e8-scaled.jpg\" \/>\n\t<meta property=\"og:image:width\" content=\"2560\" \/>\n\t<meta property=\"og:image:height\" content=\"1706\" \/>\n\t<meta property=\"og:image:type\" content=\"image\/jpeg\" \/>\n<meta name=\"author\" content=\"Horacio L\u00f3pez\" \/>\n<meta name=\"twitter:card\" content=\"summary_large_image\" \/>\n<meta name=\"twitter:label1\" content=\"Escrito por\" \/>\n\t<meta name=\"twitter:data1\" content=\"Horacio L\u00f3pez\" \/>\n\t<meta name=\"twitter:label2\" content=\"Tiempo de lectura\" \/>\n\t<meta name=\"twitter:data2\" content=\"2 minutos\" \/>\n<script type=\"application\/ld+json\" class=\"yoast-schema-graph\">{\"@context\":\"https:\/\/schema.org\",\"@graph\":[{\"@type\":\"WebPage\",\"@id\":\"https:\/\/treslineasnoticias.com.ar\/?p=24830\",\"url\":\"https:\/\/treslineasnoticias.com.ar\/?p=24830\",\"name\":\"Andr\u00e9s Watson y estudiantes de escuelas secundarias analizaron inquietudes de la agenda escolar - Tres Lineas Noticias\",\"isPartOf\":{\"@id\":\"https:\/\/treslineasnoticias.com.ar\/#website\"},\"primaryImageOfPage\":{\"@id\":\"https:\/\/treslineasnoticias.com.ar\/?p=24830#primaryimage\"},\"image\":{\"@id\":\"https:\/\/treslineasnoticias.com.ar\/?p=24830#primaryimage\"},\"thumbnailUrl\":\"https:\/\/treslineasnoticias.com.ar\/wp-content\/uploads\/2026\/04\/e84f00a2-a838-a1e4-0594-1a42a89c83e8-scaled.jpg\",\"datePublished\":\"2026-04-28T11:20:00+00:00\",\"dateModified\":\"2026-04-28T13:22:17+00:00\",\"author\":{\"@id\":\"https:\/\/treslineasnoticias.com.ar\/#\/schema\/person\/c5f7249e50517b84c2379b145ca14895\"},\"breadcrumb\":{\"@id\":\"https:\/\/treslineasnoticias.com.ar\/?p=24830#breadcrumb\"},\"inLanguage\":\"es\",\"potentialAction\":[{\"@type\":\"ReadAction\",\"target\":[\"https:\/\/treslineasnoticias.com.ar\/?p=24830\"]}]},{\"@type\":\"ImageObject\",\"inLanguage\":\"es\",\"@id\":\"https:\/\/treslineasnoticias.com.ar\/?p=24830#primaryimage\",\"url\":\"https:\/\/treslineasnoticias.com.ar\/wp-content\/uploads\/2026\/04\/e84f00a2-a838-a1e4-0594-1a42a89c83e8-scaled.jpg\",\"contentUrl\":\"https:\/\/treslineasnoticias.com.ar\/wp-content\/uploads\/2026\/04\/e84f00a2-a838-a1e4-0594-1a42a89c83e8-scaled.jpg\",\"width\":2560,\"height\":1706},{\"@type\":\"BreadcrumbList\",\"@id\":\"https:\/\/treslineasnoticias.com.ar\/?p=24830#breadcrumb\",\"itemListElement\":[{\"@type\":\"ListItem\",\"position\":1,\"name\":\"Portada\",\"item\":\"https:\/\/treslineasnoticias.com.ar\/\"},{\"@type\":\"ListItem\",\"position\":2,\"name\":\"Andr\u00e9s Watson y estudiantes de escuelas secundarias analizaron inquietudes de la agenda escolar\"}]},{\"@type\":\"WebSite\",\"@id\":\"https:\/\/treslineasnoticias.com.ar\/#website\",\"url\":\"https:\/\/treslineasnoticias.com.ar\/\",\"name\":\"Tres Lineas Noticias\",\"description\":\"\",\"potentialAction\":[{\"@type\":\"SearchAction\",\"target\":{\"@type\":\"EntryPoint\",\"urlTemplate\":\"https:\/\/treslineasnoticias.com.ar\/?s={search_term_string}\"},\"query-input\":{\"@type\":\"PropertyValueSpecification\",\"valueRequired\":true,\"valueName\":\"search_term_string\"}}],\"inLanguage\":\"es\"},{\"@type\":\"Person\",\"@id\":\"https:\/\/treslineasnoticias.com.ar\/#\/schema\/person\/c5f7249e50517b84c2379b145ca14895\",\"name\":\"Horacio L\u00f3pez\",\"image\":{\"@type\":\"ImageObject\",\"inLanguage\":\"es\",\"@id\":\"https:\/\/treslineasnoticias.com.ar\/#\/schema\/person\/image\/\",\"url\":\"https:\/\/treslineasnoticias.com.ar\/wp-content\/litespeed\/avatar\/ddbec442f0224f940ce000570a0cb216.jpg?ver=1777068930\",\"contentUrl\":\"https:\/\/treslineasnoticias.com.ar\/wp-content\/litespeed\/avatar\/ddbec442f0224f940ce000570a0cb216.jpg?ver=1777068930\",\"caption\":\"Horacio L\u00f3pez\"},\"sameAs\":[\"http:\/\/treslineasnoticias.com.ar\"],\"url\":\"https:\/\/treslineasnoticias.com.ar\/?author=3\"}]}<\/script>\n<!-- \/ Yoast SEO plugin. -->","yoast_head_json":{"title":"Andr\u00e9s Watson y estudiantes de escuelas secundarias analizaron inquietudes de la agenda escolar - Tres Lineas Noticias","robots":{"index":"index","follow":"follow","max-snippet":"max-snippet:-1","max-image-preview":"max-image-preview:large","max-video-preview":"max-video-preview:-1"},"canonical":"https:\/\/treslineasnoticias.com.ar\/?p=24830","og_locale":"es_ES","og_type":"article","og_title":"Andr\u00e9s Watson y estudiantes de escuelas secundarias analizaron inquietudes de la agenda escolar - Tres Lineas Noticias","og_description":"El jefe comunal, Andr\u00e9s Watson, recibi\u00f3 a alumnos y alumnas este mediod\u00eda en la Intendencia a representantes de instituciones de nivel medio, tanto de gesti\u00f3n estatal como privada, quienes presentaron formalmente el proyecto para conformar la Uni\u00f3n Estudiantil Secundaria (UES). \u201cConversamos sobre el funcionamiento de la UES. Expusimos los principales temas que nos preocupaban: la [&hellip;]","og_url":"https:\/\/treslineasnoticias.com.ar\/?p=24830","og_site_name":"Tres Lineas Noticias","article_published_time":"2026-04-28T11:20:00+00:00","article_modified_time":"2026-04-28T13:22:17+00:00","og_image":[{"width":2560,"height":1706,"url":"http:\/\/treslineasnoticias.com.ar\/wp-content\/uploads\/2026\/04\/e84f00a2-a838-a1e4-0594-1a42a89c83e8-scaled.jpg","type":"image\/jpeg"}],"author":"Horacio L\u00f3pez","twitter_card":"summary_large_image","twitter_misc":{"Escrito por":"Horacio L\u00f3pez","Tiempo de lectura":"2 minutos"},"schema":{"@context":"https:\/\/schema.org","@graph":[{"@type":"WebPage","@id":"https:\/\/treslineasnoticias.com.ar\/?p=24830","url":"https:\/\/treslineasnoticias.com.ar\/?p=24830","name":"Andr\u00e9s Watson y estudiantes de escuelas secundarias analizaron inquietudes de la agenda escolar - Tres Lineas Noticias","isPartOf":{"@id":"https:\/\/treslineasnoticias.com.ar\/#website"},"primaryImageOfPage":{"@id":"https:\/\/treslineasnoticias.com.ar\/?p=24830#primaryimage"},"image":{"@id":"https:\/\/treslineasnoticias.com.ar\/?p=24830#primaryimage"},"thumbnailUrl":"https:\/\/treslineasnoticias.com.ar\/wp-content\/uploads\/2026\/04\/e84f00a2-a838-a1e4-0594-1a42a89c83e8-scaled.jpg","datePublished":"2026-04-28T11:20:00+00:00","dateModified":"2026-04-28T13:22:17+00:00","author":{"@id":"https:\/\/treslineasnoticias.com.ar\/#\/schema\/person\/c5f7249e50517b84c2379b145ca14895"},"breadcrumb":{"@id":"https:\/\/treslineasnoticias.com.ar\/?p=24830#breadcrumb"},"inLanguage":"es","potentialAction":[{"@type":"ReadAction","target":["https:\/\/treslineasnoticias.com.ar\/?p=24830"]}]},{"@type":"ImageObject","inLanguage":"es","@id":"https:\/\/treslineasnoticias.com.ar\/?p=24830#primaryimage","url":"https:\/\/treslineasnoticias.com.ar\/wp-content\/uploads\/2026\/04\/e84f00a2-a838-a1e4-0594-1a42a89c83e8-scaled.jpg","contentUrl":"https:\/\/treslineasnoticias.com.ar\/wp-content\/uploads\/2026\/04\/e84f00a2-a838-a1e4-0594-1a42a89c83e8-scaled.jpg","width":2560,"height":1706},{"@type":"BreadcrumbList","@id":"https:\/\/treslineasnoticias.com.ar\/?p=24830#breadcrumb","itemListElement":[{"@type":"ListItem","position":1,"name":"Portada","item":"https:\/\/treslineasnoticias.com.ar\/"},{"@type":"ListItem","position":2,"name":"Andr\u00e9s Watson y estudiantes de escuelas secundarias analizaron inquietudes de la agenda escolar"}]},{"@type":"WebSite","@id":"https:\/\/treslineasnoticias.com.ar\/#website","url":"https:\/\/treslineasnoticias.com.ar\/","name":"Tres Lineas Noticias","description":"","potentialAction":[{"@type":"SearchAction","target":{"@type":"EntryPoint","urlTemplate":"https:\/\/treslineasnoticias.com.ar\/?s={search_term_string}"},"query-input":{"@type":"PropertyValueSpecification","valueRequired":true,"valueName":"search_term_string"}}],"inLanguage":"es"},{"@type":"Person","@id":"https:\/\/treslineasnoticias.com.ar\/#\/schema\/person\/c5f7249e50517b84c2379b145ca14895","name":"Horacio L\u00f3pez","image":{"@type":"ImageObject","inLanguage":"es","@id":"https:\/\/treslineasnoticias.com.ar\/#\/schema\/person\/image\/","url":"https:\/\/treslineasnoticias.com.ar\/wp-content\/litespeed\/avatar\/ddbec442f0224f940ce000570a0cb216.jpg?ver=1777068930","contentUrl":"https:\/\/treslineasnoticias.com.ar\/wp-content\/litespeed\/avatar\/ddbec442f0224f940ce000570a0cb216.jpg?ver=1777068930","caption":"Horacio L\u00f3pez"},"sameAs":["http:\/\/treslineasnoticias.com.ar"],"url":"https:\/\/treslineasnoticias.com.ar\/?author=3"}]}},"jetpack_featured_media_url":"https:\/\/treslineasnoticias.com.ar\/wp-content\/uploads\/2026\/04\/e84f00a2-a838-a1e4-0594-1a42a89c83e8-scaled.jpg","jetpack_sharing_enabled":true,"_links":{"self":[{"href":"https:\/\/treslineasnoticias.com.ar\/index.php?rest_route=\/wp\/v2\/posts\/24830","targetHints":{"allow":["GET"]}}],"collection":[{"href":"https:\/\/treslineasnoticias.com.ar\/index.php?rest_route=\/wp\/v2\/posts"}],"about":[{"href":"https:\/\/treslineasnoticias.com.ar\/index.php?rest_route=\/wp\/v2\/types\/post"}],"author":[{"embeddable":true,"href":"https:\/\/treslineasnoticias.com.ar\/index.php?rest_route=\/wp\/v2\/users\/3"}],"replies":[{"embeddable":true,"href":"https:\/\/treslineasnoticias.com.ar\/index.php?rest_route=%2Fwp%2Fv2%2Fcomments&post=24830"}],"version-history":[{"count":1,"href":"https:\/\/treslineasnoticias.com.ar\/index.php?rest_route=\/wp\/v2\/posts\/24830\/revisions"}],"predecessor-version":[{"id":24833,"href":"https:\/\/treslineasnoticias.com.ar\/index.php?rest_route=\/wp\/v2\/posts\/24830\/revisions\/24833"}],"wp:featuredmedia":[{"embeddable":true,"href":"https:\/\/treslineasnoticias.com.ar\/index.php?rest_route=\/wp\/v2\/media\/24832"}],"wp:attachment":[{"href":"https:\/\/treslineasnoticias.com.ar\/index.php?rest_route=%2Fwp%2Fv2%2Fmedia&parent=24830"}],"wp:term":[{"taxonomy":"category","embeddable":true,"href":"https:\/\/treslineasnoticias.com.ar\/index.php?rest_route=%2Fwp%2Fv2%2Fcategories&post=24830"},{"taxonomy":"post_tag","embeddable":true,"href":"https:\/\/treslineasnoticias.com.ar\/index.php?rest_route=%2Fwp%2Fv2%2Ftags&post=24830"}],"curies":[{"name":"wp","href":"https:\/\/api.w.org\/{rel}","templated":true}]}}