{"id":24834,"date":"2026-04-27T17:40:00","date_gmt":"2026-04-27T20:40:00","guid":{"rendered":"https:\/\/treslineasnoticias.com.ar\/?p=24834"},"modified":"2026-04-28T10:56:34","modified_gmt":"2026-04-28T13:56:34","slug":"las-tasas-se-desploman-en-el-mercado-pero-el-costo-de-los-prestamos-personales-sube-en-terminos-reales","status":"publish","type":"post","link":"https:\/\/treslineasnoticias.com.ar\/?p=24834","title":{"rendered":"Las tasas se desploman en el mercado, pero el costo de los pr\u00e9stamos personales sube en t\u00e9rminos reales"},"content":{"rendered":"\n<p><strong><em>A pesar de la ca\u00edda de las tasas de inter\u00e9s generales, los pr\u00e9stamos personales se mantienen estables en comparaci\u00f3n con 2022, afectando a familias endeudadas.<\/em><\/strong><\/p>\n\n\n\n<p>Cuando los clientes de los bancos abren sus aplicaciones de celular para operar con sus cuentas o hacen lo propio desde sus computadoras a trav\u00e9s de home banking, es probable que reciban una promoci\u00f3n para obtener de pr\u00e9stamos personales.<\/p>\n\n\n\n<p>Se trata de propuestas de nuevos cr\u00e9ditos por plazos de 12 a 24 meses que con la baja de que registran las tasas de inter\u00e9s de mercado, podr\u00edan resultar atractivas para los consumidores. Es de tener en cuenta que en este momento existe una suba importante de la mora de las familias con sus tarjetas de cr\u00e9dito y con sus pr\u00e9stamos anteriores y eso podr\u00eda llevar a generar demanda para refinanciar.<\/p>\n\n\n\n<p>Pero, en realidad, ocurre que las tasas para las l\u00edneas cr\u00e9ditos personales no est\u00e1n bajando a la misma velocidad de lo que caen los precios. En marzo de 2025, la inflaci\u00f3n interanual viajaba al 66,9%, mientras que las tasas nominales anuales de los pr\u00e9stamos personales de los bancos privados eran del 67%, con una tasa efectiva anual del orden del 100%.<\/p>\n\n\n\n<figure class=\"wp-block-image size-large is-resized\"><img loading=\"lazy\" decoding=\"async\" width=\"1024\" height=\"768\" src=\"http:\/\/treslineasnoticias.com.ar\/wp-content\/uploads\/2026\/04\/banco-central-1203451-1024x768.jpg\" alt=\"\" class=\"wp-image-24837\" style=\"width:815px;height:auto\" srcset=\"https:\/\/treslineasnoticias.com.ar\/wp-content\/uploads\/2026\/04\/banco-central-1203451-1024x768.jpg 1024w, https:\/\/treslineasnoticias.com.ar\/wp-content\/uploads\/2026\/04\/banco-central-1203451-300x225.jpg 300w, https:\/\/treslineasnoticias.com.ar\/wp-content\/uploads\/2026\/04\/banco-central-1203451-768x576.jpg 768w, https:\/\/treslineasnoticias.com.ar\/wp-content\/uploads\/2026\/04\/banco-central-1203451.jpg 1200w\" sizes=\"auto, (max-width: 1024px) 100vw, 1024px\" \/><\/figure>\n\n\n\n<p>Un a\u00f1o despu\u00e9s la inflaci\u00f3n de 12 meses baj\u00f3 a 32%, pero la tasa de inter\u00e9s que cobran los bancos est\u00e1 en el 62%. Mientras que la tasa de inflaci\u00f3n en un a\u00f1o baj\u00f3 m\u00e1s de 30 puntos, la oferta de pesos de los bancos al p\u00fablico apenas baj\u00f3 unos 5 puntos porcentuales.<\/p>\n\n\n\n<p>El economista de Romano Group, Salvador Vitelli, asegur\u00f3: \u00ab\u00a1C\u00f3mo le cuesta bajar la tasa a los pr\u00e9stamos personales!\u00bb. En un posteo en la red social X, el profesional record\u00f3 que la tasa es de \u00ab65,3% TNA, \u00faltimo dato\u00bb. \u00abEst\u00e1 en el mismo nivel que julio de 2022, s\u00f3lo que ese mes hubo 7,4% de inflaci\u00f3n\u00bb.<\/p>\n\n\n\n<p><strong>A la espera de que bajen las tasas para empresas<\/strong><\/p>\n\n\n\n<p>En su \u00faltimo informe, Vitelli, de llegada directa con el presidente Javier Milei, plantea que el costo de financiamiento va a caer. Se refiere a los pr\u00e9stamos para empresas.<\/p>\n\n\n\n<p>\u00abEl Banco Central Rep\u00fablica Argentina liber\u00f3 encajes y requisitos de liquidez, dando un paso muy importante en dotar de liquidez al mercado. Las tasas de plazo fijo de los principales bancos se ubican por debajo del 20% anual, y esto no tardar\u00e1 en llegar a las empresas con tasas activas mucho m\u00e1s bajas\u00bb, se\u00f1ala Vitelli.<\/p>\n\n\n\n<figure class=\"wp-block-image size-full\"><img loading=\"lazy\" decoding=\"async\" width=\"730\" height=\"365\" src=\"http:\/\/treslineasnoticias.com.ar\/wp-content\/uploads\/2026\/04\/tasasromano.webp\" alt=\"\" class=\"wp-image-24836\" srcset=\"https:\/\/treslineasnoticias.com.ar\/wp-content\/uploads\/2026\/04\/tasasromano.webp 730w, https:\/\/treslineasnoticias.com.ar\/wp-content\/uploads\/2026\/04\/tasasromano-300x150.webp 300w\" sizes=\"auto, (max-width: 730px) 100vw, 730px\" \/><\/figure>\n\n\n\n<p>El consultor recuerda que \u00abexisten dos instrumentos que rigen en cr\u00e9dito en los mercados, el cambio de cheque y las financiaciones de 180 y 360 d\u00edas\u00bb. \u00abNo hay financiamiento a m\u00e1s largo plazo, las empresas no tienen garant\u00edas suficientes o bien el flujo de fondos no las habilita a grandes desembolsos de financiamiento\u00bb, explica.<\/p>\n\n\n\n<p>En ese sentido, el analista asegura que \u00abesta baja de tasas les permitir\u00e1 a las empresas refinanciar las deudas existentes, incluyendo mayores plazos que le permitan una baja en la cuota a pagar mensualmente, lo que les permitir\u00e1 recuperar capital de trabajo\u00bb. \u00abSi las ventas acompa\u00f1an, tendremos una fuerte recuperaci\u00f3n de la actividad en los meses venideros\u00bb, asegur\u00f3.<\/p>\n\n\n\n<p><strong>Los pr\u00e9stamos personales caen hace 6 meses<\/strong><\/p>\n\n\n\n<p>En cambio, seg\u00fan datos de The First Capital Group, el stock de pr\u00e9stamos personales en marzo subi\u00f3 2,6%, contra una inflaci\u00f3n de 3,4%, lo que implic\u00f3 una baja en t\u00e9rminos reales. \u00abSe completan seis meses consecutivos de ca\u00edda en t\u00e9rminos reales de esta operatoria. Las causas de este freno las podemos analizar desde la perspectiva de la oferta y la demanda de cr\u00e9ditos\u00bb, se\u00f1ala la consultora<\/p>\n\n\n\n<p>La misma plantea que \u00abpor un lado la primera presenta mucha mayor cautela y ha restringido las propuestas al mercado y no se ha generalizado la baja de la tasa de inter\u00e9s\u00bb. \u00abPor el lado de la demanda, se observa una clientela menos proclive a tomar nuevas deudas ante la incertidumbre de los ingresos futuros y el alza de los servicios p\u00fablicos, el transporte y la energ\u00eda\u00bb, indica el estudio.<\/p>\n\n\n\n<figure class=\"wp-block-image size-large is-resized\"><img loading=\"lazy\" decoding=\"async\" width=\"1024\" height=\"681\" src=\"http:\/\/treslineasnoticias.com.ar\/wp-content\/uploads\/2026\/04\/328219_dsc_0554-1024x681.jpg\" alt=\"\" class=\"wp-image-24835\" style=\"width:813px;height:auto\" srcset=\"https:\/\/treslineasnoticias.com.ar\/wp-content\/uploads\/2026\/04\/328219_dsc_0554-1024x681.jpg 1024w, https:\/\/treslineasnoticias.com.ar\/wp-content\/uploads\/2026\/04\/328219_dsc_0554-300x199.jpg 300w, https:\/\/treslineasnoticias.com.ar\/wp-content\/uploads\/2026\/04\/328219_dsc_0554-768x511.jpg 768w, https:\/\/treslineasnoticias.com.ar\/wp-content\/uploads\/2026\/04\/328219_dsc_0554.jpg 1504w\" sizes=\"auto, (max-width: 1024px) 100vw, 1024px\" \/><\/figure>\n\n\n\n<p><strong>No sube la demanda de pesos<\/strong><\/p>\n\n\n\n<p>La ca\u00edda de las tasas de inter\u00e9s en el mercado financiero puede resultar en realidad una mala se\u00f1al: reflejar\u00eda una baja de la demanda de moneda en una econom\u00eda que est\u00e1 aletargada. Aunque mejora la oferta del Banco Central de moneda local, la demanda de cr\u00e9ditos en pesos cae.<\/p>\n\n\n\n<p>Si efectivamente el sector privado se estuviera recuperando, no tardar\u00eda en demandar cr\u00e9dito a tasas reales negativas, por lo que ser\u00eda el mismo sector privado el que le pondr\u00eda un piso a la tasa mediante la demanda para inversi\u00f3n o consumo. Pero lo que sucede es que, frente a la baja de la demanda de dinero y la actividad, los tenedores de pesos los colocan en t\u00edtulos que, consideran, rendir\u00e1n m\u00e1s que la devaluaci\u00f3n del d\u00f3lar, y con bajas expectativas de devaluaci\u00f3n, la tasa en pesos se acerca cada vez m\u00e1s al piso fijado por el BCRA<\/p>\n\n\n\n<p><strong>Familias endeudadas<\/strong><\/p>\n\n\n\n<p>Seg\u00fan un relevamiento de la consultora Focus Market, seis de cada diez familias registran actualmente alg\u00fan tipo de deuda, en un escenario donde tambi\u00e9n comenz\u00f3 a crecer la morosidad. El estudio, elaborado sobre una muestra de 2.670 viviendas junto con datos de la Encuesta Permanente de Hogares (EPH) y estad\u00edsticas del Banco Central de la Rep\u00fablica Argentina, estim\u00f3 que los hogares acumulan deudas por m\u00e1s de $39 billones. De ese total, $32,1 billones corresponden a deuda bancaria y $6,9 billones a deuda no bancaria.<\/p>\n","protected":false},"excerpt":{"rendered":"<p>A pesar de la ca\u00edda de las tasas de inter\u00e9s generales, los pr\u00e9stamos personales se mantienen estables en comparaci\u00f3n con 2022, afectando a familias endeudadas. Cuando los clientes de los bancos abren sus aplicaciones de celular para operar con sus cuentas o hacen lo propio desde sus computadoras a trav\u00e9s de home banking, es probable [&hellip;]<\/p>\n","protected":false},"author":3,"featured_media":24838,"comment_status":"open","ping_status":"open","sticky":false,"template":"","format":"standard","meta":{"_jetpack_memberships_contains_paid_content":false,"footnotes":""},"categories":[9],"tags":[],"class_list":["post-24834","post","type-post","status-publish","format-standard","has-post-thumbnail","hentry","category-nacionales"],"yoast_head":"<!-- This site is optimized with the Yoast SEO plugin v24.7 - https:\/\/yoast.com\/wordpress\/plugins\/seo\/ -->\n<title>Las tasas se desploman en el mercado, pero el costo de los pr\u00e9stamos personales sube en t\u00e9rminos reales - Tres Lineas Noticias<\/title>\n<meta name=\"robots\" content=\"index, follow, max-snippet:-1, max-image-preview:large, max-video-preview:-1\" \/>\n<link rel=\"canonical\" href=\"https:\/\/treslineasnoticias.com.ar\/?p=24834\" \/>\n<meta property=\"og:locale\" content=\"es_ES\" \/>\n<meta property=\"og:type\" content=\"article\" \/>\n<meta property=\"og:title\" content=\"Las tasas se desploman en el mercado, pero el costo de los pr\u00e9stamos personales sube en t\u00e9rminos reales - Tres Lineas Noticias\" \/>\n<meta property=\"og:description\" content=\"A pesar de la ca\u00edda de las tasas de inter\u00e9s generales, los pr\u00e9stamos personales se mantienen estables en comparaci\u00f3n con 2022, afectando a familias endeudadas. Cuando los clientes de los bancos abren sus aplicaciones de celular para operar con sus cuentas o hacen lo propio desde sus computadoras a trav\u00e9s de home banking, es probable [&hellip;]\" \/>\n<meta property=\"og:url\" content=\"https:\/\/treslineasnoticias.com.ar\/?p=24834\" \/>\n<meta property=\"og:site_name\" content=\"Tres Lineas Noticias\" \/>\n<meta property=\"article:published_time\" content=\"2026-04-27T20:40:00+00:00\" \/>\n<meta property=\"article:modified_time\" content=\"2026-04-28T13:56:34+00:00\" \/>\n<meta property=\"og:image\" content=\"http:\/\/treslineasnoticias.com.ar\/wp-content\/uploads\/2026\/04\/prestamo-personalpng.webp\" \/>\n\t<meta property=\"og:image:width\" content=\"1200\" \/>\n\t<meta property=\"og:image:height\" content=\"675\" \/>\n\t<meta property=\"og:image:type\" content=\"image\/webp\" \/>\n<meta name=\"author\" content=\"Horacio L\u00f3pez\" \/>\n<meta name=\"twitter:card\" content=\"summary_large_image\" \/>\n<meta name=\"twitter:label1\" content=\"Escrito por\" \/>\n\t<meta name=\"twitter:data1\" content=\"Horacio L\u00f3pez\" \/>\n\t<meta name=\"twitter:label2\" content=\"Tiempo de lectura\" \/>\n\t<meta name=\"twitter:data2\" content=\"5 minutos\" \/>\n<script type=\"application\/ld+json\" class=\"yoast-schema-graph\">{\"@context\":\"https:\/\/schema.org\",\"@graph\":[{\"@type\":\"WebPage\",\"@id\":\"https:\/\/treslineasnoticias.com.ar\/?p=24834\",\"url\":\"https:\/\/treslineasnoticias.com.ar\/?p=24834\",\"name\":\"Las tasas se desploman en el mercado, pero el costo de los pr\u00e9stamos personales sube en t\u00e9rminos reales - Tres Lineas Noticias\",\"isPartOf\":{\"@id\":\"https:\/\/treslineasnoticias.com.ar\/#website\"},\"primaryImageOfPage\":{\"@id\":\"https:\/\/treslineasnoticias.com.ar\/?p=24834#primaryimage\"},\"image\":{\"@id\":\"https:\/\/treslineasnoticias.com.ar\/?p=24834#primaryimage\"},\"thumbnailUrl\":\"https:\/\/treslineasnoticias.com.ar\/wp-content\/uploads\/2026\/04\/prestamo-personalpng.webp\",\"datePublished\":\"2026-04-27T20:40:00+00:00\",\"dateModified\":\"2026-04-28T13:56:34+00:00\",\"author\":{\"@id\":\"https:\/\/treslineasnoticias.com.ar\/#\/schema\/person\/c5f7249e50517b84c2379b145ca14895\"},\"breadcrumb\":{\"@id\":\"https:\/\/treslineasnoticias.com.ar\/?p=24834#breadcrumb\"},\"inLanguage\":\"es\",\"potentialAction\":[{\"@type\":\"ReadAction\",\"target\":[\"https:\/\/treslineasnoticias.com.ar\/?p=24834\"]}]},{\"@type\":\"ImageObject\",\"inLanguage\":\"es\",\"@id\":\"https:\/\/treslineasnoticias.com.ar\/?p=24834#primaryimage\",\"url\":\"https:\/\/treslineasnoticias.com.ar\/wp-content\/uploads\/2026\/04\/prestamo-personalpng.webp\",\"contentUrl\":\"https:\/\/treslineasnoticias.com.ar\/wp-content\/uploads\/2026\/04\/prestamo-personalpng.webp\",\"width\":1200,\"height\":675},{\"@type\":\"BreadcrumbList\",\"@id\":\"https:\/\/treslineasnoticias.com.ar\/?p=24834#breadcrumb\",\"itemListElement\":[{\"@type\":\"ListItem\",\"position\":1,\"name\":\"Portada\",\"item\":\"https:\/\/treslineasnoticias.com.ar\/\"},{\"@type\":\"ListItem\",\"position\":2,\"name\":\"Las tasas se desploman en el mercado, pero el costo de los pr\u00e9stamos personales sube en t\u00e9rminos reales\"}]},{\"@type\":\"WebSite\",\"@id\":\"https:\/\/treslineasnoticias.com.ar\/#website\",\"url\":\"https:\/\/treslineasnoticias.com.ar\/\",\"name\":\"Tres Lineas Noticias\",\"description\":\"\",\"potentialAction\":[{\"@type\":\"SearchAction\",\"target\":{\"@type\":\"EntryPoint\",\"urlTemplate\":\"https:\/\/treslineasnoticias.com.ar\/?s={search_term_string}\"},\"query-input\":{\"@type\":\"PropertyValueSpecification\",\"valueRequired\":true,\"valueName\":\"search_term_string\"}}],\"inLanguage\":\"es\"},{\"@type\":\"Person\",\"@id\":\"https:\/\/treslineasnoticias.com.ar\/#\/schema\/person\/c5f7249e50517b84c2379b145ca14895\",\"name\":\"Horacio L\u00f3pez\",\"image\":{\"@type\":\"ImageObject\",\"inLanguage\":\"es\",\"@id\":\"https:\/\/treslineasnoticias.com.ar\/#\/schema\/person\/image\/\",\"url\":\"https:\/\/treslineasnoticias.com.ar\/wp-content\/litespeed\/avatar\/ddbec442f0224f940ce000570a0cb216.jpg?ver=1777068930\",\"contentUrl\":\"https:\/\/treslineasnoticias.com.ar\/wp-content\/litespeed\/avatar\/ddbec442f0224f940ce000570a0cb216.jpg?ver=1777068930\",\"caption\":\"Horacio L\u00f3pez\"},\"sameAs\":[\"http:\/\/treslineasnoticias.com.ar\"],\"url\":\"https:\/\/treslineasnoticias.com.ar\/?author=3\"}]}<\/script>\n<!-- \/ Yoast SEO plugin. -->","yoast_head_json":{"title":"Las tasas se desploman en el mercado, pero el costo de los pr\u00e9stamos personales sube en t\u00e9rminos reales - Tres Lineas Noticias","robots":{"index":"index","follow":"follow","max-snippet":"max-snippet:-1","max-image-preview":"max-image-preview:large","max-video-preview":"max-video-preview:-1"},"canonical":"https:\/\/treslineasnoticias.com.ar\/?p=24834","og_locale":"es_ES","og_type":"article","og_title":"Las tasas se desploman en el mercado, pero el costo de los pr\u00e9stamos personales sube en t\u00e9rminos reales - Tres Lineas Noticias","og_description":"A pesar de la ca\u00edda de las tasas de inter\u00e9s generales, los pr\u00e9stamos personales se mantienen estables en comparaci\u00f3n con 2022, afectando a familias endeudadas. Cuando los clientes de los bancos abren sus aplicaciones de celular para operar con sus cuentas o hacen lo propio desde sus computadoras a trav\u00e9s de home banking, es probable [&hellip;]","og_url":"https:\/\/treslineasnoticias.com.ar\/?p=24834","og_site_name":"Tres Lineas Noticias","article_published_time":"2026-04-27T20:40:00+00:00","article_modified_time":"2026-04-28T13:56:34+00:00","og_image":[{"width":1200,"height":675,"url":"http:\/\/treslineasnoticias.com.ar\/wp-content\/uploads\/2026\/04\/prestamo-personalpng.webp","type":"image\/webp"}],"author":"Horacio L\u00f3pez","twitter_card":"summary_large_image","twitter_misc":{"Escrito por":"Horacio L\u00f3pez","Tiempo de lectura":"5 minutos"},"schema":{"@context":"https:\/\/schema.org","@graph":[{"@type":"WebPage","@id":"https:\/\/treslineasnoticias.com.ar\/?p=24834","url":"https:\/\/treslineasnoticias.com.ar\/?p=24834","name":"Las tasas se desploman en el mercado, pero el costo de los pr\u00e9stamos personales sube en t\u00e9rminos reales - Tres Lineas Noticias","isPartOf":{"@id":"https:\/\/treslineasnoticias.com.ar\/#website"},"primaryImageOfPage":{"@id":"https:\/\/treslineasnoticias.com.ar\/?p=24834#primaryimage"},"image":{"@id":"https:\/\/treslineasnoticias.com.ar\/?p=24834#primaryimage"},"thumbnailUrl":"https:\/\/treslineasnoticias.com.ar\/wp-content\/uploads\/2026\/04\/prestamo-personalpng.webp","datePublished":"2026-04-27T20:40:00+00:00","dateModified":"2026-04-28T13:56:34+00:00","author":{"@id":"https:\/\/treslineasnoticias.com.ar\/#\/schema\/person\/c5f7249e50517b84c2379b145ca14895"},"breadcrumb":{"@id":"https:\/\/treslineasnoticias.com.ar\/?p=24834#breadcrumb"},"inLanguage":"es","potentialAction":[{"@type":"ReadAction","target":["https:\/\/treslineasnoticias.com.ar\/?p=24834"]}]},{"@type":"ImageObject","inLanguage":"es","@id":"https:\/\/treslineasnoticias.com.ar\/?p=24834#primaryimage","url":"https:\/\/treslineasnoticias.com.ar\/wp-content\/uploads\/2026\/04\/prestamo-personalpng.webp","contentUrl":"https:\/\/treslineasnoticias.com.ar\/wp-content\/uploads\/2026\/04\/prestamo-personalpng.webp","width":1200,"height":675},{"@type":"BreadcrumbList","@id":"https:\/\/treslineasnoticias.com.ar\/?p=24834#breadcrumb","itemListElement":[{"@type":"ListItem","position":1,"name":"Portada","item":"https:\/\/treslineasnoticias.com.ar\/"},{"@type":"ListItem","position":2,"name":"Las tasas se desploman en el mercado, pero el costo de los pr\u00e9stamos personales sube en t\u00e9rminos reales"}]},{"@type":"WebSite","@id":"https:\/\/treslineasnoticias.com.ar\/#website","url":"https:\/\/treslineasnoticias.com.ar\/","name":"Tres Lineas Noticias","description":"","potentialAction":[{"@type":"SearchAction","target":{"@type":"EntryPoint","urlTemplate":"https:\/\/treslineasnoticias.com.ar\/?s={search_term_string}"},"query-input":{"@type":"PropertyValueSpecification","valueRequired":true,"valueName":"search_term_string"}}],"inLanguage":"es"},{"@type":"Person","@id":"https:\/\/treslineasnoticias.com.ar\/#\/schema\/person\/c5f7249e50517b84c2379b145ca14895","name":"Horacio L\u00f3pez","image":{"@type":"ImageObject","inLanguage":"es","@id":"https:\/\/treslineasnoticias.com.ar\/#\/schema\/person\/image\/","url":"https:\/\/treslineasnoticias.com.ar\/wp-content\/litespeed\/avatar\/ddbec442f0224f940ce000570a0cb216.jpg?ver=1777068930","contentUrl":"https:\/\/treslineasnoticias.com.ar\/wp-content\/litespeed\/avatar\/ddbec442f0224f940ce000570a0cb216.jpg?ver=1777068930","caption":"Horacio L\u00f3pez"},"sameAs":["http:\/\/treslineasnoticias.com.ar"],"url":"https:\/\/treslineasnoticias.com.ar\/?author=3"}]}},"jetpack_featured_media_url":"https:\/\/treslineasnoticias.com.ar\/wp-content\/uploads\/2026\/04\/prestamo-personalpng.webp","jetpack_sharing_enabled":true,"_links":{"self":[{"href":"https:\/\/treslineasnoticias.com.ar\/index.php?rest_route=\/wp\/v2\/posts\/24834","targetHints":{"allow":["GET"]}}],"collection":[{"href":"https:\/\/treslineasnoticias.com.ar\/index.php?rest_route=\/wp\/v2\/posts"}],"about":[{"href":"https:\/\/treslineasnoticias.com.ar\/index.php?rest_route=\/wp\/v2\/types\/post"}],"author":[{"embeddable":true,"href":"https:\/\/treslineasnoticias.com.ar\/index.php?rest_route=\/wp\/v2\/users\/3"}],"replies":[{"embeddable":true,"href":"https:\/\/treslineasnoticias.com.ar\/index.php?rest_route=%2Fwp%2Fv2%2Fcomments&post=24834"}],"version-history":[{"count":1,"href":"https:\/\/treslineasnoticias.com.ar\/index.php?rest_route=\/wp\/v2\/posts\/24834\/revisions"}],"predecessor-version":[{"id":24839,"href":"https:\/\/treslineasnoticias.com.ar\/index.php?rest_route=\/wp\/v2\/posts\/24834\/revisions\/24839"}],"wp:featuredmedia":[{"embeddable":true,"href":"https:\/\/treslineasnoticias.com.ar\/index.php?rest_route=\/wp\/v2\/media\/24838"}],"wp:attachment":[{"href":"https:\/\/treslineasnoticias.com.ar\/index.php?rest_route=%2Fwp%2Fv2%2Fmedia&parent=24834"}],"wp:term":[{"taxonomy":"category","embeddable":true,"href":"https:\/\/treslineasnoticias.com.ar\/index.php?rest_route=%2Fwp%2Fv2%2Fcategories&post=24834"},{"taxonomy":"post_tag","embeddable":true,"href":"https:\/\/treslineasnoticias.com.ar\/index.php?rest_route=%2Fwp%2Fv2%2Ftags&post=24834"}],"curies":[{"name":"wp","href":"https:\/\/api.w.org\/{rel}","templated":true}]}}