{"id":24847,"date":"2026-04-28T11:00:00","date_gmt":"2026-04-28T14:00:00","guid":{"rendered":"https:\/\/treslineasnoticias.com.ar\/?p=24847"},"modified":"2026-04-28T15:11:18","modified_gmt":"2026-04-28T18:11:18","slug":"sin-verdes-no-hay-paraiso","status":"publish","type":"post","link":"https:\/\/treslineasnoticias.com.ar\/?p=24847","title":{"rendered":"Sin verdes no hay para\u00edso"},"content":{"rendered":"\n<p><strong><em>En un a\u00f1o sin cepo, los ahorristas se compraron un Banco Central: casi u$s 45.000 millones. La cifra es similar a las reservas brutas. El furor por el d\u00f3lar sigui\u00f3 firme tras las elecciones y presiona sobre las cuentas externas<\/em><\/strong>.<\/p>\n\n\n\n<p>A un a\u00f1o del fin del cepo al d\u00f3lar, ahorristas compraron u$s 44.718 millones, una cifra que equivale al stock de reservas brutas del BCRA. El dato oficial expone la magnitud de la dolarizaci\u00f3n minorista y su peso sobre el frente cambiario tras la apertura dispuesta por Javier Milei y Toto Caputo.<\/p>\n\n\n\n<p>El flujo refleja una fuerte dolarizaci\u00f3n minorista, con impacto en la cuenta corriente y financiera. En marzo, la demanda de billetes volvi\u00f3 a ser fuerte, aunque el d\u00f3lar baj\u00f3 por el buen volumen de oferta.<\/p>\n\n\n\n<p>Pese al carry trade que permite la estabilidad cambiaria, el comportamiento de las personas se mantiene firme, equiparando el nivel de reservas del Banco Central logr\u00f3 acumular en lo que va del a\u00f1o.<\/p>\n\n\n\n<p>En el caso de las empresas se mantiene con restricciones, aunque se flexibiliz\u00f3 a un \u00abcepo light\u00bb recientemente. Las empresas acceden al Mercado Libre de Cambios para importaciones, pero con plazos y condiciones. El giro de dividendos generados desde 2025 est\u00e1 permitido, mientras que los anteriores siguen inmovilizados. Existen flexibilizaciones en el pago de deuda comercial y financiera.<\/p>\n\n\n\n<p><strong>Un a\u00f1o sin cepo: la magnitud de la dolarizaci\u00f3n<\/strong><\/p>\n\n\n\n<p>El 14 de abril de 2025 marc\u00f3 el fin de las restricciones cambiarias para individuos. Desde entonces y hasta marzo de 2026, las personas humanas compraron u$s 44.718 millones.<\/p>\n\n\n\n<p>El c\u00e1lculo surge de combinar los datos oficiales: u$s 36.550 millones operados entre abril y diciembre de 2025 (tras la apertura), y u$s 8168 millones acumulados en el primer trimestre de 2026.<\/p>\n\n\n\n<figure class=\"wp-block-image size-large is-resized\"><img loading=\"lazy\" decoding=\"async\" width=\"1024\" height=\"657\" src=\"http:\/\/treslineasnoticias.com.ar\/wp-content\/uploads\/2026\/04\/4G7VYZUKVJANXGAOUYZDFON3XM-1024x657.jpg\" alt=\"\" class=\"wp-image-24848\" style=\"width:818px;height:auto\" srcset=\"https:\/\/treslineasnoticias.com.ar\/wp-content\/uploads\/2026\/04\/4G7VYZUKVJANXGAOUYZDFON3XM-1024x657.jpg 1024w, https:\/\/treslineasnoticias.com.ar\/wp-content\/uploads\/2026\/04\/4G7VYZUKVJANXGAOUYZDFON3XM-300x192.jpg 300w, https:\/\/treslineasnoticias.com.ar\/wp-content\/uploads\/2026\/04\/4G7VYZUKVJANXGAOUYZDFON3XM-768x493.jpg 768w, https:\/\/treslineasnoticias.com.ar\/wp-content\/uploads\/2026\/04\/4G7VYZUKVJANXGAOUYZDFON3XM-1536x985.jpg 1536w, https:\/\/treslineasnoticias.com.ar\/wp-content\/uploads\/2026\/04\/4G7VYZUKVJANXGAOUYZDFON3XM-2048x1314.jpg 2048w\" sizes=\"auto, (max-width: 1024px) 100vw, 1024px\" \/><\/figure>\n\n\n\n<p>El dato ubica a la demanda minorista en niveles similares a la capacidad de compra de divisas del Banco Central en 2026, que acumula u$s 46.088 millones, lo que refleja la magnitud del fen\u00f3meno.<\/p>\n\n\n\n<p id=\"p-1777324544441-23993\">Seg\u00fan el informe Evoluci\u00f3n del Mercado de Cambios y Balance Cambiario de marzo de 2026 del Banco Central, alrededor del 65% de esas compras correspondieron a atesoramiento, aunque tambi\u00e9n se incluyen consumos con tarjeta, pagos de servicios, transferencias al exterior, y operaciones de arbitraje (MEP\/CCL) que volvieron al mercado oficial tras a\u00f1os de exclusi\u00f3n.<\/p>\n\n\n\n<p><strong>Marzo: m\u00e1s demanda minorista y menor d\u00e9ficit externo<\/strong><\/p>\n\n\n\n<p id=\"p-1777323936277-99446\">En paralelo, el Banco Central inform\u00f3 que el d\u00e9ficit de la cuenta corriente cambiaria se redujo a u$s 88 millones, el nivel m\u00e1s bajo desde el super\u00e1vit de septiembre de 2025, cuando el agro hab\u00eda aportado un ingreso extraordinario de divisas.<\/p>\n\n\n\n<p id=\"p-1777323936277-29307\">Este resultado se dio en un contexto en el que la liquidaci\u00f3n del sector agroexportador fue clave: aport\u00f3 u$s 2166 millones netos en el mercado de cambios.<\/p>\n\n\n\n<p>Sin embargo, la voracidad del sector minorista compens\u00f3 ese ingreso. En marzo, las personas humanas realizaron compras netas por u$s 2470 millones. De ese total, u$s 1300 millones se destinaron a gastos corrientes (tarjetas y turismo), mientras que u$s 700 millones quedaron dentro del sistema local o como activos externos.<\/p>\n\n\n\n<figure class=\"wp-block-image size-large is-resized\"><img loading=\"lazy\" decoding=\"async\" width=\"1024\" height=\"573\" src=\"http:\/\/treslineasnoticias.com.ar\/wp-content\/uploads\/2026\/04\/la-cuenta-servicios-del-balance-cambiario-registra-los-pagos-en-dolares-que-se-realizan-con-tarjetas-1024x573.jpg\" alt=\"\" class=\"wp-image-24851\" style=\"width:806px;height:auto\" srcset=\"https:\/\/treslineasnoticias.com.ar\/wp-content\/uploads\/2026\/04\/la-cuenta-servicios-del-balance-cambiario-registra-los-pagos-en-dolares-que-se-realizan-con-tarjetas-1024x573.jpg 1024w, https:\/\/treslineasnoticias.com.ar\/wp-content\/uploads\/2026\/04\/la-cuenta-servicios-del-balance-cambiario-registra-los-pagos-en-dolares-que-se-realizan-con-tarjetas-300x168.jpg 300w, https:\/\/treslineasnoticias.com.ar\/wp-content\/uploads\/2026\/04\/la-cuenta-servicios-del-balance-cambiario-registra-los-pagos-en-dolares-que-se-realizan-con-tarjetas-768x430.jpg 768w, https:\/\/treslineasnoticias.com.ar\/wp-content\/uploads\/2026\/04\/la-cuenta-servicios-del-balance-cambiario-registra-los-pagos-en-dolares-que-se-realizan-con-tarjetas.jpg 1440w\" sizes=\"auto, (max-width: 1024px) 100vw, 1024px\" \/><\/figure>\n\n\n\n<p><strong>Cuenta corriente y financiera: c\u00f3mo se explican los flujos<\/strong><\/p>\n\n\n\n<p id=\"p-1777323936277-4338\">El balance cambiario distingue dos grandes componentes: la cuenta corriente, que refleja los d\u00f3lares que ingresan por exportaciones y los que se pagan al exterior por importaciones, servicios y turismo; y la cuenta financiera, que incluye movimientos de deuda, inversiones y formaci\u00f3n de activos externos.<\/p>\n\n\n\n<p>En marzo, la cuenta financiera registr\u00f3 un d\u00e9ficit de u$s 2255 millones, seg\u00fan Max Capital, explicado por salidas del sector p\u00fablico y privado financiero, parcialmente compensadas por ingresos del sector privado no financiero.<\/p>\n\n\n\n<p>Dentro de ese esquema, la dolarizaci\u00f3n de personas f\u00edsicas volvi\u00f3 a destacarse. S\u00f3lo en ese mes sumaron cerca de u$s 1897 millones destinados al atesoramiento.<\/p>\n\n\n\n<p><strong>El rol del agro y los flujos financieros<\/strong><\/p>\n\n\n\n<p id=\"p-1777330050403-58878\">El desempe\u00f1o del mercado cambiario mostr\u00f3 dos din\u00e1micas distintas entre marzo y abril. En marzo, la oferta de divisas estuvo liderada casi exclusivamente por el agro; en abril, adem\u00e1s del campo \u2014que increment\u00f3 su liquidaci\u00f3n a unos u$s 141 millones diarios\u2014 comenzaron a aparecer otros oferentes.<\/p>\n\n\n\n<p id=\"p-1777323936277-99161\">Seg\u00fan estimaciones privadas, este cambio se explica por el ingreso de d\u00f3lares vinculados a emisiones de deuda corporativa, que deben liquidarse antes del pago de intereses.<\/p>\n\n\n\n<figure class=\"wp-block-image size-full is-resized\"><img loading=\"lazy\" decoding=\"async\" width=\"1024\" height=\"576\" src=\"http:\/\/treslineasnoticias.com.ar\/wp-content\/uploads\/2026\/04\/El-Agro-en-la-Argentina-cover-edit-opt-1024x576-1.jpg\" alt=\"\" class=\"wp-image-24849\" style=\"width:812px;height:auto\" srcset=\"https:\/\/treslineasnoticias.com.ar\/wp-content\/uploads\/2026\/04\/El-Agro-en-la-Argentina-cover-edit-opt-1024x576-1.jpg 1024w, https:\/\/treslineasnoticias.com.ar\/wp-content\/uploads\/2026\/04\/El-Agro-en-la-Argentina-cover-edit-opt-1024x576-1-300x169.jpg 300w, https:\/\/treslineasnoticias.com.ar\/wp-content\/uploads\/2026\/04\/El-Agro-en-la-Argentina-cover-edit-opt-1024x576-1-768x432.jpg 768w\" sizes=\"auto, (max-width: 1024px) 100vw, 1024px\" \/><\/figure>\n\n\n\n<p><strong>Debate econ\u00f3mico: dolarizaci\u00f3n persistente<\/strong><\/p>\n\n\n\n<p>A pesar de que el d\u00f3lar MEP apenas subi\u00f3 un 5,9% en el \u00faltimo a\u00f1o \u2014perdiendo largamente contra la inflaci\u00f3n y las tasas en pesos\u2014, analistas coinciden en que la dolarizaci\u00f3n minorista es un \u00abrasgo estructural\u00bb dif\u00edcil de quebrar.<\/p>\n\n\n\n<p>\u00abEl argentino medio va a seguir as\u00ed; es un comportamiento estructural que va a llevar mucho tiempo cambiar. Se tiene que armar un c\u00edrculo de confianza para que la gente deje de comprar d\u00f3lares\u00bb, se\u00f1al\u00f3 el director de Criteria, Gabriel Vidal, en una charla con periodistas respecto de la dolarizaci\u00f3n.<\/p>\n\n\n\n<p><strong>Un mercado a\u00fan tensionado<\/strong><\/p>\n\n\n\n<p>Los informes privados coinciden en que el equilibrio cambiario sigue siendo fr\u00e1gil. LCG indic\u00f3 que la cuenta financiera volvi\u00f3 a mostrar d\u00e9ficit en marzo, impulsado por la formaci\u00f3n de activos externos y la demanda de divisas del sector privado.<\/p>\n\n\n\n<p>Hacia adelante, los analistas advierten una menor oferta del agro en la segunda mitad del a\u00f1o, y posibles cambios en el financiamiento externo por el contexto internacional.<\/p>\n\n\n\n<p>En ese escenario, la din\u00e1mica de dolarizaci\u00f3n de los ahorristas se mantiene como uno de los principales determinantes del mercado cambiario tras el fin del cepo.<\/p>\n","protected":false},"excerpt":{"rendered":"<p>En un a\u00f1o sin cepo, los ahorristas se compraron un Banco Central: casi u$s 45.000 millones. La cifra es similar a las reservas brutas. El furor por el d\u00f3lar sigui\u00f3 firme tras las elecciones y presiona sobre las cuentas externas. A un a\u00f1o del fin del cepo al d\u00f3lar, ahorristas compraron u$s 44.718 millones, una [&hellip;]<\/p>\n","protected":false},"author":3,"featured_media":24850,"comment_status":"open","ping_status":"open","sticky":false,"template":"","format":"standard","meta":{"_jetpack_memberships_contains_paid_content":false,"footnotes":""},"categories":[9],"tags":[],"class_list":["post-24847","post","type-post","status-publish","format-standard","has-post-thumbnail","hentry","category-nacionales"],"yoast_head":"<!-- This site is optimized with the Yoast SEO plugin v24.7 - https:\/\/yoast.com\/wordpress\/plugins\/seo\/ -->\n<title>Sin verdes no hay para\u00edso - Tres Lineas Noticias<\/title>\n<meta name=\"robots\" content=\"index, follow, max-snippet:-1, max-image-preview:large, max-video-preview:-1\" \/>\n<link rel=\"canonical\" href=\"https:\/\/treslineasnoticias.com.ar\/?p=24847\" \/>\n<meta property=\"og:locale\" content=\"es_ES\" \/>\n<meta property=\"og:type\" content=\"article\" \/>\n<meta property=\"og:title\" content=\"Sin verdes no hay para\u00edso - Tres Lineas Noticias\" \/>\n<meta property=\"og:description\" content=\"En un a\u00f1o sin cepo, los ahorristas se compraron un Banco Central: casi u$s 45.000 millones. La cifra es similar a las reservas brutas. El furor por el d\u00f3lar sigui\u00f3 firme tras las elecciones y presiona sobre las cuentas externas. A un a\u00f1o del fin del cepo al d\u00f3lar, ahorristas compraron u$s 44.718 millones, una [&hellip;]\" \/>\n<meta property=\"og:url\" content=\"https:\/\/treslineasnoticias.com.ar\/?p=24847\" \/>\n<meta property=\"og:site_name\" content=\"Tres Lineas Noticias\" \/>\n<meta property=\"article:published_time\" content=\"2026-04-28T14:00:00+00:00\" \/>\n<meta property=\"article:modified_time\" content=\"2026-04-28T18:11:18+00:00\" \/>\n<meta property=\"og:image\" content=\"http:\/\/treslineasnoticias.com.ar\/wp-content\/uploads\/2026\/04\/dolares-1.webp\" \/>\n\t<meta property=\"og:image:width\" content=\"1200\" \/>\n\t<meta property=\"og:image:height\" content=\"675\" \/>\n\t<meta property=\"og:image:type\" content=\"image\/webp\" \/>\n<meta name=\"author\" content=\"Horacio L\u00f3pez\" \/>\n<meta name=\"twitter:card\" content=\"summary_large_image\" \/>\n<meta name=\"twitter:label1\" content=\"Escrito por\" \/>\n\t<meta name=\"twitter:data1\" content=\"Horacio L\u00f3pez\" \/>\n\t<meta name=\"twitter:label2\" content=\"Tiempo de lectura\" \/>\n\t<meta name=\"twitter:data2\" content=\"5 minutos\" \/>\n<script type=\"application\/ld+json\" class=\"yoast-schema-graph\">{\"@context\":\"https:\/\/schema.org\",\"@graph\":[{\"@type\":\"WebPage\",\"@id\":\"https:\/\/treslineasnoticias.com.ar\/?p=24847\",\"url\":\"https:\/\/treslineasnoticias.com.ar\/?p=24847\",\"name\":\"Sin verdes no hay para\u00edso - Tres Lineas Noticias\",\"isPartOf\":{\"@id\":\"https:\/\/treslineasnoticias.com.ar\/#website\"},\"primaryImageOfPage\":{\"@id\":\"https:\/\/treslineasnoticias.com.ar\/?p=24847#primaryimage\"},\"image\":{\"@id\":\"https:\/\/treslineasnoticias.com.ar\/?p=24847#primaryimage\"},\"thumbnailUrl\":\"https:\/\/treslineasnoticias.com.ar\/wp-content\/uploads\/2026\/04\/dolares-1.webp\",\"datePublished\":\"2026-04-28T14:00:00+00:00\",\"dateModified\":\"2026-04-28T18:11:18+00:00\",\"author\":{\"@id\":\"https:\/\/treslineasnoticias.com.ar\/#\/schema\/person\/c5f7249e50517b84c2379b145ca14895\"},\"breadcrumb\":{\"@id\":\"https:\/\/treslineasnoticias.com.ar\/?p=24847#breadcrumb\"},\"inLanguage\":\"es\",\"potentialAction\":[{\"@type\":\"ReadAction\",\"target\":[\"https:\/\/treslineasnoticias.com.ar\/?p=24847\"]}]},{\"@type\":\"ImageObject\",\"inLanguage\":\"es\",\"@id\":\"https:\/\/treslineasnoticias.com.ar\/?p=24847#primaryimage\",\"url\":\"https:\/\/treslineasnoticias.com.ar\/wp-content\/uploads\/2026\/04\/dolares-1.webp\",\"contentUrl\":\"https:\/\/treslineasnoticias.com.ar\/wp-content\/uploads\/2026\/04\/dolares-1.webp\",\"width\":1200,\"height\":675},{\"@type\":\"BreadcrumbList\",\"@id\":\"https:\/\/treslineasnoticias.com.ar\/?p=24847#breadcrumb\",\"itemListElement\":[{\"@type\":\"ListItem\",\"position\":1,\"name\":\"Portada\",\"item\":\"https:\/\/treslineasnoticias.com.ar\/\"},{\"@type\":\"ListItem\",\"position\":2,\"name\":\"Sin verdes no hay para\u00edso\"}]},{\"@type\":\"WebSite\",\"@id\":\"https:\/\/treslineasnoticias.com.ar\/#website\",\"url\":\"https:\/\/treslineasnoticias.com.ar\/\",\"name\":\"Tres Lineas Noticias\",\"description\":\"\",\"potentialAction\":[{\"@type\":\"SearchAction\",\"target\":{\"@type\":\"EntryPoint\",\"urlTemplate\":\"https:\/\/treslineasnoticias.com.ar\/?s={search_term_string}\"},\"query-input\":{\"@type\":\"PropertyValueSpecification\",\"valueRequired\":true,\"valueName\":\"search_term_string\"}}],\"inLanguage\":\"es\"},{\"@type\":\"Person\",\"@id\":\"https:\/\/treslineasnoticias.com.ar\/#\/schema\/person\/c5f7249e50517b84c2379b145ca14895\",\"name\":\"Horacio L\u00f3pez\",\"image\":{\"@type\":\"ImageObject\",\"inLanguage\":\"es\",\"@id\":\"https:\/\/treslineasnoticias.com.ar\/#\/schema\/person\/image\/\",\"url\":\"https:\/\/treslineasnoticias.com.ar\/wp-content\/litespeed\/avatar\/ddbec442f0224f940ce000570a0cb216.jpg?ver=1777068930\",\"contentUrl\":\"https:\/\/treslineasnoticias.com.ar\/wp-content\/litespeed\/avatar\/ddbec442f0224f940ce000570a0cb216.jpg?ver=1777068930\",\"caption\":\"Horacio L\u00f3pez\"},\"sameAs\":[\"http:\/\/treslineasnoticias.com.ar\"],\"url\":\"https:\/\/treslineasnoticias.com.ar\/?author=3\"}]}<\/script>\n<!-- \/ Yoast SEO plugin. -->","yoast_head_json":{"title":"Sin verdes no hay para\u00edso - Tres Lineas Noticias","robots":{"index":"index","follow":"follow","max-snippet":"max-snippet:-1","max-image-preview":"max-image-preview:large","max-video-preview":"max-video-preview:-1"},"canonical":"https:\/\/treslineasnoticias.com.ar\/?p=24847","og_locale":"es_ES","og_type":"article","og_title":"Sin verdes no hay para\u00edso - Tres Lineas Noticias","og_description":"En un a\u00f1o sin cepo, los ahorristas se compraron un Banco Central: casi u$s 45.000 millones. La cifra es similar a las reservas brutas. El furor por el d\u00f3lar sigui\u00f3 firme tras las elecciones y presiona sobre las cuentas externas. A un a\u00f1o del fin del cepo al d\u00f3lar, ahorristas compraron u$s 44.718 millones, una [&hellip;]","og_url":"https:\/\/treslineasnoticias.com.ar\/?p=24847","og_site_name":"Tres Lineas Noticias","article_published_time":"2026-04-28T14:00:00+00:00","article_modified_time":"2026-04-28T18:11:18+00:00","og_image":[{"width":1200,"height":675,"url":"http:\/\/treslineasnoticias.com.ar\/wp-content\/uploads\/2026\/04\/dolares-1.webp","type":"image\/webp"}],"author":"Horacio L\u00f3pez","twitter_card":"summary_large_image","twitter_misc":{"Escrito por":"Horacio L\u00f3pez","Tiempo de lectura":"5 minutos"},"schema":{"@context":"https:\/\/schema.org","@graph":[{"@type":"WebPage","@id":"https:\/\/treslineasnoticias.com.ar\/?p=24847","url":"https:\/\/treslineasnoticias.com.ar\/?p=24847","name":"Sin verdes no hay para\u00edso - Tres Lineas Noticias","isPartOf":{"@id":"https:\/\/treslineasnoticias.com.ar\/#website"},"primaryImageOfPage":{"@id":"https:\/\/treslineasnoticias.com.ar\/?p=24847#primaryimage"},"image":{"@id":"https:\/\/treslineasnoticias.com.ar\/?p=24847#primaryimage"},"thumbnailUrl":"https:\/\/treslineasnoticias.com.ar\/wp-content\/uploads\/2026\/04\/dolares-1.webp","datePublished":"2026-04-28T14:00:00+00:00","dateModified":"2026-04-28T18:11:18+00:00","author":{"@id":"https:\/\/treslineasnoticias.com.ar\/#\/schema\/person\/c5f7249e50517b84c2379b145ca14895"},"breadcrumb":{"@id":"https:\/\/treslineasnoticias.com.ar\/?p=24847#breadcrumb"},"inLanguage":"es","potentialAction":[{"@type":"ReadAction","target":["https:\/\/treslineasnoticias.com.ar\/?p=24847"]}]},{"@type":"ImageObject","inLanguage":"es","@id":"https:\/\/treslineasnoticias.com.ar\/?p=24847#primaryimage","url":"https:\/\/treslineasnoticias.com.ar\/wp-content\/uploads\/2026\/04\/dolares-1.webp","contentUrl":"https:\/\/treslineasnoticias.com.ar\/wp-content\/uploads\/2026\/04\/dolares-1.webp","width":1200,"height":675},{"@type":"BreadcrumbList","@id":"https:\/\/treslineasnoticias.com.ar\/?p=24847#breadcrumb","itemListElement":[{"@type":"ListItem","position":1,"name":"Portada","item":"https:\/\/treslineasnoticias.com.ar\/"},{"@type":"ListItem","position":2,"name":"Sin verdes no hay para\u00edso"}]},{"@type":"WebSite","@id":"https:\/\/treslineasnoticias.com.ar\/#website","url":"https:\/\/treslineasnoticias.com.ar\/","name":"Tres Lineas Noticias","description":"","potentialAction":[{"@type":"SearchAction","target":{"@type":"EntryPoint","urlTemplate":"https:\/\/treslineasnoticias.com.ar\/?s={search_term_string}"},"query-input":{"@type":"PropertyValueSpecification","valueRequired":true,"valueName":"search_term_string"}}],"inLanguage":"es"},{"@type":"Person","@id":"https:\/\/treslineasnoticias.com.ar\/#\/schema\/person\/c5f7249e50517b84c2379b145ca14895","name":"Horacio L\u00f3pez","image":{"@type":"ImageObject","inLanguage":"es","@id":"https:\/\/treslineasnoticias.com.ar\/#\/schema\/person\/image\/","url":"https:\/\/treslineasnoticias.com.ar\/wp-content\/litespeed\/avatar\/ddbec442f0224f940ce000570a0cb216.jpg?ver=1777068930","contentUrl":"https:\/\/treslineasnoticias.com.ar\/wp-content\/litespeed\/avatar\/ddbec442f0224f940ce000570a0cb216.jpg?ver=1777068930","caption":"Horacio L\u00f3pez"},"sameAs":["http:\/\/treslineasnoticias.com.ar"],"url":"https:\/\/treslineasnoticias.com.ar\/?author=3"}]}},"jetpack_featured_media_url":"https:\/\/treslineasnoticias.com.ar\/wp-content\/uploads\/2026\/04\/dolares-1.webp","jetpack_sharing_enabled":true,"_links":{"self":[{"href":"https:\/\/treslineasnoticias.com.ar\/index.php?rest_route=\/wp\/v2\/posts\/24847","targetHints":{"allow":["GET"]}}],"collection":[{"href":"https:\/\/treslineasnoticias.com.ar\/index.php?rest_route=\/wp\/v2\/posts"}],"about":[{"href":"https:\/\/treslineasnoticias.com.ar\/index.php?rest_route=\/wp\/v2\/types\/post"}],"author":[{"embeddable":true,"href":"https:\/\/treslineasnoticias.com.ar\/index.php?rest_route=\/wp\/v2\/users\/3"}],"replies":[{"embeddable":true,"href":"https:\/\/treslineasnoticias.com.ar\/index.php?rest_route=%2Fwp%2Fv2%2Fcomments&post=24847"}],"version-history":[{"count":1,"href":"https:\/\/treslineasnoticias.com.ar\/index.php?rest_route=\/wp\/v2\/posts\/24847\/revisions"}],"predecessor-version":[{"id":24852,"href":"https:\/\/treslineasnoticias.com.ar\/index.php?rest_route=\/wp\/v2\/posts\/24847\/revisions\/24852"}],"wp:featuredmedia":[{"embeddable":true,"href":"https:\/\/treslineasnoticias.com.ar\/index.php?rest_route=\/wp\/v2\/media\/24850"}],"wp:attachment":[{"href":"https:\/\/treslineasnoticias.com.ar\/index.php?rest_route=%2Fwp%2Fv2%2Fmedia&parent=24847"}],"wp:term":[{"taxonomy":"category","embeddable":true,"href":"https:\/\/treslineasnoticias.com.ar\/index.php?rest_route=%2Fwp%2Fv2%2Fcategories&post=24847"},{"taxonomy":"post_tag","embeddable":true,"href":"https:\/\/treslineasnoticias.com.ar\/index.php?rest_route=%2Fwp%2Fv2%2Ftags&post=24847"}],"curies":[{"name":"wp","href":"https:\/\/api.w.org\/{rel}","templated":true}]}}