{"id":24858,"date":"2026-04-28T19:50:00","date_gmt":"2026-04-28T22:50:00","guid":{"rendered":"https:\/\/treslineasnoticias.com.ar\/?p=24858"},"modified":"2026-04-29T10:20:24","modified_gmt":"2026-04-29T13:20:24","slug":"curso-basico-de-seguridad-vial","status":"publish","type":"post","link":"https:\/\/treslineasnoticias.com.ar\/?p=24858","title":{"rendered":"Curso b\u00e1sico de seguridad vial"},"content":{"rendered":"\n<p><strong><em>El jefe comunal -Andr\u00e9s Watson- dialog\u00f3 con participantes de la capacitaci\u00f3n te\u00f3rica obligatoria de manejo el martes en el Sal\u00f3n de Usos M\u00faltiples ubicado en Av. Calchaqu\u00ed esquina Sargento Cabral, Altamira.<\/em><\/strong><\/p>\n\n\n\n<p>El Alcalde destac\u00f3 \u201cla prevenci\u00f3n en seguridad vial mediante un curso que abord\u00f3 cuestiones indispensable para circular, conocimientos que en la pr\u00e1ctica fueron claves para salvar vidas y evitar la siniestralidad\u201d.<\/p>\n\n\n\n<figure class=\"wp-block-image size-large is-resized\"><img loading=\"lazy\" decoding=\"async\" width=\"1024\" height=\"683\" src=\"http:\/\/treslineasnoticias.com.ar\/wp-content\/uploads\/2026\/04\/c983eb52-2556-fc87-1519-e4ee002a796b-1024x683.jpg\" alt=\"\" class=\"wp-image-24861\" style=\"width:810px;height:auto\" srcset=\"https:\/\/treslineasnoticias.com.ar\/wp-content\/uploads\/2026\/04\/c983eb52-2556-fc87-1519-e4ee002a796b-1024x683.jpg 1024w, https:\/\/treslineasnoticias.com.ar\/wp-content\/uploads\/2026\/04\/c983eb52-2556-fc87-1519-e4ee002a796b-300x200.jpg 300w, https:\/\/treslineasnoticias.com.ar\/wp-content\/uploads\/2026\/04\/c983eb52-2556-fc87-1519-e4ee002a796b-768x512.jpg 768w, https:\/\/treslineasnoticias.com.ar\/wp-content\/uploads\/2026\/04\/c983eb52-2556-fc87-1519-e4ee002a796b-1536x1024.jpg 1536w, https:\/\/treslineasnoticias.com.ar\/wp-content\/uploads\/2026\/04\/c983eb52-2556-fc87-1519-e4ee002a796b-2048x1365.jpg 2048w\" sizes=\"auto, (max-width: 1024px) 100vw, 1024px\" \/><\/figure>\n\n\n\n<p>Posteriormente, la m\u00e1xima autoridad en el distrito resalt\u00f3 \u00abla implementaci\u00f3n de m\u00e1s programas con estas caracter\u00edsticas en todos los niveles educativos del partido, desde el inicial hasta la secundaria, con la premisa de despertar la conciencia ciudadana en las infancias y adolescencias\u00bb.<\/p>\n\n\n\n<p>Tras la clase, Alejandro Olmos reconoci\u00f3 a la iniciativa como \u201cmuy buena para aquellas personas que no ten\u00edamos saberes anteriores; brind\u00f3 conceptos a tener en cuenta\u201d. \u201cAprender a conducir me aseguraba una fuente de trabajo, por eso me anot\u00e9\u201d, declar\u00f3 el residente en San Jorge, quien tambi\u00e9n dese\u00f3 \u201csalir a pasear con mi familia en un auto\u201d.<\/p>\n\n\n\n<p>Federico Ledesma -frentista en La Sirena- valor\u00f3 \u201cla profundizaci\u00f3n en aspectos que quiz\u00e1s a veces dimos por sentado, pero no por eso fueron menos importantes: el uso del cintur\u00f3n, casco, no tomar alcohol previo a estar al volante\u201d.<\/p>\n\n\n\n<figure class=\"wp-block-image size-large is-resized\"><img loading=\"lazy\" decoding=\"async\" width=\"1024\" height=\"683\" src=\"http:\/\/treslineasnoticias.com.ar\/wp-content\/uploads\/2026\/04\/660078c6-7cf4-bd1e-8db5-028fd6eb5fb5-1024x683.jpg\" alt=\"\" class=\"wp-image-24860\" style=\"width:814px;height:auto\" srcset=\"https:\/\/treslineasnoticias.com.ar\/wp-content\/uploads\/2026\/04\/660078c6-7cf4-bd1e-8db5-028fd6eb5fb5-1024x683.jpg 1024w, https:\/\/treslineasnoticias.com.ar\/wp-content\/uploads\/2026\/04\/660078c6-7cf4-bd1e-8db5-028fd6eb5fb5-300x200.jpg 300w, https:\/\/treslineasnoticias.com.ar\/wp-content\/uploads\/2026\/04\/660078c6-7cf4-bd1e-8db5-028fd6eb5fb5-768x512.jpg 768w, https:\/\/treslineasnoticias.com.ar\/wp-content\/uploads\/2026\/04\/660078c6-7cf4-bd1e-8db5-028fd6eb5fb5-1536x1024.jpg 1536w, https:\/\/treslineasnoticias.com.ar\/wp-content\/uploads\/2026\/04\/660078c6-7cf4-bd1e-8db5-028fd6eb5fb5-2048x1365.jpg 2048w\" sizes=\"auto, (max-width: 1024px) 100vw, 1024px\" \/><\/figure>\n\n\n\n<p>De San Rudecindo lleg\u00f3 Jean Paul Schoenberger. El vecino confes\u00f3: \u201cYo de chico conoc\u00ed lo b\u00e1sico con mi pap\u00e1, pero nunca saqu\u00e9 el registro. As\u00ed que esto fue una gran oportunidad\u201d.<\/p>\n\n\n\n<p>La formaci\u00f3n fue ideada para quienes comenzaron las gestiones de obtenci\u00f3n de su licencia por primera vez en moto o auto; fue desarrollada de manera presencial y su objetivo fue detallar la Ley de Tr\u00e1nsito, se\u00f1ales, factores climatol\u00f3gicos y m\u00e1s puntos a considerar a la hora de utilizar un veh\u00edculo. Para sacar turno, llamar al 0800-999-1234.<\/p>\n\n\n\n<p>Estuvieron las subsecretarias de Seguridad Vial y Movilidad Urbana -Daniela Guerra- m\u00e1s de Prensa y Comunicaci\u00f3n, Noelia Pi\u00f1eiro.<\/p>\n","protected":false},"excerpt":{"rendered":"<p>El jefe comunal -Andr\u00e9s Watson- dialog\u00f3 con participantes de la capacitaci\u00f3n te\u00f3rica obligatoria de manejo el martes en el Sal\u00f3n de Usos M\u00faltiples ubicado en Av. Calchaqu\u00ed esquina Sargento Cabral, Altamira. El Alcalde destac\u00f3 \u201cla prevenci\u00f3n en seguridad vial mediante un curso que abord\u00f3 cuestiones indispensable para circular, conocimientos que en la pr\u00e1ctica fueron claves [&hellip;]<\/p>\n","protected":false},"author":3,"featured_media":24859,"comment_status":"open","ping_status":"open","sticky":false,"template":"","format":"standard","meta":{"_jetpack_memberships_contains_paid_content":false,"footnotes":""},"categories":[6],"tags":[],"class_list":["post-24858","post","type-post","status-publish","format-standard","has-post-thumbnail","hentry","category-florencio-varela"],"yoast_head":"<!-- This site is optimized with the Yoast SEO plugin v24.7 - https:\/\/yoast.com\/wordpress\/plugins\/seo\/ -->\n<title>Curso b\u00e1sico de seguridad vial - Tres Lineas Noticias<\/title>\n<meta name=\"robots\" content=\"index, follow, max-snippet:-1, max-image-preview:large, max-video-preview:-1\" \/>\n<link rel=\"canonical\" href=\"https:\/\/treslineasnoticias.com.ar\/?p=24858\" \/>\n<meta property=\"og:locale\" content=\"es_ES\" \/>\n<meta property=\"og:type\" content=\"article\" \/>\n<meta property=\"og:title\" content=\"Curso b\u00e1sico de seguridad vial - Tres Lineas Noticias\" \/>\n<meta property=\"og:description\" content=\"El jefe comunal -Andr\u00e9s Watson- dialog\u00f3 con participantes de la capacitaci\u00f3n te\u00f3rica obligatoria de manejo el martes en el Sal\u00f3n de Usos M\u00faltiples ubicado en Av. Calchaqu\u00ed esquina Sargento Cabral, Altamira. El Alcalde destac\u00f3 \u201cla prevenci\u00f3n en seguridad vial mediante un curso que abord\u00f3 cuestiones indispensable para circular, conocimientos que en la pr\u00e1ctica fueron claves [&hellip;]\" \/>\n<meta property=\"og:url\" content=\"https:\/\/treslineasnoticias.com.ar\/?p=24858\" \/>\n<meta property=\"og:site_name\" content=\"Tres Lineas Noticias\" \/>\n<meta property=\"article:published_time\" content=\"2026-04-28T22:50:00+00:00\" \/>\n<meta property=\"article:modified_time\" content=\"2026-04-29T13:20:24+00:00\" \/>\n<meta property=\"og:image\" content=\"http:\/\/treslineasnoticias.com.ar\/wp-content\/uploads\/2026\/04\/9a861ff8-2206-cb6f-1b73-133fdcfe02a5-scaled.jpg\" \/>\n\t<meta property=\"og:image:width\" content=\"2560\" \/>\n\t<meta property=\"og:image:height\" content=\"1706\" \/>\n\t<meta property=\"og:image:type\" content=\"image\/jpeg\" \/>\n<meta name=\"author\" content=\"Horacio L\u00f3pez\" \/>\n<meta name=\"twitter:card\" content=\"summary_large_image\" \/>\n<meta name=\"twitter:label1\" content=\"Escrito por\" \/>\n\t<meta name=\"twitter:data1\" content=\"Horacio L\u00f3pez\" \/>\n\t<meta name=\"twitter:label2\" content=\"Tiempo de lectura\" \/>\n\t<meta name=\"twitter:data2\" content=\"2 minutos\" \/>\n<script type=\"application\/ld+json\" class=\"yoast-schema-graph\">{\"@context\":\"https:\/\/schema.org\",\"@graph\":[{\"@type\":\"WebPage\",\"@id\":\"https:\/\/treslineasnoticias.com.ar\/?p=24858\",\"url\":\"https:\/\/treslineasnoticias.com.ar\/?p=24858\",\"name\":\"Curso b\u00e1sico de seguridad vial - Tres Lineas Noticias\",\"isPartOf\":{\"@id\":\"https:\/\/treslineasnoticias.com.ar\/#website\"},\"primaryImageOfPage\":{\"@id\":\"https:\/\/treslineasnoticias.com.ar\/?p=24858#primaryimage\"},\"image\":{\"@id\":\"https:\/\/treslineasnoticias.com.ar\/?p=24858#primaryimage\"},\"thumbnailUrl\":\"https:\/\/treslineasnoticias.com.ar\/wp-content\/uploads\/2026\/04\/9a861ff8-2206-cb6f-1b73-133fdcfe02a5-scaled.jpg\",\"datePublished\":\"2026-04-28T22:50:00+00:00\",\"dateModified\":\"2026-04-29T13:20:24+00:00\",\"author\":{\"@id\":\"https:\/\/treslineasnoticias.com.ar\/#\/schema\/person\/c5f7249e50517b84c2379b145ca14895\"},\"breadcrumb\":{\"@id\":\"https:\/\/treslineasnoticias.com.ar\/?p=24858#breadcrumb\"},\"inLanguage\":\"es\",\"potentialAction\":[{\"@type\":\"ReadAction\",\"target\":[\"https:\/\/treslineasnoticias.com.ar\/?p=24858\"]}]},{\"@type\":\"ImageObject\",\"inLanguage\":\"es\",\"@id\":\"https:\/\/treslineasnoticias.com.ar\/?p=24858#primaryimage\",\"url\":\"https:\/\/treslineasnoticias.com.ar\/wp-content\/uploads\/2026\/04\/9a861ff8-2206-cb6f-1b73-133fdcfe02a5-scaled.jpg\",\"contentUrl\":\"https:\/\/treslineasnoticias.com.ar\/wp-content\/uploads\/2026\/04\/9a861ff8-2206-cb6f-1b73-133fdcfe02a5-scaled.jpg\",\"width\":2560,\"height\":1706},{\"@type\":\"BreadcrumbList\",\"@id\":\"https:\/\/treslineasnoticias.com.ar\/?p=24858#breadcrumb\",\"itemListElement\":[{\"@type\":\"ListItem\",\"position\":1,\"name\":\"Portada\",\"item\":\"https:\/\/treslineasnoticias.com.ar\/\"},{\"@type\":\"ListItem\",\"position\":2,\"name\":\"Curso b\u00e1sico de seguridad vial\"}]},{\"@type\":\"WebSite\",\"@id\":\"https:\/\/treslineasnoticias.com.ar\/#website\",\"url\":\"https:\/\/treslineasnoticias.com.ar\/\",\"name\":\"Tres Lineas Noticias\",\"description\":\"\",\"potentialAction\":[{\"@type\":\"SearchAction\",\"target\":{\"@type\":\"EntryPoint\",\"urlTemplate\":\"https:\/\/treslineasnoticias.com.ar\/?s={search_term_string}\"},\"query-input\":{\"@type\":\"PropertyValueSpecification\",\"valueRequired\":true,\"valueName\":\"search_term_string\"}}],\"inLanguage\":\"es\"},{\"@type\":\"Person\",\"@id\":\"https:\/\/treslineasnoticias.com.ar\/#\/schema\/person\/c5f7249e50517b84c2379b145ca14895\",\"name\":\"Horacio L\u00f3pez\",\"image\":{\"@type\":\"ImageObject\",\"inLanguage\":\"es\",\"@id\":\"https:\/\/treslineasnoticias.com.ar\/#\/schema\/person\/image\/\",\"url\":\"https:\/\/treslineasnoticias.com.ar\/wp-content\/litespeed\/avatar\/ddbec442f0224f940ce000570a0cb216.jpg?ver=1777068930\",\"contentUrl\":\"https:\/\/treslineasnoticias.com.ar\/wp-content\/litespeed\/avatar\/ddbec442f0224f940ce000570a0cb216.jpg?ver=1777068930\",\"caption\":\"Horacio L\u00f3pez\"},\"sameAs\":[\"http:\/\/treslineasnoticias.com.ar\"],\"url\":\"https:\/\/treslineasnoticias.com.ar\/?author=3\"}]}<\/script>\n<!-- \/ Yoast SEO plugin. -->","yoast_head_json":{"title":"Curso b\u00e1sico de seguridad vial - Tres Lineas Noticias","robots":{"index":"index","follow":"follow","max-snippet":"max-snippet:-1","max-image-preview":"max-image-preview:large","max-video-preview":"max-video-preview:-1"},"canonical":"https:\/\/treslineasnoticias.com.ar\/?p=24858","og_locale":"es_ES","og_type":"article","og_title":"Curso b\u00e1sico de seguridad vial - Tres Lineas Noticias","og_description":"El jefe comunal -Andr\u00e9s Watson- dialog\u00f3 con participantes de la capacitaci\u00f3n te\u00f3rica obligatoria de manejo el martes en el Sal\u00f3n de Usos M\u00faltiples ubicado en Av. Calchaqu\u00ed esquina Sargento Cabral, Altamira. El Alcalde destac\u00f3 \u201cla prevenci\u00f3n en seguridad vial mediante un curso que abord\u00f3 cuestiones indispensable para circular, conocimientos que en la pr\u00e1ctica fueron claves [&hellip;]","og_url":"https:\/\/treslineasnoticias.com.ar\/?p=24858","og_site_name":"Tres Lineas Noticias","article_published_time":"2026-04-28T22:50:00+00:00","article_modified_time":"2026-04-29T13:20:24+00:00","og_image":[{"width":2560,"height":1706,"url":"http:\/\/treslineasnoticias.com.ar\/wp-content\/uploads\/2026\/04\/9a861ff8-2206-cb6f-1b73-133fdcfe02a5-scaled.jpg","type":"image\/jpeg"}],"author":"Horacio L\u00f3pez","twitter_card":"summary_large_image","twitter_misc":{"Escrito por":"Horacio L\u00f3pez","Tiempo de lectura":"2 minutos"},"schema":{"@context":"https:\/\/schema.org","@graph":[{"@type":"WebPage","@id":"https:\/\/treslineasnoticias.com.ar\/?p=24858","url":"https:\/\/treslineasnoticias.com.ar\/?p=24858","name":"Curso b\u00e1sico de seguridad vial - Tres Lineas Noticias","isPartOf":{"@id":"https:\/\/treslineasnoticias.com.ar\/#website"},"primaryImageOfPage":{"@id":"https:\/\/treslineasnoticias.com.ar\/?p=24858#primaryimage"},"image":{"@id":"https:\/\/treslineasnoticias.com.ar\/?p=24858#primaryimage"},"thumbnailUrl":"https:\/\/treslineasnoticias.com.ar\/wp-content\/uploads\/2026\/04\/9a861ff8-2206-cb6f-1b73-133fdcfe02a5-scaled.jpg","datePublished":"2026-04-28T22:50:00+00:00","dateModified":"2026-04-29T13:20:24+00:00","author":{"@id":"https:\/\/treslineasnoticias.com.ar\/#\/schema\/person\/c5f7249e50517b84c2379b145ca14895"},"breadcrumb":{"@id":"https:\/\/treslineasnoticias.com.ar\/?p=24858#breadcrumb"},"inLanguage":"es","potentialAction":[{"@type":"ReadAction","target":["https:\/\/treslineasnoticias.com.ar\/?p=24858"]}]},{"@type":"ImageObject","inLanguage":"es","@id":"https:\/\/treslineasnoticias.com.ar\/?p=24858#primaryimage","url":"https:\/\/treslineasnoticias.com.ar\/wp-content\/uploads\/2026\/04\/9a861ff8-2206-cb6f-1b73-133fdcfe02a5-scaled.jpg","contentUrl":"https:\/\/treslineasnoticias.com.ar\/wp-content\/uploads\/2026\/04\/9a861ff8-2206-cb6f-1b73-133fdcfe02a5-scaled.jpg","width":2560,"height":1706},{"@type":"BreadcrumbList","@id":"https:\/\/treslineasnoticias.com.ar\/?p=24858#breadcrumb","itemListElement":[{"@type":"ListItem","position":1,"name":"Portada","item":"https:\/\/treslineasnoticias.com.ar\/"},{"@type":"ListItem","position":2,"name":"Curso b\u00e1sico de seguridad vial"}]},{"@type":"WebSite","@id":"https:\/\/treslineasnoticias.com.ar\/#website","url":"https:\/\/treslineasnoticias.com.ar\/","name":"Tres Lineas Noticias","description":"","potentialAction":[{"@type":"SearchAction","target":{"@type":"EntryPoint","urlTemplate":"https:\/\/treslineasnoticias.com.ar\/?s={search_term_string}"},"query-input":{"@type":"PropertyValueSpecification","valueRequired":true,"valueName":"search_term_string"}}],"inLanguage":"es"},{"@type":"Person","@id":"https:\/\/treslineasnoticias.com.ar\/#\/schema\/person\/c5f7249e50517b84c2379b145ca14895","name":"Horacio L\u00f3pez","image":{"@type":"ImageObject","inLanguage":"es","@id":"https:\/\/treslineasnoticias.com.ar\/#\/schema\/person\/image\/","url":"https:\/\/treslineasnoticias.com.ar\/wp-content\/litespeed\/avatar\/ddbec442f0224f940ce000570a0cb216.jpg?ver=1777068930","contentUrl":"https:\/\/treslineasnoticias.com.ar\/wp-content\/litespeed\/avatar\/ddbec442f0224f940ce000570a0cb216.jpg?ver=1777068930","caption":"Horacio L\u00f3pez"},"sameAs":["http:\/\/treslineasnoticias.com.ar"],"url":"https:\/\/treslineasnoticias.com.ar\/?author=3"}]}},"jetpack_featured_media_url":"https:\/\/treslineasnoticias.com.ar\/wp-content\/uploads\/2026\/04\/9a861ff8-2206-cb6f-1b73-133fdcfe02a5-scaled.jpg","jetpack_sharing_enabled":true,"_links":{"self":[{"href":"https:\/\/treslineasnoticias.com.ar\/index.php?rest_route=\/wp\/v2\/posts\/24858","targetHints":{"allow":["GET"]}}],"collection":[{"href":"https:\/\/treslineasnoticias.com.ar\/index.php?rest_route=\/wp\/v2\/posts"}],"about":[{"href":"https:\/\/treslineasnoticias.com.ar\/index.php?rest_route=\/wp\/v2\/types\/post"}],"author":[{"embeddable":true,"href":"https:\/\/treslineasnoticias.com.ar\/index.php?rest_route=\/wp\/v2\/users\/3"}],"replies":[{"embeddable":true,"href":"https:\/\/treslineasnoticias.com.ar\/index.php?rest_route=%2Fwp%2Fv2%2Fcomments&post=24858"}],"version-history":[{"count":1,"href":"https:\/\/treslineasnoticias.com.ar\/index.php?rest_route=\/wp\/v2\/posts\/24858\/revisions"}],"predecessor-version":[{"id":24862,"href":"https:\/\/treslineasnoticias.com.ar\/index.php?rest_route=\/wp\/v2\/posts\/24858\/revisions\/24862"}],"wp:featuredmedia":[{"embeddable":true,"href":"https:\/\/treslineasnoticias.com.ar\/index.php?rest_route=\/wp\/v2\/media\/24859"}],"wp:attachment":[{"href":"https:\/\/treslineasnoticias.com.ar\/index.php?rest_route=%2Fwp%2Fv2%2Fmedia&parent=24858"}],"wp:term":[{"taxonomy":"category","embeddable":true,"href":"https:\/\/treslineasnoticias.com.ar\/index.php?rest_route=%2Fwp%2Fv2%2Fcategories&post=24858"},{"taxonomy":"post_tag","embeddable":true,"href":"https:\/\/treslineasnoticias.com.ar\/index.php?rest_route=%2Fwp%2Fv2%2Ftags&post=24858"}],"curies":[{"name":"wp","href":"https:\/\/api.w.org\/{rel}","templated":true}]}}