{"id":24863,"date":"2026-04-28T13:20:00","date_gmt":"2026-04-28T16:20:00","guid":{"rendered":"https:\/\/treslineasnoticias.com.ar\/?p=24863"},"modified":"2026-04-29T10:36:26","modified_gmt":"2026-04-29T13:36:26","slug":"el-municipio-inauguro-un-nuevo-ecopunto-en-el-paseo-aldo-severi-de-quilmes-centro","status":"publish","type":"post","link":"https:\/\/treslineasnoticias.com.ar\/?p=24863","title":{"rendered":"El Municipio inaugur\u00f3 un nuevo Ecopunto en el paseo Aldo Severi de Quilmes Centro"},"content":{"rendered":"\n<p><strong><em>El Municipio de Quilmes puso en funcionamiento este martes un nuevo Ecopunto, el 16\u00ba desde el inicio de la gesti\u00f3n de Mayra Mendoza, en el paseo Aldo Severi, ubicado en Guido y Lavalle, de Quilmes Centro, en un acto que cont\u00f3 con la participaci\u00f3n de la intendenta interina local, Eva Mieri, y estudiantes de las Escuelas Primarias N\u00ba 9 y N\u00ba 19.<\/em><\/strong><\/p>\n\n\n\n<p>\u201cQuer\u00eda decirles gracias por comprometerse, por venir, por aprender, por escuchar. Y les voy a pedir un favor: que vayan a casa y les ense\u00f1en a sus familias a cuidar nuestra casa com\u00fan; para que todo Quilmes, que es nuestra casa, desde que empieza hasta que termina, est\u00e9 linda, limpia, y que todos tengamos una conciencia del cuidado del ambiente\u201d, se\u00f1al\u00f3 Eva, que estuvo acompa\u00f1ada por el secretario de Ambiente y Gesti\u00f3n Integral de Residuos S\u00f3lidos Urbanos (GIRSU), Roberto Gaudio.<\/p>\n\n\n\n<figure class=\"wp-block-image size-large is-resized\"><img loading=\"lazy\" decoding=\"async\" width=\"1024\" height=\"683\" src=\"http:\/\/treslineasnoticias.com.ar\/wp-content\/uploads\/2026\/04\/2-1-1024x683.jpeg\" alt=\"\" class=\"wp-image-24864\" style=\"width:816px;height:auto\" srcset=\"https:\/\/treslineasnoticias.com.ar\/wp-content\/uploads\/2026\/04\/2-1-1024x683.jpeg 1024w, https:\/\/treslineasnoticias.com.ar\/wp-content\/uploads\/2026\/04\/2-1-300x200.jpeg 300w, https:\/\/treslineasnoticias.com.ar\/wp-content\/uploads\/2026\/04\/2-1-768x512.jpeg 768w, https:\/\/treslineasnoticias.com.ar\/wp-content\/uploads\/2026\/04\/2-1.jpeg 1080w\" sizes=\"auto, (max-width: 1024px) 100vw, 1024px\" \/><\/figure>\n\n\n\n<p>Por su parte, Gaudio asever\u00f3: \u201cEste Municipio no tiene la cuesti\u00f3n ambiental como algo discursivo, sino como una pol\u00edtica de Estado; hay muchas alternativas para separar residuos tanto para que vayan a los Ecopuntos o a cualquier ruta m\u00f3vil que nuestros cartoneros llevan adelante en los territorios. Tambi\u00e9n tenemos pol\u00edticas para sacar los voluminosos e insertarlos a la econom\u00eda circular. Tenemos una Comuna activa en ese sentido y es central el compromiso de cada vecino y vecina para esto\u201d.<\/p>\n\n\n\n<p>Este Ecopunto es el N\u00ba 16 instalado a lo largo y ancho del distrito desde que comenz\u00f3 la gesti\u00f3n de la intendenta Mayra Mendoza, y se realiz\u00f3 en una construcci\u00f3n ya existente de hormig\u00f3n, que se readecu\u00f3 para ese fin. Los mismos son espacios municipales donde se reciben y clasifican materiales reciclables limpios y secos, y cuentan con personal calificado que asesora a los vecinos y vecinas sobre la importancia de la separaci\u00f3n en origen y el reciclado.<\/p>\n\n\n\n<p>Los otros Ecopuntos fueron construidos con materiales sustentables provenientes del reciclado y poseen provisi\u00f3n de corriente el\u00e9ctrica mediante paneles solares y agua caliente mediante termotanque solar. Los materiales que se reciben en ellos son: papel cart\u00f3n; tetra brik; vidrio; pl\u00e1stico o metales.<\/p>\n\n\n\n<figure class=\"wp-block-image size-large is-resized\"><img loading=\"lazy\" decoding=\"async\" width=\"1024\" height=\"683\" src=\"http:\/\/treslineasnoticias.com.ar\/wp-content\/uploads\/2026\/04\/4-2-1024x683.jpeg\" alt=\"\" class=\"wp-image-24866\" style=\"width:816px;height:auto\" srcset=\"https:\/\/treslineasnoticias.com.ar\/wp-content\/uploads\/2026\/04\/4-2-1024x683.jpeg 1024w, https:\/\/treslineasnoticias.com.ar\/wp-content\/uploads\/2026\/04\/4-2-300x200.jpeg 300w, https:\/\/treslineasnoticias.com.ar\/wp-content\/uploads\/2026\/04\/4-2-768x512.jpeg 768w, https:\/\/treslineasnoticias.com.ar\/wp-content\/uploads\/2026\/04\/4-2.jpeg 1080w\" sizes=\"auto, (max-width: 1024px) 100vw, 1024px\" \/><\/figure>\n\n\n\n<p>Durante la actividad hubo espacio para la realizaci\u00f3n de un taller de reciclado, adem\u00e1s de un stand institucional destinado a la difusi\u00f3n de material informativo y a la entrega de bolsas reutilizables y plantines. A su vez, los ni\u00f1os y ni\u00f1as de las escuelas realizaron dibujos en vistas a un mural que se realizar\u00e1 en el lugar pr\u00f3ximamente, y llevaron elementos reciclables para dejar en el Ecopunto.<\/p>\n\n\n\n<p>Participaron de la actividad el secretario de Servicios P\u00fablicos, Sebasti\u00e1n Garc\u00eda; el subsecretario de Ambiente, Dar\u00edo Ortiz\u00e1; su par de Educaci\u00f3n, Florencia Sierra; la directora de Educaci\u00f3n Ambiental, Adriana L\u00f3pez Leiva, y sus pares de la planta municipal de separaci\u00f3n y clasificaci\u00f3n de residuos del Complejo Socio Ambiental Eco Parque Quilmes, Gast\u00f3n Franzo; de la Base Regional Quilmes Centro, Diego Indycki, y de Pol\u00edticas Socioculturales, Leandro Cepeda, entre otros funcionarios.<\/p>\n","protected":false},"excerpt":{"rendered":"<p>El Municipio de Quilmes puso en funcionamiento este martes un nuevo Ecopunto, el 16\u00ba desde el inicio de la gesti\u00f3n de Mayra Mendoza, en el paseo Aldo Severi, ubicado en Guido y Lavalle, de Quilmes Centro, en un acto que cont\u00f3 con la participaci\u00f3n de la intendenta interina local, Eva Mieri, y estudiantes de las [&hellip;]<\/p>\n","protected":false},"author":3,"featured_media":24865,"comment_status":"open","ping_status":"open","sticky":false,"template":"","format":"standard","meta":{"_jetpack_memberships_contains_paid_content":false,"footnotes":""},"categories":[5],"tags":[],"class_list":["post-24863","post","type-post","status-publish","format-standard","has-post-thumbnail","hentry","category-quilmes"],"yoast_head":"<!-- This site is optimized with the Yoast SEO plugin v24.7 - https:\/\/yoast.com\/wordpress\/plugins\/seo\/ -->\n<title>El Municipio inaugur\u00f3 un nuevo Ecopunto en el paseo Aldo Severi de Quilmes Centro - Tres Lineas Noticias<\/title>\n<meta name=\"robots\" content=\"index, follow, max-snippet:-1, max-image-preview:large, max-video-preview:-1\" \/>\n<link rel=\"canonical\" href=\"https:\/\/treslineasnoticias.com.ar\/?p=24863\" \/>\n<meta property=\"og:locale\" content=\"es_ES\" \/>\n<meta property=\"og:type\" content=\"article\" \/>\n<meta property=\"og:title\" content=\"El Municipio inaugur\u00f3 un nuevo Ecopunto en el paseo Aldo Severi de Quilmes Centro - Tres Lineas Noticias\" \/>\n<meta property=\"og:description\" content=\"El Municipio de Quilmes puso en funcionamiento este martes un nuevo Ecopunto, el 16\u00ba desde el inicio de la gesti\u00f3n de Mayra Mendoza, en el paseo Aldo Severi, ubicado en Guido y Lavalle, de Quilmes Centro, en un acto que cont\u00f3 con la participaci\u00f3n de la intendenta interina local, Eva Mieri, y estudiantes de las [&hellip;]\" \/>\n<meta property=\"og:url\" content=\"https:\/\/treslineasnoticias.com.ar\/?p=24863\" \/>\n<meta property=\"og:site_name\" content=\"Tres Lineas Noticias\" \/>\n<meta property=\"article:published_time\" content=\"2026-04-28T16:20:00+00:00\" \/>\n<meta property=\"article:modified_time\" content=\"2026-04-29T13:36:26+00:00\" \/>\n<meta property=\"og:image\" content=\"http:\/\/treslineasnoticias.com.ar\/wp-content\/uploads\/2026\/04\/1-1.jpeg\" \/>\n\t<meta property=\"og:image:width\" content=\"1080\" \/>\n\t<meta property=\"og:image:height\" content=\"720\" \/>\n\t<meta property=\"og:image:type\" content=\"image\/jpeg\" \/>\n<meta name=\"author\" content=\"Horacio L\u00f3pez\" \/>\n<meta name=\"twitter:card\" content=\"summary_large_image\" \/>\n<meta name=\"twitter:label1\" content=\"Escrito por\" \/>\n\t<meta name=\"twitter:data1\" content=\"Horacio L\u00f3pez\" \/>\n\t<meta name=\"twitter:label2\" content=\"Tiempo de lectura\" \/>\n\t<meta name=\"twitter:data2\" content=\"3 minutos\" \/>\n<script type=\"application\/ld+json\" class=\"yoast-schema-graph\">{\"@context\":\"https:\/\/schema.org\",\"@graph\":[{\"@type\":\"WebPage\",\"@id\":\"https:\/\/treslineasnoticias.com.ar\/?p=24863\",\"url\":\"https:\/\/treslineasnoticias.com.ar\/?p=24863\",\"name\":\"El Municipio inaugur\u00f3 un nuevo Ecopunto en el paseo Aldo Severi de Quilmes Centro - Tres Lineas Noticias\",\"isPartOf\":{\"@id\":\"https:\/\/treslineasnoticias.com.ar\/#website\"},\"primaryImageOfPage\":{\"@id\":\"https:\/\/treslineasnoticias.com.ar\/?p=24863#primaryimage\"},\"image\":{\"@id\":\"https:\/\/treslineasnoticias.com.ar\/?p=24863#primaryimage\"},\"thumbnailUrl\":\"https:\/\/treslineasnoticias.com.ar\/wp-content\/uploads\/2026\/04\/1-1.jpeg\",\"datePublished\":\"2026-04-28T16:20:00+00:00\",\"dateModified\":\"2026-04-29T13:36:26+00:00\",\"author\":{\"@id\":\"https:\/\/treslineasnoticias.com.ar\/#\/schema\/person\/c5f7249e50517b84c2379b145ca14895\"},\"breadcrumb\":{\"@id\":\"https:\/\/treslineasnoticias.com.ar\/?p=24863#breadcrumb\"},\"inLanguage\":\"es\",\"potentialAction\":[{\"@type\":\"ReadAction\",\"target\":[\"https:\/\/treslineasnoticias.com.ar\/?p=24863\"]}]},{\"@type\":\"ImageObject\",\"inLanguage\":\"es\",\"@id\":\"https:\/\/treslineasnoticias.com.ar\/?p=24863#primaryimage\",\"url\":\"https:\/\/treslineasnoticias.com.ar\/wp-content\/uploads\/2026\/04\/1-1.jpeg\",\"contentUrl\":\"https:\/\/treslineasnoticias.com.ar\/wp-content\/uploads\/2026\/04\/1-1.jpeg\",\"width\":1080,\"height\":720},{\"@type\":\"BreadcrumbList\",\"@id\":\"https:\/\/treslineasnoticias.com.ar\/?p=24863#breadcrumb\",\"itemListElement\":[{\"@type\":\"ListItem\",\"position\":1,\"name\":\"Portada\",\"item\":\"https:\/\/treslineasnoticias.com.ar\/\"},{\"@type\":\"ListItem\",\"position\":2,\"name\":\"El Municipio inaugur\u00f3 un nuevo Ecopunto en el paseo Aldo Severi de Quilmes Centro\"}]},{\"@type\":\"WebSite\",\"@id\":\"https:\/\/treslineasnoticias.com.ar\/#website\",\"url\":\"https:\/\/treslineasnoticias.com.ar\/\",\"name\":\"Tres Lineas Noticias\",\"description\":\"\",\"potentialAction\":[{\"@type\":\"SearchAction\",\"target\":{\"@type\":\"EntryPoint\",\"urlTemplate\":\"https:\/\/treslineasnoticias.com.ar\/?s={search_term_string}\"},\"query-input\":{\"@type\":\"PropertyValueSpecification\",\"valueRequired\":true,\"valueName\":\"search_term_string\"}}],\"inLanguage\":\"es\"},{\"@type\":\"Person\",\"@id\":\"https:\/\/treslineasnoticias.com.ar\/#\/schema\/person\/c5f7249e50517b84c2379b145ca14895\",\"name\":\"Horacio L\u00f3pez\",\"image\":{\"@type\":\"ImageObject\",\"inLanguage\":\"es\",\"@id\":\"https:\/\/treslineasnoticias.com.ar\/#\/schema\/person\/image\/\",\"url\":\"https:\/\/treslineasnoticias.com.ar\/wp-content\/litespeed\/avatar\/ddbec442f0224f940ce000570a0cb216.jpg?ver=1777068930\",\"contentUrl\":\"https:\/\/treslineasnoticias.com.ar\/wp-content\/litespeed\/avatar\/ddbec442f0224f940ce000570a0cb216.jpg?ver=1777068930\",\"caption\":\"Horacio L\u00f3pez\"},\"sameAs\":[\"http:\/\/treslineasnoticias.com.ar\"],\"url\":\"https:\/\/treslineasnoticias.com.ar\/?author=3\"}]}<\/script>\n<!-- \/ Yoast SEO plugin. -->","yoast_head_json":{"title":"El Municipio inaugur\u00f3 un nuevo Ecopunto en el paseo Aldo Severi de Quilmes Centro - Tres Lineas Noticias","robots":{"index":"index","follow":"follow","max-snippet":"max-snippet:-1","max-image-preview":"max-image-preview:large","max-video-preview":"max-video-preview:-1"},"canonical":"https:\/\/treslineasnoticias.com.ar\/?p=24863","og_locale":"es_ES","og_type":"article","og_title":"El Municipio inaugur\u00f3 un nuevo Ecopunto en el paseo Aldo Severi de Quilmes Centro - Tres Lineas Noticias","og_description":"El Municipio de Quilmes puso en funcionamiento este martes un nuevo Ecopunto, el 16\u00ba desde el inicio de la gesti\u00f3n de Mayra Mendoza, en el paseo Aldo Severi, ubicado en Guido y Lavalle, de Quilmes Centro, en un acto que cont\u00f3 con la participaci\u00f3n de la intendenta interina local, Eva Mieri, y estudiantes de las [&hellip;]","og_url":"https:\/\/treslineasnoticias.com.ar\/?p=24863","og_site_name":"Tres Lineas Noticias","article_published_time":"2026-04-28T16:20:00+00:00","article_modified_time":"2026-04-29T13:36:26+00:00","og_image":[{"width":1080,"height":720,"url":"http:\/\/treslineasnoticias.com.ar\/wp-content\/uploads\/2026\/04\/1-1.jpeg","type":"image\/jpeg"}],"author":"Horacio L\u00f3pez","twitter_card":"summary_large_image","twitter_misc":{"Escrito por":"Horacio L\u00f3pez","Tiempo de lectura":"3 minutos"},"schema":{"@context":"https:\/\/schema.org","@graph":[{"@type":"WebPage","@id":"https:\/\/treslineasnoticias.com.ar\/?p=24863","url":"https:\/\/treslineasnoticias.com.ar\/?p=24863","name":"El Municipio inaugur\u00f3 un nuevo Ecopunto en el paseo Aldo Severi de Quilmes Centro - Tres Lineas Noticias","isPartOf":{"@id":"https:\/\/treslineasnoticias.com.ar\/#website"},"primaryImageOfPage":{"@id":"https:\/\/treslineasnoticias.com.ar\/?p=24863#primaryimage"},"image":{"@id":"https:\/\/treslineasnoticias.com.ar\/?p=24863#primaryimage"},"thumbnailUrl":"https:\/\/treslineasnoticias.com.ar\/wp-content\/uploads\/2026\/04\/1-1.jpeg","datePublished":"2026-04-28T16:20:00+00:00","dateModified":"2026-04-29T13:36:26+00:00","author":{"@id":"https:\/\/treslineasnoticias.com.ar\/#\/schema\/person\/c5f7249e50517b84c2379b145ca14895"},"breadcrumb":{"@id":"https:\/\/treslineasnoticias.com.ar\/?p=24863#breadcrumb"},"inLanguage":"es","potentialAction":[{"@type":"ReadAction","target":["https:\/\/treslineasnoticias.com.ar\/?p=24863"]}]},{"@type":"ImageObject","inLanguage":"es","@id":"https:\/\/treslineasnoticias.com.ar\/?p=24863#primaryimage","url":"https:\/\/treslineasnoticias.com.ar\/wp-content\/uploads\/2026\/04\/1-1.jpeg","contentUrl":"https:\/\/treslineasnoticias.com.ar\/wp-content\/uploads\/2026\/04\/1-1.jpeg","width":1080,"height":720},{"@type":"BreadcrumbList","@id":"https:\/\/treslineasnoticias.com.ar\/?p=24863#breadcrumb","itemListElement":[{"@type":"ListItem","position":1,"name":"Portada","item":"https:\/\/treslineasnoticias.com.ar\/"},{"@type":"ListItem","position":2,"name":"El Municipio inaugur\u00f3 un nuevo Ecopunto en el paseo Aldo Severi de Quilmes Centro"}]},{"@type":"WebSite","@id":"https:\/\/treslineasnoticias.com.ar\/#website","url":"https:\/\/treslineasnoticias.com.ar\/","name":"Tres Lineas Noticias","description":"","potentialAction":[{"@type":"SearchAction","target":{"@type":"EntryPoint","urlTemplate":"https:\/\/treslineasnoticias.com.ar\/?s={search_term_string}"},"query-input":{"@type":"PropertyValueSpecification","valueRequired":true,"valueName":"search_term_string"}}],"inLanguage":"es"},{"@type":"Person","@id":"https:\/\/treslineasnoticias.com.ar\/#\/schema\/person\/c5f7249e50517b84c2379b145ca14895","name":"Horacio L\u00f3pez","image":{"@type":"ImageObject","inLanguage":"es","@id":"https:\/\/treslineasnoticias.com.ar\/#\/schema\/person\/image\/","url":"https:\/\/treslineasnoticias.com.ar\/wp-content\/litespeed\/avatar\/ddbec442f0224f940ce000570a0cb216.jpg?ver=1777068930","contentUrl":"https:\/\/treslineasnoticias.com.ar\/wp-content\/litespeed\/avatar\/ddbec442f0224f940ce000570a0cb216.jpg?ver=1777068930","caption":"Horacio L\u00f3pez"},"sameAs":["http:\/\/treslineasnoticias.com.ar"],"url":"https:\/\/treslineasnoticias.com.ar\/?author=3"}]}},"jetpack_featured_media_url":"https:\/\/treslineasnoticias.com.ar\/wp-content\/uploads\/2026\/04\/1-1.jpeg","jetpack_sharing_enabled":true,"_links":{"self":[{"href":"https:\/\/treslineasnoticias.com.ar\/index.php?rest_route=\/wp\/v2\/posts\/24863","targetHints":{"allow":["GET"]}}],"collection":[{"href":"https:\/\/treslineasnoticias.com.ar\/index.php?rest_route=\/wp\/v2\/posts"}],"about":[{"href":"https:\/\/treslineasnoticias.com.ar\/index.php?rest_route=\/wp\/v2\/types\/post"}],"author":[{"embeddable":true,"href":"https:\/\/treslineasnoticias.com.ar\/index.php?rest_route=\/wp\/v2\/users\/3"}],"replies":[{"embeddable":true,"href":"https:\/\/treslineasnoticias.com.ar\/index.php?rest_route=%2Fwp%2Fv2%2Fcomments&post=24863"}],"version-history":[{"count":2,"href":"https:\/\/treslineasnoticias.com.ar\/index.php?rest_route=\/wp\/v2\/posts\/24863\/revisions"}],"predecessor-version":[{"id":24868,"href":"https:\/\/treslineasnoticias.com.ar\/index.php?rest_route=\/wp\/v2\/posts\/24863\/revisions\/24868"}],"wp:featuredmedia":[{"embeddable":true,"href":"https:\/\/treslineasnoticias.com.ar\/index.php?rest_route=\/wp\/v2\/media\/24865"}],"wp:attachment":[{"href":"https:\/\/treslineasnoticias.com.ar\/index.php?rest_route=%2Fwp%2Fv2%2Fmedia&parent=24863"}],"wp:term":[{"taxonomy":"category","embeddable":true,"href":"https:\/\/treslineasnoticias.com.ar\/index.php?rest_route=%2Fwp%2Fv2%2Fcategories&post=24863"},{"taxonomy":"post_tag","embeddable":true,"href":"https:\/\/treslineasnoticias.com.ar\/index.php?rest_route=%2Fwp%2Fv2%2Ftags&post=24863"}],"curies":[{"name":"wp","href":"https:\/\/api.w.org\/{rel}","templated":true}]}}