{"id":24882,"date":"2026-04-29T10:30:00","date_gmt":"2026-04-29T13:30:00","guid":{"rendered":"https:\/\/treslineasnoticias.com.ar\/?p=24882"},"modified":"2026-04-29T13:23:16","modified_gmt":"2026-04-29T16:23:16","slug":"caso-andis-diego-spagnuolo-y-daniel-garbellini-se-negaron-a-declarar","status":"publish","type":"post","link":"https:\/\/treslineasnoticias.com.ar\/?p=24882","title":{"rendered":"Caso ANDIS: Diego Spagnuolo y Daniel Garbellini se negaron a declarar"},"content":{"rendered":"\n<p><em><strong>Las mismas ser\u00e1n en Comodoro Py, a cargo del juez federal Ariel Lijo. En total, son 35 los imputados que ser\u00e1n indagados durante las pr\u00f3ximas semanas.<\/strong><\/em><\/p>\n\n\n\n<p>El extitular de la Agencia Nacional de Discapacidad (ANDIS) Diego Spagnuolo se neg\u00f3 hoy a declarar en la nueva ronda de indagatorias ordenadas en la causa en la que se investigan maniobras de corrupci\u00f3n en el organismo.<\/p>\n\n\n\n<p>Spagnuolo, que ya est\u00e1 procesado en la causa, fue citado para ampliar su indagatoria ya que en el marco de la investigaci\u00f3n se detectaron nuevas maniobras de corrupci\u00f3n desplegadas en la ANDIS de manera articulada entre funcionarios p\u00fablicos y empresarios proveedores de insumos de alto costo.<\/p>\n\n\n\n<p><strong>Causa Andis: Spagnuolo y Garbellini se negaron a declarar<\/strong><\/p>\n\n\n\n<p>El exfuncionario deb\u00eda hacer su descargo ante el fiscal Franco Picardi y el juez Ariel Lijo, pero hizo uso de su derecho de negarse a declarar. Tras la audiencia, se retir\u00f3 de los tribunales de Comodoro Py sin responder a los periodistas.<\/p>\n\n\n\n<p>Spagnuolo ya est\u00e1 procesado por cohecho, fraude contra el Estado y negociaciones incompatibles con la funci\u00f3n p\u00fablica. Tambi\u00e9n fue citado para hoy quien era el segundo en el organismo Daniel Garbellini, quien est\u00e1 procesado y tambi\u00e9n se neg\u00f3 a declarar.<\/p>\n\n\n\n<p>En total son 35 nuevas indagatorias a exfuncionarios y empresarios que se llevar\u00e1n a cabo hasta el 26 de mayo. Esas maniobras implicaron la erogaci\u00f3n de aproximadamente $75.478.149.019 de pesos provenientes del erario estatal, en favor de un reducido grupo empresarial.<\/p>\n\n\n\n<figure class=\"wp-block-image size-full is-resized\"><img loading=\"lazy\" decoding=\"async\" width=\"720\" height=\"466\" src=\"http:\/\/treslineasnoticias.com.ar\/wp-content\/uploads\/2026\/04\/VSebA8WeG_720x0__1.jpg\" alt=\"\" class=\"wp-image-24886\" style=\"width:783px;height:auto\" srcset=\"https:\/\/treslineasnoticias.com.ar\/wp-content\/uploads\/2026\/04\/VSebA8WeG_720x0__1.jpg 720w, https:\/\/treslineasnoticias.com.ar\/wp-content\/uploads\/2026\/04\/VSebA8WeG_720x0__1-300x194.jpg 300w\" sizes=\"auto, (max-width: 720px) 100vw, 720px\" \/><\/figure>\n\n\n\n<p><strong>Maniobras con insumos de alto costo<\/strong><\/p>\n\n\n\n<p>Esas maniobras implicaron la erogaci\u00f3n de aproximadamente $75.478.149.019 de pesos provenientes del erario estatal, en favor de un reducido grupo empresarial.<\/p>\n\n\n\n<p>Conforme pudo acreditar el fiscal Picardi, estos actos de corrupci\u00f3n se llevaron a cabo, al menos, desde diciembre de 2023 y hasta octubre del 2025, cuando funcionarios p\u00fablicos de la ANDIS direccionaron de manera intencionada m\u00faltiples compras de insumos de alto costo -llamados PACBI- para que sus amigos y allegados resultaran adjudicatarios de las mencionadas sumas millonarias, a cambio de retornos y d\u00e1divas de diversa \u00edndole.<\/p>\n\n\n\n<p>Hasta el momento, los nuevos hallazgos demuestran que m\u00e1s de 20 empresarios con m\u00e1s de 30 firmas formaron parte de este entramado delictivo, conducido desde el sector p\u00fablico, por Spagnuolo y Garbellini y, desde el sector privado, por Miguel \u00c1ngel Calvete y Pablo Atchabahian.<\/p>\n\n\n\n<p>Los hechos descubiertos por la fiscal\u00eda ponen de manifiesto la relevancia p\u00fablica del caso ANDIS: los insumos que se comercializaron de manera il\u00edcita son dispositivos y tecnolog\u00edas m\u00e9dicas que resultan sumamente costosas para el sistema de salud.<\/p>\n\n\n\n<p>Se trata, as\u00ed, de pr\u00f3tesis de alta gama para amputaciones, implantes cocleares y materiales espec\u00edficos para cirug\u00edas complejas, sillas de ruedas motorizadas, entre otros.<\/p>\n\n\n\n<p>Estos insumos, por sus particularidades, eran -y son- gestionados desde el Programa Incluir Salud, cuando se trata de personas con discapacidad o con enfermedades cr\u00f3nicas graves, que se encuentran en situaci\u00f3n de pobreza estructural y que no poseen coberturas m\u00e9dicas espec\u00edficas.<\/p>\n\n\n\n<p>El Programa Incluir Salud, que depende de la ANDIS, fue creado para dise\u00f1ar e implementar pol\u00edticas p\u00fablicas destinadas a esta poblaci\u00f3n especialmente vulnerable.<\/p>\n\n\n\n<figure class=\"wp-block-image size-large is-resized\"><img loading=\"lazy\" decoding=\"async\" width=\"1024\" height=\"683\" src=\"http:\/\/treslineasnoticias.com.ar\/wp-content\/uploads\/2026\/04\/daniel-garbellini-de-negro-llega-a-los-tribunales-VIVCHJNPC5AHPGLGL6FYY6HD6A-1024x683.avif\" alt=\"\" class=\"wp-image-24887\" style=\"width:771px;height:auto\" srcset=\"https:\/\/treslineasnoticias.com.ar\/wp-content\/uploads\/2026\/04\/daniel-garbellini-de-negro-llega-a-los-tribunales-VIVCHJNPC5AHPGLGL6FYY6HD6A-1024x683.avif 1024w, https:\/\/treslineasnoticias.com.ar\/wp-content\/uploads\/2026\/04\/daniel-garbellini-de-negro-llega-a-los-tribunales-VIVCHJNPC5AHPGLGL6FYY6HD6A-300x200.avif 300w, https:\/\/treslineasnoticias.com.ar\/wp-content\/uploads\/2026\/04\/daniel-garbellini-de-negro-llega-a-los-tribunales-VIVCHJNPC5AHPGLGL6FYY6HD6A-768x512.avif 768w, https:\/\/treslineasnoticias.com.ar\/wp-content\/uploads\/2026\/04\/daniel-garbellini-de-negro-llega-a-los-tribunales-VIVCHJNPC5AHPGLGL6FYY6HD6A.avif 1200w\" sizes=\"auto, (max-width: 1024px) 100vw, 1024px\" \/><\/figure>\n\n\n\n<p>Sin embargo, conforme fue identificado por el fiscal Picardi, en vez de cumplir con sus objetivos institucionales, los jefes de la organizaci\u00f3n criminal montaron all\u00ed un servicio il\u00edcito de pagos permanentes para un determinado grupo empresarial, en perjuicio de las arcas del Estado y de la poblaci\u00f3n destinataria de las pol\u00edticas p\u00fablicas de ANDIS.<\/p>\n\n\n\n<p>Este servicio il\u00edcito implic\u00f3, adem\u00e1s, discrecionalidad en la autorizaci\u00f3n para comercializar con ANDIS; la remisi\u00f3n de informaci\u00f3n privilegiada para facilitar las adjudicaciones de compras y la coordinaci\u00f3n de la cartelizaci\u00f3n empresarial; y la participaci\u00f3n directa de empresarios en las decisiones institucionales.<\/p>\n\n\n\n<p>Por ejemplo, en la contrataci\u00f3n del personal; en la concreci\u00f3n de determinadas compulsas de precios; y, en la determinaci\u00f3n de las empresas que resultar\u00edan adjudicatarias de dichas compulsas de precios.<\/p>\n\n\n\n<p>La investigaci\u00f3n que lleva ocho meses, ha dejado en descubierto que la ANDIS funcion\u00f3 como una verdadera ventanilla administrada discrecionalmente para concentrar beneficios econ\u00f3micos en determinados proveedores afines y ejecutar contrataciones por fuera de los principios b\u00e1sicos de concurrencia, transparencia y control que rigen toda actividad estatal.<\/p>\n\n\n\n<p>El caso expone una enorme trama de corrupci\u00f3n que, en la actualidad, cuenta con 19 personas procesadas y m\u00e1s de 20 personas sobre las cuales la Fiscal\u00eda, en esta oportunidad, solicita su llamado a indagatoria.<\/p>\n\n\n\n<p>El fiscal Picardi contin\u00faa con la investigaci\u00f3n de los hechos bajo la sospecha de la posible participaci\u00f3n de otras personas f\u00edsicas y jur\u00eddicas, sobre las cuales restan profundizaciones. Asimismo, forma parte de la investigaci\u00f3n, el conocimiento acerca del circuito del dinero involucrado, en funci\u00f3n de indicios que dar\u00edan cuenta de posibles maniobras de lavado.<\/p>\n\n\n\n<p>En funci\u00f3n de la complejidad del caso, la fiscal\u00eda cuenta con la colaboraci\u00f3n destacada de \u00e1reas especializadas de la Procuraci\u00f3n General de la Naci\u00f3n, como la Procuradur\u00eda de Investigaciones Administrativas (PIA), la Direcci\u00f3n General de Investigaciones y Apoyo Tecnol\u00f3gico a la Investigaci\u00f3n Penal (DATIP), la Procuradur\u00eda de Criminalidad Econ\u00f3mica y Lavado de Activos (PROCELAC) y Secretar\u00eda para la Investigaci\u00f3n Financiera y el Recupero de Activos Il\u00edcitos (SIFRAI).<\/p>\n\n\n\n<figure class=\"wp-block-image size-large is-resized\"><img loading=\"lazy\" decoding=\"async\" width=\"1024\" height=\"576\" src=\"http:\/\/treslineasnoticias.com.ar\/wp-content\/uploads\/2026\/04\/el-extitular-de-la-agencia-nacional-de-discapacidad-andis-diego-spagnuolo-foto-andis-OPV2MDIHINFJNN6KWQS4TRANJ4-1024x576.avif\" alt=\"\" class=\"wp-image-24885\" style=\"width:789px;height:auto\" srcset=\"https:\/\/treslineasnoticias.com.ar\/wp-content\/uploads\/2026\/04\/el-extitular-de-la-agencia-nacional-de-discapacidad-andis-diego-spagnuolo-foto-andis-OPV2MDIHINFJNN6KWQS4TRANJ4-1024x576.avif 1024w, https:\/\/treslineasnoticias.com.ar\/wp-content\/uploads\/2026\/04\/el-extitular-de-la-agencia-nacional-de-discapacidad-andis-diego-spagnuolo-foto-andis-OPV2MDIHINFJNN6KWQS4TRANJ4-300x169.avif 300w, https:\/\/treslineasnoticias.com.ar\/wp-content\/uploads\/2026\/04\/el-extitular-de-la-agencia-nacional-de-discapacidad-andis-diego-spagnuolo-foto-andis-OPV2MDIHINFJNN6KWQS4TRANJ4-768x432.avif 768w, https:\/\/treslineasnoticias.com.ar\/wp-content\/uploads\/2026\/04\/el-extitular-de-la-agencia-nacional-de-discapacidad-andis-diego-spagnuolo-foto-andis-OPV2MDIHINFJNN6KWQS4TRANJ4.avif 1440w\" sizes=\"auto, (max-width: 1024px) 100vw, 1024px\" \/><\/figure>\n\n\n\n<p>Para el fiscal, la ANDIS fue puesta al servicio de empresarios, jugando con la salud de la poblaci\u00f3n m\u00e1s vulnerable. Todo a cambio de la repartija de millones y millones de pesos.<\/p>\n\n\n\n<p><strong>Causa Andis: uno a uno, los imputados que dar\u00e1n testimonio<\/strong><\/p>\n\n\n\n<p>Diego Spagnuolo<br>Daniel Mar\u00eda Garbellini<br>Miguel \u00c1ngel Calvete<br>Andr\u00e9s Horacio Arnaudo<br>Federico Maximiliano Santich<br>Emilio Olgu\u00edn<br>Evangelina Garc\u00eda<br>Claudio Kahn<br>Gerardo Angarami<br>Oscar Capello<br>Guido Capello<br>Martin Armella<br>Hern\u00e1n Rasmussen<br>M\u00e1ximo Perdiechizi<br>Osmar Caballi<br>Mariano Sagu\u00e9s<br>Christian Sagu\u00e9s<br>Vicente Sagu\u00e9s<br>Lucas Sagu\u00e9s<br>Humberto Maone<br>Javier Bernat<br>Fernando Bernat<br>Gustavo Bernat<br>Vicente V\u00e1zquez<br>Nicol\u00e1s Luna<br>Fabi\u00e1n Piedimonte<br>Lautaro Britez<br>Diego Miras Acosta<br>Fabi\u00e1n Parlakian<br>Mat\u00edas Palotti Bertola<br>Patricio Denholm<br>Alan Poccovi<br>Sergio Daniel Mastropietro<br>Patricio Oscar Acosta<\/p>\n","protected":false},"excerpt":{"rendered":"<p>Las mismas ser\u00e1n en Comodoro Py, a cargo del juez federal Ariel Lijo. En total, son 35 los imputados que ser\u00e1n indagados durante las pr\u00f3ximas semanas. El extitular de la Agencia Nacional de Discapacidad (ANDIS) Diego Spagnuolo se neg\u00f3 hoy a declarar en la nueva ronda de indagatorias ordenadas en la causa en la que [&hellip;]<\/p>\n","protected":false},"author":3,"featured_media":24883,"comment_status":"open","ping_status":"open","sticky":false,"template":"","format":"standard","meta":{"_jetpack_memberships_contains_paid_content":false,"footnotes":""},"categories":[9],"tags":[],"class_list":["post-24882","post","type-post","status-publish","format-standard","has-post-thumbnail","hentry","category-nacionales"],"yoast_head":"<!-- This site is optimized with the Yoast SEO plugin v24.7 - https:\/\/yoast.com\/wordpress\/plugins\/seo\/ -->\n<title>Caso ANDIS: Diego Spagnuolo y Daniel Garbellini se negaron a declarar - Tres Lineas Noticias<\/title>\n<meta name=\"robots\" content=\"index, follow, max-snippet:-1, max-image-preview:large, max-video-preview:-1\" \/>\n<link rel=\"canonical\" href=\"https:\/\/treslineasnoticias.com.ar\/?p=24882\" \/>\n<meta property=\"og:locale\" content=\"es_ES\" \/>\n<meta property=\"og:type\" content=\"article\" \/>\n<meta property=\"og:title\" content=\"Caso ANDIS: Diego Spagnuolo y Daniel Garbellini se negaron a declarar - Tres Lineas Noticias\" \/>\n<meta property=\"og:description\" content=\"Las mismas ser\u00e1n en Comodoro Py, a cargo del juez federal Ariel Lijo. En total, son 35 los imputados que ser\u00e1n indagados durante las pr\u00f3ximas semanas. El extitular de la Agencia Nacional de Discapacidad (ANDIS) Diego Spagnuolo se neg\u00f3 hoy a declarar en la nueva ronda de indagatorias ordenadas en la causa en la que [&hellip;]\" \/>\n<meta property=\"og:url\" content=\"https:\/\/treslineasnoticias.com.ar\/?p=24882\" \/>\n<meta property=\"og:site_name\" content=\"Tres Lineas Noticias\" \/>\n<meta property=\"article:published_time\" content=\"2026-04-29T13:30:00+00:00\" \/>\n<meta property=\"article:modified_time\" content=\"2026-04-29T16:23:16+00:00\" \/>\n<meta property=\"og:image\" content=\"http:\/\/treslineasnoticias.com.ar\/wp-content\/uploads\/2026\/04\/andis-3-martino.jpg\" \/>\n\t<meta property=\"og:image:width\" content=\"1200\" \/>\n\t<meta property=\"og:image:height\" content=\"800\" \/>\n\t<meta property=\"og:image:type\" content=\"image\/jpeg\" \/>\n<meta name=\"author\" content=\"Horacio L\u00f3pez\" \/>\n<meta name=\"twitter:card\" content=\"summary_large_image\" \/>\n<meta name=\"twitter:label1\" content=\"Escrito por\" \/>\n\t<meta name=\"twitter:data1\" content=\"Horacio L\u00f3pez\" \/>\n\t<meta name=\"twitter:label2\" content=\"Tiempo de lectura\" \/>\n\t<meta name=\"twitter:data2\" content=\"6 minutos\" \/>\n<script type=\"application\/ld+json\" class=\"yoast-schema-graph\">{\"@context\":\"https:\/\/schema.org\",\"@graph\":[{\"@type\":\"WebPage\",\"@id\":\"https:\/\/treslineasnoticias.com.ar\/?p=24882\",\"url\":\"https:\/\/treslineasnoticias.com.ar\/?p=24882\",\"name\":\"Caso ANDIS: Diego Spagnuolo y Daniel Garbellini se negaron a declarar - Tres Lineas Noticias\",\"isPartOf\":{\"@id\":\"https:\/\/treslineasnoticias.com.ar\/#website\"},\"primaryImageOfPage\":{\"@id\":\"https:\/\/treslineasnoticias.com.ar\/?p=24882#primaryimage\"},\"image\":{\"@id\":\"https:\/\/treslineasnoticias.com.ar\/?p=24882#primaryimage\"},\"thumbnailUrl\":\"https:\/\/treslineasnoticias.com.ar\/wp-content\/uploads\/2026\/04\/andis-3-martino.jpg\",\"datePublished\":\"2026-04-29T13:30:00+00:00\",\"dateModified\":\"2026-04-29T16:23:16+00:00\",\"author\":{\"@id\":\"https:\/\/treslineasnoticias.com.ar\/#\/schema\/person\/c5f7249e50517b84c2379b145ca14895\"},\"breadcrumb\":{\"@id\":\"https:\/\/treslineasnoticias.com.ar\/?p=24882#breadcrumb\"},\"inLanguage\":\"es\",\"potentialAction\":[{\"@type\":\"ReadAction\",\"target\":[\"https:\/\/treslineasnoticias.com.ar\/?p=24882\"]}]},{\"@type\":\"ImageObject\",\"inLanguage\":\"es\",\"@id\":\"https:\/\/treslineasnoticias.com.ar\/?p=24882#primaryimage\",\"url\":\"https:\/\/treslineasnoticias.com.ar\/wp-content\/uploads\/2026\/04\/andis-3-martino.jpg\",\"contentUrl\":\"https:\/\/treslineasnoticias.com.ar\/wp-content\/uploads\/2026\/04\/andis-3-martino.jpg\",\"width\":1200,\"height\":800},{\"@type\":\"BreadcrumbList\",\"@id\":\"https:\/\/treslineasnoticias.com.ar\/?p=24882#breadcrumb\",\"itemListElement\":[{\"@type\":\"ListItem\",\"position\":1,\"name\":\"Portada\",\"item\":\"https:\/\/treslineasnoticias.com.ar\/\"},{\"@type\":\"ListItem\",\"position\":2,\"name\":\"Caso ANDIS: Diego Spagnuolo y Daniel Garbellini se negaron a declarar\"}]},{\"@type\":\"WebSite\",\"@id\":\"https:\/\/treslineasnoticias.com.ar\/#website\",\"url\":\"https:\/\/treslineasnoticias.com.ar\/\",\"name\":\"Tres Lineas Noticias\",\"description\":\"\",\"potentialAction\":[{\"@type\":\"SearchAction\",\"target\":{\"@type\":\"EntryPoint\",\"urlTemplate\":\"https:\/\/treslineasnoticias.com.ar\/?s={search_term_string}\"},\"query-input\":{\"@type\":\"PropertyValueSpecification\",\"valueRequired\":true,\"valueName\":\"search_term_string\"}}],\"inLanguage\":\"es\"},{\"@type\":\"Person\",\"@id\":\"https:\/\/treslineasnoticias.com.ar\/#\/schema\/person\/c5f7249e50517b84c2379b145ca14895\",\"name\":\"Horacio L\u00f3pez\",\"image\":{\"@type\":\"ImageObject\",\"inLanguage\":\"es\",\"@id\":\"https:\/\/treslineasnoticias.com.ar\/#\/schema\/person\/image\/\",\"url\":\"https:\/\/treslineasnoticias.com.ar\/wp-content\/litespeed\/avatar\/ddbec442f0224f940ce000570a0cb216.jpg?ver=1777068930\",\"contentUrl\":\"https:\/\/treslineasnoticias.com.ar\/wp-content\/litespeed\/avatar\/ddbec442f0224f940ce000570a0cb216.jpg?ver=1777068930\",\"caption\":\"Horacio L\u00f3pez\"},\"sameAs\":[\"http:\/\/treslineasnoticias.com.ar\"],\"url\":\"https:\/\/treslineasnoticias.com.ar\/?author=3\"}]}<\/script>\n<!-- \/ Yoast SEO plugin. -->","yoast_head_json":{"title":"Caso ANDIS: Diego Spagnuolo y Daniel Garbellini se negaron a declarar - Tres Lineas Noticias","robots":{"index":"index","follow":"follow","max-snippet":"max-snippet:-1","max-image-preview":"max-image-preview:large","max-video-preview":"max-video-preview:-1"},"canonical":"https:\/\/treslineasnoticias.com.ar\/?p=24882","og_locale":"es_ES","og_type":"article","og_title":"Caso ANDIS: Diego Spagnuolo y Daniel Garbellini se negaron a declarar - Tres Lineas Noticias","og_description":"Las mismas ser\u00e1n en Comodoro Py, a cargo del juez federal Ariel Lijo. En total, son 35 los imputados que ser\u00e1n indagados durante las pr\u00f3ximas semanas. El extitular de la Agencia Nacional de Discapacidad (ANDIS) Diego Spagnuolo se neg\u00f3 hoy a declarar en la nueva ronda de indagatorias ordenadas en la causa en la que [&hellip;]","og_url":"https:\/\/treslineasnoticias.com.ar\/?p=24882","og_site_name":"Tres Lineas Noticias","article_published_time":"2026-04-29T13:30:00+00:00","article_modified_time":"2026-04-29T16:23:16+00:00","og_image":[{"width":1200,"height":800,"url":"http:\/\/treslineasnoticias.com.ar\/wp-content\/uploads\/2026\/04\/andis-3-martino.jpg","type":"image\/jpeg"}],"author":"Horacio L\u00f3pez","twitter_card":"summary_large_image","twitter_misc":{"Escrito por":"Horacio L\u00f3pez","Tiempo de lectura":"6 minutos"},"schema":{"@context":"https:\/\/schema.org","@graph":[{"@type":"WebPage","@id":"https:\/\/treslineasnoticias.com.ar\/?p=24882","url":"https:\/\/treslineasnoticias.com.ar\/?p=24882","name":"Caso ANDIS: Diego Spagnuolo y Daniel Garbellini se negaron a declarar - Tres Lineas Noticias","isPartOf":{"@id":"https:\/\/treslineasnoticias.com.ar\/#website"},"primaryImageOfPage":{"@id":"https:\/\/treslineasnoticias.com.ar\/?p=24882#primaryimage"},"image":{"@id":"https:\/\/treslineasnoticias.com.ar\/?p=24882#primaryimage"},"thumbnailUrl":"https:\/\/treslineasnoticias.com.ar\/wp-content\/uploads\/2026\/04\/andis-3-martino.jpg","datePublished":"2026-04-29T13:30:00+00:00","dateModified":"2026-04-29T16:23:16+00:00","author":{"@id":"https:\/\/treslineasnoticias.com.ar\/#\/schema\/person\/c5f7249e50517b84c2379b145ca14895"},"breadcrumb":{"@id":"https:\/\/treslineasnoticias.com.ar\/?p=24882#breadcrumb"},"inLanguage":"es","potentialAction":[{"@type":"ReadAction","target":["https:\/\/treslineasnoticias.com.ar\/?p=24882"]}]},{"@type":"ImageObject","inLanguage":"es","@id":"https:\/\/treslineasnoticias.com.ar\/?p=24882#primaryimage","url":"https:\/\/treslineasnoticias.com.ar\/wp-content\/uploads\/2026\/04\/andis-3-martino.jpg","contentUrl":"https:\/\/treslineasnoticias.com.ar\/wp-content\/uploads\/2026\/04\/andis-3-martino.jpg","width":1200,"height":800},{"@type":"BreadcrumbList","@id":"https:\/\/treslineasnoticias.com.ar\/?p=24882#breadcrumb","itemListElement":[{"@type":"ListItem","position":1,"name":"Portada","item":"https:\/\/treslineasnoticias.com.ar\/"},{"@type":"ListItem","position":2,"name":"Caso ANDIS: Diego Spagnuolo y Daniel Garbellini se negaron a declarar"}]},{"@type":"WebSite","@id":"https:\/\/treslineasnoticias.com.ar\/#website","url":"https:\/\/treslineasnoticias.com.ar\/","name":"Tres Lineas Noticias","description":"","potentialAction":[{"@type":"SearchAction","target":{"@type":"EntryPoint","urlTemplate":"https:\/\/treslineasnoticias.com.ar\/?s={search_term_string}"},"query-input":{"@type":"PropertyValueSpecification","valueRequired":true,"valueName":"search_term_string"}}],"inLanguage":"es"},{"@type":"Person","@id":"https:\/\/treslineasnoticias.com.ar\/#\/schema\/person\/c5f7249e50517b84c2379b145ca14895","name":"Horacio L\u00f3pez","image":{"@type":"ImageObject","inLanguage":"es","@id":"https:\/\/treslineasnoticias.com.ar\/#\/schema\/person\/image\/","url":"https:\/\/treslineasnoticias.com.ar\/wp-content\/litespeed\/avatar\/ddbec442f0224f940ce000570a0cb216.jpg?ver=1777068930","contentUrl":"https:\/\/treslineasnoticias.com.ar\/wp-content\/litespeed\/avatar\/ddbec442f0224f940ce000570a0cb216.jpg?ver=1777068930","caption":"Horacio L\u00f3pez"},"sameAs":["http:\/\/treslineasnoticias.com.ar"],"url":"https:\/\/treslineasnoticias.com.ar\/?author=3"}]}},"jetpack_featured_media_url":"https:\/\/treslineasnoticias.com.ar\/wp-content\/uploads\/2026\/04\/andis-3-martino.jpg","jetpack_sharing_enabled":true,"_links":{"self":[{"href":"https:\/\/treslineasnoticias.com.ar\/index.php?rest_route=\/wp\/v2\/posts\/24882","targetHints":{"allow":["GET"]}}],"collection":[{"href":"https:\/\/treslineasnoticias.com.ar\/index.php?rest_route=\/wp\/v2\/posts"}],"about":[{"href":"https:\/\/treslineasnoticias.com.ar\/index.php?rest_route=\/wp\/v2\/types\/post"}],"author":[{"embeddable":true,"href":"https:\/\/treslineasnoticias.com.ar\/index.php?rest_route=\/wp\/v2\/users\/3"}],"replies":[{"embeddable":true,"href":"https:\/\/treslineasnoticias.com.ar\/index.php?rest_route=%2Fwp%2Fv2%2Fcomments&post=24882"}],"version-history":[{"count":1,"href":"https:\/\/treslineasnoticias.com.ar\/index.php?rest_route=\/wp\/v2\/posts\/24882\/revisions"}],"predecessor-version":[{"id":24888,"href":"https:\/\/treslineasnoticias.com.ar\/index.php?rest_route=\/wp\/v2\/posts\/24882\/revisions\/24888"}],"wp:featuredmedia":[{"embeddable":true,"href":"https:\/\/treslineasnoticias.com.ar\/index.php?rest_route=\/wp\/v2\/media\/24883"}],"wp:attachment":[{"href":"https:\/\/treslineasnoticias.com.ar\/index.php?rest_route=%2Fwp%2Fv2%2Fmedia&parent=24882"}],"wp:term":[{"taxonomy":"category","embeddable":true,"href":"https:\/\/treslineasnoticias.com.ar\/index.php?rest_route=%2Fwp%2Fv2%2Fcategories&post=24882"},{"taxonomy":"post_tag","embeddable":true,"href":"https:\/\/treslineasnoticias.com.ar\/index.php?rest_route=%2Fwp%2Fv2%2Ftags&post=24882"}],"curies":[{"name":"wp","href":"https:\/\/api.w.org\/{rel}","templated":true}]}}