{"id":24892,"date":"2026-04-29T06:52:00","date_gmt":"2026-04-29T09:52:00","guid":{"rendered":"https:\/\/treslineasnoticias.com.ar\/?p=24892"},"modified":"2026-04-29T19:02:42","modified_gmt":"2026-04-29T22:02:42","slug":"marcha-y-paros-del-30-de-abril-2026-que-servicios-funcionan-y-cuales-se-veran-afectados","status":"publish","type":"post","link":"https:\/\/treslineasnoticias.com.ar\/?p=24892","title":{"rendered":"Marcha y paros del 30 de abril 2026: qu\u00e9 servicios funcionan y cu\u00e1les se ver\u00e1n afectados"},"content":{"rendered":"\n<p><em><strong>La protesta gremial previa al D\u00eda del Trabajador genera dudas sobre transporte, clases, bancos y atenci\u00f3n p\u00fablica.<\/strong> <\/em><\/p>\n\n\n\n<p id=\"p-1777382363297-76528\">La jornada del mi\u00e9rcoles 30 de abril\u00a0llega con un escenario cargado de tensi\u00f3n sindical y muchas preguntas entre trabajadores, estudiantes y usuarios de servicios p\u00fablicos. La\u00a0<strong>convocatoria impulsada por la CGT<\/strong>\u00a0en la previa del 1\u00b0 de Mayo volvi\u00f3 a poner en agenda la discusi\u00f3n sobre el impacto de las medidas econ\u00f3micas del Gobierno.<\/p>\n\n\n\n<figure class=\"wp-block-image size-full is-resized\"><img loading=\"lazy\" decoding=\"async\" width=\"655\" height=\"368\" src=\"http:\/\/treslineasnoticias.com.ar\/wp-content\/uploads\/2026\/04\/colectivo-paro.webp\" alt=\"\" class=\"wp-image-24895\" style=\"width:840px;height:auto\" srcset=\"https:\/\/treslineasnoticias.com.ar\/wp-content\/uploads\/2026\/04\/colectivo-paro.webp 655w, https:\/\/treslineasnoticias.com.ar\/wp-content\/uploads\/2026\/04\/colectivo-paro-300x169.webp 300w\" sizes=\"auto, (max-width: 655px) 100vw, 655px\" \/><figcaption class=\"wp-element-caption\">Foto de archivo<\/figcaption><\/figure>\n\n\n\n<p>Aunque durante varios d\u00edas circul\u00f3 la idea de un paro general total, desde la central obrera aclararon que se trata principalmente de una\u00a0<strong>movilizaci\u00f3n nacional con fuerte respaldo gremial<\/strong>, aunque algunos sindicatos podr\u00edan adherir con cese de actividades seg\u00fan cada sector y provincia.<\/p>\n\n\n\n<h2 class=\"wp-block-heading\" id=\"p-1777382363297-93297\">\u00bfQui\u00e9n convoca al paro del 30 de abril 2026?<\/h2>\n\n\n\n<p id=\"p-1777382363297-17732\">La convocatoria principal fue realizada por la&nbsp;<strong>Confederaci\u00f3n General del Trabajo (CGT)<\/strong>, que confirm\u00f3 una movilizaci\u00f3n para el 30 de abril como previa al D\u00eda Internacional del Trabajador. El reclamo tambi\u00e9n suma el acompa\u00f1amiento de distintos gremios y sectores sindicales, adem\u00e1s de agrupaciones vinculadas a las CTA y sindicatos estatales en algunos distritos.<\/p>\n\n\n\n<p id=\"p-1777382363297-91514\">Seg\u00fan expresaron dirigentes como Cristian Jer\u00f3nimo, uno de los ejes centrales es el rechazo a la reactivaci\u00f3n de la reforma laboral y el malestar frente a la p\u00e9rdida del poder adquisitivo. La CGT remarc\u00f3 que, por ahora,&nbsp;<strong>no hay paro general nacional confirmado<\/strong>, aunque no descart\u00f3 avanzar con medidas m\u00e1s duras si no hay respuestas oficiales.<\/p>\n\n\n\n<h2 class=\"wp-block-heading\" id=\"p-1777382363297-80432\">Motivos del paro y la movilizaci\u00f3n del 30 de abril<\/h2>\n\n\n\n<p id=\"p-1777382363297-79191\">El\u00a0<strong>malestar sindical\u00a0<\/strong>se apoya en varios frentes. Uno de los principales es el\u00a0<strong>fallo judicial\u00a0<\/strong>que dej\u00f3 nuevamente vigentes art\u00edculos vinculados a la reforma laboral impulsada por el oficialismo, algo que gener\u00f3 fuerte rechazo dentro de la central obrera. A eso se suma la discusi\u00f3n por salarios, inflaci\u00f3n, ca\u00edda del consumo y p\u00e9rdida de empleo formal. Desde los gremios sostienen que el panorama laboral est\u00e1 golpeado y que muchas actividades vienen arrastrando meses complicados.<\/p>\n\n\n\n<figure class=\"wp-block-image size-full\"><img loading=\"lazy\" decoding=\"async\" width=\"730\" height=\"411\" src=\"http:\/\/treslineasnoticias.com.ar\/wp-content\/uploads\/2026\/04\/paro-universidades-uba.webp\" alt=\"\" class=\"wp-image-24896\" srcset=\"https:\/\/treslineasnoticias.com.ar\/wp-content\/uploads\/2026\/04\/paro-universidades-uba.webp 730w, https:\/\/treslineasnoticias.com.ar\/wp-content\/uploads\/2026\/04\/paro-universidades-uba-300x169.webp 300w\" sizes=\"auto, (max-width: 730px) 100vw, 730px\" \/><\/figure>\n\n\n\n<p id=\"p-1777382363297-97893\">Tambi\u00e9n habr\u00e1 cr\u00edticas a cambios en \u00e1reas como el sistema aduanero y reclamos por mayor di\u00e1logo institucional. En paralelo, algunos sectores adelantaron que durante la movilizaci\u00f3n&nbsp;<strong>habr\u00e1 un homenaje al Papa Francisco<\/strong>.<\/p>\n\n\n\n<h2 class=\"wp-block-heading\" id=\"p-1777382363297-94986\">Transporte: qu\u00e9 funcionar\u00e1 y qu\u00e9 no el 30 de abril<\/h2>\n\n\n\n<p id=\"p-1777382363297-29893\">El punto m\u00e1s sensible, como siempre, es el transporte. Hasta el momento, no todos los gremios del sector confirmaron una paralizaci\u00f3n total, por lo que puede haber un esquema mixto.<\/p>\n\n\n\n<p id=\"p-1777396764500-8795\">En&nbsp;<strong>colectivos<\/strong>, la situaci\u00f3n depender\u00e1 de cada l\u00ednea y de la adhesi\u00f3n sindical local. Algunas empresas podr\u00edan mantener servicios normales y otras&nbsp;<strong>reducir frecuencias, en especial las del AMBA<\/strong>. Algunas l\u00edneas funcionar\u00e1n normalmente o casi normalmente, aunque se recomienda planear el viaje con m\u00e1s tiempo de lo usual.<\/p>\n\n\n\n<p id=\"p-1777467629952-19444\">En&nbsp;<strong>trenes<\/strong>&nbsp;tambi\u00e9n podr\u00eda haber alteraciones en las l\u00edneas Sarmiento y Mitre, dado que<strong>&nbsp;La Fraternidad confirm\u00f3 el cese de actividades<\/strong>, no as\u00ed el resto de los gremios ferroviarios.<\/p>\n\n\n\n<p id=\"p-1777382363297-71370\">En&nbsp;<strong>vuelos no se espera que haya paro<\/strong>, pero varias aerol\u00edneas suelen activar planes preventivos ante posibles medidas gremiales en aeropuertos, por lo que se recomienda revisar el estado del pasaje antes de viajar. Adem\u00e1s, ATE confirm\u00f3 la adhesi\u00f3n del Servicio Meteorol\u00f3gico, pero al haber sido decretado como servicio esencial, mantendr\u00e1 la actividad al m\u00ednino, lo que podr\u00eda afectar los horarios de vuelos.<\/p>\n\n\n\n<figure class=\"wp-block-image size-full is-resized\"><img loading=\"lazy\" decoding=\"async\" width=\"610\" height=\"354\" src=\"http:\/\/treslineasnoticias.com.ar\/wp-content\/uploads\/2026\/04\/9-julio-obelisco-porteno.webp\" alt=\"\" class=\"wp-image-24893\" style=\"width:839px;height:auto\" srcset=\"https:\/\/treslineasnoticias.com.ar\/wp-content\/uploads\/2026\/04\/9-julio-obelisco-porteno.webp 610w, https:\/\/treslineasnoticias.com.ar\/wp-content\/uploads\/2026\/04\/9-julio-obelisco-porteno-300x174.webp 300w\" sizes=\"auto, (max-width: 610px) 100vw, 610px\" \/><figcaption class=\"wp-element-caption\">Foto de archivo<\/figcaption><\/figure>\n\n\n\n<h2 class=\"wp-block-heading\" id=\"p-1777382363297-49236\">Educaci\u00f3n: clases el 30 de abril 2026<\/h2>\n\n\n\n<p id=\"p-1777382363298-8879\">En el \u00e1rea educativa, no se espera que haya paro en escuelas iniciales, primaria y secundaria. Aunque, se espera que algunos gremios docentes puedan sumarse a la marcha.<\/p>\n\n\n\n<p id=\"p-1777382363298-96911\">En el caso de las universidades nacionales se podr\u00edan registrar medidas particulares, debido a las protestas de docentes por la falta de aumentos y financiaci\u00f3n por parte del Gobierno.<\/p>\n\n\n\n<h2 class=\"wp-block-heading\" id=\"p-1777382363298-46079\">Otros servicios afectados<\/h2>\n\n\n\n<p id=\"p-1777382363298-23315\">Los que si confirmaron un<strong>&nbsp;cese de actividades para la jornada son los empleados de recolecci\u00f3n de residuos, atenci\u00f3n en organismos p\u00fablicos, correo, log\u00edstica y algunas dependencias estatales<\/strong>. Sectores como camioneros, empleados administrativos y trabajadores municipales suelen tener distintos niveles de adhesi\u00f3n, algo que modifica bastante el panorama seg\u00fan cada ciudad. En cuanto a salud p\u00fablica, se confirm\u00f3 que habr\u00e1 guardias m\u00ednimas.<\/p>\n\n\n\n<p id=\"p-1777382363298-54604\">En supermercados y comercios privados, la actividad ser\u00e1 normal.<\/p>\n","protected":false},"excerpt":{"rendered":"<p>La protesta gremial previa al D\u00eda del Trabajador genera dudas sobre transporte, clases, bancos y atenci\u00f3n p\u00fablica. La jornada del mi\u00e9rcoles 30 de abril\u00a0llega con un escenario cargado de tensi\u00f3n sindical y muchas preguntas entre trabajadores, estudiantes y usuarios de servicios p\u00fablicos. La\u00a0convocatoria impulsada por la CGT\u00a0en la previa del 1\u00b0 de Mayo volvi\u00f3 a [&hellip;]<\/p>\n","protected":false},"author":3,"featured_media":24894,"comment_status":"open","ping_status":"open","sticky":false,"template":"","format":"standard","meta":{"_jetpack_memberships_contains_paid_content":false,"footnotes":""},"categories":[9],"tags":[],"class_list":["post-24892","post","type-post","status-publish","format-standard","has-post-thumbnail","hentry","category-nacionales"],"yoast_head":"<!-- This site is optimized with the Yoast SEO plugin v24.7 - https:\/\/yoast.com\/wordpress\/plugins\/seo\/ -->\n<title>Marcha y paros del 30 de abril 2026: qu\u00e9 servicios funcionan y cu\u00e1les se ver\u00e1n afectados - Tres Lineas Noticias<\/title>\n<meta name=\"robots\" content=\"index, follow, max-snippet:-1, max-image-preview:large, max-video-preview:-1\" \/>\n<link rel=\"canonical\" href=\"https:\/\/treslineasnoticias.com.ar\/?p=24892\" \/>\n<meta property=\"og:locale\" content=\"es_ES\" \/>\n<meta property=\"og:type\" content=\"article\" \/>\n<meta property=\"og:title\" content=\"Marcha y paros del 30 de abril 2026: qu\u00e9 servicios funcionan y cu\u00e1les se ver\u00e1n afectados - Tres Lineas Noticias\" \/>\n<meta property=\"og:description\" content=\"La protesta gremial previa al D\u00eda del Trabajador genera dudas sobre transporte, clases, bancos y atenci\u00f3n p\u00fablica. La jornada del mi\u00e9rcoles 30 de abril\u00a0llega con un escenario cargado de tensi\u00f3n sindical y muchas preguntas entre trabajadores, estudiantes y usuarios de servicios p\u00fablicos. La\u00a0convocatoria impulsada por la CGT\u00a0en la previa del 1\u00b0 de Mayo volvi\u00f3 a [&hellip;]\" \/>\n<meta property=\"og:url\" content=\"https:\/\/treslineasnoticias.com.ar\/?p=24892\" \/>\n<meta property=\"og:site_name\" content=\"Tres Lineas Noticias\" \/>\n<meta property=\"article:published_time\" content=\"2026-04-29T09:52:00+00:00\" \/>\n<meta property=\"article:modified_time\" content=\"2026-04-29T22:02:42+00:00\" \/>\n<meta property=\"og:image\" content=\"http:\/\/treslineasnoticias.com.ar\/wp-content\/uploads\/2026\/04\/los-bancarios-se-movilizaran-manana-las-calles-del-microcentro-rosario-foto-archivo.webp\" \/>\n\t<meta property=\"og:image:width\" content=\"642\" \/>\n\t<meta property=\"og:image:height\" content=\"489\" \/>\n\t<meta property=\"og:image:type\" content=\"image\/webp\" \/>\n<meta name=\"author\" content=\"Horacio L\u00f3pez\" \/>\n<meta name=\"twitter:card\" content=\"summary_large_image\" \/>\n<meta name=\"twitter:label1\" content=\"Escrito por\" \/>\n\t<meta name=\"twitter:data1\" content=\"Horacio L\u00f3pez\" \/>\n\t<meta name=\"twitter:label2\" content=\"Tiempo de lectura\" \/>\n\t<meta name=\"twitter:data2\" content=\"4 minutos\" \/>\n<script type=\"application\/ld+json\" class=\"yoast-schema-graph\">{\"@context\":\"https:\/\/schema.org\",\"@graph\":[{\"@type\":\"WebPage\",\"@id\":\"https:\/\/treslineasnoticias.com.ar\/?p=24892\",\"url\":\"https:\/\/treslineasnoticias.com.ar\/?p=24892\",\"name\":\"Marcha y paros del 30 de abril 2026: qu\u00e9 servicios funcionan y cu\u00e1les se ver\u00e1n afectados - Tres Lineas Noticias\",\"isPartOf\":{\"@id\":\"https:\/\/treslineasnoticias.com.ar\/#website\"},\"primaryImageOfPage\":{\"@id\":\"https:\/\/treslineasnoticias.com.ar\/?p=24892#primaryimage\"},\"image\":{\"@id\":\"https:\/\/treslineasnoticias.com.ar\/?p=24892#primaryimage\"},\"thumbnailUrl\":\"https:\/\/treslineasnoticias.com.ar\/wp-content\/uploads\/2026\/04\/los-bancarios-se-movilizaran-manana-las-calles-del-microcentro-rosario-foto-archivo.webp\",\"datePublished\":\"2026-04-29T09:52:00+00:00\",\"dateModified\":\"2026-04-29T22:02:42+00:00\",\"author\":{\"@id\":\"https:\/\/treslineasnoticias.com.ar\/#\/schema\/person\/c5f7249e50517b84c2379b145ca14895\"},\"breadcrumb\":{\"@id\":\"https:\/\/treslineasnoticias.com.ar\/?p=24892#breadcrumb\"},\"inLanguage\":\"es\",\"potentialAction\":[{\"@type\":\"ReadAction\",\"target\":[\"https:\/\/treslineasnoticias.com.ar\/?p=24892\"]}]},{\"@type\":\"ImageObject\",\"inLanguage\":\"es\",\"@id\":\"https:\/\/treslineasnoticias.com.ar\/?p=24892#primaryimage\",\"url\":\"https:\/\/treslineasnoticias.com.ar\/wp-content\/uploads\/2026\/04\/los-bancarios-se-movilizaran-manana-las-calles-del-microcentro-rosario-foto-archivo.webp\",\"contentUrl\":\"https:\/\/treslineasnoticias.com.ar\/wp-content\/uploads\/2026\/04\/los-bancarios-se-movilizaran-manana-las-calles-del-microcentro-rosario-foto-archivo.webp\",\"width\":642,\"height\":489,\"caption\":\"Foto de archivo\"},{\"@type\":\"BreadcrumbList\",\"@id\":\"https:\/\/treslineasnoticias.com.ar\/?p=24892#breadcrumb\",\"itemListElement\":[{\"@type\":\"ListItem\",\"position\":1,\"name\":\"Portada\",\"item\":\"https:\/\/treslineasnoticias.com.ar\/\"},{\"@type\":\"ListItem\",\"position\":2,\"name\":\"Marcha y paros del 30 de abril 2026: qu\u00e9 servicios funcionan y cu\u00e1les se ver\u00e1n afectados\"}]},{\"@type\":\"WebSite\",\"@id\":\"https:\/\/treslineasnoticias.com.ar\/#website\",\"url\":\"https:\/\/treslineasnoticias.com.ar\/\",\"name\":\"Tres Lineas Noticias\",\"description\":\"\",\"potentialAction\":[{\"@type\":\"SearchAction\",\"target\":{\"@type\":\"EntryPoint\",\"urlTemplate\":\"https:\/\/treslineasnoticias.com.ar\/?s={search_term_string}\"},\"query-input\":{\"@type\":\"PropertyValueSpecification\",\"valueRequired\":true,\"valueName\":\"search_term_string\"}}],\"inLanguage\":\"es\"},{\"@type\":\"Person\",\"@id\":\"https:\/\/treslineasnoticias.com.ar\/#\/schema\/person\/c5f7249e50517b84c2379b145ca14895\",\"name\":\"Horacio L\u00f3pez\",\"image\":{\"@type\":\"ImageObject\",\"inLanguage\":\"es\",\"@id\":\"https:\/\/treslineasnoticias.com.ar\/#\/schema\/person\/image\/\",\"url\":\"https:\/\/treslineasnoticias.com.ar\/wp-content\/litespeed\/avatar\/ddbec442f0224f940ce000570a0cb216.jpg?ver=1777068930\",\"contentUrl\":\"https:\/\/treslineasnoticias.com.ar\/wp-content\/litespeed\/avatar\/ddbec442f0224f940ce000570a0cb216.jpg?ver=1777068930\",\"caption\":\"Horacio L\u00f3pez\"},\"sameAs\":[\"http:\/\/treslineasnoticias.com.ar\"],\"url\":\"https:\/\/treslineasnoticias.com.ar\/?author=3\"}]}<\/script>\n<!-- \/ Yoast SEO plugin. -->","yoast_head_json":{"title":"Marcha y paros del 30 de abril 2026: qu\u00e9 servicios funcionan y cu\u00e1les se ver\u00e1n afectados - Tres Lineas Noticias","robots":{"index":"index","follow":"follow","max-snippet":"max-snippet:-1","max-image-preview":"max-image-preview:large","max-video-preview":"max-video-preview:-1"},"canonical":"https:\/\/treslineasnoticias.com.ar\/?p=24892","og_locale":"es_ES","og_type":"article","og_title":"Marcha y paros del 30 de abril 2026: qu\u00e9 servicios funcionan y cu\u00e1les se ver\u00e1n afectados - Tres Lineas Noticias","og_description":"La protesta gremial previa al D\u00eda del Trabajador genera dudas sobre transporte, clases, bancos y atenci\u00f3n p\u00fablica. La jornada del mi\u00e9rcoles 30 de abril\u00a0llega con un escenario cargado de tensi\u00f3n sindical y muchas preguntas entre trabajadores, estudiantes y usuarios de servicios p\u00fablicos. La\u00a0convocatoria impulsada por la CGT\u00a0en la previa del 1\u00b0 de Mayo volvi\u00f3 a [&hellip;]","og_url":"https:\/\/treslineasnoticias.com.ar\/?p=24892","og_site_name":"Tres Lineas Noticias","article_published_time":"2026-04-29T09:52:00+00:00","article_modified_time":"2026-04-29T22:02:42+00:00","og_image":[{"width":642,"height":489,"url":"http:\/\/treslineasnoticias.com.ar\/wp-content\/uploads\/2026\/04\/los-bancarios-se-movilizaran-manana-las-calles-del-microcentro-rosario-foto-archivo.webp","type":"image\/webp"}],"author":"Horacio L\u00f3pez","twitter_card":"summary_large_image","twitter_misc":{"Escrito por":"Horacio L\u00f3pez","Tiempo de lectura":"4 minutos"},"schema":{"@context":"https:\/\/schema.org","@graph":[{"@type":"WebPage","@id":"https:\/\/treslineasnoticias.com.ar\/?p=24892","url":"https:\/\/treslineasnoticias.com.ar\/?p=24892","name":"Marcha y paros del 30 de abril 2026: qu\u00e9 servicios funcionan y cu\u00e1les se ver\u00e1n afectados - Tres Lineas Noticias","isPartOf":{"@id":"https:\/\/treslineasnoticias.com.ar\/#website"},"primaryImageOfPage":{"@id":"https:\/\/treslineasnoticias.com.ar\/?p=24892#primaryimage"},"image":{"@id":"https:\/\/treslineasnoticias.com.ar\/?p=24892#primaryimage"},"thumbnailUrl":"https:\/\/treslineasnoticias.com.ar\/wp-content\/uploads\/2026\/04\/los-bancarios-se-movilizaran-manana-las-calles-del-microcentro-rosario-foto-archivo.webp","datePublished":"2026-04-29T09:52:00+00:00","dateModified":"2026-04-29T22:02:42+00:00","author":{"@id":"https:\/\/treslineasnoticias.com.ar\/#\/schema\/person\/c5f7249e50517b84c2379b145ca14895"},"breadcrumb":{"@id":"https:\/\/treslineasnoticias.com.ar\/?p=24892#breadcrumb"},"inLanguage":"es","potentialAction":[{"@type":"ReadAction","target":["https:\/\/treslineasnoticias.com.ar\/?p=24892"]}]},{"@type":"ImageObject","inLanguage":"es","@id":"https:\/\/treslineasnoticias.com.ar\/?p=24892#primaryimage","url":"https:\/\/treslineasnoticias.com.ar\/wp-content\/uploads\/2026\/04\/los-bancarios-se-movilizaran-manana-las-calles-del-microcentro-rosario-foto-archivo.webp","contentUrl":"https:\/\/treslineasnoticias.com.ar\/wp-content\/uploads\/2026\/04\/los-bancarios-se-movilizaran-manana-las-calles-del-microcentro-rosario-foto-archivo.webp","width":642,"height":489,"caption":"Foto de archivo"},{"@type":"BreadcrumbList","@id":"https:\/\/treslineasnoticias.com.ar\/?p=24892#breadcrumb","itemListElement":[{"@type":"ListItem","position":1,"name":"Portada","item":"https:\/\/treslineasnoticias.com.ar\/"},{"@type":"ListItem","position":2,"name":"Marcha y paros del 30 de abril 2026: qu\u00e9 servicios funcionan y cu\u00e1les se ver\u00e1n afectados"}]},{"@type":"WebSite","@id":"https:\/\/treslineasnoticias.com.ar\/#website","url":"https:\/\/treslineasnoticias.com.ar\/","name":"Tres Lineas Noticias","description":"","potentialAction":[{"@type":"SearchAction","target":{"@type":"EntryPoint","urlTemplate":"https:\/\/treslineasnoticias.com.ar\/?s={search_term_string}"},"query-input":{"@type":"PropertyValueSpecification","valueRequired":true,"valueName":"search_term_string"}}],"inLanguage":"es"},{"@type":"Person","@id":"https:\/\/treslineasnoticias.com.ar\/#\/schema\/person\/c5f7249e50517b84c2379b145ca14895","name":"Horacio L\u00f3pez","image":{"@type":"ImageObject","inLanguage":"es","@id":"https:\/\/treslineasnoticias.com.ar\/#\/schema\/person\/image\/","url":"https:\/\/treslineasnoticias.com.ar\/wp-content\/litespeed\/avatar\/ddbec442f0224f940ce000570a0cb216.jpg?ver=1777068930","contentUrl":"https:\/\/treslineasnoticias.com.ar\/wp-content\/litespeed\/avatar\/ddbec442f0224f940ce000570a0cb216.jpg?ver=1777068930","caption":"Horacio L\u00f3pez"},"sameAs":["http:\/\/treslineasnoticias.com.ar"],"url":"https:\/\/treslineasnoticias.com.ar\/?author=3"}]}},"jetpack_featured_media_url":"https:\/\/treslineasnoticias.com.ar\/wp-content\/uploads\/2026\/04\/los-bancarios-se-movilizaran-manana-las-calles-del-microcentro-rosario-foto-archivo.webp","jetpack_sharing_enabled":true,"_links":{"self":[{"href":"https:\/\/treslineasnoticias.com.ar\/index.php?rest_route=\/wp\/v2\/posts\/24892","targetHints":{"allow":["GET"]}}],"collection":[{"href":"https:\/\/treslineasnoticias.com.ar\/index.php?rest_route=\/wp\/v2\/posts"}],"about":[{"href":"https:\/\/treslineasnoticias.com.ar\/index.php?rest_route=\/wp\/v2\/types\/post"}],"author":[{"embeddable":true,"href":"https:\/\/treslineasnoticias.com.ar\/index.php?rest_route=\/wp\/v2\/users\/3"}],"replies":[{"embeddable":true,"href":"https:\/\/treslineasnoticias.com.ar\/index.php?rest_route=%2Fwp%2Fv2%2Fcomments&post=24892"}],"version-history":[{"count":1,"href":"https:\/\/treslineasnoticias.com.ar\/index.php?rest_route=\/wp\/v2\/posts\/24892\/revisions"}],"predecessor-version":[{"id":24897,"href":"https:\/\/treslineasnoticias.com.ar\/index.php?rest_route=\/wp\/v2\/posts\/24892\/revisions\/24897"}],"wp:featuredmedia":[{"embeddable":true,"href":"https:\/\/treslineasnoticias.com.ar\/index.php?rest_route=\/wp\/v2\/media\/24894"}],"wp:attachment":[{"href":"https:\/\/treslineasnoticias.com.ar\/index.php?rest_route=%2Fwp%2Fv2%2Fmedia&parent=24892"}],"wp:term":[{"taxonomy":"category","embeddable":true,"href":"https:\/\/treslineasnoticias.com.ar\/index.php?rest_route=%2Fwp%2Fv2%2Fcategories&post=24892"},{"taxonomy":"post_tag","embeddable":true,"href":"https:\/\/treslineasnoticias.com.ar\/index.php?rest_route=%2Fwp%2Fv2%2Ftags&post=24892"}],"curies":[{"name":"wp","href":"https:\/\/api.w.org\/{rel}","templated":true}]}}