{"id":24898,"date":"2026-04-30T07:03:00","date_gmt":"2026-04-30T10:03:00","guid":{"rendered":"https:\/\/treslineasnoticias.com.ar\/?p=24898"},"modified":"2026-04-29T19:07:26","modified_gmt":"2026-04-29T22:07:26","slug":"kicillof-mostro-gestion-en-el-interior-con-obras-educativas-viales-y-de-agua-potable","status":"publish","type":"post","link":"https:\/\/treslineasnoticias.com.ar\/?p=24898","title":{"rendered":"Kicillof mostr\u00f3 gesti\u00f3n en el interior con obras educativas, viales y de agua potable"},"content":{"rendered":"\n<p><em><strong>El Gobernador encabez\u00f3 inauguraciones en Coronel Su\u00e1rez y Guamin\u00ed, con foco en educaci\u00f3n, agua potable y conectividad vial.<\/strong><\/em><\/p>\n\n\n\n<p>El gobernador de la provincia de Buenos Aires, Axel Kicillof, encabez\u00f3 este martes una intensa agenda de gesti\u00f3n en el interior bonaerense con actividades en los municipios de Coronel Su\u00e1rez y Guamin\u00ed, donde inaugur\u00f3 obras de infraestructura, educaci\u00f3n y servicios p\u00fablicos, adem\u00e1s de entregar escrituras gratuitas y equipamiento.<\/p>\n\n\n\n<p>La primera actividad tuvo lugar en Coronel Su\u00e1rez, donde el mandatario provincial inaugur\u00f3 la ampliaci\u00f3n del Centro Regional Educativo Universitario (CREUS) junto al intendente Ricardo Moccero. All\u00ed destac\u00f3 la importancia de sostener la inversi\u00f3n p\u00fablica en educaci\u00f3n superior y apunt\u00f3 contra el Gobierno nacional por el recorte de fondos universitarios. \u201cMientras Milei ataca a las universidades nacionales y recorta sus recursos, a nosotros nos llena de orgullo seguir ampliando centros universitarios en el interior de la Provincia\u201d, afirm\u00f3.<\/p>\n\n\n\n<figure class=\"wp-block-image size-full\"><img loading=\"lazy\" decoding=\"async\" width=\"1024\" height=\"682\" src=\"http:\/\/treslineasnoticias.com.ar\/wp-content\/uploads\/2026\/04\/DON_9997-1024x682-1.jpg\" alt=\"\" class=\"wp-image-24901\" srcset=\"https:\/\/treslineasnoticias.com.ar\/wp-content\/uploads\/2026\/04\/DON_9997-1024x682-1.jpg 1024w, https:\/\/treslineasnoticias.com.ar\/wp-content\/uploads\/2026\/04\/DON_9997-1024x682-1-300x200.jpg 300w, https:\/\/treslineasnoticias.com.ar\/wp-content\/uploads\/2026\/04\/DON_9997-1024x682-1-768x512.jpg 768w\" sizes=\"auto, (max-width: 1024px) 100vw, 1024px\" \/><\/figure>\n\n\n\n<p>La obra incorpor\u00f3 nuevas oficinas y salas de reuniones, mientras avanza adem\u00e1s la construcci\u00f3n de cuatro aulas destinadas a mejorar las condiciones de cursada de m\u00e1s de 400 estudiantes que asisten al espacio educativo. En el marco de la jornada, tambi\u00e9n se entregaron netbooks del programa Conectar Igualdad Bonaerense y se recorrieron los avances del nuevo edificio del Centro de Educaci\u00f3n F\u00edsica N\u00ba70.<\/p>\n\n\n\n<p>Durante el acto, Kicillof volvi\u00f3 a defender el rol del Estado en el desarrollo del interior bonaerense. \u201cNos quieren convencer de que el ajuste es el \u00fanico camino, pero hoy en Coronel Su\u00e1rez volvimos a demostrar que hay otra alternativa posible: es con m\u00e1s educaci\u00f3n p\u00fablica, m\u00e1s salud, m\u00e1s producci\u00f3n y m\u00e1s trabajo para todos y todas\u201d, sostuvo.<\/p>\n\n\n\n<p>Adem\u00e1s, el Gobernador entreg\u00f3 162 escrituras gratuitas mediante el programa \u201cMi Escritura, Mi Casa\u201d y puso en funcionamiento una pala cargadora frontal destinada al mantenimiento de caminos rurales. Tambi\u00e9n se otorgaron m\u00e1quinas de coser industriales para fortalecer el trabajo de la cooperativa \u201cTextiles del Sudoeste\u201d, integrada por trabajadoras despedidas de la empresa DASS.<\/p>\n\n\n\n<h2 class=\"wp-block-heading\">Obras y servicios para Guamin\u00ed<\/h2>\n\n\n\n<p>M\u00e1s tarde, la agenda oficial continu\u00f3 en Guamin\u00ed, donde&nbsp;<strong>Kicillof&nbsp;<\/strong>inaugur\u00f3 la nueva Planta Potabilizadora local y la repavimentaci\u00f3n de un tramo de la Ruta Provincial N\u00b085 junto al intendente Jos\u00e9 Augusto Nobre Ferreira y el ministro Gabriel Katopodis.<\/p>\n\n\n\n<figure class=\"wp-block-image size-full\"><img loading=\"lazy\" decoding=\"async\" width=\"1024\" height=\"683\" src=\"http:\/\/treslineasnoticias.com.ar\/wp-content\/uploads\/2026\/04\/DSC67632-1024x683-1.jpg\" alt=\"\" class=\"wp-image-24900\" srcset=\"https:\/\/treslineasnoticias.com.ar\/wp-content\/uploads\/2026\/04\/DSC67632-1024x683-1.jpg 1024w, https:\/\/treslineasnoticias.com.ar\/wp-content\/uploads\/2026\/04\/DSC67632-1024x683-1-300x200.jpg 300w, https:\/\/treslineasnoticias.com.ar\/wp-content\/uploads\/2026\/04\/DSC67632-1024x683-1-768x512.jpg 768w\" sizes=\"auto, (max-width: 1024px) 100vw, 1024px\" \/><\/figure>\n\n\n\n<p>La nueva planta permitir\u00e1 ampliar el abastecimiento de agua potable y mejorar el tratamiento para el abatimiento de ars\u00e9nico. Seg\u00fan se inform\u00f3, la obra hab\u00eda sido paralizada por el Gobierno nacional y fue reactivada con financiamiento provincial. \u201cHoy es un d\u00eda hist\u00f3rico para Guamin\u00ed porque estamos inaugurando obras estrat\u00e9gicas que no solo van a mejorar la calidad de vida de sus habitantes, sino que tambi\u00e9n van a generar mejores oportunidades para las pr\u00f3ximas generaciones\u201d, remarc\u00f3 Kicillof.<\/p>\n\n\n\n<p><strong>En tanto, la repavimentaci\u00f3n de 23 kil\u00f3metros de la Ruta Provincial 85 demand\u00f3 una inversi\u00f3n de $14.927 millones financiada por la CAF y mejorar\u00e1 la conectividad regional y la circulaci\u00f3n de la producci\u00f3n agropecuaria.<\/strong>&nbsp;Durante la visita, el Gobernador tambi\u00e9n recorri\u00f3 la obra de la nueva Estaci\u00f3n Transformadora y la l\u00ednea de alta tensi\u00f3n que beneficiar\u00e1 a m\u00e1s de 45 mil habitantes de la regi\u00f3n.<\/p>\n\n\n\n<p>La jornada en Guamin\u00ed incluy\u00f3 adem\u00e1s la entrega de 156 escrituras gratuitas y la firma de un convenio para avanzar con el \u201cPlan de Ordenamiento Urbano Guamin\u00ed\u201d. All\u00ed, el mandatario bonaerense volvi\u00f3 a cuestionar la paralizaci\u00f3n de la obra p\u00fablica nacional y asegur\u00f3:\u00a0<strong>\u201cAc\u00e1 est\u00e1 el Gobierno de la Provincia para terminar lo que Milei abandon\u00f3\u201d.<\/strong><\/p>\n","protected":false},"excerpt":{"rendered":"<p>El Gobernador encabez\u00f3 inauguraciones en Coronel Su\u00e1rez y Guamin\u00ed, con foco en educaci\u00f3n, agua potable y conectividad vial. El gobernador de la provincia de Buenos Aires, Axel Kicillof, encabez\u00f3 este martes una intensa agenda de gesti\u00f3n en el interior bonaerense con actividades en los municipios de Coronel Su\u00e1rez y Guamin\u00ed, donde inaugur\u00f3 obras de infraestructura, [&hellip;]<\/p>\n","protected":false},"author":3,"featured_media":24899,"comment_status":"open","ping_status":"open","sticky":false,"template":"","format":"standard","meta":{"_jetpack_memberships_contains_paid_content":false,"footnotes":""},"categories":[8],"tags":[],"class_list":["post-24898","post","type-post","status-publish","format-standard","has-post-thumbnail","hentry","category-provincia"],"yoast_head":"<!-- This site is optimized with the Yoast SEO plugin v24.7 - https:\/\/yoast.com\/wordpress\/plugins\/seo\/ -->\n<title>Kicillof mostr\u00f3 gesti\u00f3n en el interior con obras educativas, viales y de agua potable - Tres Lineas Noticias<\/title>\n<meta name=\"robots\" content=\"index, follow, max-snippet:-1, max-image-preview:large, max-video-preview:-1\" \/>\n<link rel=\"canonical\" href=\"https:\/\/treslineasnoticias.com.ar\/?p=24898\" \/>\n<meta property=\"og:locale\" content=\"es_ES\" \/>\n<meta property=\"og:type\" content=\"article\" \/>\n<meta property=\"og:title\" content=\"Kicillof mostr\u00f3 gesti\u00f3n en el interior con obras educativas, viales y de agua potable - Tres Lineas Noticias\" \/>\n<meta property=\"og:description\" content=\"El Gobernador encabez\u00f3 inauguraciones en Coronel Su\u00e1rez y Guamin\u00ed, con foco en educaci\u00f3n, agua potable y conectividad vial. El gobernador de la provincia de Buenos Aires, Axel Kicillof, encabez\u00f3 este martes una intensa agenda de gesti\u00f3n en el interior bonaerense con actividades en los municipios de Coronel Su\u00e1rez y Guamin\u00ed, donde inaugur\u00f3 obras de infraestructura, [&hellip;]\" \/>\n<meta property=\"og:url\" content=\"https:\/\/treslineasnoticias.com.ar\/?p=24898\" \/>\n<meta property=\"og:site_name\" content=\"Tres Lineas Noticias\" \/>\n<meta property=\"article:published_time\" content=\"2026-04-30T10:03:00+00:00\" \/>\n<meta property=\"og:image\" content=\"https:\/\/treslineasnoticias.com.ar\/wp-content\/uploads\/2026\/04\/DON_0295-1068x712-1.jpg\" \/>\n\t<meta property=\"og:image:width\" content=\"1068\" \/>\n\t<meta property=\"og:image:height\" content=\"712\" \/>\n\t<meta property=\"og:image:type\" content=\"image\/jpeg\" \/>\n<meta name=\"author\" content=\"Horacio L\u00f3pez\" \/>\n<meta name=\"twitter:card\" content=\"summary_large_image\" \/>\n<meta name=\"twitter:label1\" content=\"Escrito por\" \/>\n\t<meta name=\"twitter:data1\" content=\"Horacio L\u00f3pez\" \/>\n\t<meta name=\"twitter:label2\" content=\"Tiempo de lectura\" \/>\n\t<meta name=\"twitter:data2\" content=\"4 minutos\" \/>\n<script type=\"application\/ld+json\" class=\"yoast-schema-graph\">{\"@context\":\"https:\/\/schema.org\",\"@graph\":[{\"@type\":\"WebPage\",\"@id\":\"https:\/\/treslineasnoticias.com.ar\/?p=24898\",\"url\":\"https:\/\/treslineasnoticias.com.ar\/?p=24898\",\"name\":\"Kicillof mostr\u00f3 gesti\u00f3n en el interior con obras educativas, viales y de agua potable - Tres Lineas Noticias\",\"isPartOf\":{\"@id\":\"https:\/\/treslineasnoticias.com.ar\/#website\"},\"primaryImageOfPage\":{\"@id\":\"https:\/\/treslineasnoticias.com.ar\/?p=24898#primaryimage\"},\"image\":{\"@id\":\"https:\/\/treslineasnoticias.com.ar\/?p=24898#primaryimage\"},\"thumbnailUrl\":\"https:\/\/treslineasnoticias.com.ar\/wp-content\/uploads\/2026\/04\/DON_0295-1068x712-1.jpg\",\"datePublished\":\"2026-04-30T10:03:00+00:00\",\"author\":{\"@id\":\"https:\/\/treslineasnoticias.com.ar\/#\/schema\/person\/c5f7249e50517b84c2379b145ca14895\"},\"breadcrumb\":{\"@id\":\"https:\/\/treslineasnoticias.com.ar\/?p=24898#breadcrumb\"},\"inLanguage\":\"es\",\"potentialAction\":[{\"@type\":\"ReadAction\",\"target\":[\"https:\/\/treslineasnoticias.com.ar\/?p=24898\"]}]},{\"@type\":\"ImageObject\",\"inLanguage\":\"es\",\"@id\":\"https:\/\/treslineasnoticias.com.ar\/?p=24898#primaryimage\",\"url\":\"https:\/\/treslineasnoticias.com.ar\/wp-content\/uploads\/2026\/04\/DON_0295-1068x712-1.jpg\",\"contentUrl\":\"https:\/\/treslineasnoticias.com.ar\/wp-content\/uploads\/2026\/04\/DON_0295-1068x712-1.jpg\",\"width\":1068,\"height\":712},{\"@type\":\"BreadcrumbList\",\"@id\":\"https:\/\/treslineasnoticias.com.ar\/?p=24898#breadcrumb\",\"itemListElement\":[{\"@type\":\"ListItem\",\"position\":1,\"name\":\"Portada\",\"item\":\"https:\/\/treslineasnoticias.com.ar\/\"},{\"@type\":\"ListItem\",\"position\":2,\"name\":\"Kicillof mostr\u00f3 gesti\u00f3n en el interior con obras educativas, viales y de agua potable\"}]},{\"@type\":\"WebSite\",\"@id\":\"https:\/\/treslineasnoticias.com.ar\/#website\",\"url\":\"https:\/\/treslineasnoticias.com.ar\/\",\"name\":\"Tres Lineas Noticias\",\"description\":\"\",\"potentialAction\":[{\"@type\":\"SearchAction\",\"target\":{\"@type\":\"EntryPoint\",\"urlTemplate\":\"https:\/\/treslineasnoticias.com.ar\/?s={search_term_string}\"},\"query-input\":{\"@type\":\"PropertyValueSpecification\",\"valueRequired\":true,\"valueName\":\"search_term_string\"}}],\"inLanguage\":\"es\"},{\"@type\":\"Person\",\"@id\":\"https:\/\/treslineasnoticias.com.ar\/#\/schema\/person\/c5f7249e50517b84c2379b145ca14895\",\"name\":\"Horacio L\u00f3pez\",\"image\":{\"@type\":\"ImageObject\",\"inLanguage\":\"es\",\"@id\":\"https:\/\/treslineasnoticias.com.ar\/#\/schema\/person\/image\/\",\"url\":\"https:\/\/treslineasnoticias.com.ar\/wp-content\/litespeed\/avatar\/ddbec442f0224f940ce000570a0cb216.jpg?ver=1777068930\",\"contentUrl\":\"https:\/\/treslineasnoticias.com.ar\/wp-content\/litespeed\/avatar\/ddbec442f0224f940ce000570a0cb216.jpg?ver=1777068930\",\"caption\":\"Horacio L\u00f3pez\"},\"sameAs\":[\"http:\/\/treslineasnoticias.com.ar\"],\"url\":\"https:\/\/treslineasnoticias.com.ar\/?author=3\"}]}<\/script>\n<!-- \/ Yoast SEO plugin. -->","yoast_head_json":{"title":"Kicillof mostr\u00f3 gesti\u00f3n en el interior con obras educativas, viales y de agua potable - Tres Lineas Noticias","robots":{"index":"index","follow":"follow","max-snippet":"max-snippet:-1","max-image-preview":"max-image-preview:large","max-video-preview":"max-video-preview:-1"},"canonical":"https:\/\/treslineasnoticias.com.ar\/?p=24898","og_locale":"es_ES","og_type":"article","og_title":"Kicillof mostr\u00f3 gesti\u00f3n en el interior con obras educativas, viales y de agua potable - Tres Lineas Noticias","og_description":"El Gobernador encabez\u00f3 inauguraciones en Coronel Su\u00e1rez y Guamin\u00ed, con foco en educaci\u00f3n, agua potable y conectividad vial. El gobernador de la provincia de Buenos Aires, Axel Kicillof, encabez\u00f3 este martes una intensa agenda de gesti\u00f3n en el interior bonaerense con actividades en los municipios de Coronel Su\u00e1rez y Guamin\u00ed, donde inaugur\u00f3 obras de infraestructura, [&hellip;]","og_url":"https:\/\/treslineasnoticias.com.ar\/?p=24898","og_site_name":"Tres Lineas Noticias","article_published_time":"2026-04-30T10:03:00+00:00","og_image":[{"width":1068,"height":712,"url":"https:\/\/treslineasnoticias.com.ar\/wp-content\/uploads\/2026\/04\/DON_0295-1068x712-1.jpg","type":"image\/jpeg"}],"author":"Horacio L\u00f3pez","twitter_card":"summary_large_image","twitter_misc":{"Escrito por":"Horacio L\u00f3pez","Tiempo de lectura":"4 minutos"},"schema":{"@context":"https:\/\/schema.org","@graph":[{"@type":"WebPage","@id":"https:\/\/treslineasnoticias.com.ar\/?p=24898","url":"https:\/\/treslineasnoticias.com.ar\/?p=24898","name":"Kicillof mostr\u00f3 gesti\u00f3n en el interior con obras educativas, viales y de agua potable - Tres Lineas Noticias","isPartOf":{"@id":"https:\/\/treslineasnoticias.com.ar\/#website"},"primaryImageOfPage":{"@id":"https:\/\/treslineasnoticias.com.ar\/?p=24898#primaryimage"},"image":{"@id":"https:\/\/treslineasnoticias.com.ar\/?p=24898#primaryimage"},"thumbnailUrl":"https:\/\/treslineasnoticias.com.ar\/wp-content\/uploads\/2026\/04\/DON_0295-1068x712-1.jpg","datePublished":"2026-04-30T10:03:00+00:00","author":{"@id":"https:\/\/treslineasnoticias.com.ar\/#\/schema\/person\/c5f7249e50517b84c2379b145ca14895"},"breadcrumb":{"@id":"https:\/\/treslineasnoticias.com.ar\/?p=24898#breadcrumb"},"inLanguage":"es","potentialAction":[{"@type":"ReadAction","target":["https:\/\/treslineasnoticias.com.ar\/?p=24898"]}]},{"@type":"ImageObject","inLanguage":"es","@id":"https:\/\/treslineasnoticias.com.ar\/?p=24898#primaryimage","url":"https:\/\/treslineasnoticias.com.ar\/wp-content\/uploads\/2026\/04\/DON_0295-1068x712-1.jpg","contentUrl":"https:\/\/treslineasnoticias.com.ar\/wp-content\/uploads\/2026\/04\/DON_0295-1068x712-1.jpg","width":1068,"height":712},{"@type":"BreadcrumbList","@id":"https:\/\/treslineasnoticias.com.ar\/?p=24898#breadcrumb","itemListElement":[{"@type":"ListItem","position":1,"name":"Portada","item":"https:\/\/treslineasnoticias.com.ar\/"},{"@type":"ListItem","position":2,"name":"Kicillof mostr\u00f3 gesti\u00f3n en el interior con obras educativas, viales y de agua potable"}]},{"@type":"WebSite","@id":"https:\/\/treslineasnoticias.com.ar\/#website","url":"https:\/\/treslineasnoticias.com.ar\/","name":"Tres Lineas Noticias","description":"","potentialAction":[{"@type":"SearchAction","target":{"@type":"EntryPoint","urlTemplate":"https:\/\/treslineasnoticias.com.ar\/?s={search_term_string}"},"query-input":{"@type":"PropertyValueSpecification","valueRequired":true,"valueName":"search_term_string"}}],"inLanguage":"es"},{"@type":"Person","@id":"https:\/\/treslineasnoticias.com.ar\/#\/schema\/person\/c5f7249e50517b84c2379b145ca14895","name":"Horacio L\u00f3pez","image":{"@type":"ImageObject","inLanguage":"es","@id":"https:\/\/treslineasnoticias.com.ar\/#\/schema\/person\/image\/","url":"https:\/\/treslineasnoticias.com.ar\/wp-content\/litespeed\/avatar\/ddbec442f0224f940ce000570a0cb216.jpg?ver=1777068930","contentUrl":"https:\/\/treslineasnoticias.com.ar\/wp-content\/litespeed\/avatar\/ddbec442f0224f940ce000570a0cb216.jpg?ver=1777068930","caption":"Horacio L\u00f3pez"},"sameAs":["http:\/\/treslineasnoticias.com.ar"],"url":"https:\/\/treslineasnoticias.com.ar\/?author=3"}]}},"jetpack_featured_media_url":"https:\/\/treslineasnoticias.com.ar\/wp-content\/uploads\/2026\/04\/DON_0295-1068x712-1.jpg","jetpack_sharing_enabled":true,"_links":{"self":[{"href":"https:\/\/treslineasnoticias.com.ar\/index.php?rest_route=\/wp\/v2\/posts\/24898","targetHints":{"allow":["GET"]}}],"collection":[{"href":"https:\/\/treslineasnoticias.com.ar\/index.php?rest_route=\/wp\/v2\/posts"}],"about":[{"href":"https:\/\/treslineasnoticias.com.ar\/index.php?rest_route=\/wp\/v2\/types\/post"}],"author":[{"embeddable":true,"href":"https:\/\/treslineasnoticias.com.ar\/index.php?rest_route=\/wp\/v2\/users\/3"}],"replies":[{"embeddable":true,"href":"https:\/\/treslineasnoticias.com.ar\/index.php?rest_route=%2Fwp%2Fv2%2Fcomments&post=24898"}],"version-history":[{"count":1,"href":"https:\/\/treslineasnoticias.com.ar\/index.php?rest_route=\/wp\/v2\/posts\/24898\/revisions"}],"predecessor-version":[{"id":24902,"href":"https:\/\/treslineasnoticias.com.ar\/index.php?rest_route=\/wp\/v2\/posts\/24898\/revisions\/24902"}],"wp:featuredmedia":[{"embeddable":true,"href":"https:\/\/treslineasnoticias.com.ar\/index.php?rest_route=\/wp\/v2\/media\/24899"}],"wp:attachment":[{"href":"https:\/\/treslineasnoticias.com.ar\/index.php?rest_route=%2Fwp%2Fv2%2Fmedia&parent=24898"}],"wp:term":[{"taxonomy":"category","embeddable":true,"href":"https:\/\/treslineasnoticias.com.ar\/index.php?rest_route=%2Fwp%2Fv2%2Fcategories&post=24898"},{"taxonomy":"post_tag","embeddable":true,"href":"https:\/\/treslineasnoticias.com.ar\/index.php?rest_route=%2Fwp%2Fv2%2Ftags&post=24898"}],"curies":[{"name":"wp","href":"https:\/\/api.w.org\/{rel}","templated":true}]}}