{"id":24906,"date":"2026-04-28T19:18:15","date_gmt":"2026-04-28T22:18:15","guid":{"rendered":"https:\/\/treslineasnoticias.com.ar\/?p=24906"},"modified":"2026-04-29T19:42:08","modified_gmt":"2026-04-29T22:42:08","slug":"carlos-balor-cosecho-tomates-junto-a-estudiantes-que-visitaron-la-huerta-de-bera","status":"publish","type":"post","link":"https:\/\/treslineasnoticias.com.ar\/?p=24906","title":{"rendered":"Carlos Balor cosech\u00f3 tomates junto a estudiantes que visitaron la Huerta de Bera"},"content":{"rendered":"\n<p><strong><em>El intendente de Berazategui, Carlos Balor, cosech\u00f3 tomates junto a estudiantes de una Escuela Primaria y un Jard\u00edn de Infantes durante el inicio del Ciclo de visitas escolares 2026 a La Huerta de Bera. La primera jornada educativa del a\u00f1o cont\u00f3 con la participaci\u00f3n del Jard\u00edn de Infantes N\u00b0 910, del barrio Luz; y de la Escuela Primaria N\u00b0 48, de Bustillo, quienes se acercaron hasta este espacio agroecol\u00f3gico municipal ubicado en Ranelagh (Av. Ranelagh N\u00b0 4076).<\/em><\/strong><\/p>\n\n\n\n<p>Durante la visita, los y las estudiantes pudieron conocer el funcionamiento de esta huerta municipal, gestionada por la Secretar\u00eda de Organizaciones No Gubernamentales (ONG), a cargo de Marcelo Benedetti -quien tambi\u00e9n estuvo presente-. Tambi\u00e9n pudieron recorrer sus instalaciones, junto al equipo de trabajo que sostiene la producci\u00f3n, encabezado por Daiana Cabrera.<\/p>\n\n\n\n<figure class=\"wp-block-image size-large\"><img loading=\"lazy\" decoding=\"async\" width=\"1024\" height=\"683\" src=\"http:\/\/treslineasnoticias.com.ar\/wp-content\/uploads\/2026\/04\/Carlos-Balor-cosecho-tomates-junto-a-estudiantes-que-visitaron-la-Huerta-de-Bera-1-1024x683.jpg\" alt=\"\" class=\"wp-image-24907\" srcset=\"https:\/\/treslineasnoticias.com.ar\/wp-content\/uploads\/2026\/04\/Carlos-Balor-cosecho-tomates-junto-a-estudiantes-que-visitaron-la-Huerta-de-Bera-1-1024x683.jpg 1024w, https:\/\/treslineasnoticias.com.ar\/wp-content\/uploads\/2026\/04\/Carlos-Balor-cosecho-tomates-junto-a-estudiantes-que-visitaron-la-Huerta-de-Bera-1-300x200.jpg 300w, https:\/\/treslineasnoticias.com.ar\/wp-content\/uploads\/2026\/04\/Carlos-Balor-cosecho-tomates-junto-a-estudiantes-que-visitaron-la-Huerta-de-Bera-1-768x512.jpg 768w, https:\/\/treslineasnoticias.com.ar\/wp-content\/uploads\/2026\/04\/Carlos-Balor-cosecho-tomates-junto-a-estudiantes-que-visitaron-la-Huerta-de-Bera-1-1536x1024.jpg 1536w, https:\/\/treslineasnoticias.com.ar\/wp-content\/uploads\/2026\/04\/Carlos-Balor-cosecho-tomates-junto-a-estudiantes-que-visitaron-la-Huerta-de-Bera-1.jpg 2048w\" sizes=\"auto, (max-width: 1024px) 100vw, 1024px\" \/><\/figure>\n\n\n\n<p>\u201cQuiero agradecer la invitaci\u00f3n de Marcelo (Benedetti) y Daiana (Cabrera), y felicitarlos por todo lo que est\u00e1n haciendo en este lugar. Hace unos d\u00edas estuvimos aqu\u00ed, junto al ministro de Desarrollo Agrario bonaerense, Javier Rodr\u00edguez; y realmente quedamos todos encantados con este espacio. Les agradezco el compromiso con este proyecto que -en su momento- impuls\u00f3 nuestro querido Dr. Juan Jos\u00e9 Mussi. Y tambi\u00e9n a las y los docentes por acercar a sus estudiantes a conocer La Huerta de Bera\u201d, expres\u00f3 el intendente Carlos Balor.<\/p>\n\n\n\n<p>Por su parte, Daiana Cabrera se\u00f1al\u00f3: \u201cCon la visita de nuestro intendente Carlos Balor dimos inicio a las primeras excursiones escolares del a\u00f1o. Junto a los alumnos y alumnas del Jard\u00edn N\u00b0 910 y la Primaria N\u00b0 48 recorrimos este espacio agroecol\u00f3gico. Somos la primera huerta educativa municipal de la provincia de Buenos Aires y contamos con un programa de articulaci\u00f3n con las escuelas para que puedan inscribirse y participar de visitas guiadas. Nuestro objetivo es que los chicos y chicas puedan trasladar la experiencia a sus hogares, incorporando h\u00e1bitos saludables y el cuidado del ambiente\u201d.<\/p>\n\n\n\n<p>Inaugurada en 2024, La Huerta de Bera cuenta con un vivero de suculentas y plantines, una huerta de frutas y verduras, un mariposario, un sector de compost, un estanque y un \u00e1rea de producci\u00f3n de hilo de seda, entre otros espacios. Los establecimientos educativos de Berazategui interesados en realizar visitas guiadas pueden solicitar turnos a trav\u00e9s de WhatsApp al 11-2888-3031.<\/p>\n\n\n\n<p>La apertura del ciclo de visitas escolares 2026 a La Huerta de Bera tambi\u00e9n cont\u00f3 con la participaci\u00f3n de los secretarios municipales de Cultura y Educaci\u00f3n, Federico L\u00f3pez; de Desarrollo Social, Recreaci\u00f3n, Turismo y Deportes, Mar\u00eda Laura Lacava; y de Trabajo, Juan Manuel Parra, entre otros integrantes del Gabinete municipal; la inspectora jefa distrital Gladys Ram\u00edrez; y el presidente del Consejo Escolar de Berazategui, Fernando Cardozo.<\/p>\n","protected":false},"excerpt":{"rendered":"<p>El intendente de Berazategui, Carlos Balor, cosech\u00f3 tomates junto a estudiantes de una Escuela Primaria y un Jard\u00edn de Infantes durante el inicio del Ciclo de visitas escolares 2026 a La Huerta de Bera. La primera jornada educativa del a\u00f1o cont\u00f3 con la participaci\u00f3n del Jard\u00edn de Infantes N\u00b0 910, del barrio Luz; y de [&hellip;]<\/p>\n","protected":false},"author":3,"featured_media":24908,"comment_status":"open","ping_status":"open","sticky":false,"template":"","format":"standard","meta":{"_jetpack_memberships_contains_paid_content":false,"footnotes":""},"categories":[4],"tags":[],"class_list":["post-24906","post","type-post","status-publish","format-standard","has-post-thumbnail","hentry","category-berazategui"],"yoast_head":"<!-- This site is optimized with the Yoast SEO plugin v24.7 - https:\/\/yoast.com\/wordpress\/plugins\/seo\/ -->\n<title>Carlos Balor cosech\u00f3 tomates junto a estudiantes que visitaron la Huerta de Bera - Tres Lineas Noticias<\/title>\n<meta name=\"robots\" content=\"index, follow, max-snippet:-1, max-image-preview:large, max-video-preview:-1\" \/>\n<link rel=\"canonical\" href=\"https:\/\/treslineasnoticias.com.ar\/?p=24906\" \/>\n<meta property=\"og:locale\" content=\"es_ES\" \/>\n<meta property=\"og:type\" content=\"article\" \/>\n<meta property=\"og:title\" content=\"Carlos Balor cosech\u00f3 tomates junto a estudiantes que visitaron la Huerta de Bera - Tres Lineas Noticias\" \/>\n<meta property=\"og:description\" content=\"El intendente de Berazategui, Carlos Balor, cosech\u00f3 tomates junto a estudiantes de una Escuela Primaria y un Jard\u00edn de Infantes durante el inicio del Ciclo de visitas escolares 2026 a La Huerta de Bera. La primera jornada educativa del a\u00f1o cont\u00f3 con la participaci\u00f3n del Jard\u00edn de Infantes N\u00b0 910, del barrio Luz; y de [&hellip;]\" \/>\n<meta property=\"og:url\" content=\"https:\/\/treslineasnoticias.com.ar\/?p=24906\" \/>\n<meta property=\"og:site_name\" content=\"Tres Lineas Noticias\" \/>\n<meta property=\"article:published_time\" content=\"2026-04-28T22:18:15+00:00\" \/>\n<meta property=\"article:modified_time\" content=\"2026-04-29T22:42:08+00:00\" \/>\n<meta property=\"og:image\" content=\"http:\/\/treslineasnoticias.com.ar\/wp-content\/uploads\/2026\/04\/Carlos-Balor-cosecho-tomates-junto-a-estudiantes-que-visitaron-la-Huerta-de-Bera-3.jpg\" \/>\n\t<meta property=\"og:image:width\" content=\"1920\" \/>\n\t<meta property=\"og:image:height\" content=\"1280\" \/>\n\t<meta property=\"og:image:type\" content=\"image\/jpeg\" \/>\n<meta name=\"author\" content=\"Horacio L\u00f3pez\" \/>\n<meta name=\"twitter:card\" content=\"summary_large_image\" \/>\n<meta name=\"twitter:label1\" content=\"Escrito por\" \/>\n\t<meta name=\"twitter:data1\" content=\"Horacio L\u00f3pez\" \/>\n\t<meta name=\"twitter:label2\" content=\"Tiempo de lectura\" \/>\n\t<meta name=\"twitter:data2\" content=\"3 minutos\" \/>\n<script type=\"application\/ld+json\" class=\"yoast-schema-graph\">{\"@context\":\"https:\/\/schema.org\",\"@graph\":[{\"@type\":\"WebPage\",\"@id\":\"https:\/\/treslineasnoticias.com.ar\/?p=24906\",\"url\":\"https:\/\/treslineasnoticias.com.ar\/?p=24906\",\"name\":\"Carlos Balor cosech\u00f3 tomates junto a estudiantes que visitaron la Huerta de Bera - Tres Lineas Noticias\",\"isPartOf\":{\"@id\":\"https:\/\/treslineasnoticias.com.ar\/#website\"},\"primaryImageOfPage\":{\"@id\":\"https:\/\/treslineasnoticias.com.ar\/?p=24906#primaryimage\"},\"image\":{\"@id\":\"https:\/\/treslineasnoticias.com.ar\/?p=24906#primaryimage\"},\"thumbnailUrl\":\"https:\/\/treslineasnoticias.com.ar\/wp-content\/uploads\/2026\/04\/Carlos-Balor-cosecho-tomates-junto-a-estudiantes-que-visitaron-la-Huerta-de-Bera-3.jpg\",\"datePublished\":\"2026-04-28T22:18:15+00:00\",\"dateModified\":\"2026-04-29T22:42:08+00:00\",\"author\":{\"@id\":\"https:\/\/treslineasnoticias.com.ar\/#\/schema\/person\/c5f7249e50517b84c2379b145ca14895\"},\"breadcrumb\":{\"@id\":\"https:\/\/treslineasnoticias.com.ar\/?p=24906#breadcrumb\"},\"inLanguage\":\"es\",\"potentialAction\":[{\"@type\":\"ReadAction\",\"target\":[\"https:\/\/treslineasnoticias.com.ar\/?p=24906\"]}]},{\"@type\":\"ImageObject\",\"inLanguage\":\"es\",\"@id\":\"https:\/\/treslineasnoticias.com.ar\/?p=24906#primaryimage\",\"url\":\"https:\/\/treslineasnoticias.com.ar\/wp-content\/uploads\/2026\/04\/Carlos-Balor-cosecho-tomates-junto-a-estudiantes-que-visitaron-la-Huerta-de-Bera-3.jpg\",\"contentUrl\":\"https:\/\/treslineasnoticias.com.ar\/wp-content\/uploads\/2026\/04\/Carlos-Balor-cosecho-tomates-junto-a-estudiantes-que-visitaron-la-Huerta-de-Bera-3.jpg\",\"width\":1920,\"height\":1280},{\"@type\":\"BreadcrumbList\",\"@id\":\"https:\/\/treslineasnoticias.com.ar\/?p=24906#breadcrumb\",\"itemListElement\":[{\"@type\":\"ListItem\",\"position\":1,\"name\":\"Portada\",\"item\":\"https:\/\/treslineasnoticias.com.ar\/\"},{\"@type\":\"ListItem\",\"position\":2,\"name\":\"Carlos Balor cosech\u00f3 tomates junto a estudiantes que visitaron la Huerta de Bera\"}]},{\"@type\":\"WebSite\",\"@id\":\"https:\/\/treslineasnoticias.com.ar\/#website\",\"url\":\"https:\/\/treslineasnoticias.com.ar\/\",\"name\":\"Tres Lineas Noticias\",\"description\":\"\",\"potentialAction\":[{\"@type\":\"SearchAction\",\"target\":{\"@type\":\"EntryPoint\",\"urlTemplate\":\"https:\/\/treslineasnoticias.com.ar\/?s={search_term_string}\"},\"query-input\":{\"@type\":\"PropertyValueSpecification\",\"valueRequired\":true,\"valueName\":\"search_term_string\"}}],\"inLanguage\":\"es\"},{\"@type\":\"Person\",\"@id\":\"https:\/\/treslineasnoticias.com.ar\/#\/schema\/person\/c5f7249e50517b84c2379b145ca14895\",\"name\":\"Horacio L\u00f3pez\",\"image\":{\"@type\":\"ImageObject\",\"inLanguage\":\"es\",\"@id\":\"https:\/\/treslineasnoticias.com.ar\/#\/schema\/person\/image\/\",\"url\":\"https:\/\/treslineasnoticias.com.ar\/wp-content\/litespeed\/avatar\/ddbec442f0224f940ce000570a0cb216.jpg?ver=1777068930\",\"contentUrl\":\"https:\/\/treslineasnoticias.com.ar\/wp-content\/litespeed\/avatar\/ddbec442f0224f940ce000570a0cb216.jpg?ver=1777068930\",\"caption\":\"Horacio L\u00f3pez\"},\"sameAs\":[\"http:\/\/treslineasnoticias.com.ar\"],\"url\":\"https:\/\/treslineasnoticias.com.ar\/?author=3\"}]}<\/script>\n<!-- \/ Yoast SEO plugin. -->","yoast_head_json":{"title":"Carlos Balor cosech\u00f3 tomates junto a estudiantes que visitaron la Huerta de Bera - Tres Lineas Noticias","robots":{"index":"index","follow":"follow","max-snippet":"max-snippet:-1","max-image-preview":"max-image-preview:large","max-video-preview":"max-video-preview:-1"},"canonical":"https:\/\/treslineasnoticias.com.ar\/?p=24906","og_locale":"es_ES","og_type":"article","og_title":"Carlos Balor cosech\u00f3 tomates junto a estudiantes que visitaron la Huerta de Bera - Tres Lineas Noticias","og_description":"El intendente de Berazategui, Carlos Balor, cosech\u00f3 tomates junto a estudiantes de una Escuela Primaria y un Jard\u00edn de Infantes durante el inicio del Ciclo de visitas escolares 2026 a La Huerta de Bera. La primera jornada educativa del a\u00f1o cont\u00f3 con la participaci\u00f3n del Jard\u00edn de Infantes N\u00b0 910, del barrio Luz; y de [&hellip;]","og_url":"https:\/\/treslineasnoticias.com.ar\/?p=24906","og_site_name":"Tres Lineas Noticias","article_published_time":"2026-04-28T22:18:15+00:00","article_modified_time":"2026-04-29T22:42:08+00:00","og_image":[{"width":1920,"height":1280,"url":"http:\/\/treslineasnoticias.com.ar\/wp-content\/uploads\/2026\/04\/Carlos-Balor-cosecho-tomates-junto-a-estudiantes-que-visitaron-la-Huerta-de-Bera-3.jpg","type":"image\/jpeg"}],"author":"Horacio L\u00f3pez","twitter_card":"summary_large_image","twitter_misc":{"Escrito por":"Horacio L\u00f3pez","Tiempo de lectura":"3 minutos"},"schema":{"@context":"https:\/\/schema.org","@graph":[{"@type":"WebPage","@id":"https:\/\/treslineasnoticias.com.ar\/?p=24906","url":"https:\/\/treslineasnoticias.com.ar\/?p=24906","name":"Carlos Balor cosech\u00f3 tomates junto a estudiantes que visitaron la Huerta de Bera - Tres Lineas Noticias","isPartOf":{"@id":"https:\/\/treslineasnoticias.com.ar\/#website"},"primaryImageOfPage":{"@id":"https:\/\/treslineasnoticias.com.ar\/?p=24906#primaryimage"},"image":{"@id":"https:\/\/treslineasnoticias.com.ar\/?p=24906#primaryimage"},"thumbnailUrl":"https:\/\/treslineasnoticias.com.ar\/wp-content\/uploads\/2026\/04\/Carlos-Balor-cosecho-tomates-junto-a-estudiantes-que-visitaron-la-Huerta-de-Bera-3.jpg","datePublished":"2026-04-28T22:18:15+00:00","dateModified":"2026-04-29T22:42:08+00:00","author":{"@id":"https:\/\/treslineasnoticias.com.ar\/#\/schema\/person\/c5f7249e50517b84c2379b145ca14895"},"breadcrumb":{"@id":"https:\/\/treslineasnoticias.com.ar\/?p=24906#breadcrumb"},"inLanguage":"es","potentialAction":[{"@type":"ReadAction","target":["https:\/\/treslineasnoticias.com.ar\/?p=24906"]}]},{"@type":"ImageObject","inLanguage":"es","@id":"https:\/\/treslineasnoticias.com.ar\/?p=24906#primaryimage","url":"https:\/\/treslineasnoticias.com.ar\/wp-content\/uploads\/2026\/04\/Carlos-Balor-cosecho-tomates-junto-a-estudiantes-que-visitaron-la-Huerta-de-Bera-3.jpg","contentUrl":"https:\/\/treslineasnoticias.com.ar\/wp-content\/uploads\/2026\/04\/Carlos-Balor-cosecho-tomates-junto-a-estudiantes-que-visitaron-la-Huerta-de-Bera-3.jpg","width":1920,"height":1280},{"@type":"BreadcrumbList","@id":"https:\/\/treslineasnoticias.com.ar\/?p=24906#breadcrumb","itemListElement":[{"@type":"ListItem","position":1,"name":"Portada","item":"https:\/\/treslineasnoticias.com.ar\/"},{"@type":"ListItem","position":2,"name":"Carlos Balor cosech\u00f3 tomates junto a estudiantes que visitaron la Huerta de Bera"}]},{"@type":"WebSite","@id":"https:\/\/treslineasnoticias.com.ar\/#website","url":"https:\/\/treslineasnoticias.com.ar\/","name":"Tres Lineas Noticias","description":"","potentialAction":[{"@type":"SearchAction","target":{"@type":"EntryPoint","urlTemplate":"https:\/\/treslineasnoticias.com.ar\/?s={search_term_string}"},"query-input":{"@type":"PropertyValueSpecification","valueRequired":true,"valueName":"search_term_string"}}],"inLanguage":"es"},{"@type":"Person","@id":"https:\/\/treslineasnoticias.com.ar\/#\/schema\/person\/c5f7249e50517b84c2379b145ca14895","name":"Horacio L\u00f3pez","image":{"@type":"ImageObject","inLanguage":"es","@id":"https:\/\/treslineasnoticias.com.ar\/#\/schema\/person\/image\/","url":"https:\/\/treslineasnoticias.com.ar\/wp-content\/litespeed\/avatar\/ddbec442f0224f940ce000570a0cb216.jpg?ver=1777068930","contentUrl":"https:\/\/treslineasnoticias.com.ar\/wp-content\/litespeed\/avatar\/ddbec442f0224f940ce000570a0cb216.jpg?ver=1777068930","caption":"Horacio L\u00f3pez"},"sameAs":["http:\/\/treslineasnoticias.com.ar"],"url":"https:\/\/treslineasnoticias.com.ar\/?author=3"}]}},"jetpack_featured_media_url":"https:\/\/treslineasnoticias.com.ar\/wp-content\/uploads\/2026\/04\/Carlos-Balor-cosecho-tomates-junto-a-estudiantes-que-visitaron-la-Huerta-de-Bera-3.jpg","jetpack_sharing_enabled":true,"_links":{"self":[{"href":"https:\/\/treslineasnoticias.com.ar\/index.php?rest_route=\/wp\/v2\/posts\/24906","targetHints":{"allow":["GET"]}}],"collection":[{"href":"https:\/\/treslineasnoticias.com.ar\/index.php?rest_route=\/wp\/v2\/posts"}],"about":[{"href":"https:\/\/treslineasnoticias.com.ar\/index.php?rest_route=\/wp\/v2\/types\/post"}],"author":[{"embeddable":true,"href":"https:\/\/treslineasnoticias.com.ar\/index.php?rest_route=\/wp\/v2\/users\/3"}],"replies":[{"embeddable":true,"href":"https:\/\/treslineasnoticias.com.ar\/index.php?rest_route=%2Fwp%2Fv2%2Fcomments&post=24906"}],"version-history":[{"count":1,"href":"https:\/\/treslineasnoticias.com.ar\/index.php?rest_route=\/wp\/v2\/posts\/24906\/revisions"}],"predecessor-version":[{"id":24910,"href":"https:\/\/treslineasnoticias.com.ar\/index.php?rest_route=\/wp\/v2\/posts\/24906\/revisions\/24910"}],"wp:featuredmedia":[{"embeddable":true,"href":"https:\/\/treslineasnoticias.com.ar\/index.php?rest_route=\/wp\/v2\/media\/24908"}],"wp:attachment":[{"href":"https:\/\/treslineasnoticias.com.ar\/index.php?rest_route=%2Fwp%2Fv2%2Fmedia&parent=24906"}],"wp:term":[{"taxonomy":"category","embeddable":true,"href":"https:\/\/treslineasnoticias.com.ar\/index.php?rest_route=%2Fwp%2Fv2%2Fcategories&post=24906"},{"taxonomy":"post_tag","embeddable":true,"href":"https:\/\/treslineasnoticias.com.ar\/index.php?rest_route=%2Fwp%2Fv2%2Ftags&post=24906"}],"curies":[{"name":"wp","href":"https:\/\/api.w.org\/{rel}","templated":true}]}}