{"id":24911,"date":"2026-04-29T15:45:00","date_gmt":"2026-04-29T18:45:00","guid":{"rendered":"https:\/\/treslineasnoticias.com.ar\/?p=24911"},"modified":"2026-04-30T09:59:05","modified_gmt":"2026-04-30T12:59:05","slug":"practicas-educativas-en-ambientes-laborales","status":"publish","type":"post","link":"https:\/\/treslineasnoticias.com.ar\/?p=24911","title":{"rendered":"Pr\u00e1cticas educativas en ambientes laborales"},"content":{"rendered":"\n<p><strong><em>Encuentro de trabajo y planificaci\u00f3n de la mesa distrital COPRET 2026. El Municipio de Quilmes informa que con la participaci\u00f3n de la intendenta interina, Eva Mieri, se llev\u00f3 a cabo en Quilmes TEC, ubicado en Lamadrid al 1500, en la zona oeste del distrito, el primer encuentro 2026 de la Mesa Distrital de Educaci\u00f3n, Trabajo y Producci\u00f3n del COPRET Quilmes, espacio que este a\u00f1o cumple su s\u00e9ptimo a\u00f1o de funcionamiento ininterrumpido. Del encuentro participaron autoridades y referentes del sistema educativo, el municipio y el mundo del trabajo, con el objetivo de presentar la agenda de trabajo 2026 y repasar los resultados alcanzados durante 2025.<\/em><\/strong><\/p>\n\n\n\n<p>\u201cEn este contexto que estamos atravesando a nivel pa\u00eds, provincia y, obviamente, distrito, que no escapa a la realidad de lo dif\u00edcil del acceso al trabajo, sobre todo para nuestras juventudes, estos espacios son fundamentales para poner nuevamente en el centro no solo las nuevas formas de trabajo, sino tambi\u00e9n las nuevas tecnolog\u00edas, y poner a la formaci\u00f3n en el centro de la escena para que podamos, juntos el Estado Municipal, las instituciones educativas y el sector productivo, hacer una sinergia y generar mayores posibilidades para todos y todas\u201d, sostuvo Eva.<\/p>\n\n\n\n<figure class=\"wp-block-image size-large is-resized\"><img loading=\"lazy\" decoding=\"async\" width=\"1024\" height=\"682\" src=\"http:\/\/treslineasnoticias.com.ar\/wp-content\/uploads\/2026\/04\/ENCUENTRO-DE-TRABAJO-Y-PLANIFICACION-DE-LA-MESA-DISTRITAL-COPRET-2026-3-1024x682.jpg\" alt=\"\" class=\"wp-image-24912\" style=\"width:829px;height:auto\" srcset=\"https:\/\/treslineasnoticias.com.ar\/wp-content\/uploads\/2026\/04\/ENCUENTRO-DE-TRABAJO-Y-PLANIFICACION-DE-LA-MESA-DISTRITAL-COPRET-2026-3-1024x682.jpg 1024w, https:\/\/treslineasnoticias.com.ar\/wp-content\/uploads\/2026\/04\/ENCUENTRO-DE-TRABAJO-Y-PLANIFICACION-DE-LA-MESA-DISTRITAL-COPRET-2026-3-300x200.jpg 300w, https:\/\/treslineasnoticias.com.ar\/wp-content\/uploads\/2026\/04\/ENCUENTRO-DE-TRABAJO-Y-PLANIFICACION-DE-LA-MESA-DISTRITAL-COPRET-2026-3-768x512.jpg 768w, https:\/\/treslineasnoticias.com.ar\/wp-content\/uploads\/2026\/04\/ENCUENTRO-DE-TRABAJO-Y-PLANIFICACION-DE-LA-MESA-DISTRITAL-COPRET-2026-3-1536x1023.jpg 1536w, https:\/\/treslineasnoticias.com.ar\/wp-content\/uploads\/2026\/04\/ENCUENTRO-DE-TRABAJO-Y-PLANIFICACION-DE-LA-MESA-DISTRITAL-COPRET-2026-3.jpg 1600w\" sizes=\"auto, (max-width: 1024px) 100vw, 1024px\" \/><\/figure>\n\n\n\n<p>Por su parte, la secretaria de Educaci\u00f3n y Culturas, Evangelina Ram\u00edrez, coment\u00f3 que \u201csin duda, esta mesa es fundamental en las acciones como pol\u00edtica p\u00fablica que se llevan adelante desde el Municipio\u201d. En tanto, su par de la Agencia de Fiscalizaci\u00f3n y Desarrollo Econ\u00f3mico Juli\u00e1n Bellido, se\u00f1al\u00f3: \u201cTenemos que volver a construir a favor de la producci\u00f3n, a favor del trabajo. No nos tienen que vencer estos tiempos complejos marcados por pol\u00edticas nacionales que, obviamente, ajustan en la educaci\u00f3n y ni hablar en el trabajo\u201d.<\/p>\n\n\n\n<p>La jornada reuni\u00f3 a representantes de escuelas t\u00e9cnicas, referentes de la educaci\u00f3n t\u00e9cnica profesional y a diversas empresas del \u00e1mbito productivo, con el objetivo de fortalecer las redes de colaboraci\u00f3n y compartir experiencias vinculadas a las pr\u00e1cticas profesionalizantes que realizan j\u00f3venes estudiantes en espacios de trabajo reales.<\/p>\n\n\n\n<p>La Mesa Distrital de Educaci\u00f3n, Trabajo y Producci\u00f3n de Quilmes, articulada entre el Municipio, la Jefatura Distrital, la Direcci\u00f3n Provincial y COPRET, funciona como un espacio de coordinaci\u00f3n orientado a mejorar la inserci\u00f3n de j\u00f3venes en estudios superiores y el mundo laboral.<\/p>\n\n\n\n<p>El evento comenz\u00f3 con palabras de bienvenida de las autoridades presentes, la presentaci\u00f3n institucional del COPRET y de la Mesa Distrital Quilmes. Estas \u00faltimas, buscan fortalecer la articulaci\u00f3n del sistema educativo bonaerense con actores del sector privado y de la econom\u00eda social. La referenta territorial de COPRET, Florencia Barbelli, afirm\u00f3: \u201cLa cuesti\u00f3n de pensar estos proyectos tiene que ver con que los y las estudiantes puedan transitar su formaci\u00f3n de la mejor manera, es fomentar el derecho a estudiar y trabajar\u201d.<\/p>\n\n\n\n<figure class=\"wp-block-image size-large is-resized\"><img loading=\"lazy\" decoding=\"async\" width=\"1024\" height=\"682\" src=\"http:\/\/treslineasnoticias.com.ar\/wp-content\/uploads\/2026\/04\/ENCUENTRO-DE-TRABAJO-Y-PLANIFICACION-DE-LA-MESA-DISTRITAL-COPRET-2026-2-1024x682.jpg\" alt=\"\" class=\"wp-image-24913\" style=\"width:829px;height:auto\" srcset=\"https:\/\/treslineasnoticias.com.ar\/wp-content\/uploads\/2026\/04\/ENCUENTRO-DE-TRABAJO-Y-PLANIFICACION-DE-LA-MESA-DISTRITAL-COPRET-2026-2-1024x682.jpg 1024w, https:\/\/treslineasnoticias.com.ar\/wp-content\/uploads\/2026\/04\/ENCUENTRO-DE-TRABAJO-Y-PLANIFICACION-DE-LA-MESA-DISTRITAL-COPRET-2026-2-300x200.jpg 300w, https:\/\/treslineasnoticias.com.ar\/wp-content\/uploads\/2026\/04\/ENCUENTRO-DE-TRABAJO-Y-PLANIFICACION-DE-LA-MESA-DISTRITAL-COPRET-2026-2-768x512.jpg 768w, https:\/\/treslineasnoticias.com.ar\/wp-content\/uploads\/2026\/04\/ENCUENTRO-DE-TRABAJO-Y-PLANIFICACION-DE-LA-MESA-DISTRITAL-COPRET-2026-2.jpg 1280w\" sizes=\"auto, (max-width: 1024px) 100vw, 1024px\" \/><\/figure>\n\n\n\n<p>La Mesa Distrital Quilmes tambi\u00e9n trabaj\u00f3 en la planificaci\u00f3n de la oferta formativa 2026 de los centros de formaci\u00f3n profesional, abordando continuidades y cambios en cursos y trayectos, e implement\u00f3 la iniciativa local Proyecto ATV (Acompa\u00f1ando las Trayectorias Vitales) junto a instituciones de educaci\u00f3n especial.<\/p>\n\n\n\n<p>Participaron tambi\u00e9n de la actividad la subsecretaria de Educaci\u00f3n, Florencia Sierra y su par de Desarrollo Econ\u00f3mico, Federico D&#8217;Angelo; los directores generales de Educaci\u00f3n, Leonardo Casazza, y de Formaci\u00f3n Laboral y secretario coordinador de la Mesa Distrital de COPRET, Franco Montali; el inspector jefe Regional de Educaci\u00f3n, Pablo Vinuesa; la inspectora jefa Distrital, Florencia Elvino y la inspectora de Educaci\u00f3n T\u00e9cnica, Claudia Rodr\u00edguez, adem\u00e1s de directivos de escuelas Secundarias, Especiales, Terciarias, y de universidades; y de CFL y CFP, entre otros.<\/p>\n","protected":false},"excerpt":{"rendered":"<p>Encuentro de trabajo y planificaci\u00f3n de la mesa distrital COPRET 2026. El Municipio de Quilmes informa que con la participaci\u00f3n de la intendenta interina, Eva Mieri, se llev\u00f3 a cabo en Quilmes TEC, ubicado en Lamadrid al 1500, en la zona oeste del distrito, el primer encuentro 2026 de la Mesa Distrital de Educaci\u00f3n, Trabajo [&hellip;]<\/p>\n","protected":false},"author":3,"featured_media":24914,"comment_status":"open","ping_status":"open","sticky":false,"template":"","format":"standard","meta":{"_jetpack_memberships_contains_paid_content":false,"footnotes":""},"categories":[5],"tags":[],"class_list":["post-24911","post","type-post","status-publish","format-standard","has-post-thumbnail","hentry","category-quilmes"],"yoast_head":"<!-- This site is optimized with the Yoast SEO plugin v24.7 - https:\/\/yoast.com\/wordpress\/plugins\/seo\/ -->\n<title>Pr\u00e1cticas educativas en ambientes laborales - Tres Lineas Noticias<\/title>\n<meta name=\"robots\" content=\"index, follow, max-snippet:-1, max-image-preview:large, max-video-preview:-1\" \/>\n<link rel=\"canonical\" href=\"https:\/\/treslineasnoticias.com.ar\/?p=24911\" \/>\n<meta property=\"og:locale\" content=\"es_ES\" \/>\n<meta property=\"og:type\" content=\"article\" \/>\n<meta property=\"og:title\" content=\"Pr\u00e1cticas educativas en ambientes laborales - Tres Lineas Noticias\" \/>\n<meta property=\"og:description\" content=\"Encuentro de trabajo y planificaci\u00f3n de la mesa distrital COPRET 2026. El Municipio de Quilmes informa que con la participaci\u00f3n de la intendenta interina, Eva Mieri, se llev\u00f3 a cabo en Quilmes TEC, ubicado en Lamadrid al 1500, en la zona oeste del distrito, el primer encuentro 2026 de la Mesa Distrital de Educaci\u00f3n, Trabajo [&hellip;]\" \/>\n<meta property=\"og:url\" content=\"https:\/\/treslineasnoticias.com.ar\/?p=24911\" \/>\n<meta property=\"og:site_name\" content=\"Tres Lineas Noticias\" \/>\n<meta property=\"article:published_time\" content=\"2026-04-29T18:45:00+00:00\" \/>\n<meta property=\"article:modified_time\" content=\"2026-04-30T12:59:05+00:00\" \/>\n<meta property=\"og:image\" content=\"http:\/\/treslineasnoticias.com.ar\/wp-content\/uploads\/2026\/04\/ENCUENTRO-DE-TRABAJO-Y-PLANIFICACION-DE-LA-MESA-DISTRITAL-COPRET-2026-1.jpg\" \/>\n\t<meta property=\"og:image:width\" content=\"1600\" \/>\n\t<meta property=\"og:image:height\" content=\"1247\" \/>\n\t<meta property=\"og:image:type\" content=\"image\/jpeg\" \/>\n<meta name=\"author\" content=\"Horacio L\u00f3pez\" \/>\n<meta name=\"twitter:card\" content=\"summary_large_image\" \/>\n<meta name=\"twitter:label1\" content=\"Escrito por\" \/>\n\t<meta name=\"twitter:data1\" content=\"Horacio L\u00f3pez\" \/>\n\t<meta name=\"twitter:label2\" content=\"Tiempo de lectura\" \/>\n\t<meta name=\"twitter:data2\" content=\"4 minutos\" \/>\n<script type=\"application\/ld+json\" class=\"yoast-schema-graph\">{\"@context\":\"https:\/\/schema.org\",\"@graph\":[{\"@type\":\"WebPage\",\"@id\":\"https:\/\/treslineasnoticias.com.ar\/?p=24911\",\"url\":\"https:\/\/treslineasnoticias.com.ar\/?p=24911\",\"name\":\"Pr\u00e1cticas educativas en ambientes laborales - Tres Lineas Noticias\",\"isPartOf\":{\"@id\":\"https:\/\/treslineasnoticias.com.ar\/#website\"},\"primaryImageOfPage\":{\"@id\":\"https:\/\/treslineasnoticias.com.ar\/?p=24911#primaryimage\"},\"image\":{\"@id\":\"https:\/\/treslineasnoticias.com.ar\/?p=24911#primaryimage\"},\"thumbnailUrl\":\"https:\/\/treslineasnoticias.com.ar\/wp-content\/uploads\/2026\/04\/ENCUENTRO-DE-TRABAJO-Y-PLANIFICACION-DE-LA-MESA-DISTRITAL-COPRET-2026-1.jpg\",\"datePublished\":\"2026-04-29T18:45:00+00:00\",\"dateModified\":\"2026-04-30T12:59:05+00:00\",\"author\":{\"@id\":\"https:\/\/treslineasnoticias.com.ar\/#\/schema\/person\/c5f7249e50517b84c2379b145ca14895\"},\"breadcrumb\":{\"@id\":\"https:\/\/treslineasnoticias.com.ar\/?p=24911#breadcrumb\"},\"inLanguage\":\"es\",\"potentialAction\":[{\"@type\":\"ReadAction\",\"target\":[\"https:\/\/treslineasnoticias.com.ar\/?p=24911\"]}]},{\"@type\":\"ImageObject\",\"inLanguage\":\"es\",\"@id\":\"https:\/\/treslineasnoticias.com.ar\/?p=24911#primaryimage\",\"url\":\"https:\/\/treslineasnoticias.com.ar\/wp-content\/uploads\/2026\/04\/ENCUENTRO-DE-TRABAJO-Y-PLANIFICACION-DE-LA-MESA-DISTRITAL-COPRET-2026-1.jpg\",\"contentUrl\":\"https:\/\/treslineasnoticias.com.ar\/wp-content\/uploads\/2026\/04\/ENCUENTRO-DE-TRABAJO-Y-PLANIFICACION-DE-LA-MESA-DISTRITAL-COPRET-2026-1.jpg\",\"width\":1600,\"height\":1247},{\"@type\":\"BreadcrumbList\",\"@id\":\"https:\/\/treslineasnoticias.com.ar\/?p=24911#breadcrumb\",\"itemListElement\":[{\"@type\":\"ListItem\",\"position\":1,\"name\":\"Portada\",\"item\":\"https:\/\/treslineasnoticias.com.ar\/\"},{\"@type\":\"ListItem\",\"position\":2,\"name\":\"Pr\u00e1cticas educativas en ambientes laborales\"}]},{\"@type\":\"WebSite\",\"@id\":\"https:\/\/treslineasnoticias.com.ar\/#website\",\"url\":\"https:\/\/treslineasnoticias.com.ar\/\",\"name\":\"Tres Lineas Noticias\",\"description\":\"\",\"potentialAction\":[{\"@type\":\"SearchAction\",\"target\":{\"@type\":\"EntryPoint\",\"urlTemplate\":\"https:\/\/treslineasnoticias.com.ar\/?s={search_term_string}\"},\"query-input\":{\"@type\":\"PropertyValueSpecification\",\"valueRequired\":true,\"valueName\":\"search_term_string\"}}],\"inLanguage\":\"es\"},{\"@type\":\"Person\",\"@id\":\"https:\/\/treslineasnoticias.com.ar\/#\/schema\/person\/c5f7249e50517b84c2379b145ca14895\",\"name\":\"Horacio L\u00f3pez\",\"image\":{\"@type\":\"ImageObject\",\"inLanguage\":\"es\",\"@id\":\"https:\/\/treslineasnoticias.com.ar\/#\/schema\/person\/image\/\",\"url\":\"https:\/\/treslineasnoticias.com.ar\/wp-content\/litespeed\/avatar\/ddbec442f0224f940ce000570a0cb216.jpg?ver=1777068930\",\"contentUrl\":\"https:\/\/treslineasnoticias.com.ar\/wp-content\/litespeed\/avatar\/ddbec442f0224f940ce000570a0cb216.jpg?ver=1777068930\",\"caption\":\"Horacio L\u00f3pez\"},\"sameAs\":[\"http:\/\/treslineasnoticias.com.ar\"],\"url\":\"https:\/\/treslineasnoticias.com.ar\/?author=3\"}]}<\/script>\n<!-- \/ Yoast SEO plugin. -->","yoast_head_json":{"title":"Pr\u00e1cticas educativas en ambientes laborales - Tres Lineas Noticias","robots":{"index":"index","follow":"follow","max-snippet":"max-snippet:-1","max-image-preview":"max-image-preview:large","max-video-preview":"max-video-preview:-1"},"canonical":"https:\/\/treslineasnoticias.com.ar\/?p=24911","og_locale":"es_ES","og_type":"article","og_title":"Pr\u00e1cticas educativas en ambientes laborales - Tres Lineas Noticias","og_description":"Encuentro de trabajo y planificaci\u00f3n de la mesa distrital COPRET 2026. El Municipio de Quilmes informa que con la participaci\u00f3n de la intendenta interina, Eva Mieri, se llev\u00f3 a cabo en Quilmes TEC, ubicado en Lamadrid al 1500, en la zona oeste del distrito, el primer encuentro 2026 de la Mesa Distrital de Educaci\u00f3n, Trabajo [&hellip;]","og_url":"https:\/\/treslineasnoticias.com.ar\/?p=24911","og_site_name":"Tres Lineas Noticias","article_published_time":"2026-04-29T18:45:00+00:00","article_modified_time":"2026-04-30T12:59:05+00:00","og_image":[{"width":1600,"height":1247,"url":"http:\/\/treslineasnoticias.com.ar\/wp-content\/uploads\/2026\/04\/ENCUENTRO-DE-TRABAJO-Y-PLANIFICACION-DE-LA-MESA-DISTRITAL-COPRET-2026-1.jpg","type":"image\/jpeg"}],"author":"Horacio L\u00f3pez","twitter_card":"summary_large_image","twitter_misc":{"Escrito por":"Horacio L\u00f3pez","Tiempo de lectura":"4 minutos"},"schema":{"@context":"https:\/\/schema.org","@graph":[{"@type":"WebPage","@id":"https:\/\/treslineasnoticias.com.ar\/?p=24911","url":"https:\/\/treslineasnoticias.com.ar\/?p=24911","name":"Pr\u00e1cticas educativas en ambientes laborales - Tres Lineas Noticias","isPartOf":{"@id":"https:\/\/treslineasnoticias.com.ar\/#website"},"primaryImageOfPage":{"@id":"https:\/\/treslineasnoticias.com.ar\/?p=24911#primaryimage"},"image":{"@id":"https:\/\/treslineasnoticias.com.ar\/?p=24911#primaryimage"},"thumbnailUrl":"https:\/\/treslineasnoticias.com.ar\/wp-content\/uploads\/2026\/04\/ENCUENTRO-DE-TRABAJO-Y-PLANIFICACION-DE-LA-MESA-DISTRITAL-COPRET-2026-1.jpg","datePublished":"2026-04-29T18:45:00+00:00","dateModified":"2026-04-30T12:59:05+00:00","author":{"@id":"https:\/\/treslineasnoticias.com.ar\/#\/schema\/person\/c5f7249e50517b84c2379b145ca14895"},"breadcrumb":{"@id":"https:\/\/treslineasnoticias.com.ar\/?p=24911#breadcrumb"},"inLanguage":"es","potentialAction":[{"@type":"ReadAction","target":["https:\/\/treslineasnoticias.com.ar\/?p=24911"]}]},{"@type":"ImageObject","inLanguage":"es","@id":"https:\/\/treslineasnoticias.com.ar\/?p=24911#primaryimage","url":"https:\/\/treslineasnoticias.com.ar\/wp-content\/uploads\/2026\/04\/ENCUENTRO-DE-TRABAJO-Y-PLANIFICACION-DE-LA-MESA-DISTRITAL-COPRET-2026-1.jpg","contentUrl":"https:\/\/treslineasnoticias.com.ar\/wp-content\/uploads\/2026\/04\/ENCUENTRO-DE-TRABAJO-Y-PLANIFICACION-DE-LA-MESA-DISTRITAL-COPRET-2026-1.jpg","width":1600,"height":1247},{"@type":"BreadcrumbList","@id":"https:\/\/treslineasnoticias.com.ar\/?p=24911#breadcrumb","itemListElement":[{"@type":"ListItem","position":1,"name":"Portada","item":"https:\/\/treslineasnoticias.com.ar\/"},{"@type":"ListItem","position":2,"name":"Pr\u00e1cticas educativas en ambientes laborales"}]},{"@type":"WebSite","@id":"https:\/\/treslineasnoticias.com.ar\/#website","url":"https:\/\/treslineasnoticias.com.ar\/","name":"Tres Lineas Noticias","description":"","potentialAction":[{"@type":"SearchAction","target":{"@type":"EntryPoint","urlTemplate":"https:\/\/treslineasnoticias.com.ar\/?s={search_term_string}"},"query-input":{"@type":"PropertyValueSpecification","valueRequired":true,"valueName":"search_term_string"}}],"inLanguage":"es"},{"@type":"Person","@id":"https:\/\/treslineasnoticias.com.ar\/#\/schema\/person\/c5f7249e50517b84c2379b145ca14895","name":"Horacio L\u00f3pez","image":{"@type":"ImageObject","inLanguage":"es","@id":"https:\/\/treslineasnoticias.com.ar\/#\/schema\/person\/image\/","url":"https:\/\/treslineasnoticias.com.ar\/wp-content\/litespeed\/avatar\/ddbec442f0224f940ce000570a0cb216.jpg?ver=1777068930","contentUrl":"https:\/\/treslineasnoticias.com.ar\/wp-content\/litespeed\/avatar\/ddbec442f0224f940ce000570a0cb216.jpg?ver=1777068930","caption":"Horacio L\u00f3pez"},"sameAs":["http:\/\/treslineasnoticias.com.ar"],"url":"https:\/\/treslineasnoticias.com.ar\/?author=3"}]}},"jetpack_featured_media_url":"https:\/\/treslineasnoticias.com.ar\/wp-content\/uploads\/2026\/04\/ENCUENTRO-DE-TRABAJO-Y-PLANIFICACION-DE-LA-MESA-DISTRITAL-COPRET-2026-1.jpg","jetpack_sharing_enabled":true,"_links":{"self":[{"href":"https:\/\/treslineasnoticias.com.ar\/index.php?rest_route=\/wp\/v2\/posts\/24911","targetHints":{"allow":["GET"]}}],"collection":[{"href":"https:\/\/treslineasnoticias.com.ar\/index.php?rest_route=\/wp\/v2\/posts"}],"about":[{"href":"https:\/\/treslineasnoticias.com.ar\/index.php?rest_route=\/wp\/v2\/types\/post"}],"author":[{"embeddable":true,"href":"https:\/\/treslineasnoticias.com.ar\/index.php?rest_route=\/wp\/v2\/users\/3"}],"replies":[{"embeddable":true,"href":"https:\/\/treslineasnoticias.com.ar\/index.php?rest_route=%2Fwp%2Fv2%2Fcomments&post=24911"}],"version-history":[{"count":2,"href":"https:\/\/treslineasnoticias.com.ar\/index.php?rest_route=\/wp\/v2\/posts\/24911\/revisions"}],"predecessor-version":[{"id":24916,"href":"https:\/\/treslineasnoticias.com.ar\/index.php?rest_route=\/wp\/v2\/posts\/24911\/revisions\/24916"}],"wp:featuredmedia":[{"embeddable":true,"href":"https:\/\/treslineasnoticias.com.ar\/index.php?rest_route=\/wp\/v2\/media\/24914"}],"wp:attachment":[{"href":"https:\/\/treslineasnoticias.com.ar\/index.php?rest_route=%2Fwp%2Fv2%2Fmedia&parent=24911"}],"wp:term":[{"taxonomy":"category","embeddable":true,"href":"https:\/\/treslineasnoticias.com.ar\/index.php?rest_route=%2Fwp%2Fv2%2Fcategories&post=24911"},{"taxonomy":"post_tag","embeddable":true,"href":"https:\/\/treslineasnoticias.com.ar\/index.php?rest_route=%2Fwp%2Fv2%2Ftags&post=24911"}],"curies":[{"name":"wp","href":"https:\/\/api.w.org\/{rel}","templated":true}]}}