{"id":24917,"date":"2026-04-29T13:00:00","date_gmt":"2026-04-29T16:00:00","guid":{"rendered":"https:\/\/treslineasnoticias.com.ar\/?p=24917"},"modified":"2026-04-30T10:16:40","modified_gmt":"2026-04-30T13:16:40","slug":"encuentro-de-delegados-bajo-el-lema-unidad-y-defensa-de-los-derechos-laborales","status":"publish","type":"post","link":"https:\/\/treslineasnoticias.com.ar\/?p=24917","title":{"rendered":"Encuentro de Delegados bajo el lema \u00abunidad y defensa de los derechos laborales\u00bb"},"content":{"rendered":"\n<p><strong>Comunicado de prensa del Centro de Empleados de Quilmes, Berazategui y F. Varela<\/strong><\/p>\n\n\n\n<p><strong><em>El d\u00eda martes 28 de abril, llevamos adelante una importante charla junto a todo el cuerpo de delegados del Centro de Empleados de Comercio de Quilmes, Varela, Berazategui y S. F. Solano, en el marco del an\u00e1lisis y debate sobre la reforma laboral impulsada por el Gobierno Nacional.<\/em><\/strong><\/p>\n\n\n\n<figure class=\"wp-block-image size-large is-resized\"><img loading=\"lazy\" decoding=\"async\" width=\"1024\" height=\"768\" src=\"http:\/\/treslineasnoticias.com.ar\/wp-content\/uploads\/2026\/04\/IMG-20260429-WA0017-1024x768.jpg\" alt=\"\" class=\"wp-image-24918\" style=\"width:812px;height:auto\" srcset=\"https:\/\/treslineasnoticias.com.ar\/wp-content\/uploads\/2026\/04\/IMG-20260429-WA0017-1024x768.jpg 1024w, https:\/\/treslineasnoticias.com.ar\/wp-content\/uploads\/2026\/04\/IMG-20260429-WA0017-300x225.jpg 300w, https:\/\/treslineasnoticias.com.ar\/wp-content\/uploads\/2026\/04\/IMG-20260429-WA0017-768x576.jpg 768w, https:\/\/treslineasnoticias.com.ar\/wp-content\/uploads\/2026\/04\/IMG-20260429-WA0017.jpg 1280w\" sizes=\"auto, (max-width: 1024px) 100vw, 1024px\" \/><\/figure>\n\n\n\n<p>Durante el encuentro abordamos los principales puntos de esta iniciativa, sus implicancias para las y los trabajadores mercantiles y, fundamentalmente, la necesidad de fortalecer la organizaci\u00f3n colectiva en un contexto que exige unidad, compromiso y firme defensa de nuestros derechos.<\/p>\n\n\n\n<p>De cara al pr\u00f3ximo D\u00eda del Trabajador, se propuso impulsar una jornada de concientizaci\u00f3n, con objetivo de dialogar con nuestros compa\u00f1eros y compa\u00f1eras, informar sobre las nuevas pol\u00edticas y generar conciencia sobre el verdadero impacto que estas medidas pueden tener en el trabajo.<\/p>\n\n\n\n<figure class=\"wp-block-image size-large is-resized\"><img loading=\"lazy\" decoding=\"async\" width=\"768\" height=\"1024\" src=\"http:\/\/treslineasnoticias.com.ar\/wp-content\/uploads\/2026\/04\/IMG-20260429-WA0016-768x1024.jpg\" alt=\"\" class=\"wp-image-24919\" style=\"width:640px;height:auto\" srcset=\"https:\/\/treslineasnoticias.com.ar\/wp-content\/uploads\/2026\/04\/IMG-20260429-WA0016-768x1024.jpg 768w, https:\/\/treslineasnoticias.com.ar\/wp-content\/uploads\/2026\/04\/IMG-20260429-WA0016-225x300.jpg 225w, https:\/\/treslineasnoticias.com.ar\/wp-content\/uploads\/2026\/04\/IMG-20260429-WA0016-1152x1536.jpg 1152w, https:\/\/treslineasnoticias.com.ar\/wp-content\/uploads\/2026\/04\/IMG-20260429-WA0016-1536x2048.jpg 1536w, https:\/\/treslineasnoticias.com.ar\/wp-content\/uploads\/2026\/04\/IMG-20260429-WA0016-scaled.jpg 1920w\" sizes=\"auto, (max-width: 768px) 100vw, 768px\" \/><\/figure>\n\n\n\n<p>Desde el CECQ, reafirmamos el rol fundamental de las organizaciones gremiales y de todo el cuerpo de delegados como actores clave en la representaci\u00f3n, defensa y protecci\u00f3n de cada trabajador y trabajadora.<\/p>\n\n\n\n<p>M\u00e1s unidos que nunca, en defensa de nuestros derechos.<br><strong>Roberto \u201cMata\u201d Rodr\u00edguez, Conducci\u00f3n<\/strong><\/p>\n","protected":false},"excerpt":{"rendered":"<p>Comunicado de prensa del Centro de Empleados de Quilmes, Berazategui y F. Varela El d\u00eda martes 28 de abril, llevamos adelante una importante charla junto a todo el cuerpo de delegados del Centro de Empleados de Comercio de Quilmes, Varela, Berazategui y S. F. Solano, en el marco del an\u00e1lisis y debate sobre la reforma [&hellip;]<\/p>\n","protected":false},"author":3,"featured_media":24920,"comment_status":"open","ping_status":"open","sticky":false,"template":"","format":"standard","meta":{"_jetpack_memberships_contains_paid_content":false,"footnotes":""},"categories":[4,6,5],"tags":[],"class_list":["post-24917","post","type-post","status-publish","format-standard","has-post-thumbnail","hentry","category-berazategui","category-florencio-varela","category-quilmes"],"yoast_head":"<!-- This site is optimized with the Yoast SEO plugin v24.7 - https:\/\/yoast.com\/wordpress\/plugins\/seo\/ -->\n<title>Encuentro de Delegados bajo el lema &quot;unidad y defensa de los derechos laborales&quot; - Tres Lineas Noticias<\/title>\n<meta name=\"robots\" content=\"index, follow, max-snippet:-1, max-image-preview:large, max-video-preview:-1\" \/>\n<link rel=\"canonical\" href=\"https:\/\/treslineasnoticias.com.ar\/?p=24917\" \/>\n<meta property=\"og:locale\" content=\"es_ES\" \/>\n<meta property=\"og:type\" content=\"article\" \/>\n<meta property=\"og:title\" content=\"Encuentro de Delegados bajo el lema &quot;unidad y defensa de los derechos laborales&quot; - Tres Lineas Noticias\" \/>\n<meta property=\"og:description\" content=\"Comunicado de prensa del Centro de Empleados de Quilmes, Berazategui y F. Varela El d\u00eda martes 28 de abril, llevamos adelante una importante charla junto a todo el cuerpo de delegados del Centro de Empleados de Comercio de Quilmes, Varela, Berazategui y S. F. Solano, en el marco del an\u00e1lisis y debate sobre la reforma [&hellip;]\" \/>\n<meta property=\"og:url\" content=\"https:\/\/treslineasnoticias.com.ar\/?p=24917\" \/>\n<meta property=\"og:site_name\" content=\"Tres Lineas Noticias\" \/>\n<meta property=\"article:published_time\" content=\"2026-04-29T16:00:00+00:00\" \/>\n<meta property=\"article:modified_time\" content=\"2026-04-30T13:16:40+00:00\" \/>\n<meta property=\"og:image\" content=\"http:\/\/treslineasnoticias.com.ar\/wp-content\/uploads\/2026\/04\/IMG-20260429-WA0014-scaled.jpg\" \/>\n\t<meta property=\"og:image:width\" content=\"2560\" \/>\n\t<meta property=\"og:image:height\" content=\"1920\" \/>\n\t<meta property=\"og:image:type\" content=\"image\/jpeg\" \/>\n<meta name=\"author\" content=\"Horacio L\u00f3pez\" \/>\n<meta name=\"twitter:card\" content=\"summary_large_image\" \/>\n<meta name=\"twitter:label1\" content=\"Escrito por\" \/>\n\t<meta name=\"twitter:data1\" content=\"Horacio L\u00f3pez\" \/>\n\t<meta name=\"twitter:label2\" content=\"Tiempo de lectura\" \/>\n\t<meta name=\"twitter:data2\" content=\"2 minutos\" \/>\n<script type=\"application\/ld+json\" class=\"yoast-schema-graph\">{\"@context\":\"https:\/\/schema.org\",\"@graph\":[{\"@type\":\"WebPage\",\"@id\":\"https:\/\/treslineasnoticias.com.ar\/?p=24917\",\"url\":\"https:\/\/treslineasnoticias.com.ar\/?p=24917\",\"name\":\"Encuentro de Delegados bajo el lema \\\"unidad y defensa de los derechos laborales\\\" - Tres Lineas Noticias\",\"isPartOf\":{\"@id\":\"https:\/\/treslineasnoticias.com.ar\/#website\"},\"primaryImageOfPage\":{\"@id\":\"https:\/\/treslineasnoticias.com.ar\/?p=24917#primaryimage\"},\"image\":{\"@id\":\"https:\/\/treslineasnoticias.com.ar\/?p=24917#primaryimage\"},\"thumbnailUrl\":\"https:\/\/treslineasnoticias.com.ar\/wp-content\/uploads\/2026\/04\/IMG-20260429-WA0014-scaled.jpg\",\"datePublished\":\"2026-04-29T16:00:00+00:00\",\"dateModified\":\"2026-04-30T13:16:40+00:00\",\"author\":{\"@id\":\"https:\/\/treslineasnoticias.com.ar\/#\/schema\/person\/c5f7249e50517b84c2379b145ca14895\"},\"breadcrumb\":{\"@id\":\"https:\/\/treslineasnoticias.com.ar\/?p=24917#breadcrumb\"},\"inLanguage\":\"es\",\"potentialAction\":[{\"@type\":\"ReadAction\",\"target\":[\"https:\/\/treslineasnoticias.com.ar\/?p=24917\"]}]},{\"@type\":\"ImageObject\",\"inLanguage\":\"es\",\"@id\":\"https:\/\/treslineasnoticias.com.ar\/?p=24917#primaryimage\",\"url\":\"https:\/\/treslineasnoticias.com.ar\/wp-content\/uploads\/2026\/04\/IMG-20260429-WA0014-scaled.jpg\",\"contentUrl\":\"https:\/\/treslineasnoticias.com.ar\/wp-content\/uploads\/2026\/04\/IMG-20260429-WA0014-scaled.jpg\",\"width\":2560,\"height\":1920},{\"@type\":\"BreadcrumbList\",\"@id\":\"https:\/\/treslineasnoticias.com.ar\/?p=24917#breadcrumb\",\"itemListElement\":[{\"@type\":\"ListItem\",\"position\":1,\"name\":\"Portada\",\"item\":\"https:\/\/treslineasnoticias.com.ar\/\"},{\"@type\":\"ListItem\",\"position\":2,\"name\":\"Encuentro de Delegados bajo el lema \u00abunidad y defensa de los derechos laborales\u00bb\"}]},{\"@type\":\"WebSite\",\"@id\":\"https:\/\/treslineasnoticias.com.ar\/#website\",\"url\":\"https:\/\/treslineasnoticias.com.ar\/\",\"name\":\"Tres Lineas Noticias\",\"description\":\"\",\"potentialAction\":[{\"@type\":\"SearchAction\",\"target\":{\"@type\":\"EntryPoint\",\"urlTemplate\":\"https:\/\/treslineasnoticias.com.ar\/?s={search_term_string}\"},\"query-input\":{\"@type\":\"PropertyValueSpecification\",\"valueRequired\":true,\"valueName\":\"search_term_string\"}}],\"inLanguage\":\"es\"},{\"@type\":\"Person\",\"@id\":\"https:\/\/treslineasnoticias.com.ar\/#\/schema\/person\/c5f7249e50517b84c2379b145ca14895\",\"name\":\"Horacio L\u00f3pez\",\"image\":{\"@type\":\"ImageObject\",\"inLanguage\":\"es\",\"@id\":\"https:\/\/treslineasnoticias.com.ar\/#\/schema\/person\/image\/\",\"url\":\"https:\/\/treslineasnoticias.com.ar\/wp-content\/litespeed\/avatar\/ddbec442f0224f940ce000570a0cb216.jpg?ver=1777068930\",\"contentUrl\":\"https:\/\/treslineasnoticias.com.ar\/wp-content\/litespeed\/avatar\/ddbec442f0224f940ce000570a0cb216.jpg?ver=1777068930\",\"caption\":\"Horacio L\u00f3pez\"},\"sameAs\":[\"http:\/\/treslineasnoticias.com.ar\"],\"url\":\"https:\/\/treslineasnoticias.com.ar\/?author=3\"}]}<\/script>\n<!-- \/ Yoast SEO plugin. -->","yoast_head_json":{"title":"Encuentro de Delegados bajo el lema \"unidad y defensa de los derechos laborales\" - Tres Lineas Noticias","robots":{"index":"index","follow":"follow","max-snippet":"max-snippet:-1","max-image-preview":"max-image-preview:large","max-video-preview":"max-video-preview:-1"},"canonical":"https:\/\/treslineasnoticias.com.ar\/?p=24917","og_locale":"es_ES","og_type":"article","og_title":"Encuentro de Delegados bajo el lema \"unidad y defensa de los derechos laborales\" - Tres Lineas Noticias","og_description":"Comunicado de prensa del Centro de Empleados de Quilmes, Berazategui y F. Varela El d\u00eda martes 28 de abril, llevamos adelante una importante charla junto a todo el cuerpo de delegados del Centro de Empleados de Comercio de Quilmes, Varela, Berazategui y S. F. Solano, en el marco del an\u00e1lisis y debate sobre la reforma [&hellip;]","og_url":"https:\/\/treslineasnoticias.com.ar\/?p=24917","og_site_name":"Tres Lineas Noticias","article_published_time":"2026-04-29T16:00:00+00:00","article_modified_time":"2026-04-30T13:16:40+00:00","og_image":[{"width":2560,"height":1920,"url":"http:\/\/treslineasnoticias.com.ar\/wp-content\/uploads\/2026\/04\/IMG-20260429-WA0014-scaled.jpg","type":"image\/jpeg"}],"author":"Horacio L\u00f3pez","twitter_card":"summary_large_image","twitter_misc":{"Escrito por":"Horacio L\u00f3pez","Tiempo de lectura":"2 minutos"},"schema":{"@context":"https:\/\/schema.org","@graph":[{"@type":"WebPage","@id":"https:\/\/treslineasnoticias.com.ar\/?p=24917","url":"https:\/\/treslineasnoticias.com.ar\/?p=24917","name":"Encuentro de Delegados bajo el lema \"unidad y defensa de los derechos laborales\" - Tres Lineas Noticias","isPartOf":{"@id":"https:\/\/treslineasnoticias.com.ar\/#website"},"primaryImageOfPage":{"@id":"https:\/\/treslineasnoticias.com.ar\/?p=24917#primaryimage"},"image":{"@id":"https:\/\/treslineasnoticias.com.ar\/?p=24917#primaryimage"},"thumbnailUrl":"https:\/\/treslineasnoticias.com.ar\/wp-content\/uploads\/2026\/04\/IMG-20260429-WA0014-scaled.jpg","datePublished":"2026-04-29T16:00:00+00:00","dateModified":"2026-04-30T13:16:40+00:00","author":{"@id":"https:\/\/treslineasnoticias.com.ar\/#\/schema\/person\/c5f7249e50517b84c2379b145ca14895"},"breadcrumb":{"@id":"https:\/\/treslineasnoticias.com.ar\/?p=24917#breadcrumb"},"inLanguage":"es","potentialAction":[{"@type":"ReadAction","target":["https:\/\/treslineasnoticias.com.ar\/?p=24917"]}]},{"@type":"ImageObject","inLanguage":"es","@id":"https:\/\/treslineasnoticias.com.ar\/?p=24917#primaryimage","url":"https:\/\/treslineasnoticias.com.ar\/wp-content\/uploads\/2026\/04\/IMG-20260429-WA0014-scaled.jpg","contentUrl":"https:\/\/treslineasnoticias.com.ar\/wp-content\/uploads\/2026\/04\/IMG-20260429-WA0014-scaled.jpg","width":2560,"height":1920},{"@type":"BreadcrumbList","@id":"https:\/\/treslineasnoticias.com.ar\/?p=24917#breadcrumb","itemListElement":[{"@type":"ListItem","position":1,"name":"Portada","item":"https:\/\/treslineasnoticias.com.ar\/"},{"@type":"ListItem","position":2,"name":"Encuentro de Delegados bajo el lema \u00abunidad y defensa de los derechos laborales\u00bb"}]},{"@type":"WebSite","@id":"https:\/\/treslineasnoticias.com.ar\/#website","url":"https:\/\/treslineasnoticias.com.ar\/","name":"Tres Lineas Noticias","description":"","potentialAction":[{"@type":"SearchAction","target":{"@type":"EntryPoint","urlTemplate":"https:\/\/treslineasnoticias.com.ar\/?s={search_term_string}"},"query-input":{"@type":"PropertyValueSpecification","valueRequired":true,"valueName":"search_term_string"}}],"inLanguage":"es"},{"@type":"Person","@id":"https:\/\/treslineasnoticias.com.ar\/#\/schema\/person\/c5f7249e50517b84c2379b145ca14895","name":"Horacio L\u00f3pez","image":{"@type":"ImageObject","inLanguage":"es","@id":"https:\/\/treslineasnoticias.com.ar\/#\/schema\/person\/image\/","url":"https:\/\/treslineasnoticias.com.ar\/wp-content\/litespeed\/avatar\/ddbec442f0224f940ce000570a0cb216.jpg?ver=1777068930","contentUrl":"https:\/\/treslineasnoticias.com.ar\/wp-content\/litespeed\/avatar\/ddbec442f0224f940ce000570a0cb216.jpg?ver=1777068930","caption":"Horacio L\u00f3pez"},"sameAs":["http:\/\/treslineasnoticias.com.ar"],"url":"https:\/\/treslineasnoticias.com.ar\/?author=3"}]}},"jetpack_featured_media_url":"https:\/\/treslineasnoticias.com.ar\/wp-content\/uploads\/2026\/04\/IMG-20260429-WA0014-scaled.jpg","jetpack_sharing_enabled":true,"_links":{"self":[{"href":"https:\/\/treslineasnoticias.com.ar\/index.php?rest_route=\/wp\/v2\/posts\/24917","targetHints":{"allow":["GET"]}}],"collection":[{"href":"https:\/\/treslineasnoticias.com.ar\/index.php?rest_route=\/wp\/v2\/posts"}],"about":[{"href":"https:\/\/treslineasnoticias.com.ar\/index.php?rest_route=\/wp\/v2\/types\/post"}],"author":[{"embeddable":true,"href":"https:\/\/treslineasnoticias.com.ar\/index.php?rest_route=\/wp\/v2\/users\/3"}],"replies":[{"embeddable":true,"href":"https:\/\/treslineasnoticias.com.ar\/index.php?rest_route=%2Fwp%2Fv2%2Fcomments&post=24917"}],"version-history":[{"count":1,"href":"https:\/\/treslineasnoticias.com.ar\/index.php?rest_route=\/wp\/v2\/posts\/24917\/revisions"}],"predecessor-version":[{"id":24921,"href":"https:\/\/treslineasnoticias.com.ar\/index.php?rest_route=\/wp\/v2\/posts\/24917\/revisions\/24921"}],"wp:featuredmedia":[{"embeddable":true,"href":"https:\/\/treslineasnoticias.com.ar\/index.php?rest_route=\/wp\/v2\/media\/24920"}],"wp:attachment":[{"href":"https:\/\/treslineasnoticias.com.ar\/index.php?rest_route=%2Fwp%2Fv2%2Fmedia&parent=24917"}],"wp:term":[{"taxonomy":"category","embeddable":true,"href":"https:\/\/treslineasnoticias.com.ar\/index.php?rest_route=%2Fwp%2Fv2%2Fcategories&post=24917"},{"taxonomy":"post_tag","embeddable":true,"href":"https:\/\/treslineasnoticias.com.ar\/index.php?rest_route=%2Fwp%2Fv2%2Ftags&post=24917"}],"curies":[{"name":"wp","href":"https:\/\/api.w.org\/{rel}","templated":true}]}}