{"id":24922,"date":"2026-04-30T08:20:00","date_gmt":"2026-04-30T11:20:00","guid":{"rendered":"https:\/\/treslineasnoticias.com.ar\/?p=24922"},"modified":"2026-04-30T10:32:58","modified_gmt":"2026-04-30T13:32:58","slug":"eva-mieri-y-funcionarios-municipales-visitaron-la-ong-caballos-de-quilmes-que-realiza-una-importante-labor-de-rescate-en-la-ciudad","status":"publish","type":"post","link":"https:\/\/treslineasnoticias.com.ar\/?p=24922","title":{"rendered":"Eva Mieri y funcionarios municipales visitaron la ONG Caballos de Quilmes que realiza una importante labor de rescate en la ciudad"},"content":{"rendered":"\n<p><strong><em>La intendenta interina de Quilmes, Eva Mieri, recorri\u00f3 este mi\u00e9rcoles, en el marco del D\u00eda del Animal, la Organizaci\u00f3n No Gubernamental (ONG) \u201cCaballos de Quilmes\u201d, una asociaci\u00f3n sin fines de lucro que en conjunto con el Municipio, ya rescat\u00f3 m\u00e1s de 175 equinos en estado de maltrato en los \u00faltimos 3 a\u00f1os.<\/em><\/strong><\/p>\n\n\n\n<p>\u201cVisitamos el predio de la ONG Caballos de Quilmes, donde junto al Municipio llevamos adelante una tarea de rescate, recuperaci\u00f3n y rehabilitaci\u00f3n de equinos que fueron v\u00edctimas de maltrato. Este espacio cuenta con instalaciones y un hospital veterinario, y es parte de una pol\u00edtica sostenida de cuidado animal que impulsamos articulando esfuerzos y recursos. Hoy alberga a m\u00e1s de 120 caballos y adem\u00e1s recibe a estudiantes universitarios de Veterinaria que realizan all\u00ed sus pr\u00e1cticas. En Quilmes, como impulsa Mayra Mendoza, entendemos que el derecho a la salud debe estar garantizado para las personas y tambi\u00e9n para los animales\u201d, se\u00f1al\u00f3 Eva, acompa\u00f1ada por la secretaria de Salud, Natalia N\u00e1poli, y la subsecretaria de Zoonosis y Protecci\u00f3n Animal, Pamela Dreher.<\/p>\n\n\n\n<figure class=\"wp-block-image size-large is-resized\"><img loading=\"lazy\" decoding=\"async\" width=\"1024\" height=\"682\" src=\"http:\/\/treslineasnoticias.com.ar\/wp-content\/uploads\/2026\/04\/EVA-MIERI-Y-FUNCIONARIOS-MUNICIPALES-VISITARON-LA-ONG-CABALLOS-DE-QUILMES-QUE-REALIZA-UNA-IMPORTANTE-LABOR-DE-RESCATE-EN-LA-CIUDAD-3-1024x682.jpg\" alt=\"\" class=\"wp-image-24924\" style=\"width:821px;height:auto\" srcset=\"https:\/\/treslineasnoticias.com.ar\/wp-content\/uploads\/2026\/04\/EVA-MIERI-Y-FUNCIONARIOS-MUNICIPALES-VISITARON-LA-ONG-CABALLOS-DE-QUILMES-QUE-REALIZA-UNA-IMPORTANTE-LABOR-DE-RESCATE-EN-LA-CIUDAD-3-1024x682.jpg 1024w, https:\/\/treslineasnoticias.com.ar\/wp-content\/uploads\/2026\/04\/EVA-MIERI-Y-FUNCIONARIOS-MUNICIPALES-VISITARON-LA-ONG-CABALLOS-DE-QUILMES-QUE-REALIZA-UNA-IMPORTANTE-LABOR-DE-RESCATE-EN-LA-CIUDAD-3-300x200.jpg 300w, https:\/\/treslineasnoticias.com.ar\/wp-content\/uploads\/2026\/04\/EVA-MIERI-Y-FUNCIONARIOS-MUNICIPALES-VISITARON-LA-ONG-CABALLOS-DE-QUILMES-QUE-REALIZA-UNA-IMPORTANTE-LABOR-DE-RESCATE-EN-LA-CIUDAD-3-768x512.jpg 768w, https:\/\/treslineasnoticias.com.ar\/wp-content\/uploads\/2026\/04\/EVA-MIERI-Y-FUNCIONARIOS-MUNICIPALES-VISITARON-LA-ONG-CABALLOS-DE-QUILMES-QUE-REALIZA-UNA-IMPORTANTE-LABOR-DE-RESCATE-EN-LA-CIUDAD-3.jpg 1280w\" sizes=\"auto, (max-width: 1024px) 100vw, 1024px\" \/><\/figure>\n\n\n\n<p>Por su parte, Dreher indic\u00f3: \u201cEs un placer y un orgullo poder mostrarle a nuestra intendenta interina, Eva Mieri, qu\u00e9 es lo que se hace desde la ONG. El esfuerzo que hacen las chicas voluntarias y mostrarle los recursos que pone el Municipio de Quilmes para resguardar y salvar a estos animales que tanto maltrato sufrieron\u201d.<\/p>\n\n\n\n<p>A su vez, la directora de Caballos de Quilmes, Karina Dotto cont\u00f3: \u201cMe parece s\u00faper importante que la intendenta est\u00e9n presente en la ONG y colaboren. Desde esta gesti\u00f3n estamos recibiendo la ayuda de los veterinarios y donaci\u00f3n de medicamentos que eso es s\u00faper importante. Y sobre todo las ganas y la voluntad pol\u00edtica de terminar con el sufrimiento que padecen los caballos. Ponerlo en agenda es s\u00faper importante porque se necesita un trabajo integral como el que se est\u00e1 haciendo\u201d.<\/p>\n\n\n\n<p>Caballos de Quilmes rescata y se encarga de la recuperaci\u00f3n y rehabilitaci\u00f3n de los animales que han sido sometidos a la explotaci\u00f3n m\u00e1s cruel en los carros. Gracias al apoyo del Municipio de Quilmes (desde el a\u00f1o 2023) que brinda asistencia econ\u00f3mica e insumos m\u00e9dicos de vital importancia el equipo de m\u00e9dicos veterinarios y voluntarios puede llevar adelante su trabajo. Distintas personas solidarias tambi\u00e9n brindan colaboraci\u00f3n.<\/p>\n\n\n\n<p>En este sentido, poseen un Hospital Veterinario de Equinos. En 2020 sumaron un quir\u00f3fano para la operaci\u00f3n de caballos de manera urgente (c\u00f3licos, obstrucciones, partos prematuros y cirug\u00edas complejas). Muchos caballos llegan sin poder sostenerse en pie. Tambi\u00e9n funciona como escuela donde estudiantes veterinarios de la Universidad de Buenos Aires y la Universidad Nacional de La Plata realizan sus pr\u00e1cticas en el lugar. Actualmente alojan alrededor de 120 caballos.<\/p>\n\n\n\n<figure class=\"wp-block-image size-large is-resized\"><img loading=\"lazy\" decoding=\"async\" width=\"1024\" height=\"682\" src=\"http:\/\/treslineasnoticias.com.ar\/wp-content\/uploads\/2026\/04\/EVA-MIERI-Y-FUNCIONARIOS-MUNICIPALES-VISITARON-LA-ONG-CABALLOS-DE-QUILMES-QUE-REALIZA-UNA-IMPORTANTE-LABOR-DE-RESCATE-EN-LA-CIUDAD-1-1024x682.jpg\" alt=\"\" class=\"wp-image-24925\" style=\"width:823px;height:auto\" srcset=\"https:\/\/treslineasnoticias.com.ar\/wp-content\/uploads\/2026\/04\/EVA-MIERI-Y-FUNCIONARIOS-MUNICIPALES-VISITARON-LA-ONG-CABALLOS-DE-QUILMES-QUE-REALIZA-UNA-IMPORTANTE-LABOR-DE-RESCATE-EN-LA-CIUDAD-1-1024x682.jpg 1024w, https:\/\/treslineasnoticias.com.ar\/wp-content\/uploads\/2026\/04\/EVA-MIERI-Y-FUNCIONARIOS-MUNICIPALES-VISITARON-LA-ONG-CABALLOS-DE-QUILMES-QUE-REALIZA-UNA-IMPORTANTE-LABOR-DE-RESCATE-EN-LA-CIUDAD-1-300x200.jpg 300w, https:\/\/treslineasnoticias.com.ar\/wp-content\/uploads\/2026\/04\/EVA-MIERI-Y-FUNCIONARIOS-MUNICIPALES-VISITARON-LA-ONG-CABALLOS-DE-QUILMES-QUE-REALIZA-UNA-IMPORTANTE-LABOR-DE-RESCATE-EN-LA-CIUDAD-1-768x512.jpg 768w, https:\/\/treslineasnoticias.com.ar\/wp-content\/uploads\/2026\/04\/EVA-MIERI-Y-FUNCIONARIOS-MUNICIPALES-VISITARON-LA-ONG-CABALLOS-DE-QUILMES-QUE-REALIZA-UNA-IMPORTANTE-LABOR-DE-RESCATE-EN-LA-CIUDAD-1.jpg 1280w\" sizes=\"auto, (max-width: 1024px) 100vw, 1024px\" \/><\/figure>\n\n\n\n<p>Por estos d\u00edas Caballos de Quilmes se encuentra en problemas respecto a las tierras donde se aloja el gigantesco predio de 100 hect\u00e1reas y el hospital, debido a que por cuestiones sucesorias sus actuales due\u00f1os han decidido ponerlo a la venta y desde la ONG no re\u00fanen los fondos necesarios para poder adquirirlo. Ya juntaron alrededor de 600.000 d\u00f3lares pero necesitan m\u00e1s del doble para poder comprarlo.<\/p>\n\n\n\n<p>La problem\u00e1tica se agrava a\u00fan m\u00e1s porque se perder\u00eda un hospital \u00fanico en su tipo en todo el mundo y reubicar a todos los caballos ser\u00eda dif\u00edcil, pero reconstruir el quir\u00f3fano en otro lugar ser\u00eda directamente inviable. El riesgo de cierre es real y buscan evitarlo ya que es un hospital \u00fanico en el pa\u00eds con tecnolog\u00eda de primer nivel y aparatolog\u00eda tra\u00edda desde el exterior.<\/p>\n","protected":false},"excerpt":{"rendered":"<p>La intendenta interina de Quilmes, Eva Mieri, recorri\u00f3 este mi\u00e9rcoles, en el marco del D\u00eda del Animal, la Organizaci\u00f3n No Gubernamental (ONG) \u201cCaballos de Quilmes\u201d, una asociaci\u00f3n sin fines de lucro que en conjunto con el Municipio, ya rescat\u00f3 m\u00e1s de 175 equinos en estado de maltrato en los \u00faltimos 3 a\u00f1os. \u201cVisitamos el predio [&hellip;]<\/p>\n","protected":false},"author":3,"featured_media":24923,"comment_status":"open","ping_status":"open","sticky":false,"template":"","format":"standard","meta":{"_jetpack_memberships_contains_paid_content":false,"footnotes":""},"categories":[5],"tags":[],"class_list":["post-24922","post","type-post","status-publish","format-standard","has-post-thumbnail","hentry","category-quilmes"],"yoast_head":"<!-- This site is optimized with the Yoast SEO plugin v24.7 - https:\/\/yoast.com\/wordpress\/plugins\/seo\/ -->\n<title>Eva Mieri y funcionarios municipales visitaron la ONG Caballos de Quilmes que realiza una importante labor de rescate en la ciudad - Tres Lineas Noticias<\/title>\n<meta name=\"robots\" content=\"index, follow, max-snippet:-1, max-image-preview:large, max-video-preview:-1\" \/>\n<link rel=\"canonical\" href=\"https:\/\/treslineasnoticias.com.ar\/?p=24922\" \/>\n<meta property=\"og:locale\" content=\"es_ES\" \/>\n<meta property=\"og:type\" content=\"article\" \/>\n<meta property=\"og:title\" content=\"Eva Mieri y funcionarios municipales visitaron la ONG Caballos de Quilmes que realiza una importante labor de rescate en la ciudad - Tres Lineas Noticias\" \/>\n<meta property=\"og:description\" content=\"La intendenta interina de Quilmes, Eva Mieri, recorri\u00f3 este mi\u00e9rcoles, en el marco del D\u00eda del Animal, la Organizaci\u00f3n No Gubernamental (ONG) \u201cCaballos de Quilmes\u201d, una asociaci\u00f3n sin fines de lucro que en conjunto con el Municipio, ya rescat\u00f3 m\u00e1s de 175 equinos en estado de maltrato en los \u00faltimos 3 a\u00f1os. \u201cVisitamos el predio [&hellip;]\" \/>\n<meta property=\"og:url\" content=\"https:\/\/treslineasnoticias.com.ar\/?p=24922\" \/>\n<meta property=\"og:site_name\" content=\"Tres Lineas Noticias\" \/>\n<meta property=\"article:published_time\" content=\"2026-04-30T11:20:00+00:00\" \/>\n<meta property=\"article:modified_time\" content=\"2026-04-30T13:32:58+00:00\" \/>\n<meta property=\"og:image\" content=\"http:\/\/treslineasnoticias.com.ar\/wp-content\/uploads\/2026\/04\/EVA-MIERI-Y-FUNCIONARIOS-MUNICIPALES-VISITARON-LA-ONG-CABALLOS-DE-QUILMES-QUE-REALIZA-UNA-IMPORTANTE-LABOR-DE-RESCATE-EN-LA-CIUDAD-4.jpg\" \/>\n\t<meta property=\"og:image:width\" content=\"1280\" \/>\n\t<meta property=\"og:image:height\" content=\"853\" \/>\n\t<meta property=\"og:image:type\" content=\"image\/jpeg\" \/>\n<meta name=\"author\" content=\"Horacio L\u00f3pez\" \/>\n<meta name=\"twitter:card\" content=\"summary_large_image\" \/>\n<meta name=\"twitter:label1\" content=\"Escrito por\" \/>\n\t<meta name=\"twitter:data1\" content=\"Horacio L\u00f3pez\" \/>\n\t<meta name=\"twitter:label2\" content=\"Tiempo de lectura\" \/>\n\t<meta name=\"twitter:data2\" content=\"4 minutos\" \/>\n<script type=\"application\/ld+json\" class=\"yoast-schema-graph\">{\"@context\":\"https:\/\/schema.org\",\"@graph\":[{\"@type\":\"WebPage\",\"@id\":\"https:\/\/treslineasnoticias.com.ar\/?p=24922\",\"url\":\"https:\/\/treslineasnoticias.com.ar\/?p=24922\",\"name\":\"Eva Mieri y funcionarios municipales visitaron la ONG Caballos de Quilmes que realiza una importante labor de rescate en la ciudad - Tres Lineas Noticias\",\"isPartOf\":{\"@id\":\"https:\/\/treslineasnoticias.com.ar\/#website\"},\"primaryImageOfPage\":{\"@id\":\"https:\/\/treslineasnoticias.com.ar\/?p=24922#primaryimage\"},\"image\":{\"@id\":\"https:\/\/treslineasnoticias.com.ar\/?p=24922#primaryimage\"},\"thumbnailUrl\":\"https:\/\/treslineasnoticias.com.ar\/wp-content\/uploads\/2026\/04\/EVA-MIERI-Y-FUNCIONARIOS-MUNICIPALES-VISITARON-LA-ONG-CABALLOS-DE-QUILMES-QUE-REALIZA-UNA-IMPORTANTE-LABOR-DE-RESCATE-EN-LA-CIUDAD-4.jpg\",\"datePublished\":\"2026-04-30T11:20:00+00:00\",\"dateModified\":\"2026-04-30T13:32:58+00:00\",\"author\":{\"@id\":\"https:\/\/treslineasnoticias.com.ar\/#\/schema\/person\/c5f7249e50517b84c2379b145ca14895\"},\"breadcrumb\":{\"@id\":\"https:\/\/treslineasnoticias.com.ar\/?p=24922#breadcrumb\"},\"inLanguage\":\"es\",\"potentialAction\":[{\"@type\":\"ReadAction\",\"target\":[\"https:\/\/treslineasnoticias.com.ar\/?p=24922\"]}]},{\"@type\":\"ImageObject\",\"inLanguage\":\"es\",\"@id\":\"https:\/\/treslineasnoticias.com.ar\/?p=24922#primaryimage\",\"url\":\"https:\/\/treslineasnoticias.com.ar\/wp-content\/uploads\/2026\/04\/EVA-MIERI-Y-FUNCIONARIOS-MUNICIPALES-VISITARON-LA-ONG-CABALLOS-DE-QUILMES-QUE-REALIZA-UNA-IMPORTANTE-LABOR-DE-RESCATE-EN-LA-CIUDAD-4.jpg\",\"contentUrl\":\"https:\/\/treslineasnoticias.com.ar\/wp-content\/uploads\/2026\/04\/EVA-MIERI-Y-FUNCIONARIOS-MUNICIPALES-VISITARON-LA-ONG-CABALLOS-DE-QUILMES-QUE-REALIZA-UNA-IMPORTANTE-LABOR-DE-RESCATE-EN-LA-CIUDAD-4.jpg\",\"width\":1280,\"height\":853},{\"@type\":\"BreadcrumbList\",\"@id\":\"https:\/\/treslineasnoticias.com.ar\/?p=24922#breadcrumb\",\"itemListElement\":[{\"@type\":\"ListItem\",\"position\":1,\"name\":\"Portada\",\"item\":\"https:\/\/treslineasnoticias.com.ar\/\"},{\"@type\":\"ListItem\",\"position\":2,\"name\":\"Eva Mieri y funcionarios municipales visitaron la ONG Caballos de Quilmes que realiza una importante labor de rescate en la ciudad\"}]},{\"@type\":\"WebSite\",\"@id\":\"https:\/\/treslineasnoticias.com.ar\/#website\",\"url\":\"https:\/\/treslineasnoticias.com.ar\/\",\"name\":\"Tres Lineas Noticias\",\"description\":\"\",\"potentialAction\":[{\"@type\":\"SearchAction\",\"target\":{\"@type\":\"EntryPoint\",\"urlTemplate\":\"https:\/\/treslineasnoticias.com.ar\/?s={search_term_string}\"},\"query-input\":{\"@type\":\"PropertyValueSpecification\",\"valueRequired\":true,\"valueName\":\"search_term_string\"}}],\"inLanguage\":\"es\"},{\"@type\":\"Person\",\"@id\":\"https:\/\/treslineasnoticias.com.ar\/#\/schema\/person\/c5f7249e50517b84c2379b145ca14895\",\"name\":\"Horacio L\u00f3pez\",\"image\":{\"@type\":\"ImageObject\",\"inLanguage\":\"es\",\"@id\":\"https:\/\/treslineasnoticias.com.ar\/#\/schema\/person\/image\/\",\"url\":\"https:\/\/treslineasnoticias.com.ar\/wp-content\/litespeed\/avatar\/ddbec442f0224f940ce000570a0cb216.jpg?ver=1777068930\",\"contentUrl\":\"https:\/\/treslineasnoticias.com.ar\/wp-content\/litespeed\/avatar\/ddbec442f0224f940ce000570a0cb216.jpg?ver=1777068930\",\"caption\":\"Horacio L\u00f3pez\"},\"sameAs\":[\"http:\/\/treslineasnoticias.com.ar\"],\"url\":\"https:\/\/treslineasnoticias.com.ar\/?author=3\"}]}<\/script>\n<!-- \/ Yoast SEO plugin. -->","yoast_head_json":{"title":"Eva Mieri y funcionarios municipales visitaron la ONG Caballos de Quilmes que realiza una importante labor de rescate en la ciudad - Tres Lineas Noticias","robots":{"index":"index","follow":"follow","max-snippet":"max-snippet:-1","max-image-preview":"max-image-preview:large","max-video-preview":"max-video-preview:-1"},"canonical":"https:\/\/treslineasnoticias.com.ar\/?p=24922","og_locale":"es_ES","og_type":"article","og_title":"Eva Mieri y funcionarios municipales visitaron la ONG Caballos de Quilmes que realiza una importante labor de rescate en la ciudad - Tres Lineas Noticias","og_description":"La intendenta interina de Quilmes, Eva Mieri, recorri\u00f3 este mi\u00e9rcoles, en el marco del D\u00eda del Animal, la Organizaci\u00f3n No Gubernamental (ONG) \u201cCaballos de Quilmes\u201d, una asociaci\u00f3n sin fines de lucro que en conjunto con el Municipio, ya rescat\u00f3 m\u00e1s de 175 equinos en estado de maltrato en los \u00faltimos 3 a\u00f1os. \u201cVisitamos el predio [&hellip;]","og_url":"https:\/\/treslineasnoticias.com.ar\/?p=24922","og_site_name":"Tres Lineas Noticias","article_published_time":"2026-04-30T11:20:00+00:00","article_modified_time":"2026-04-30T13:32:58+00:00","og_image":[{"width":1280,"height":853,"url":"http:\/\/treslineasnoticias.com.ar\/wp-content\/uploads\/2026\/04\/EVA-MIERI-Y-FUNCIONARIOS-MUNICIPALES-VISITARON-LA-ONG-CABALLOS-DE-QUILMES-QUE-REALIZA-UNA-IMPORTANTE-LABOR-DE-RESCATE-EN-LA-CIUDAD-4.jpg","type":"image\/jpeg"}],"author":"Horacio L\u00f3pez","twitter_card":"summary_large_image","twitter_misc":{"Escrito por":"Horacio L\u00f3pez","Tiempo de lectura":"4 minutos"},"schema":{"@context":"https:\/\/schema.org","@graph":[{"@type":"WebPage","@id":"https:\/\/treslineasnoticias.com.ar\/?p=24922","url":"https:\/\/treslineasnoticias.com.ar\/?p=24922","name":"Eva Mieri y funcionarios municipales visitaron la ONG Caballos de Quilmes que realiza una importante labor de rescate en la ciudad - Tres Lineas Noticias","isPartOf":{"@id":"https:\/\/treslineasnoticias.com.ar\/#website"},"primaryImageOfPage":{"@id":"https:\/\/treslineasnoticias.com.ar\/?p=24922#primaryimage"},"image":{"@id":"https:\/\/treslineasnoticias.com.ar\/?p=24922#primaryimage"},"thumbnailUrl":"https:\/\/treslineasnoticias.com.ar\/wp-content\/uploads\/2026\/04\/EVA-MIERI-Y-FUNCIONARIOS-MUNICIPALES-VISITARON-LA-ONG-CABALLOS-DE-QUILMES-QUE-REALIZA-UNA-IMPORTANTE-LABOR-DE-RESCATE-EN-LA-CIUDAD-4.jpg","datePublished":"2026-04-30T11:20:00+00:00","dateModified":"2026-04-30T13:32:58+00:00","author":{"@id":"https:\/\/treslineasnoticias.com.ar\/#\/schema\/person\/c5f7249e50517b84c2379b145ca14895"},"breadcrumb":{"@id":"https:\/\/treslineasnoticias.com.ar\/?p=24922#breadcrumb"},"inLanguage":"es","potentialAction":[{"@type":"ReadAction","target":["https:\/\/treslineasnoticias.com.ar\/?p=24922"]}]},{"@type":"ImageObject","inLanguage":"es","@id":"https:\/\/treslineasnoticias.com.ar\/?p=24922#primaryimage","url":"https:\/\/treslineasnoticias.com.ar\/wp-content\/uploads\/2026\/04\/EVA-MIERI-Y-FUNCIONARIOS-MUNICIPALES-VISITARON-LA-ONG-CABALLOS-DE-QUILMES-QUE-REALIZA-UNA-IMPORTANTE-LABOR-DE-RESCATE-EN-LA-CIUDAD-4.jpg","contentUrl":"https:\/\/treslineasnoticias.com.ar\/wp-content\/uploads\/2026\/04\/EVA-MIERI-Y-FUNCIONARIOS-MUNICIPALES-VISITARON-LA-ONG-CABALLOS-DE-QUILMES-QUE-REALIZA-UNA-IMPORTANTE-LABOR-DE-RESCATE-EN-LA-CIUDAD-4.jpg","width":1280,"height":853},{"@type":"BreadcrumbList","@id":"https:\/\/treslineasnoticias.com.ar\/?p=24922#breadcrumb","itemListElement":[{"@type":"ListItem","position":1,"name":"Portada","item":"https:\/\/treslineasnoticias.com.ar\/"},{"@type":"ListItem","position":2,"name":"Eva Mieri y funcionarios municipales visitaron la ONG Caballos de Quilmes que realiza una importante labor de rescate en la ciudad"}]},{"@type":"WebSite","@id":"https:\/\/treslineasnoticias.com.ar\/#website","url":"https:\/\/treslineasnoticias.com.ar\/","name":"Tres Lineas Noticias","description":"","potentialAction":[{"@type":"SearchAction","target":{"@type":"EntryPoint","urlTemplate":"https:\/\/treslineasnoticias.com.ar\/?s={search_term_string}"},"query-input":{"@type":"PropertyValueSpecification","valueRequired":true,"valueName":"search_term_string"}}],"inLanguage":"es"},{"@type":"Person","@id":"https:\/\/treslineasnoticias.com.ar\/#\/schema\/person\/c5f7249e50517b84c2379b145ca14895","name":"Horacio L\u00f3pez","image":{"@type":"ImageObject","inLanguage":"es","@id":"https:\/\/treslineasnoticias.com.ar\/#\/schema\/person\/image\/","url":"https:\/\/treslineasnoticias.com.ar\/wp-content\/litespeed\/avatar\/ddbec442f0224f940ce000570a0cb216.jpg?ver=1777068930","contentUrl":"https:\/\/treslineasnoticias.com.ar\/wp-content\/litespeed\/avatar\/ddbec442f0224f940ce000570a0cb216.jpg?ver=1777068930","caption":"Horacio L\u00f3pez"},"sameAs":["http:\/\/treslineasnoticias.com.ar"],"url":"https:\/\/treslineasnoticias.com.ar\/?author=3"}]}},"jetpack_featured_media_url":"https:\/\/treslineasnoticias.com.ar\/wp-content\/uploads\/2026\/04\/EVA-MIERI-Y-FUNCIONARIOS-MUNICIPALES-VISITARON-LA-ONG-CABALLOS-DE-QUILMES-QUE-REALIZA-UNA-IMPORTANTE-LABOR-DE-RESCATE-EN-LA-CIUDAD-4.jpg","jetpack_sharing_enabled":true,"_links":{"self":[{"href":"https:\/\/treslineasnoticias.com.ar\/index.php?rest_route=\/wp\/v2\/posts\/24922","targetHints":{"allow":["GET"]}}],"collection":[{"href":"https:\/\/treslineasnoticias.com.ar\/index.php?rest_route=\/wp\/v2\/posts"}],"about":[{"href":"https:\/\/treslineasnoticias.com.ar\/index.php?rest_route=\/wp\/v2\/types\/post"}],"author":[{"embeddable":true,"href":"https:\/\/treslineasnoticias.com.ar\/index.php?rest_route=\/wp\/v2\/users\/3"}],"replies":[{"embeddable":true,"href":"https:\/\/treslineasnoticias.com.ar\/index.php?rest_route=%2Fwp%2Fv2%2Fcomments&post=24922"}],"version-history":[{"count":1,"href":"https:\/\/treslineasnoticias.com.ar\/index.php?rest_route=\/wp\/v2\/posts\/24922\/revisions"}],"predecessor-version":[{"id":24926,"href":"https:\/\/treslineasnoticias.com.ar\/index.php?rest_route=\/wp\/v2\/posts\/24922\/revisions\/24926"}],"wp:featuredmedia":[{"embeddable":true,"href":"https:\/\/treslineasnoticias.com.ar\/index.php?rest_route=\/wp\/v2\/media\/24923"}],"wp:attachment":[{"href":"https:\/\/treslineasnoticias.com.ar\/index.php?rest_route=%2Fwp%2Fv2%2Fmedia&parent=24922"}],"wp:term":[{"taxonomy":"category","embeddable":true,"href":"https:\/\/treslineasnoticias.com.ar\/index.php?rest_route=%2Fwp%2Fv2%2Fcategories&post=24922"},{"taxonomy":"post_tag","embeddable":true,"href":"https:\/\/treslineasnoticias.com.ar\/index.php?rest_route=%2Fwp%2Fv2%2Ftags&post=24922"}],"curies":[{"name":"wp","href":"https:\/\/api.w.org\/{rel}","templated":true}]}}