{"id":24930,"date":"2026-04-29T19:05:00","date_gmt":"2026-04-29T22:05:00","guid":{"rendered":"https:\/\/treslineasnoticias.com.ar\/?p=24930"},"modified":"2026-04-30T11:26:08","modified_gmt":"2026-04-30T14:26:08","slug":"intensa-actividad-del-cotoba-en-bahia-blanca","status":"publish","type":"post","link":"https:\/\/treslineasnoticias.com.ar\/?p=24930","title":{"rendered":"Intensa actividad del COTOBA en Bah\u00eda Blanca"},"content":{"rendered":"\n<p><strong><em>La presidenta del Colegio Profesional de Terapia Ocupacional de la Provincia de Buenos Aires (COTOBA), Claudia Spidalieri, encabez\u00f3 una intensa agenda institucional en Bah\u00eda Blanca, con participaci\u00f3n en espacios intercolegiales y encuentros con profesionales y graduados de la delegaci\u00f3n local de la UCALP.<\/em><\/strong><\/p>\n\n\n\n<p>Spidalieri particip\u00f3 de la reuni\u00f3n de la Mesa Coordinadora de Colegios y Consejos Profesionales del Sur Bonaerense, \u00e1mbito que nuclea a entidades profesionales de toda la regi\u00f3n sur de la provincia de Buenos Aires y promueve acciones conjuntas vinculadas al ejercicio profesional, la defensa institucional y el aporte t\u00e9cnico a la comunidad. La entidad re\u00fane hist\u00f3ricamente a colegios y consejos de ramas como abogac\u00eda, arquitectura, agrimensura, ciencias econ\u00f3micas, escriban\u00eda, farmacia, medicina, odontolog\u00eda, nutrici\u00f3n, traductores, trabajo social, martilleros, kinesiolog\u00eda, t\u00e9cnicos y otras disciplinas colegiadas.<\/p>\n\n\n\n<figure class=\"wp-block-image size-large is-resized\"><img loading=\"lazy\" decoding=\"async\" width=\"771\" height=\"1024\" src=\"http:\/\/treslineasnoticias.com.ar\/wp-content\/uploads\/2026\/04\/WhatsApp-Image-2026-04-29-at-18.44.11-1-771x1024.jpeg\" alt=\"\" class=\"wp-image-24932\" style=\"width:504px;height:auto\" srcset=\"https:\/\/treslineasnoticias.com.ar\/wp-content\/uploads\/2026\/04\/WhatsApp-Image-2026-04-29-at-18.44.11-1-771x1024.jpeg 771w, https:\/\/treslineasnoticias.com.ar\/wp-content\/uploads\/2026\/04\/WhatsApp-Image-2026-04-29-at-18.44.11-1-226x300.jpeg 226w, https:\/\/treslineasnoticias.com.ar\/wp-content\/uploads\/2026\/04\/WhatsApp-Image-2026-04-29-at-18.44.11-1-768x1021.jpeg 768w, https:\/\/treslineasnoticias.com.ar\/wp-content\/uploads\/2026\/04\/WhatsApp-Image-2026-04-29-at-18.44.11-1-1156x1536.jpeg 1156w, https:\/\/treslineasnoticias.com.ar\/wp-content\/uploads\/2026\/04\/WhatsApp-Image-2026-04-29-at-18.44.11-1.jpeg 1204w\" sizes=\"auto, (max-width: 771px) 100vw, 771px\" \/><\/figure>\n\n\n\n<p>Durante el encuentro se abordaron temas estrat\u00e9gicos vinculados al presente y futuro de las instituciones profesionales. Entre ellos, se analizaron las fortalezas y desaf\u00edos de las entidades colegiadas, la comunicaci\u00f3n con matriculadas y matriculados, y el rol de los colegios frente a la sociedad.<\/p>\n\n\n\n<p>Adem\u00e1s, se debatieron distintas estrategias para defender la matriculaci\u00f3n, jerarquizar el ejercicio profesional y consolidar espacios de trabajo com\u00fan entre las distintas disciplinas, en un contexto donde la articulaci\u00f3n institucional cobra cada vez mayor relevancia. La Mesa Coordinadora cuenta con una trayectoria de m\u00e1s de dos d\u00e9cadas en la regi\u00f3n y ha impulsado numerosas actividades abiertas a la comunidad.<\/p>\n\n\n\n<p>Junto a Spidalieri participaron Mayra Laborde y Marina Larrea, ambas representantes del Colegio en ese espacio interinstitucional.<\/p>\n\n\n\n<p>Como parte de la agenda en Bah\u00eda Blanca, la presidenta del COTOBA tambi\u00e9n particip\u00f3 de una charla dirigida a graduados y profesionales de la Licenciatura en Terapia Ocupacional en la sede local de UCALP, donde se trabajaron temas centrales para el desarrollo de la profesi\u00f3n. y estudiantes de los \u00faltimos a\u00f1os de la carrera Licenciatura en Terapia Ocupacional que se dicta all\u00ed.<\/p>\n\n\n\n<figure class=\"wp-block-image size-large is-resized\"><img loading=\"lazy\" decoding=\"async\" width=\"1024\" height=\"576\" src=\"http:\/\/treslineasnoticias.com.ar\/wp-content\/uploads\/2026\/04\/WhatsApp-Image-2026-04-29-at-18.44.12-2-1024x576.jpeg\" alt=\"\" class=\"wp-image-24933\" style=\"width:768px;height:auto\" srcset=\"https:\/\/treslineasnoticias.com.ar\/wp-content\/uploads\/2026\/04\/WhatsApp-Image-2026-04-29-at-18.44.12-2-1024x576.jpeg 1024w, https:\/\/treslineasnoticias.com.ar\/wp-content\/uploads\/2026\/04\/WhatsApp-Image-2026-04-29-at-18.44.12-2-300x169.jpeg 300w, https:\/\/treslineasnoticias.com.ar\/wp-content\/uploads\/2026\/04\/WhatsApp-Image-2026-04-29-at-18.44.12-2-768x432.jpeg 768w, https:\/\/treslineasnoticias.com.ar\/wp-content\/uploads\/2026\/04\/WhatsApp-Image-2026-04-29-at-18.44.12-2.jpeg 1280w\" sizes=\"auto, (max-width: 1024px) 100vw, 1024px\" \/><\/figure>\n\n\n\n<p>Durante el encuentro, del que tambi\u00e9n particip\u00f3 la directora de la carrera Manuela Bocanegra, se profundiz\u00f3 sobre los mecanismos institucionales que brinda el Colegio para acompa\u00f1ar a las y los matriculados, la importancia de la matriculaci\u00f3n como herramienta de resguardo legal, jerarquizaci\u00f3n profesional y garant\u00eda de calidad para la comunidad, as\u00ed como tambi\u00e9n los distintos \u00e1mbitos de inserci\u00f3n laboral de la Terapia Ocupacional. En ese marco, se abordaron oportunidades de desempe\u00f1o en salud p\u00fablica y privada, educaci\u00f3n, discapacidad, salud mental, gerontolog\u00eda, rehabilitaci\u00f3n, abordajes comunitarios y trabajo interdisciplinario.<\/p>\n\n\n\n<p>Asimismo, se brind\u00f3 informaci\u00f3n vinculada a la habilitaci\u00f3n de consultorios y espacios de atenci\u00f3n, incumbencias profesionales, normativa vigente, \u00e9tica profesional y los desaf\u00edos actuales que atraviesa la disciplina en un escenario de permanente transformaci\u00f3n. El intercambio permiti\u00f3 adem\u00e1s evacuar consultas, compartir experiencias y fortalecer el v\u00ednculo entre el Colegio y las nuevas generaciones de profesionales.<\/p>\n","protected":false},"excerpt":{"rendered":"<p>La presidenta del Colegio Profesional de Terapia Ocupacional de la Provincia de Buenos Aires (COTOBA), Claudia Spidalieri, encabez\u00f3 una intensa agenda institucional en Bah\u00eda Blanca, con participaci\u00f3n en espacios intercolegiales y encuentros con profesionales y graduados de la delegaci\u00f3n local de la UCALP. Spidalieri particip\u00f3 de la reuni\u00f3n de la Mesa Coordinadora de Colegios y [&hellip;]<\/p>\n","protected":false},"author":3,"featured_media":24931,"comment_status":"open","ping_status":"open","sticky":false,"template":"","format":"standard","meta":{"_jetpack_memberships_contains_paid_content":false,"footnotes":""},"categories":[8],"tags":[],"class_list":["post-24930","post","type-post","status-publish","format-standard","has-post-thumbnail","hentry","category-provincia"],"yoast_head":"<!-- This site is optimized with the Yoast SEO plugin v24.7 - https:\/\/yoast.com\/wordpress\/plugins\/seo\/ -->\n<title>Intensa actividad del COTOBA en Bah\u00eda Blanca - Tres Lineas Noticias<\/title>\n<meta name=\"robots\" content=\"index, follow, max-snippet:-1, max-image-preview:large, max-video-preview:-1\" \/>\n<link rel=\"canonical\" href=\"https:\/\/treslineasnoticias.com.ar\/?p=24930\" \/>\n<meta property=\"og:locale\" content=\"es_ES\" \/>\n<meta property=\"og:type\" content=\"article\" \/>\n<meta property=\"og:title\" content=\"Intensa actividad del COTOBA en Bah\u00eda Blanca - Tres Lineas Noticias\" \/>\n<meta property=\"og:description\" content=\"La presidenta del Colegio Profesional de Terapia Ocupacional de la Provincia de Buenos Aires (COTOBA), Claudia Spidalieri, encabez\u00f3 una intensa agenda institucional en Bah\u00eda Blanca, con participaci\u00f3n en espacios intercolegiales y encuentros con profesionales y graduados de la delegaci\u00f3n local de la UCALP. Spidalieri particip\u00f3 de la reuni\u00f3n de la Mesa Coordinadora de Colegios y [&hellip;]\" \/>\n<meta property=\"og:url\" content=\"https:\/\/treslineasnoticias.com.ar\/?p=24930\" \/>\n<meta property=\"og:site_name\" content=\"Tres Lineas Noticias\" \/>\n<meta property=\"article:published_time\" content=\"2026-04-29T22:05:00+00:00\" \/>\n<meta property=\"article:modified_time\" content=\"2026-04-30T14:26:08+00:00\" \/>\n<meta property=\"og:image\" content=\"http:\/\/treslineasnoticias.com.ar\/wp-content\/uploads\/2026\/04\/WhatsApp-Image-2026-04-29-at-18.44.12-1.jpeg\" \/>\n\t<meta property=\"og:image:width\" content=\"1280\" \/>\n\t<meta property=\"og:image:height\" content=\"960\" \/>\n\t<meta property=\"og:image:type\" content=\"image\/jpeg\" \/>\n<meta name=\"author\" content=\"Horacio L\u00f3pez\" \/>\n<meta name=\"twitter:card\" content=\"summary_large_image\" \/>\n<meta name=\"twitter:label1\" content=\"Escrito por\" \/>\n\t<meta name=\"twitter:data1\" content=\"Horacio L\u00f3pez\" \/>\n\t<meta name=\"twitter:label2\" content=\"Tiempo de lectura\" \/>\n\t<meta name=\"twitter:data2\" content=\"3 minutos\" \/>\n<script type=\"application\/ld+json\" class=\"yoast-schema-graph\">{\"@context\":\"https:\/\/schema.org\",\"@graph\":[{\"@type\":\"WebPage\",\"@id\":\"https:\/\/treslineasnoticias.com.ar\/?p=24930\",\"url\":\"https:\/\/treslineasnoticias.com.ar\/?p=24930\",\"name\":\"Intensa actividad del COTOBA en Bah\u00eda Blanca - Tres Lineas Noticias\",\"isPartOf\":{\"@id\":\"https:\/\/treslineasnoticias.com.ar\/#website\"},\"primaryImageOfPage\":{\"@id\":\"https:\/\/treslineasnoticias.com.ar\/?p=24930#primaryimage\"},\"image\":{\"@id\":\"https:\/\/treslineasnoticias.com.ar\/?p=24930#primaryimage\"},\"thumbnailUrl\":\"https:\/\/treslineasnoticias.com.ar\/wp-content\/uploads\/2026\/04\/WhatsApp-Image-2026-04-29-at-18.44.12-1.jpeg\",\"datePublished\":\"2026-04-29T22:05:00+00:00\",\"dateModified\":\"2026-04-30T14:26:08+00:00\",\"author\":{\"@id\":\"https:\/\/treslineasnoticias.com.ar\/#\/schema\/person\/c5f7249e50517b84c2379b145ca14895\"},\"breadcrumb\":{\"@id\":\"https:\/\/treslineasnoticias.com.ar\/?p=24930#breadcrumb\"},\"inLanguage\":\"es\",\"potentialAction\":[{\"@type\":\"ReadAction\",\"target\":[\"https:\/\/treslineasnoticias.com.ar\/?p=24930\"]}]},{\"@type\":\"ImageObject\",\"inLanguage\":\"es\",\"@id\":\"https:\/\/treslineasnoticias.com.ar\/?p=24930#primaryimage\",\"url\":\"https:\/\/treslineasnoticias.com.ar\/wp-content\/uploads\/2026\/04\/WhatsApp-Image-2026-04-29-at-18.44.12-1.jpeg\",\"contentUrl\":\"https:\/\/treslineasnoticias.com.ar\/wp-content\/uploads\/2026\/04\/WhatsApp-Image-2026-04-29-at-18.44.12-1.jpeg\",\"width\":1280,\"height\":960},{\"@type\":\"BreadcrumbList\",\"@id\":\"https:\/\/treslineasnoticias.com.ar\/?p=24930#breadcrumb\",\"itemListElement\":[{\"@type\":\"ListItem\",\"position\":1,\"name\":\"Portada\",\"item\":\"https:\/\/treslineasnoticias.com.ar\/\"},{\"@type\":\"ListItem\",\"position\":2,\"name\":\"Intensa actividad del COTOBA en Bah\u00eda Blanca\"}]},{\"@type\":\"WebSite\",\"@id\":\"https:\/\/treslineasnoticias.com.ar\/#website\",\"url\":\"https:\/\/treslineasnoticias.com.ar\/\",\"name\":\"Tres Lineas Noticias\",\"description\":\"\",\"potentialAction\":[{\"@type\":\"SearchAction\",\"target\":{\"@type\":\"EntryPoint\",\"urlTemplate\":\"https:\/\/treslineasnoticias.com.ar\/?s={search_term_string}\"},\"query-input\":{\"@type\":\"PropertyValueSpecification\",\"valueRequired\":true,\"valueName\":\"search_term_string\"}}],\"inLanguage\":\"es\"},{\"@type\":\"Person\",\"@id\":\"https:\/\/treslineasnoticias.com.ar\/#\/schema\/person\/c5f7249e50517b84c2379b145ca14895\",\"name\":\"Horacio L\u00f3pez\",\"image\":{\"@type\":\"ImageObject\",\"inLanguage\":\"es\",\"@id\":\"https:\/\/treslineasnoticias.com.ar\/#\/schema\/person\/image\/\",\"url\":\"https:\/\/treslineasnoticias.com.ar\/wp-content\/litespeed\/avatar\/ddbec442f0224f940ce000570a0cb216.jpg?ver=1777068930\",\"contentUrl\":\"https:\/\/treslineasnoticias.com.ar\/wp-content\/litespeed\/avatar\/ddbec442f0224f940ce000570a0cb216.jpg?ver=1777068930\",\"caption\":\"Horacio L\u00f3pez\"},\"sameAs\":[\"http:\/\/treslineasnoticias.com.ar\"],\"url\":\"https:\/\/treslineasnoticias.com.ar\/?author=3\"}]}<\/script>\n<!-- \/ Yoast SEO plugin. -->","yoast_head_json":{"title":"Intensa actividad del COTOBA en Bah\u00eda Blanca - Tres Lineas Noticias","robots":{"index":"index","follow":"follow","max-snippet":"max-snippet:-1","max-image-preview":"max-image-preview:large","max-video-preview":"max-video-preview:-1"},"canonical":"https:\/\/treslineasnoticias.com.ar\/?p=24930","og_locale":"es_ES","og_type":"article","og_title":"Intensa actividad del COTOBA en Bah\u00eda Blanca - Tres Lineas Noticias","og_description":"La presidenta del Colegio Profesional de Terapia Ocupacional de la Provincia de Buenos Aires (COTOBA), Claudia Spidalieri, encabez\u00f3 una intensa agenda institucional en Bah\u00eda Blanca, con participaci\u00f3n en espacios intercolegiales y encuentros con profesionales y graduados de la delegaci\u00f3n local de la UCALP. Spidalieri particip\u00f3 de la reuni\u00f3n de la Mesa Coordinadora de Colegios y [&hellip;]","og_url":"https:\/\/treslineasnoticias.com.ar\/?p=24930","og_site_name":"Tres Lineas Noticias","article_published_time":"2026-04-29T22:05:00+00:00","article_modified_time":"2026-04-30T14:26:08+00:00","og_image":[{"width":1280,"height":960,"url":"http:\/\/treslineasnoticias.com.ar\/wp-content\/uploads\/2026\/04\/WhatsApp-Image-2026-04-29-at-18.44.12-1.jpeg","type":"image\/jpeg"}],"author":"Horacio L\u00f3pez","twitter_card":"summary_large_image","twitter_misc":{"Escrito por":"Horacio L\u00f3pez","Tiempo de lectura":"3 minutos"},"schema":{"@context":"https:\/\/schema.org","@graph":[{"@type":"WebPage","@id":"https:\/\/treslineasnoticias.com.ar\/?p=24930","url":"https:\/\/treslineasnoticias.com.ar\/?p=24930","name":"Intensa actividad del COTOBA en Bah\u00eda Blanca - Tres Lineas Noticias","isPartOf":{"@id":"https:\/\/treslineasnoticias.com.ar\/#website"},"primaryImageOfPage":{"@id":"https:\/\/treslineasnoticias.com.ar\/?p=24930#primaryimage"},"image":{"@id":"https:\/\/treslineasnoticias.com.ar\/?p=24930#primaryimage"},"thumbnailUrl":"https:\/\/treslineasnoticias.com.ar\/wp-content\/uploads\/2026\/04\/WhatsApp-Image-2026-04-29-at-18.44.12-1.jpeg","datePublished":"2026-04-29T22:05:00+00:00","dateModified":"2026-04-30T14:26:08+00:00","author":{"@id":"https:\/\/treslineasnoticias.com.ar\/#\/schema\/person\/c5f7249e50517b84c2379b145ca14895"},"breadcrumb":{"@id":"https:\/\/treslineasnoticias.com.ar\/?p=24930#breadcrumb"},"inLanguage":"es","potentialAction":[{"@type":"ReadAction","target":["https:\/\/treslineasnoticias.com.ar\/?p=24930"]}]},{"@type":"ImageObject","inLanguage":"es","@id":"https:\/\/treslineasnoticias.com.ar\/?p=24930#primaryimage","url":"https:\/\/treslineasnoticias.com.ar\/wp-content\/uploads\/2026\/04\/WhatsApp-Image-2026-04-29-at-18.44.12-1.jpeg","contentUrl":"https:\/\/treslineasnoticias.com.ar\/wp-content\/uploads\/2026\/04\/WhatsApp-Image-2026-04-29-at-18.44.12-1.jpeg","width":1280,"height":960},{"@type":"BreadcrumbList","@id":"https:\/\/treslineasnoticias.com.ar\/?p=24930#breadcrumb","itemListElement":[{"@type":"ListItem","position":1,"name":"Portada","item":"https:\/\/treslineasnoticias.com.ar\/"},{"@type":"ListItem","position":2,"name":"Intensa actividad del COTOBA en Bah\u00eda Blanca"}]},{"@type":"WebSite","@id":"https:\/\/treslineasnoticias.com.ar\/#website","url":"https:\/\/treslineasnoticias.com.ar\/","name":"Tres Lineas Noticias","description":"","potentialAction":[{"@type":"SearchAction","target":{"@type":"EntryPoint","urlTemplate":"https:\/\/treslineasnoticias.com.ar\/?s={search_term_string}"},"query-input":{"@type":"PropertyValueSpecification","valueRequired":true,"valueName":"search_term_string"}}],"inLanguage":"es"},{"@type":"Person","@id":"https:\/\/treslineasnoticias.com.ar\/#\/schema\/person\/c5f7249e50517b84c2379b145ca14895","name":"Horacio L\u00f3pez","image":{"@type":"ImageObject","inLanguage":"es","@id":"https:\/\/treslineasnoticias.com.ar\/#\/schema\/person\/image\/","url":"https:\/\/treslineasnoticias.com.ar\/wp-content\/litespeed\/avatar\/ddbec442f0224f940ce000570a0cb216.jpg?ver=1777068930","contentUrl":"https:\/\/treslineasnoticias.com.ar\/wp-content\/litespeed\/avatar\/ddbec442f0224f940ce000570a0cb216.jpg?ver=1777068930","caption":"Horacio L\u00f3pez"},"sameAs":["http:\/\/treslineasnoticias.com.ar"],"url":"https:\/\/treslineasnoticias.com.ar\/?author=3"}]}},"jetpack_featured_media_url":"https:\/\/treslineasnoticias.com.ar\/wp-content\/uploads\/2026\/04\/WhatsApp-Image-2026-04-29-at-18.44.12-1.jpeg","jetpack_sharing_enabled":true,"_links":{"self":[{"href":"https:\/\/treslineasnoticias.com.ar\/index.php?rest_route=\/wp\/v2\/posts\/24930","targetHints":{"allow":["GET"]}}],"collection":[{"href":"https:\/\/treslineasnoticias.com.ar\/index.php?rest_route=\/wp\/v2\/posts"}],"about":[{"href":"https:\/\/treslineasnoticias.com.ar\/index.php?rest_route=\/wp\/v2\/types\/post"}],"author":[{"embeddable":true,"href":"https:\/\/treslineasnoticias.com.ar\/index.php?rest_route=\/wp\/v2\/users\/3"}],"replies":[{"embeddable":true,"href":"https:\/\/treslineasnoticias.com.ar\/index.php?rest_route=%2Fwp%2Fv2%2Fcomments&post=24930"}],"version-history":[{"count":1,"href":"https:\/\/treslineasnoticias.com.ar\/index.php?rest_route=\/wp\/v2\/posts\/24930\/revisions"}],"predecessor-version":[{"id":24934,"href":"https:\/\/treslineasnoticias.com.ar\/index.php?rest_route=\/wp\/v2\/posts\/24930\/revisions\/24934"}],"wp:featuredmedia":[{"embeddable":true,"href":"https:\/\/treslineasnoticias.com.ar\/index.php?rest_route=\/wp\/v2\/media\/24931"}],"wp:attachment":[{"href":"https:\/\/treslineasnoticias.com.ar\/index.php?rest_route=%2Fwp%2Fv2%2Fmedia&parent=24930"}],"wp:term":[{"taxonomy":"category","embeddable":true,"href":"https:\/\/treslineasnoticias.com.ar\/index.php?rest_route=%2Fwp%2Fv2%2Fcategories&post=24930"},{"taxonomy":"post_tag","embeddable":true,"href":"https:\/\/treslineasnoticias.com.ar\/index.php?rest_route=%2Fwp%2Fv2%2Ftags&post=24930"}],"curies":[{"name":"wp","href":"https:\/\/api.w.org\/{rel}","templated":true}]}}