{"id":24935,"date":"2026-04-30T10:30:00","date_gmt":"2026-04-30T13:30:00","guid":{"rendered":"https:\/\/treslineasnoticias.com.ar\/?p=24935"},"modified":"2026-04-30T11:38:21","modified_gmt":"2026-04-30T14:38:21","slug":"funcionarios-municipales-detallaron-la-operatividad-de-los-dispositivos-comunales-de-seguridad-a-concejales","status":"publish","type":"post","link":"https:\/\/treslineasnoticias.com.ar\/?p=24935","title":{"rendered":"Funcionarios municipales detallaron la operatividad de los dispositivos comunales de seguridad a concejales"},"content":{"rendered":"\n<p><strong><em>Integrantes del gobierno varelense recibieron a miembros del Poder Legislativo local para mostrarles la din\u00e1mica habitual en el Centro de Monitoreo Municipal, ubicado en calle Bonn esquina Av. Novak, el \u00faltimo mi\u00e9rcoles de abril al mediod\u00eda.<\/em><\/strong><\/p>\n\n\n\n<p>El secretario general de Gesti\u00f3n P\u00fablica -Christian Rodr\u00edguez- detall\u00f3: \u201cFue una reuni\u00f3n destinada a explicar los m\u00faltiples procedimientos y herramientas disponibles en la base de operaciones: desde el Anillo Digital hasta los 664 domos distribuidos en el partido, con una labor articulada con el 911 y el SAME\u201d.<\/p>\n\n\n\n<p>El funcionario resalt\u00f3 \u201cla decisi\u00f3n del intendente, Andr\u00e9s Watson: invertir en seguridad para el bienestar de los vecinos y las vecinas de Florencio Varela, pese a la dif\u00edcil realidad econ\u00f3mica\u201d. Valor\u00f3 \u201cla participaci\u00f3n de ediles de los diferentes espacios pol\u00edticos a fin de trabajar en conjunto\u201d.<\/p>\n\n\n\n<figure class=\"wp-block-image size-large is-resized\"><img loading=\"lazy\" decoding=\"async\" width=\"1024\" height=\"683\" src=\"http:\/\/treslineasnoticias.com.ar\/wp-content\/uploads\/2026\/04\/62740134-629f-85a6-d2a1-eb6e78d5b74e-1024x683.jpg\" alt=\"\" class=\"wp-image-24936\" style=\"width:823px;height:auto\" srcset=\"https:\/\/treslineasnoticias.com.ar\/wp-content\/uploads\/2026\/04\/62740134-629f-85a6-d2a1-eb6e78d5b74e-1024x683.jpg 1024w, https:\/\/treslineasnoticias.com.ar\/wp-content\/uploads\/2026\/04\/62740134-629f-85a6-d2a1-eb6e78d5b74e-300x200.jpg 300w, https:\/\/treslineasnoticias.com.ar\/wp-content\/uploads\/2026\/04\/62740134-629f-85a6-d2a1-eb6e78d5b74e-768x512.jpg 768w, https:\/\/treslineasnoticias.com.ar\/wp-content\/uploads\/2026\/04\/62740134-629f-85a6-d2a1-eb6e78d5b74e-1536x1024.jpg 1536w, https:\/\/treslineasnoticias.com.ar\/wp-content\/uploads\/2026\/04\/62740134-629f-85a6-d2a1-eb6e78d5b74e-2048x1365.jpg 2048w\" sizes=\"auto, (max-width: 1024px) 100vw, 1024px\" \/><\/figure>\n\n\n\n<p>La presidenta de la comisi\u00f3n vinculada a la tem\u00e1tica -Laura Ravagni- describi\u00f3: \u201cEl encuentro surgi\u00f3 con la premisa de conocer el desempe\u00f1o de la sala, puntualmente en \u00e1reas escolares\u201d. Destac\u00f3 \u201cel nexo con las instituciones educativas a trav\u00e9s del \u2018AlertaTel\u2019, un circuito eficiente y directo para asistir ante cualquier situaci\u00f3n an\u00f3mala\u201d.<\/p>\n\n\n\n<p>Estuvieron el presidente del Honorable Concejo Deliberante -Gustavo Rearte-; los concejales Carolina Gallo, Jorge Romero, N\u00e9lida Acosta, Nidia Perrone, Mart\u00edn Castell\u00f3, Sandra Jim\u00e9nez, Gustavo Bra\u00f1a; y el secretario de Gobierno -Daniel Dono Leidi-.<\/p>\n","protected":false},"excerpt":{"rendered":"<p>Integrantes del gobierno varelense recibieron a miembros del Poder Legislativo local para mostrarles la din\u00e1mica habitual en el Centro de Monitoreo Municipal, ubicado en calle Bonn esquina Av. Novak, el \u00faltimo mi\u00e9rcoles de abril al mediod\u00eda. El secretario general de Gesti\u00f3n P\u00fablica -Christian Rodr\u00edguez- detall\u00f3: \u201cFue una reuni\u00f3n destinada a explicar los m\u00faltiples procedimientos y [&hellip;]<\/p>\n","protected":false},"author":3,"featured_media":24937,"comment_status":"open","ping_status":"open","sticky":false,"template":"","format":"standard","meta":{"_jetpack_memberships_contains_paid_content":false,"footnotes":""},"categories":[6],"tags":[],"class_list":["post-24935","post","type-post","status-publish","format-standard","has-post-thumbnail","hentry","category-florencio-varela"],"yoast_head":"<!-- This site is optimized with the Yoast SEO plugin v24.7 - https:\/\/yoast.com\/wordpress\/plugins\/seo\/ -->\n<title>Funcionarios municipales detallaron la operatividad de los dispositivos comunales de seguridad a concejales - Tres Lineas Noticias<\/title>\n<meta name=\"robots\" content=\"index, follow, max-snippet:-1, max-image-preview:large, max-video-preview:-1\" \/>\n<link rel=\"canonical\" href=\"https:\/\/treslineasnoticias.com.ar\/?p=24935\" \/>\n<meta property=\"og:locale\" content=\"es_ES\" \/>\n<meta property=\"og:type\" content=\"article\" \/>\n<meta property=\"og:title\" content=\"Funcionarios municipales detallaron la operatividad de los dispositivos comunales de seguridad a concejales - Tres Lineas Noticias\" \/>\n<meta property=\"og:description\" content=\"Integrantes del gobierno varelense recibieron a miembros del Poder Legislativo local para mostrarles la din\u00e1mica habitual en el Centro de Monitoreo Municipal, ubicado en calle Bonn esquina Av. Novak, el \u00faltimo mi\u00e9rcoles de abril al mediod\u00eda. El secretario general de Gesti\u00f3n P\u00fablica -Christian Rodr\u00edguez- detall\u00f3: \u201cFue una reuni\u00f3n destinada a explicar los m\u00faltiples procedimientos y [&hellip;]\" \/>\n<meta property=\"og:url\" content=\"https:\/\/treslineasnoticias.com.ar\/?p=24935\" \/>\n<meta property=\"og:site_name\" content=\"Tres Lineas Noticias\" \/>\n<meta property=\"article:published_time\" content=\"2026-04-30T13:30:00+00:00\" \/>\n<meta property=\"article:modified_time\" content=\"2026-04-30T14:38:21+00:00\" \/>\n<meta property=\"og:image\" content=\"http:\/\/treslineasnoticias.com.ar\/wp-content\/uploads\/2026\/04\/96e40c05-82af-b423-3132-719b2fc4aa92-scaled.jpg\" \/>\n\t<meta property=\"og:image:width\" content=\"2560\" \/>\n\t<meta property=\"og:image:height\" content=\"1706\" \/>\n\t<meta property=\"og:image:type\" content=\"image\/jpeg\" \/>\n<meta name=\"author\" content=\"Horacio L\u00f3pez\" \/>\n<meta name=\"twitter:card\" content=\"summary_large_image\" \/>\n<meta name=\"twitter:label1\" content=\"Escrito por\" \/>\n\t<meta name=\"twitter:data1\" content=\"Horacio L\u00f3pez\" \/>\n\t<meta name=\"twitter:label2\" content=\"Tiempo de lectura\" \/>\n\t<meta name=\"twitter:data2\" content=\"2 minutos\" \/>\n<script type=\"application\/ld+json\" class=\"yoast-schema-graph\">{\"@context\":\"https:\/\/schema.org\",\"@graph\":[{\"@type\":\"WebPage\",\"@id\":\"https:\/\/treslineasnoticias.com.ar\/?p=24935\",\"url\":\"https:\/\/treslineasnoticias.com.ar\/?p=24935\",\"name\":\"Funcionarios municipales detallaron la operatividad de los dispositivos comunales de seguridad a concejales - Tres Lineas Noticias\",\"isPartOf\":{\"@id\":\"https:\/\/treslineasnoticias.com.ar\/#website\"},\"primaryImageOfPage\":{\"@id\":\"https:\/\/treslineasnoticias.com.ar\/?p=24935#primaryimage\"},\"image\":{\"@id\":\"https:\/\/treslineasnoticias.com.ar\/?p=24935#primaryimage\"},\"thumbnailUrl\":\"https:\/\/treslineasnoticias.com.ar\/wp-content\/uploads\/2026\/04\/96e40c05-82af-b423-3132-719b2fc4aa92-scaled.jpg\",\"datePublished\":\"2026-04-30T13:30:00+00:00\",\"dateModified\":\"2026-04-30T14:38:21+00:00\",\"author\":{\"@id\":\"https:\/\/treslineasnoticias.com.ar\/#\/schema\/person\/c5f7249e50517b84c2379b145ca14895\"},\"breadcrumb\":{\"@id\":\"https:\/\/treslineasnoticias.com.ar\/?p=24935#breadcrumb\"},\"inLanguage\":\"es\",\"potentialAction\":[{\"@type\":\"ReadAction\",\"target\":[\"https:\/\/treslineasnoticias.com.ar\/?p=24935\"]}]},{\"@type\":\"ImageObject\",\"inLanguage\":\"es\",\"@id\":\"https:\/\/treslineasnoticias.com.ar\/?p=24935#primaryimage\",\"url\":\"https:\/\/treslineasnoticias.com.ar\/wp-content\/uploads\/2026\/04\/96e40c05-82af-b423-3132-719b2fc4aa92-scaled.jpg\",\"contentUrl\":\"https:\/\/treslineasnoticias.com.ar\/wp-content\/uploads\/2026\/04\/96e40c05-82af-b423-3132-719b2fc4aa92-scaled.jpg\",\"width\":2560,\"height\":1706},{\"@type\":\"BreadcrumbList\",\"@id\":\"https:\/\/treslineasnoticias.com.ar\/?p=24935#breadcrumb\",\"itemListElement\":[{\"@type\":\"ListItem\",\"position\":1,\"name\":\"Portada\",\"item\":\"https:\/\/treslineasnoticias.com.ar\/\"},{\"@type\":\"ListItem\",\"position\":2,\"name\":\"Funcionarios municipales detallaron la operatividad de los dispositivos comunales de seguridad a concejales\"}]},{\"@type\":\"WebSite\",\"@id\":\"https:\/\/treslineasnoticias.com.ar\/#website\",\"url\":\"https:\/\/treslineasnoticias.com.ar\/\",\"name\":\"Tres Lineas Noticias\",\"description\":\"\",\"potentialAction\":[{\"@type\":\"SearchAction\",\"target\":{\"@type\":\"EntryPoint\",\"urlTemplate\":\"https:\/\/treslineasnoticias.com.ar\/?s={search_term_string}\"},\"query-input\":{\"@type\":\"PropertyValueSpecification\",\"valueRequired\":true,\"valueName\":\"search_term_string\"}}],\"inLanguage\":\"es\"},{\"@type\":\"Person\",\"@id\":\"https:\/\/treslineasnoticias.com.ar\/#\/schema\/person\/c5f7249e50517b84c2379b145ca14895\",\"name\":\"Horacio L\u00f3pez\",\"image\":{\"@type\":\"ImageObject\",\"inLanguage\":\"es\",\"@id\":\"https:\/\/treslineasnoticias.com.ar\/#\/schema\/person\/image\/\",\"url\":\"https:\/\/treslineasnoticias.com.ar\/wp-content\/litespeed\/avatar\/ddbec442f0224f940ce000570a0cb216.jpg?ver=1777068930\",\"contentUrl\":\"https:\/\/treslineasnoticias.com.ar\/wp-content\/litespeed\/avatar\/ddbec442f0224f940ce000570a0cb216.jpg?ver=1777068930\",\"caption\":\"Horacio L\u00f3pez\"},\"sameAs\":[\"http:\/\/treslineasnoticias.com.ar\"],\"url\":\"https:\/\/treslineasnoticias.com.ar\/?author=3\"}]}<\/script>\n<!-- \/ Yoast SEO plugin. -->","yoast_head_json":{"title":"Funcionarios municipales detallaron la operatividad de los dispositivos comunales de seguridad a concejales - Tres Lineas Noticias","robots":{"index":"index","follow":"follow","max-snippet":"max-snippet:-1","max-image-preview":"max-image-preview:large","max-video-preview":"max-video-preview:-1"},"canonical":"https:\/\/treslineasnoticias.com.ar\/?p=24935","og_locale":"es_ES","og_type":"article","og_title":"Funcionarios municipales detallaron la operatividad de los dispositivos comunales de seguridad a concejales - Tres Lineas Noticias","og_description":"Integrantes del gobierno varelense recibieron a miembros del Poder Legislativo local para mostrarles la din\u00e1mica habitual en el Centro de Monitoreo Municipal, ubicado en calle Bonn esquina Av. Novak, el \u00faltimo mi\u00e9rcoles de abril al mediod\u00eda. El secretario general de Gesti\u00f3n P\u00fablica -Christian Rodr\u00edguez- detall\u00f3: \u201cFue una reuni\u00f3n destinada a explicar los m\u00faltiples procedimientos y [&hellip;]","og_url":"https:\/\/treslineasnoticias.com.ar\/?p=24935","og_site_name":"Tres Lineas Noticias","article_published_time":"2026-04-30T13:30:00+00:00","article_modified_time":"2026-04-30T14:38:21+00:00","og_image":[{"width":2560,"height":1706,"url":"http:\/\/treslineasnoticias.com.ar\/wp-content\/uploads\/2026\/04\/96e40c05-82af-b423-3132-719b2fc4aa92-scaled.jpg","type":"image\/jpeg"}],"author":"Horacio L\u00f3pez","twitter_card":"summary_large_image","twitter_misc":{"Escrito por":"Horacio L\u00f3pez","Tiempo de lectura":"2 minutos"},"schema":{"@context":"https:\/\/schema.org","@graph":[{"@type":"WebPage","@id":"https:\/\/treslineasnoticias.com.ar\/?p=24935","url":"https:\/\/treslineasnoticias.com.ar\/?p=24935","name":"Funcionarios municipales detallaron la operatividad de los dispositivos comunales de seguridad a concejales - Tres Lineas Noticias","isPartOf":{"@id":"https:\/\/treslineasnoticias.com.ar\/#website"},"primaryImageOfPage":{"@id":"https:\/\/treslineasnoticias.com.ar\/?p=24935#primaryimage"},"image":{"@id":"https:\/\/treslineasnoticias.com.ar\/?p=24935#primaryimage"},"thumbnailUrl":"https:\/\/treslineasnoticias.com.ar\/wp-content\/uploads\/2026\/04\/96e40c05-82af-b423-3132-719b2fc4aa92-scaled.jpg","datePublished":"2026-04-30T13:30:00+00:00","dateModified":"2026-04-30T14:38:21+00:00","author":{"@id":"https:\/\/treslineasnoticias.com.ar\/#\/schema\/person\/c5f7249e50517b84c2379b145ca14895"},"breadcrumb":{"@id":"https:\/\/treslineasnoticias.com.ar\/?p=24935#breadcrumb"},"inLanguage":"es","potentialAction":[{"@type":"ReadAction","target":["https:\/\/treslineasnoticias.com.ar\/?p=24935"]}]},{"@type":"ImageObject","inLanguage":"es","@id":"https:\/\/treslineasnoticias.com.ar\/?p=24935#primaryimage","url":"https:\/\/treslineasnoticias.com.ar\/wp-content\/uploads\/2026\/04\/96e40c05-82af-b423-3132-719b2fc4aa92-scaled.jpg","contentUrl":"https:\/\/treslineasnoticias.com.ar\/wp-content\/uploads\/2026\/04\/96e40c05-82af-b423-3132-719b2fc4aa92-scaled.jpg","width":2560,"height":1706},{"@type":"BreadcrumbList","@id":"https:\/\/treslineasnoticias.com.ar\/?p=24935#breadcrumb","itemListElement":[{"@type":"ListItem","position":1,"name":"Portada","item":"https:\/\/treslineasnoticias.com.ar\/"},{"@type":"ListItem","position":2,"name":"Funcionarios municipales detallaron la operatividad de los dispositivos comunales de seguridad a concejales"}]},{"@type":"WebSite","@id":"https:\/\/treslineasnoticias.com.ar\/#website","url":"https:\/\/treslineasnoticias.com.ar\/","name":"Tres Lineas Noticias","description":"","potentialAction":[{"@type":"SearchAction","target":{"@type":"EntryPoint","urlTemplate":"https:\/\/treslineasnoticias.com.ar\/?s={search_term_string}"},"query-input":{"@type":"PropertyValueSpecification","valueRequired":true,"valueName":"search_term_string"}}],"inLanguage":"es"},{"@type":"Person","@id":"https:\/\/treslineasnoticias.com.ar\/#\/schema\/person\/c5f7249e50517b84c2379b145ca14895","name":"Horacio L\u00f3pez","image":{"@type":"ImageObject","inLanguage":"es","@id":"https:\/\/treslineasnoticias.com.ar\/#\/schema\/person\/image\/","url":"https:\/\/treslineasnoticias.com.ar\/wp-content\/litespeed\/avatar\/ddbec442f0224f940ce000570a0cb216.jpg?ver=1777068930","contentUrl":"https:\/\/treslineasnoticias.com.ar\/wp-content\/litespeed\/avatar\/ddbec442f0224f940ce000570a0cb216.jpg?ver=1777068930","caption":"Horacio L\u00f3pez"},"sameAs":["http:\/\/treslineasnoticias.com.ar"],"url":"https:\/\/treslineasnoticias.com.ar\/?author=3"}]}},"jetpack_featured_media_url":"https:\/\/treslineasnoticias.com.ar\/wp-content\/uploads\/2026\/04\/96e40c05-82af-b423-3132-719b2fc4aa92-scaled.jpg","jetpack_sharing_enabled":true,"_links":{"self":[{"href":"https:\/\/treslineasnoticias.com.ar\/index.php?rest_route=\/wp\/v2\/posts\/24935","targetHints":{"allow":["GET"]}}],"collection":[{"href":"https:\/\/treslineasnoticias.com.ar\/index.php?rest_route=\/wp\/v2\/posts"}],"about":[{"href":"https:\/\/treslineasnoticias.com.ar\/index.php?rest_route=\/wp\/v2\/types\/post"}],"author":[{"embeddable":true,"href":"https:\/\/treslineasnoticias.com.ar\/index.php?rest_route=\/wp\/v2\/users\/3"}],"replies":[{"embeddable":true,"href":"https:\/\/treslineasnoticias.com.ar\/index.php?rest_route=%2Fwp%2Fv2%2Fcomments&post=24935"}],"version-history":[{"count":1,"href":"https:\/\/treslineasnoticias.com.ar\/index.php?rest_route=\/wp\/v2\/posts\/24935\/revisions"}],"predecessor-version":[{"id":24938,"href":"https:\/\/treslineasnoticias.com.ar\/index.php?rest_route=\/wp\/v2\/posts\/24935\/revisions\/24938"}],"wp:featuredmedia":[{"embeddable":true,"href":"https:\/\/treslineasnoticias.com.ar\/index.php?rest_route=\/wp\/v2\/media\/24937"}],"wp:attachment":[{"href":"https:\/\/treslineasnoticias.com.ar\/index.php?rest_route=%2Fwp%2Fv2%2Fmedia&parent=24935"}],"wp:term":[{"taxonomy":"category","embeddable":true,"href":"https:\/\/treslineasnoticias.com.ar\/index.php?rest_route=%2Fwp%2Fv2%2Fcategories&post=24935"},{"taxonomy":"post_tag","embeddable":true,"href":"https:\/\/treslineasnoticias.com.ar\/index.php?rest_route=%2Fwp%2Fv2%2Ftags&post=24935"}],"curies":[{"name":"wp","href":"https:\/\/api.w.org\/{rel}","templated":true}]}}