{"id":24939,"date":"2026-04-30T12:05:00","date_gmt":"2026-04-30T15:05:00","guid":{"rendered":"https:\/\/treslineasnoticias.com.ar\/?p=24939"},"modified":"2026-04-30T11:53:09","modified_gmt":"2026-04-30T14:53:09","slug":"jornada-integral-de-salud-en-el-polo-educativo-de-pereyra","status":"publish","type":"post","link":"https:\/\/treslineasnoticias.com.ar\/?p=24939","title":{"rendered":"Jornada Integral de Salud en el Polo Educativo de Pereyra"},"content":{"rendered":"\n<p><strong><em>Se realiz\u00f3 una Jornada Integral de Salud gratuita en las inmediaciones de la Escuela de Educaci\u00f3n Agraria N\u00b0 1, la Primaria N\u00b0 19 y el Jard\u00edn de Infantes N\u00b0 936 de la localidad de Pereyra. Fue organizada por la Municipalidad de Berazategui y estuvo destinada a la comunidad educativa de la zona, que se acerc\u00f3 a participar.<\/em><\/strong><\/p>\n\n\n\n<p>All\u00ed, los vecinos y vecinas accedieron a los siguientes servicios gratuitos:<\/p>\n\n\n\n<p>\u00a0&#8211; Detecci\u00f3n de pacientes con factores de riesgo y toma de tensi\u00f3n arterial, peso, talla e \u00edndice de masa corporal.<br>\u00a0&#8211; Atenci\u00f3n cl\u00ednica, obst\u00e9trica y pedi\u00e1trica.<br>\u00a0&#8211; Atenci\u00f3n de la Red de Salud Mental, Odontol\u00f3gica y Oftalmol\u00f3gica.<br>\u00a0&#8211; Consejer\u00eda de alimentaci\u00f3n saludable, salud sexual y reproductiva.<br>\u00a0&#8211; Firma de libretas de la Asignaci\u00f3n Universal por Hijo (AUH).<br>\u00a0&#8211; Vacunaci\u00f3n de Calendario Nacional Obligatorio y Campa\u00f1as.<br>\u00a0&#8211; Capacitaci\u00f3n en Reanimaci\u00f3n Cardiopulmonar (RCP) y uso de Desfibrilador Externo Autom\u00e1tico (DEA).<br>\u00a0&#8211; Test r\u00e1pido de VIH \/ S\u00edfilis.<\/p>\n\n\n\n<figure class=\"wp-block-image size-large is-resized\"><img loading=\"lazy\" decoding=\"async\" width=\"1024\" height=\"683\" src=\"http:\/\/treslineasnoticias.com.ar\/wp-content\/uploads\/2026\/04\/Jornada-Integral-de-Salud-en-el-Polo-Educativo-de-Pereyra-1-1024x683.jpg\" alt=\"\" class=\"wp-image-24942\" style=\"width:820px;height:auto\" srcset=\"https:\/\/treslineasnoticias.com.ar\/wp-content\/uploads\/2026\/04\/Jornada-Integral-de-Salud-en-el-Polo-Educativo-de-Pereyra-1-1024x683.jpg 1024w, https:\/\/treslineasnoticias.com.ar\/wp-content\/uploads\/2026\/04\/Jornada-Integral-de-Salud-en-el-Polo-Educativo-de-Pereyra-1-300x200.jpg 300w, https:\/\/treslineasnoticias.com.ar\/wp-content\/uploads\/2026\/04\/Jornada-Integral-de-Salud-en-el-Polo-Educativo-de-Pereyra-1-768x512.jpg 768w, https:\/\/treslineasnoticias.com.ar\/wp-content\/uploads\/2026\/04\/Jornada-Integral-de-Salud-en-el-Polo-Educativo-de-Pereyra-1-1536x1024.jpg 1536w, https:\/\/treslineasnoticias.com.ar\/wp-content\/uploads\/2026\/04\/Jornada-Integral-de-Salud-en-el-Polo-Educativo-de-Pereyra-1.jpg 1920w\" sizes=\"auto, (max-width: 1024px) 100vw, 1024px\" \/><\/figure>\n\n\n\n<p>\u201cHoy visitamos a la comunidad de Pereyra, siguiendo las pol\u00edticas sanitarias impulsadas por el intendente Carlos Balor. Acercamos servicios de salud a la comunidad educativa y sus familias. Cerca de 1.600 personas se beneficiaron con la jornada. Adem\u00e1s de la asistencia, hicimos entrega de medicamentos, anticonceptivos, leche y turnos para otras especialidades. Estas jornadas de salud se llevan a todos los barrios de Berazategui\u201d, afirm\u00f3 la Dra. Adriana Nogueira, directora de Atenci\u00f3n Primaria de la Secretar\u00eda de Salud P\u00fablica e Higiene municipal.<\/p>\n\n\n\n<p>Mar\u00eda Bel\u00e9n Quispe, mam\u00e1 de una ni\u00f1a que concurre al Jard\u00edn de Infantes del Polo Educativo, expres\u00f3: \u201cHoy vinimos a la Jornada de Salud que organiz\u00f3 el Municipio. Estoy muy agradecida. Esta iniciativa ayuda mucho a las familias de la zona; nos facilita acceder a estos servicios y a los turnos. Est\u00e1 buen\u00edsimo que se haga esto y que los vecinos sigan participando\u201d.<\/p>\n\n\n\n<p>Las jornadas itinerantes apuntan a fortalecer el sistema de salud local mediante la descentralizaci\u00f3n de los servicios y su acercamiento a los distintos barrios. Para obtener informaci\u00f3n sobre las pr\u00f3ximas fechas, se puede ingresar en Berazategui.gob.ar\/salud.<\/p>\n","protected":false},"excerpt":{"rendered":"<p>Se realiz\u00f3 una Jornada Integral de Salud gratuita en las inmediaciones de la Escuela de Educaci\u00f3n Agraria N\u00b0 1, la Primaria N\u00b0 19 y el Jard\u00edn de Infantes N\u00b0 936 de la localidad de Pereyra. Fue organizada por la Municipalidad de Berazategui y estuvo destinada a la comunidad educativa de la zona, que se acerc\u00f3 [&hellip;]<\/p>\n","protected":false},"author":3,"featured_media":24941,"comment_status":"open","ping_status":"open","sticky":false,"template":"","format":"standard","meta":{"_jetpack_memberships_contains_paid_content":false,"footnotes":""},"categories":[4],"tags":[],"class_list":["post-24939","post","type-post","status-publish","format-standard","has-post-thumbnail","hentry","category-berazategui"],"yoast_head":"<!-- This site is optimized with the Yoast SEO plugin v24.7 - https:\/\/yoast.com\/wordpress\/plugins\/seo\/ -->\n<title>Jornada Integral de Salud en el Polo Educativo de Pereyra - Tres Lineas Noticias<\/title>\n<meta name=\"robots\" content=\"index, follow, max-snippet:-1, max-image-preview:large, max-video-preview:-1\" \/>\n<link rel=\"canonical\" href=\"https:\/\/treslineasnoticias.com.ar\/?p=24939\" \/>\n<meta property=\"og:locale\" content=\"es_ES\" \/>\n<meta property=\"og:type\" content=\"article\" \/>\n<meta property=\"og:title\" content=\"Jornada Integral de Salud en el Polo Educativo de Pereyra - Tres Lineas Noticias\" \/>\n<meta property=\"og:description\" content=\"Se realiz\u00f3 una Jornada Integral de Salud gratuita en las inmediaciones de la Escuela de Educaci\u00f3n Agraria N\u00b0 1, la Primaria N\u00b0 19 y el Jard\u00edn de Infantes N\u00b0 936 de la localidad de Pereyra. Fue organizada por la Municipalidad de Berazategui y estuvo destinada a la comunidad educativa de la zona, que se acerc\u00f3 [&hellip;]\" \/>\n<meta property=\"og:url\" content=\"https:\/\/treslineasnoticias.com.ar\/?p=24939\" \/>\n<meta property=\"og:site_name\" content=\"Tres Lineas Noticias\" \/>\n<meta property=\"article:published_time\" content=\"2026-04-30T15:05:00+00:00\" \/>\n<meta property=\"og:image\" content=\"https:\/\/treslineasnoticias.com.ar\/wp-content\/uploads\/2026\/04\/Jornada-Integral-de-Salud-en-el-Polo-Educativo-de-Pereyra-5.jpg\" \/>\n\t<meta property=\"og:image:width\" content=\"1920\" \/>\n\t<meta property=\"og:image:height\" content=\"1290\" \/>\n\t<meta property=\"og:image:type\" content=\"image\/jpeg\" \/>\n<meta name=\"author\" content=\"Horacio L\u00f3pez\" \/>\n<meta name=\"twitter:card\" content=\"summary_large_image\" \/>\n<meta name=\"twitter:label1\" content=\"Escrito por\" \/>\n\t<meta name=\"twitter:data1\" content=\"Horacio L\u00f3pez\" \/>\n\t<meta name=\"twitter:label2\" content=\"Tiempo de lectura\" \/>\n\t<meta name=\"twitter:data2\" content=\"2 minutos\" \/>\n<script type=\"application\/ld+json\" class=\"yoast-schema-graph\">{\"@context\":\"https:\/\/schema.org\",\"@graph\":[{\"@type\":\"WebPage\",\"@id\":\"https:\/\/treslineasnoticias.com.ar\/?p=24939\",\"url\":\"https:\/\/treslineasnoticias.com.ar\/?p=24939\",\"name\":\"Jornada Integral de Salud en el Polo Educativo de Pereyra - Tres Lineas Noticias\",\"isPartOf\":{\"@id\":\"https:\/\/treslineasnoticias.com.ar\/#website\"},\"primaryImageOfPage\":{\"@id\":\"https:\/\/treslineasnoticias.com.ar\/?p=24939#primaryimage\"},\"image\":{\"@id\":\"https:\/\/treslineasnoticias.com.ar\/?p=24939#primaryimage\"},\"thumbnailUrl\":\"https:\/\/treslineasnoticias.com.ar\/wp-content\/uploads\/2026\/04\/Jornada-Integral-de-Salud-en-el-Polo-Educativo-de-Pereyra-5.jpg\",\"datePublished\":\"2026-04-30T15:05:00+00:00\",\"author\":{\"@id\":\"https:\/\/treslineasnoticias.com.ar\/#\/schema\/person\/c5f7249e50517b84c2379b145ca14895\"},\"breadcrumb\":{\"@id\":\"https:\/\/treslineasnoticias.com.ar\/?p=24939#breadcrumb\"},\"inLanguage\":\"es\",\"potentialAction\":[{\"@type\":\"ReadAction\",\"target\":[\"https:\/\/treslineasnoticias.com.ar\/?p=24939\"]}]},{\"@type\":\"ImageObject\",\"inLanguage\":\"es\",\"@id\":\"https:\/\/treslineasnoticias.com.ar\/?p=24939#primaryimage\",\"url\":\"https:\/\/treslineasnoticias.com.ar\/wp-content\/uploads\/2026\/04\/Jornada-Integral-de-Salud-en-el-Polo-Educativo-de-Pereyra-5.jpg\",\"contentUrl\":\"https:\/\/treslineasnoticias.com.ar\/wp-content\/uploads\/2026\/04\/Jornada-Integral-de-Salud-en-el-Polo-Educativo-de-Pereyra-5.jpg\",\"width\":1920,\"height\":1290},{\"@type\":\"BreadcrumbList\",\"@id\":\"https:\/\/treslineasnoticias.com.ar\/?p=24939#breadcrumb\",\"itemListElement\":[{\"@type\":\"ListItem\",\"position\":1,\"name\":\"Portada\",\"item\":\"https:\/\/treslineasnoticias.com.ar\/\"},{\"@type\":\"ListItem\",\"position\":2,\"name\":\"Jornada Integral de Salud en el Polo Educativo de Pereyra\"}]},{\"@type\":\"WebSite\",\"@id\":\"https:\/\/treslineasnoticias.com.ar\/#website\",\"url\":\"https:\/\/treslineasnoticias.com.ar\/\",\"name\":\"Tres Lineas Noticias\",\"description\":\"\",\"potentialAction\":[{\"@type\":\"SearchAction\",\"target\":{\"@type\":\"EntryPoint\",\"urlTemplate\":\"https:\/\/treslineasnoticias.com.ar\/?s={search_term_string}\"},\"query-input\":{\"@type\":\"PropertyValueSpecification\",\"valueRequired\":true,\"valueName\":\"search_term_string\"}}],\"inLanguage\":\"es\"},{\"@type\":\"Person\",\"@id\":\"https:\/\/treslineasnoticias.com.ar\/#\/schema\/person\/c5f7249e50517b84c2379b145ca14895\",\"name\":\"Horacio L\u00f3pez\",\"image\":{\"@type\":\"ImageObject\",\"inLanguage\":\"es\",\"@id\":\"https:\/\/treslineasnoticias.com.ar\/#\/schema\/person\/image\/\",\"url\":\"https:\/\/treslineasnoticias.com.ar\/wp-content\/litespeed\/avatar\/ddbec442f0224f940ce000570a0cb216.jpg?ver=1777068930\",\"contentUrl\":\"https:\/\/treslineasnoticias.com.ar\/wp-content\/litespeed\/avatar\/ddbec442f0224f940ce000570a0cb216.jpg?ver=1777068930\",\"caption\":\"Horacio L\u00f3pez\"},\"sameAs\":[\"http:\/\/treslineasnoticias.com.ar\"],\"url\":\"https:\/\/treslineasnoticias.com.ar\/?author=3\"}]}<\/script>\n<!-- \/ Yoast SEO plugin. -->","yoast_head_json":{"title":"Jornada Integral de Salud en el Polo Educativo de Pereyra - Tres Lineas Noticias","robots":{"index":"index","follow":"follow","max-snippet":"max-snippet:-1","max-image-preview":"max-image-preview:large","max-video-preview":"max-video-preview:-1"},"canonical":"https:\/\/treslineasnoticias.com.ar\/?p=24939","og_locale":"es_ES","og_type":"article","og_title":"Jornada Integral de Salud en el Polo Educativo de Pereyra - Tres Lineas Noticias","og_description":"Se realiz\u00f3 una Jornada Integral de Salud gratuita en las inmediaciones de la Escuela de Educaci\u00f3n Agraria N\u00b0 1, la Primaria N\u00b0 19 y el Jard\u00edn de Infantes N\u00b0 936 de la localidad de Pereyra. Fue organizada por la Municipalidad de Berazategui y estuvo destinada a la comunidad educativa de la zona, que se acerc\u00f3 [&hellip;]","og_url":"https:\/\/treslineasnoticias.com.ar\/?p=24939","og_site_name":"Tres Lineas Noticias","article_published_time":"2026-04-30T15:05:00+00:00","og_image":[{"width":1920,"height":1290,"url":"https:\/\/treslineasnoticias.com.ar\/wp-content\/uploads\/2026\/04\/Jornada-Integral-de-Salud-en-el-Polo-Educativo-de-Pereyra-5.jpg","type":"image\/jpeg"}],"author":"Horacio L\u00f3pez","twitter_card":"summary_large_image","twitter_misc":{"Escrito por":"Horacio L\u00f3pez","Tiempo de lectura":"2 minutos"},"schema":{"@context":"https:\/\/schema.org","@graph":[{"@type":"WebPage","@id":"https:\/\/treslineasnoticias.com.ar\/?p=24939","url":"https:\/\/treslineasnoticias.com.ar\/?p=24939","name":"Jornada Integral de Salud en el Polo Educativo de Pereyra - Tres Lineas Noticias","isPartOf":{"@id":"https:\/\/treslineasnoticias.com.ar\/#website"},"primaryImageOfPage":{"@id":"https:\/\/treslineasnoticias.com.ar\/?p=24939#primaryimage"},"image":{"@id":"https:\/\/treslineasnoticias.com.ar\/?p=24939#primaryimage"},"thumbnailUrl":"https:\/\/treslineasnoticias.com.ar\/wp-content\/uploads\/2026\/04\/Jornada-Integral-de-Salud-en-el-Polo-Educativo-de-Pereyra-5.jpg","datePublished":"2026-04-30T15:05:00+00:00","author":{"@id":"https:\/\/treslineasnoticias.com.ar\/#\/schema\/person\/c5f7249e50517b84c2379b145ca14895"},"breadcrumb":{"@id":"https:\/\/treslineasnoticias.com.ar\/?p=24939#breadcrumb"},"inLanguage":"es","potentialAction":[{"@type":"ReadAction","target":["https:\/\/treslineasnoticias.com.ar\/?p=24939"]}]},{"@type":"ImageObject","inLanguage":"es","@id":"https:\/\/treslineasnoticias.com.ar\/?p=24939#primaryimage","url":"https:\/\/treslineasnoticias.com.ar\/wp-content\/uploads\/2026\/04\/Jornada-Integral-de-Salud-en-el-Polo-Educativo-de-Pereyra-5.jpg","contentUrl":"https:\/\/treslineasnoticias.com.ar\/wp-content\/uploads\/2026\/04\/Jornada-Integral-de-Salud-en-el-Polo-Educativo-de-Pereyra-5.jpg","width":1920,"height":1290},{"@type":"BreadcrumbList","@id":"https:\/\/treslineasnoticias.com.ar\/?p=24939#breadcrumb","itemListElement":[{"@type":"ListItem","position":1,"name":"Portada","item":"https:\/\/treslineasnoticias.com.ar\/"},{"@type":"ListItem","position":2,"name":"Jornada Integral de Salud en el Polo Educativo de Pereyra"}]},{"@type":"WebSite","@id":"https:\/\/treslineasnoticias.com.ar\/#website","url":"https:\/\/treslineasnoticias.com.ar\/","name":"Tres Lineas Noticias","description":"","potentialAction":[{"@type":"SearchAction","target":{"@type":"EntryPoint","urlTemplate":"https:\/\/treslineasnoticias.com.ar\/?s={search_term_string}"},"query-input":{"@type":"PropertyValueSpecification","valueRequired":true,"valueName":"search_term_string"}}],"inLanguage":"es"},{"@type":"Person","@id":"https:\/\/treslineasnoticias.com.ar\/#\/schema\/person\/c5f7249e50517b84c2379b145ca14895","name":"Horacio L\u00f3pez","image":{"@type":"ImageObject","inLanguage":"es","@id":"https:\/\/treslineasnoticias.com.ar\/#\/schema\/person\/image\/","url":"https:\/\/treslineasnoticias.com.ar\/wp-content\/litespeed\/avatar\/ddbec442f0224f940ce000570a0cb216.jpg?ver=1777068930","contentUrl":"https:\/\/treslineasnoticias.com.ar\/wp-content\/litespeed\/avatar\/ddbec442f0224f940ce000570a0cb216.jpg?ver=1777068930","caption":"Horacio L\u00f3pez"},"sameAs":["http:\/\/treslineasnoticias.com.ar"],"url":"https:\/\/treslineasnoticias.com.ar\/?author=3"}]}},"jetpack_featured_media_url":"https:\/\/treslineasnoticias.com.ar\/wp-content\/uploads\/2026\/04\/Jornada-Integral-de-Salud-en-el-Polo-Educativo-de-Pereyra-5.jpg","jetpack_sharing_enabled":true,"_links":{"self":[{"href":"https:\/\/treslineasnoticias.com.ar\/index.php?rest_route=\/wp\/v2\/posts\/24939","targetHints":{"allow":["GET"]}}],"collection":[{"href":"https:\/\/treslineasnoticias.com.ar\/index.php?rest_route=\/wp\/v2\/posts"}],"about":[{"href":"https:\/\/treslineasnoticias.com.ar\/index.php?rest_route=\/wp\/v2\/types\/post"}],"author":[{"embeddable":true,"href":"https:\/\/treslineasnoticias.com.ar\/index.php?rest_route=\/wp\/v2\/users\/3"}],"replies":[{"embeddable":true,"href":"https:\/\/treslineasnoticias.com.ar\/index.php?rest_route=%2Fwp%2Fv2%2Fcomments&post=24939"}],"version-history":[{"count":1,"href":"https:\/\/treslineasnoticias.com.ar\/index.php?rest_route=\/wp\/v2\/posts\/24939\/revisions"}],"predecessor-version":[{"id":24943,"href":"https:\/\/treslineasnoticias.com.ar\/index.php?rest_route=\/wp\/v2\/posts\/24939\/revisions\/24943"}],"wp:featuredmedia":[{"embeddable":true,"href":"https:\/\/treslineasnoticias.com.ar\/index.php?rest_route=\/wp\/v2\/media\/24941"}],"wp:attachment":[{"href":"https:\/\/treslineasnoticias.com.ar\/index.php?rest_route=%2Fwp%2Fv2%2Fmedia&parent=24939"}],"wp:term":[{"taxonomy":"category","embeddable":true,"href":"https:\/\/treslineasnoticias.com.ar\/index.php?rest_route=%2Fwp%2Fv2%2Fcategories&post=24939"},{"taxonomy":"post_tag","embeddable":true,"href":"https:\/\/treslineasnoticias.com.ar\/index.php?rest_route=%2Fwp%2Fv2%2Ftags&post=24939"}],"curies":[{"name":"wp","href":"https:\/\/api.w.org\/{rel}","templated":true}]}}