{"id":24946,"date":"2026-05-02T23:14:00","date_gmt":"2026-05-03T02:14:00","guid":{"rendered":"https:\/\/treslineasnoticias.com.ar\/?p=24946"},"modified":"2026-05-03T11:18:49","modified_gmt":"2026-05-03T14:18:49","slug":"florencio-varela-al-ritmo-del-k-pop","status":"publish","type":"post","link":"https:\/\/treslineasnoticias.com.ar\/?p=24946","title":{"rendered":"Florencio Varela al ritmo del K-Pop"},"content":{"rendered":"\n<p><strong><em>El mandatario comunal -Andr\u00e9s Watson- vivi\u00f3 junto a una multitud de vecinos y vecinas la nueva edici\u00f3n de la V-Com el s\u00e1bado por la tarde en la Biblioteca Popular \u201cSarmiento\u201d -calle Boccuzzi esquina Espa\u00f1a-.<\/em><\/strong><\/p>\n\n\n\n<p>A la espera de la llegada al pa\u00eds del conjunto de K-Pop \u00abBTS\u00bb, residentes del distrito y municipios aleda\u00f1os llegaron a la zona c\u00e9ntrica de Florencio Varela a explorar la cultura coreana, bailar, escuchar m\u00fasica. Completaron la jornada stands con art\u00edculos alusivos.<\/p>\n\n\n\n<figure class=\"wp-block-image size-large\"><img loading=\"lazy\" decoding=\"async\" width=\"1024\" height=\"683\" src=\"http:\/\/treslineasnoticias.com.ar\/wp-content\/uploads\/2026\/05\/de9f728c-158e-79a8-c781-a1c1e89eb5eb-1024x683.jpg\" alt=\"\" class=\"wp-image-24948\" srcset=\"https:\/\/treslineasnoticias.com.ar\/wp-content\/uploads\/2026\/05\/de9f728c-158e-79a8-c781-a1c1e89eb5eb-1024x683.jpg 1024w, https:\/\/treslineasnoticias.com.ar\/wp-content\/uploads\/2026\/05\/de9f728c-158e-79a8-c781-a1c1e89eb5eb-300x200.jpg 300w, https:\/\/treslineasnoticias.com.ar\/wp-content\/uploads\/2026\/05\/de9f728c-158e-79a8-c781-a1c1e89eb5eb-768x512.jpg 768w, https:\/\/treslineasnoticias.com.ar\/wp-content\/uploads\/2026\/05\/de9f728c-158e-79a8-c781-a1c1e89eb5eb-1536x1024.jpg 1536w, https:\/\/treslineasnoticias.com.ar\/wp-content\/uploads\/2026\/05\/de9f728c-158e-79a8-c781-a1c1e89eb5eb-2048x1365.jpg 2048w\" sizes=\"auto, (max-width: 1024px) 100vw, 1024px\" \/><\/figure>\n\n\n\n<p>En ese contexto, el Intendente resalt\u00f3 `\u00bbla cuarta entrega de una actividad que convoc\u00f3 a una enorme cantidad de j\u00f3venes a disfrutar y demostrar su talento\u00bb. \u00abDesde la gesti\u00f3n, nuestra premisa siempre fue asegurar que cada varelense tuviera un espacio donde sentirse parte\u00bb, afirm\u00f3.<\/p>\n\n\n\n<p>\u00abParticip\u00e9 en anteriores ocasiones y fueron excelentes\u00bb, mencion\u00f3 Ambar -frentista de San Eduardo- respecto a la iniciativa. Adem\u00e1s, remarc\u00f3 \u00abla decisi\u00f3n de organizar esta propuesta en la ciudad, porque antes ten\u00eda que ir a Capital Federal a presenciar algo de este nivel o encontrar productos de mi gusto\u00bb.<\/p>\n\n\n\n<p>Zoe fue una de las fan-dancer que deslumbr\u00f3 al p\u00fablico. La chica radicada en Lan\u00fas, quien adopt\u00f3 el seud\u00f3nimo de \u00abZowi\u00bb al subir al escenario, narr\u00f3: \u00abFue muy emocionante recibir el cari\u00f1o de tanta gente, pese a mis nervios al principio; lo que me transmitieron me hizo muy bien para superarlos\u00bb.<\/p>\n\n\n\n<figure class=\"wp-block-image size-large\"><img loading=\"lazy\" decoding=\"async\" width=\"1024\" height=\"683\" src=\"http:\/\/treslineasnoticias.com.ar\/wp-content\/uploads\/2026\/05\/8a9f55a2-21ee-8702-3c5b-1b7c1e4ac26a-1024x683.jpg\" alt=\"\" class=\"wp-image-24950\" srcset=\"https:\/\/treslineasnoticias.com.ar\/wp-content\/uploads\/2026\/05\/8a9f55a2-21ee-8702-3c5b-1b7c1e4ac26a-1024x683.jpg 1024w, https:\/\/treslineasnoticias.com.ar\/wp-content\/uploads\/2026\/05\/8a9f55a2-21ee-8702-3c5b-1b7c1e4ac26a-300x200.jpg 300w, https:\/\/treslineasnoticias.com.ar\/wp-content\/uploads\/2026\/05\/8a9f55a2-21ee-8702-3c5b-1b7c1e4ac26a-768x512.jpg 768w, https:\/\/treslineasnoticias.com.ar\/wp-content\/uploads\/2026\/05\/8a9f55a2-21ee-8702-3c5b-1b7c1e4ac26a-1536x1024.jpg 1536w, https:\/\/treslineasnoticias.com.ar\/wp-content\/uploads\/2026\/05\/8a9f55a2-21ee-8702-3c5b-1b7c1e4ac26a-2048x1365.jpg 2048w\" sizes=\"auto, (max-width: 1024px) 100vw, 1024px\" \/><\/figure>\n\n\n\n<p>Alejandra estaba al frente del emprendimiento de sublimaciones \u201cKairos\u201d. Destac\u00f3 \u00abla posibilidad de exponer y comercializar mis elaboraciones en papeler\u00eda o regaler\u00eda\u00bb. \u00abMe fue b\u00e1rbaro. Muchas personas compraron cuadernos, stickers de la tienda\u00bb, cont\u00f3.<\/p>\n\n\n\n<p>Las amigas Agostina -de San Nicol\u00e1s- y Guadalupe -de San Jorge- describieron \u00abun lugar perfecto para ver shows entretenidos e interesantes\u00bb. \u00abHubo un clima de muy buena onda\u201d, aseveraron.<\/p>\n\n\n\n<p>Acompa\u00f1\u00f3 al Alcalde la secretaria de Educaci\u00f3n, Andrea Digiobani.<\/p>\n","protected":false},"excerpt":{"rendered":"<p>El mandatario comunal -Andr\u00e9s Watson- vivi\u00f3 junto a una multitud de vecinos y vecinas la nueva edici\u00f3n de la V-Com el s\u00e1bado por la tarde en la Biblioteca Popular \u201cSarmiento\u201d -calle Boccuzzi esquina Espa\u00f1a-. A la espera de la llegada al pa\u00eds del conjunto de K-Pop \u00abBTS\u00bb, residentes del distrito y municipios aleda\u00f1os llegaron a [&hellip;]<\/p>\n","protected":false},"author":3,"featured_media":24947,"comment_status":"open","ping_status":"open","sticky":false,"template":"","format":"standard","meta":{"_jetpack_memberships_contains_paid_content":false,"footnotes":""},"categories":[6],"tags":[],"class_list":["post-24946","post","type-post","status-publish","format-standard","has-post-thumbnail","hentry","category-florencio-varela"],"yoast_head":"<!-- This site is optimized with the Yoast SEO plugin v24.7 - https:\/\/yoast.com\/wordpress\/plugins\/seo\/ -->\n<title>Florencio Varela al ritmo del K-Pop - Tres Lineas Noticias<\/title>\n<meta name=\"robots\" content=\"index, follow, max-snippet:-1, max-image-preview:large, max-video-preview:-1\" \/>\n<link rel=\"canonical\" href=\"https:\/\/treslineasnoticias.com.ar\/?p=24946\" \/>\n<meta property=\"og:locale\" content=\"es_ES\" \/>\n<meta property=\"og:type\" content=\"article\" \/>\n<meta property=\"og:title\" content=\"Florencio Varela al ritmo del K-Pop - Tres Lineas Noticias\" \/>\n<meta property=\"og:description\" content=\"El mandatario comunal -Andr\u00e9s Watson- vivi\u00f3 junto a una multitud de vecinos y vecinas la nueva edici\u00f3n de la V-Com el s\u00e1bado por la tarde en la Biblioteca Popular \u201cSarmiento\u201d -calle Boccuzzi esquina Espa\u00f1a-. A la espera de la llegada al pa\u00eds del conjunto de K-Pop \u00abBTS\u00bb, residentes del distrito y municipios aleda\u00f1os llegaron a [&hellip;]\" \/>\n<meta property=\"og:url\" content=\"https:\/\/treslineasnoticias.com.ar\/?p=24946\" \/>\n<meta property=\"og:site_name\" content=\"Tres Lineas Noticias\" \/>\n<meta property=\"article:published_time\" content=\"2026-05-03T02:14:00+00:00\" \/>\n<meta property=\"article:modified_time\" content=\"2026-05-03T14:18:49+00:00\" \/>\n<meta property=\"og:image\" content=\"http:\/\/treslineasnoticias.com.ar\/wp-content\/uploads\/2026\/05\/04812de7-8a03-13e3-1ba5-69a4428cd0e6-scaled.jpg\" \/>\n\t<meta property=\"og:image:width\" content=\"2560\" \/>\n\t<meta property=\"og:image:height\" content=\"1706\" \/>\n\t<meta property=\"og:image:type\" content=\"image\/jpeg\" \/>\n<meta name=\"author\" content=\"Horacio L\u00f3pez\" \/>\n<meta name=\"twitter:card\" content=\"summary_large_image\" \/>\n<meta name=\"twitter:label1\" content=\"Escrito por\" \/>\n\t<meta name=\"twitter:data1\" content=\"Horacio L\u00f3pez\" \/>\n\t<meta name=\"twitter:label2\" content=\"Tiempo de lectura\" \/>\n\t<meta name=\"twitter:data2\" content=\"2 minutos\" \/>\n<script type=\"application\/ld+json\" class=\"yoast-schema-graph\">{\"@context\":\"https:\/\/schema.org\",\"@graph\":[{\"@type\":\"WebPage\",\"@id\":\"https:\/\/treslineasnoticias.com.ar\/?p=24946\",\"url\":\"https:\/\/treslineasnoticias.com.ar\/?p=24946\",\"name\":\"Florencio Varela al ritmo del K-Pop - Tres Lineas Noticias\",\"isPartOf\":{\"@id\":\"https:\/\/treslineasnoticias.com.ar\/#website\"},\"primaryImageOfPage\":{\"@id\":\"https:\/\/treslineasnoticias.com.ar\/?p=24946#primaryimage\"},\"image\":{\"@id\":\"https:\/\/treslineasnoticias.com.ar\/?p=24946#primaryimage\"},\"thumbnailUrl\":\"https:\/\/treslineasnoticias.com.ar\/wp-content\/uploads\/2026\/05\/04812de7-8a03-13e3-1ba5-69a4428cd0e6-scaled.jpg\",\"datePublished\":\"2026-05-03T02:14:00+00:00\",\"dateModified\":\"2026-05-03T14:18:49+00:00\",\"author\":{\"@id\":\"https:\/\/treslineasnoticias.com.ar\/#\/schema\/person\/c5f7249e50517b84c2379b145ca14895\"},\"breadcrumb\":{\"@id\":\"https:\/\/treslineasnoticias.com.ar\/?p=24946#breadcrumb\"},\"inLanguage\":\"es\",\"potentialAction\":[{\"@type\":\"ReadAction\",\"target\":[\"https:\/\/treslineasnoticias.com.ar\/?p=24946\"]}]},{\"@type\":\"ImageObject\",\"inLanguage\":\"es\",\"@id\":\"https:\/\/treslineasnoticias.com.ar\/?p=24946#primaryimage\",\"url\":\"https:\/\/treslineasnoticias.com.ar\/wp-content\/uploads\/2026\/05\/04812de7-8a03-13e3-1ba5-69a4428cd0e6-scaled.jpg\",\"contentUrl\":\"https:\/\/treslineasnoticias.com.ar\/wp-content\/uploads\/2026\/05\/04812de7-8a03-13e3-1ba5-69a4428cd0e6-scaled.jpg\",\"width\":2560,\"height\":1706},{\"@type\":\"BreadcrumbList\",\"@id\":\"https:\/\/treslineasnoticias.com.ar\/?p=24946#breadcrumb\",\"itemListElement\":[{\"@type\":\"ListItem\",\"position\":1,\"name\":\"Portada\",\"item\":\"https:\/\/treslineasnoticias.com.ar\/\"},{\"@type\":\"ListItem\",\"position\":2,\"name\":\"Florencio Varela al ritmo del K-Pop\"}]},{\"@type\":\"WebSite\",\"@id\":\"https:\/\/treslineasnoticias.com.ar\/#website\",\"url\":\"https:\/\/treslineasnoticias.com.ar\/\",\"name\":\"Tres Lineas Noticias\",\"description\":\"\",\"potentialAction\":[{\"@type\":\"SearchAction\",\"target\":{\"@type\":\"EntryPoint\",\"urlTemplate\":\"https:\/\/treslineasnoticias.com.ar\/?s={search_term_string}\"},\"query-input\":{\"@type\":\"PropertyValueSpecification\",\"valueRequired\":true,\"valueName\":\"search_term_string\"}}],\"inLanguage\":\"es\"},{\"@type\":\"Person\",\"@id\":\"https:\/\/treslineasnoticias.com.ar\/#\/schema\/person\/c5f7249e50517b84c2379b145ca14895\",\"name\":\"Horacio L\u00f3pez\",\"image\":{\"@type\":\"ImageObject\",\"inLanguage\":\"es\",\"@id\":\"https:\/\/treslineasnoticias.com.ar\/#\/schema\/person\/image\/\",\"url\":\"https:\/\/treslineasnoticias.com.ar\/wp-content\/litespeed\/avatar\/ddbec442f0224f940ce000570a0cb216.jpg?ver=1777673767\",\"contentUrl\":\"https:\/\/treslineasnoticias.com.ar\/wp-content\/litespeed\/avatar\/ddbec442f0224f940ce000570a0cb216.jpg?ver=1777673767\",\"caption\":\"Horacio L\u00f3pez\"},\"sameAs\":[\"http:\/\/treslineasnoticias.com.ar\"],\"url\":\"https:\/\/treslineasnoticias.com.ar\/?author=3\"}]}<\/script>\n<!-- \/ Yoast SEO plugin. -->","yoast_head_json":{"title":"Florencio Varela al ritmo del K-Pop - Tres Lineas Noticias","robots":{"index":"index","follow":"follow","max-snippet":"max-snippet:-1","max-image-preview":"max-image-preview:large","max-video-preview":"max-video-preview:-1"},"canonical":"https:\/\/treslineasnoticias.com.ar\/?p=24946","og_locale":"es_ES","og_type":"article","og_title":"Florencio Varela al ritmo del K-Pop - Tres Lineas Noticias","og_description":"El mandatario comunal -Andr\u00e9s Watson- vivi\u00f3 junto a una multitud de vecinos y vecinas la nueva edici\u00f3n de la V-Com el s\u00e1bado por la tarde en la Biblioteca Popular \u201cSarmiento\u201d -calle Boccuzzi esquina Espa\u00f1a-. A la espera de la llegada al pa\u00eds del conjunto de K-Pop \u00abBTS\u00bb, residentes del distrito y municipios aleda\u00f1os llegaron a [&hellip;]","og_url":"https:\/\/treslineasnoticias.com.ar\/?p=24946","og_site_name":"Tres Lineas Noticias","article_published_time":"2026-05-03T02:14:00+00:00","article_modified_time":"2026-05-03T14:18:49+00:00","og_image":[{"width":2560,"height":1706,"url":"http:\/\/treslineasnoticias.com.ar\/wp-content\/uploads\/2026\/05\/04812de7-8a03-13e3-1ba5-69a4428cd0e6-scaled.jpg","type":"image\/jpeg"}],"author":"Horacio L\u00f3pez","twitter_card":"summary_large_image","twitter_misc":{"Escrito por":"Horacio L\u00f3pez","Tiempo de lectura":"2 minutos"},"schema":{"@context":"https:\/\/schema.org","@graph":[{"@type":"WebPage","@id":"https:\/\/treslineasnoticias.com.ar\/?p=24946","url":"https:\/\/treslineasnoticias.com.ar\/?p=24946","name":"Florencio Varela al ritmo del K-Pop - Tres Lineas Noticias","isPartOf":{"@id":"https:\/\/treslineasnoticias.com.ar\/#website"},"primaryImageOfPage":{"@id":"https:\/\/treslineasnoticias.com.ar\/?p=24946#primaryimage"},"image":{"@id":"https:\/\/treslineasnoticias.com.ar\/?p=24946#primaryimage"},"thumbnailUrl":"https:\/\/treslineasnoticias.com.ar\/wp-content\/uploads\/2026\/05\/04812de7-8a03-13e3-1ba5-69a4428cd0e6-scaled.jpg","datePublished":"2026-05-03T02:14:00+00:00","dateModified":"2026-05-03T14:18:49+00:00","author":{"@id":"https:\/\/treslineasnoticias.com.ar\/#\/schema\/person\/c5f7249e50517b84c2379b145ca14895"},"breadcrumb":{"@id":"https:\/\/treslineasnoticias.com.ar\/?p=24946#breadcrumb"},"inLanguage":"es","potentialAction":[{"@type":"ReadAction","target":["https:\/\/treslineasnoticias.com.ar\/?p=24946"]}]},{"@type":"ImageObject","inLanguage":"es","@id":"https:\/\/treslineasnoticias.com.ar\/?p=24946#primaryimage","url":"https:\/\/treslineasnoticias.com.ar\/wp-content\/uploads\/2026\/05\/04812de7-8a03-13e3-1ba5-69a4428cd0e6-scaled.jpg","contentUrl":"https:\/\/treslineasnoticias.com.ar\/wp-content\/uploads\/2026\/05\/04812de7-8a03-13e3-1ba5-69a4428cd0e6-scaled.jpg","width":2560,"height":1706},{"@type":"BreadcrumbList","@id":"https:\/\/treslineasnoticias.com.ar\/?p=24946#breadcrumb","itemListElement":[{"@type":"ListItem","position":1,"name":"Portada","item":"https:\/\/treslineasnoticias.com.ar\/"},{"@type":"ListItem","position":2,"name":"Florencio Varela al ritmo del K-Pop"}]},{"@type":"WebSite","@id":"https:\/\/treslineasnoticias.com.ar\/#website","url":"https:\/\/treslineasnoticias.com.ar\/","name":"Tres Lineas Noticias","description":"","potentialAction":[{"@type":"SearchAction","target":{"@type":"EntryPoint","urlTemplate":"https:\/\/treslineasnoticias.com.ar\/?s={search_term_string}"},"query-input":{"@type":"PropertyValueSpecification","valueRequired":true,"valueName":"search_term_string"}}],"inLanguage":"es"},{"@type":"Person","@id":"https:\/\/treslineasnoticias.com.ar\/#\/schema\/person\/c5f7249e50517b84c2379b145ca14895","name":"Horacio L\u00f3pez","image":{"@type":"ImageObject","inLanguage":"es","@id":"https:\/\/treslineasnoticias.com.ar\/#\/schema\/person\/image\/","url":"https:\/\/treslineasnoticias.com.ar\/wp-content\/litespeed\/avatar\/ddbec442f0224f940ce000570a0cb216.jpg?ver=1777673767","contentUrl":"https:\/\/treslineasnoticias.com.ar\/wp-content\/litespeed\/avatar\/ddbec442f0224f940ce000570a0cb216.jpg?ver=1777673767","caption":"Horacio L\u00f3pez"},"sameAs":["http:\/\/treslineasnoticias.com.ar"],"url":"https:\/\/treslineasnoticias.com.ar\/?author=3"}]}},"jetpack_featured_media_url":"https:\/\/treslineasnoticias.com.ar\/wp-content\/uploads\/2026\/05\/04812de7-8a03-13e3-1ba5-69a4428cd0e6-scaled.jpg","jetpack_sharing_enabled":true,"_links":{"self":[{"href":"https:\/\/treslineasnoticias.com.ar\/index.php?rest_route=\/wp\/v2\/posts\/24946","targetHints":{"allow":["GET"]}}],"collection":[{"href":"https:\/\/treslineasnoticias.com.ar\/index.php?rest_route=\/wp\/v2\/posts"}],"about":[{"href":"https:\/\/treslineasnoticias.com.ar\/index.php?rest_route=\/wp\/v2\/types\/post"}],"author":[{"embeddable":true,"href":"https:\/\/treslineasnoticias.com.ar\/index.php?rest_route=\/wp\/v2\/users\/3"}],"replies":[{"embeddable":true,"href":"https:\/\/treslineasnoticias.com.ar\/index.php?rest_route=%2Fwp%2Fv2%2Fcomments&post=24946"}],"version-history":[{"count":1,"href":"https:\/\/treslineasnoticias.com.ar\/index.php?rest_route=\/wp\/v2\/posts\/24946\/revisions"}],"predecessor-version":[{"id":24951,"href":"https:\/\/treslineasnoticias.com.ar\/index.php?rest_route=\/wp\/v2\/posts\/24946\/revisions\/24951"}],"wp:featuredmedia":[{"embeddable":true,"href":"https:\/\/treslineasnoticias.com.ar\/index.php?rest_route=\/wp\/v2\/media\/24947"}],"wp:attachment":[{"href":"https:\/\/treslineasnoticias.com.ar\/index.php?rest_route=%2Fwp%2Fv2%2Fmedia&parent=24946"}],"wp:term":[{"taxonomy":"category","embeddable":true,"href":"https:\/\/treslineasnoticias.com.ar\/index.php?rest_route=%2Fwp%2Fv2%2Fcategories&post=24946"},{"taxonomy":"post_tag","embeddable":true,"href":"https:\/\/treslineasnoticias.com.ar\/index.php?rest_route=%2Fwp%2Fv2%2Ftags&post=24946"}],"curies":[{"name":"wp","href":"https:\/\/api.w.org\/{rel}","templated":true}]}}