{"id":29587,"date":"2026-08-30T19:13:06","date_gmt":"2026-08-30T22:13:06","guid":{"rendered":"https:\/\/treslineasnoticias.com.ar\/?p=29587"},"modified":"2026-08-30T19:13:11","modified_gmt":"2026-08-30T22:13:11","slug":"ctm-claudio-tano-marciello-eruca-sativa-y-los-tipitos-en-el-bera-rock-2026","status":"publish","type":"post","link":"https:\/\/treslineasnoticias.com.ar\/?p=29587","title":{"rendered":"CTM Claudio Tano Marciello, Eruca Sativa y Los Tipitos en el Bera Rock 2026"},"content":{"rendered":"\n<p><strong><em>El cl\u00e1sico festival, organizado por la Municipalidad de Berazategui, se realizar\u00e1 del jueves 3 al domingo 6 de septiembre. Este a\u00f1o contar\u00e1 con los shows centrales de CTM Claudio Tano Marciello, Eruca Sativa y Los Tipitos, entre otros artistas. Cada fecha comenzar\u00e1 a las 14.00 en el Centro Municipal de Actividades Roberto De Vicenzo (148 y 18). La entrada ser\u00e1 gratuita y por orden de llegada, ya que la capacidad es limitada.<\/em><\/strong><\/p>\n\n\n\n<figure class=\"wp-block-image size-large\"><img loading=\"lazy\" decoding=\"async\" width=\"819\" height=\"1024\" src=\"http:\/\/treslineasnoticias.com.ar\/wp-content\/uploads\/2026\/08\/Bera_Rock_2-819x1024.jpeg\" alt=\"\" class=\"wp-image-29589\" srcset=\"https:\/\/treslineasnoticias.com.ar\/wp-content\/uploads\/2026\/08\/Bera_Rock_2-819x1024.jpeg 819w, https:\/\/treslineasnoticias.com.ar\/wp-content\/uploads\/2026\/08\/Bera_Rock_2-240x300.jpeg 240w, https:\/\/treslineasnoticias.com.ar\/wp-content\/uploads\/2026\/08\/Bera_Rock_2-768x960.jpeg 768w, https:\/\/treslineasnoticias.com.ar\/wp-content\/uploads\/2026\/08\/Bera_Rock_2-1229x1536.jpeg 1229w, https:\/\/treslineasnoticias.com.ar\/wp-content\/uploads\/2026\/08\/Bera_Rock_2.jpeg 1280w\" sizes=\"auto, (max-width: 819px) 100vw, 819px\" \/><\/figure>\n\n\n\n<p>El Bera Rock es llevado adelante por la Secretar\u00eda de Cultura y Educaci\u00f3n municipal e impulsado por el intendente Carlos Balor. En su edici\u00f3n 2026, el jueves 3 de septiembre, a las 23.00, se presentar\u00e1 CTM Claudio Tano Marciello, uno de los m\u00fasicos m\u00e1s destacados del heavy metal y rock nacional, ampliamente reconocido por haber sido el guitarrista principal y compositor de la emblem\u00e1tica Almafuerte. En tanto, el viernes 4, a las 23.55, tocar\u00e1 Eruca Sativa, una de las bandas m\u00e1s influyentes del rock alternativo y hard rock argentino. Finalmente, el domingo 6, a las 22.00, estar\u00e1n Los Tipitos, grupo representativo del pop rock y rock nacional.<\/p>\n\n\n\n<p>Asimismo, a lo largo de las cuatro jornadas participar\u00e1n m\u00e1s de 90 bandas del under del Rock, artistas de escuelas locales, bandas tributo, la Orquesta Escuela Municipal y otros grupos destacados.<\/p>\n\n\n\n<p>En el marco de este emblem\u00e1tico evento, se podr\u00e1 disfrutar de los siguientes estilos musicales: Rock Nacional, Funk Rock, Reggae, Instrumental, Ska, Rock &amp; Roll, Blues, Country, Folk Fusion, Pop, Pop\/Rock, Progresivo, Alternativo, Experimental, Indie, Heavy, New Metal, Hard Rock, Hardcore, Punk y Grunge. Asimismo, habr\u00e1 un variado sector gastron\u00f3mico a disposici\u00f3n.<\/p>\n\n\n\n<figure class=\"wp-block-image size-large\"><img loading=\"lazy\" decoding=\"async\" width=\"819\" height=\"1024\" src=\"http:\/\/treslineasnoticias.com.ar\/wp-content\/uploads\/2026\/08\/Bera_Rock_3-819x1024.jpeg\" alt=\"\" class=\"wp-image-29588\" srcset=\"https:\/\/treslineasnoticias.com.ar\/wp-content\/uploads\/2026\/08\/Bera_Rock_3-819x1024.jpeg 819w, https:\/\/treslineasnoticias.com.ar\/wp-content\/uploads\/2026\/08\/Bera_Rock_3-240x300.jpeg 240w, https:\/\/treslineasnoticias.com.ar\/wp-content\/uploads\/2026\/08\/Bera_Rock_3-768x960.jpeg 768w, https:\/\/treslineasnoticias.com.ar\/wp-content\/uploads\/2026\/08\/Bera_Rock_3-1229x1536.jpeg 1229w, https:\/\/treslineasnoticias.com.ar\/wp-content\/uploads\/2026\/08\/Bera_Rock_3.jpeg 1280w\" sizes=\"auto, (max-width: 819px) 100vw, 819px\" \/><\/figure>\n\n\n\n<p>Este megaevento musical organizado por la Municipalidad de Berazategui tuvo su primera edici\u00f3n en 2009, por gesti\u00f3n del Dr. Juan Jos\u00e9 Mussi. Ese a\u00f1o bati\u00f3 el R\u00e9cord Guinness, ofreciendo 160 horas y 35 minutos ininterrumpidos con 439 bandas de rock en vivo, marca que jam\u00e1s pudo ser superada por ning\u00fan otro evento del mundo. Con el paso del tiempo se convirti\u00f3 en un festival emblem\u00e1tico en la Zona Sur del Conurbano, con la asistencia de m\u00e1s de 40 mil personas por edici\u00f3n. Se ha caracterizado por impulsar talentos locales a trav\u00e9s de diferentes convocatorias, a la par de la presencia de artistas de renombre. La sede del evento, el Centro Municipal de Actividades Roberto De Vicenzo, oficia como espacio libre de alcohol y humo, donde espectadores de todas las edades pueden disfrutar de recitales de distintos subg\u00e9neros del rock, a la vez que los y las artistas disponen de la m\u00e1s alta calidad en asistencia t\u00e9cnica en luces, sonido y dos escenarios completos.<\/p>\n\n\n\n<p>Para m\u00e1s informaci\u00f3n, se puede ingresar en&nbsp;<a href=\"http:\/\/berazategui.gob.ar\/cultura\" target=\"_blank\" rel=\"noreferrer noopener\">berazategui.gob.ar\/cultura<\/a>.<\/p>\n","protected":false},"excerpt":{"rendered":"<p>El cl\u00e1sico festival, organizado por la Municipalidad de Berazategui, se realizar\u00e1 del jueves 3 al domingo 6 de septiembre. Este a\u00f1o contar\u00e1 con los shows centrales de CTM Claudio Tano Marciello, Eruca Sativa y Los Tipitos, entre otros artistas. Cada fecha comenzar\u00e1 a las 14.00 en el Centro Municipal de Actividades Roberto De Vicenzo (148 [&hellip;]<\/p>\n","protected":false},"author":3,"featured_media":29590,"comment_status":"open","ping_status":"open","sticky":false,"template":"","format":"standard","meta":{"_jetpack_memberships_contains_paid_content":false,"footnotes":""},"categories":[4],"tags":[],"class_list":["post-29587","post","type-post","status-publish","format-standard","has-post-thumbnail","hentry","category-berazategui"],"yoast_head":"<!-- This site is optimized with the Yoast SEO plugin v27.5 - https:\/\/yoast.com\/product\/yoast-seo-wordpress\/ -->\n<title>CTM Claudio Tano Marciello, Eruca Sativa y Los Tipitos en el Bera Rock 2026 - Tres Lineas Noticias<\/title>\n<meta name=\"robots\" content=\"index, follow, max-snippet:-1, max-image-preview:large, max-video-preview:-1\" \/>\n<link rel=\"canonical\" href=\"https:\/\/treslineasnoticias.com.ar\/?p=29587\" \/>\n<meta property=\"og:locale\" content=\"es_ES\" \/>\n<meta property=\"og:type\" content=\"article\" \/>\n<meta property=\"og:title\" content=\"CTM Claudio Tano Marciello, Eruca Sativa y Los Tipitos en el Bera Rock 2026 - Tres Lineas Noticias\" \/>\n<meta property=\"og:description\" content=\"El cl\u00e1sico festival, organizado por la Municipalidad de Berazategui, se realizar\u00e1 del jueves 3 al domingo 6 de septiembre. Este a\u00f1o contar\u00e1 con los shows centrales de CTM Claudio Tano Marciello, Eruca Sativa y Los Tipitos, entre otros artistas. Cada fecha comenzar\u00e1 a las 14.00 en el Centro Municipal de Actividades Roberto De Vicenzo (148 [&hellip;]\" \/>\n<meta property=\"og:url\" content=\"https:\/\/treslineasnoticias.com.ar\/?p=29587\" \/>\n<meta property=\"og:site_name\" content=\"Tres Lineas Noticias\" \/>\n<meta property=\"article:published_time\" content=\"2026-08-30T22:13:06+00:00\" \/>\n<meta property=\"article:modified_time\" content=\"2026-08-30T22:13:11+00:00\" \/>\n<meta property=\"og:image\" content=\"http:\/\/treslineasnoticias.com.ar\/wp-content\/uploads\/2026\/08\/Bera_Rock_1.jpeg\" \/>\n\t<meta property=\"og:image:width\" content=\"1280\" \/>\n\t<meta property=\"og:image:height\" content=\"1600\" \/>\n\t<meta property=\"og:image:type\" content=\"image\/jpeg\" \/>\n<meta name=\"author\" content=\"Horacio L\u00f3pez\" \/>\n<meta name=\"twitter:card\" content=\"summary_large_image\" \/>\n<meta name=\"twitter:label1\" content=\"Escrito por\" \/>\n\t<meta name=\"twitter:data1\" content=\"Horacio L\u00f3pez\" \/>\n\t<meta name=\"twitter:label2\" content=\"Tiempo de lectura\" \/>\n\t<meta name=\"twitter:data2\" content=\"3 minutos\" \/>\n<script type=\"application\/ld+json\" class=\"yoast-schema-graph\">{\"@context\":\"https:\\\/\\\/schema.org\",\"@graph\":[{\"@type\":\"Article\",\"@id\":\"https:\\\/\\\/treslineasnoticias.com.ar\\\/?p=29587#article\",\"isPartOf\":{\"@id\":\"https:\\\/\\\/treslineasnoticias.com.ar\\\/?p=29587\"},\"author\":{\"name\":\"Horacio L\u00f3pez\",\"@id\":\"https:\\\/\\\/treslineasnoticias.com.ar\\\/#\\\/schema\\\/person\\\/c5f7249e50517b84c2379b145ca14895\"},\"headline\":\"CTM Claudio Tano Marciello, Eruca Sativa y Los Tipitos en el Bera Rock 2026\",\"datePublished\":\"2026-08-30T22:13:06+00:00\",\"dateModified\":\"2026-08-30T22:13:11+00:00\",\"mainEntityOfPage\":{\"@id\":\"https:\\\/\\\/treslineasnoticias.com.ar\\\/?p=29587\"},\"wordCount\":463,\"commentCount\":0,\"image\":{\"@id\":\"https:\\\/\\\/treslineasnoticias.com.ar\\\/?p=29587#primaryimage\"},\"thumbnailUrl\":\"https:\\\/\\\/treslineasnoticias.com.ar\\\/wp-content\\\/uploads\\\/2026\\\/08\\\/Bera_Rock_1.jpeg\",\"articleSection\":[\"Berazategui\"],\"inLanguage\":\"es\",\"potentialAction\":[{\"@type\":\"CommentAction\",\"name\":\"Comment\",\"target\":[\"https:\\\/\\\/treslineasnoticias.com.ar\\\/?p=29587#respond\"]}]},{\"@type\":\"WebPage\",\"@id\":\"https:\\\/\\\/treslineasnoticias.com.ar\\\/?p=29587\",\"url\":\"https:\\\/\\\/treslineasnoticias.com.ar\\\/?p=29587\",\"name\":\"CTM Claudio Tano Marciello, Eruca Sativa y Los Tipitos en el Bera Rock 2026 - Tres Lineas Noticias\",\"isPartOf\":{\"@id\":\"https:\\\/\\\/treslineasnoticias.com.ar\\\/#website\"},\"primaryImageOfPage\":{\"@id\":\"https:\\\/\\\/treslineasnoticias.com.ar\\\/?p=29587#primaryimage\"},\"image\":{\"@id\":\"https:\\\/\\\/treslineasnoticias.com.ar\\\/?p=29587#primaryimage\"},\"thumbnailUrl\":\"https:\\\/\\\/treslineasnoticias.com.ar\\\/wp-content\\\/uploads\\\/2026\\\/08\\\/Bera_Rock_1.jpeg\",\"datePublished\":\"2026-08-30T22:13:06+00:00\",\"dateModified\":\"2026-08-30T22:13:11+00:00\",\"author\":{\"@id\":\"https:\\\/\\\/treslineasnoticias.com.ar\\\/#\\\/schema\\\/person\\\/c5f7249e50517b84c2379b145ca14895\"},\"breadcrumb\":{\"@id\":\"https:\\\/\\\/treslineasnoticias.com.ar\\\/?p=29587#breadcrumb\"},\"inLanguage\":\"es\",\"potentialAction\":[{\"@type\":\"ReadAction\",\"target\":[\"https:\\\/\\\/treslineasnoticias.com.ar\\\/?p=29587\"]}]},{\"@type\":\"ImageObject\",\"inLanguage\":\"es\",\"@id\":\"https:\\\/\\\/treslineasnoticias.com.ar\\\/?p=29587#primaryimage\",\"url\":\"https:\\\/\\\/treslineasnoticias.com.ar\\\/wp-content\\\/uploads\\\/2026\\\/08\\\/Bera_Rock_1.jpeg\",\"contentUrl\":\"https:\\\/\\\/treslineasnoticias.com.ar\\\/wp-content\\\/uploads\\\/2026\\\/08\\\/Bera_Rock_1.jpeg\",\"width\":1280,\"height\":1600},{\"@type\":\"BreadcrumbList\",\"@id\":\"https:\\\/\\\/treslineasnoticias.com.ar\\\/?p=29587#breadcrumb\",\"itemListElement\":[{\"@type\":\"ListItem\",\"position\":1,\"name\":\"Portada\",\"item\":\"https:\\\/\\\/treslineasnoticias.com.ar\\\/\"},{\"@type\":\"ListItem\",\"position\":2,\"name\":\"CTM Claudio Tano Marciello, Eruca Sativa y Los Tipitos en el Bera Rock 2026\"}]},{\"@type\":\"WebSite\",\"@id\":\"https:\\\/\\\/treslineasnoticias.com.ar\\\/#website\",\"url\":\"https:\\\/\\\/treslineasnoticias.com.ar\\\/\",\"name\":\"Tres Lineas Noticias\",\"description\":\"\",\"potentialAction\":[{\"@type\":\"SearchAction\",\"target\":{\"@type\":\"EntryPoint\",\"urlTemplate\":\"https:\\\/\\\/treslineasnoticias.com.ar\\\/?s={search_term_string}\"},\"query-input\":{\"@type\":\"PropertyValueSpecification\",\"valueRequired\":true,\"valueName\":\"search_term_string\"}}],\"inLanguage\":\"es\"},{\"@type\":\"Person\",\"@id\":\"https:\\\/\\\/treslineasnoticias.com.ar\\\/#\\\/schema\\\/person\\\/c5f7249e50517b84c2379b145ca14895\",\"name\":\"Horacio L\u00f3pez\",\"image\":{\"@type\":\"ImageObject\",\"inLanguage\":\"es\",\"@id\":\"https:\\\/\\\/treslineasnoticias.com.ar\\\/wp-content\\\/litespeed\\\/avatar\\\/f5a5e9d378b20cf999cb9a940a8324f3.jpg?ver=1788116984\",\"url\":\"https:\\\/\\\/treslineasnoticias.com.ar\\\/wp-content\\\/litespeed\\\/avatar\\\/f5a5e9d378b20cf999cb9a940a8324f3.jpg?ver=1788116984\",\"contentUrl\":\"https:\\\/\\\/treslineasnoticias.com.ar\\\/wp-content\\\/litespeed\\\/avatar\\\/f5a5e9d378b20cf999cb9a940a8324f3.jpg?ver=1788116984\",\"caption\":\"Horacio L\u00f3pez\"},\"sameAs\":[\"http:\\\/\\\/treslineasnoticias.com.ar\"],\"url\":\"https:\\\/\\\/treslineasnoticias.com.ar\\\/?author=3\"}]}<\/script>\n<!-- \/ Yoast SEO plugin. -->","yoast_head_json":{"title":"CTM Claudio Tano Marciello, Eruca Sativa y Los Tipitos en el Bera Rock 2026 - Tres Lineas Noticias","robots":{"index":"index","follow":"follow","max-snippet":"max-snippet:-1","max-image-preview":"max-image-preview:large","max-video-preview":"max-video-preview:-1"},"canonical":"https:\/\/treslineasnoticias.com.ar\/?p=29587","og_locale":"es_ES","og_type":"article","og_title":"CTM Claudio Tano Marciello, Eruca Sativa y Los Tipitos en el Bera Rock 2026 - Tres Lineas Noticias","og_description":"El cl\u00e1sico festival, organizado por la Municipalidad de Berazategui, se realizar\u00e1 del jueves 3 al domingo 6 de septiembre. Este a\u00f1o contar\u00e1 con los shows centrales de CTM Claudio Tano Marciello, Eruca Sativa y Los Tipitos, entre otros artistas. Cada fecha comenzar\u00e1 a las 14.00 en el Centro Municipal de Actividades Roberto De Vicenzo (148 [&hellip;]","og_url":"https:\/\/treslineasnoticias.com.ar\/?p=29587","og_site_name":"Tres Lineas Noticias","article_published_time":"2026-08-30T22:13:06+00:00","article_modified_time":"2026-08-30T22:13:11+00:00","og_image":[{"width":1280,"height":1600,"url":"http:\/\/treslineasnoticias.com.ar\/wp-content\/uploads\/2026\/08\/Bera_Rock_1.jpeg","type":"image\/jpeg"}],"author":"Horacio L\u00f3pez","twitter_card":"summary_large_image","twitter_misc":{"Escrito por":"Horacio L\u00f3pez","Tiempo de lectura":"3 minutos"},"schema":{"@context":"https:\/\/schema.org","@graph":[{"@type":"Article","@id":"https:\/\/treslineasnoticias.com.ar\/?p=29587#article","isPartOf":{"@id":"https:\/\/treslineasnoticias.com.ar\/?p=29587"},"author":{"name":"Horacio L\u00f3pez","@id":"https:\/\/treslineasnoticias.com.ar\/#\/schema\/person\/c5f7249e50517b84c2379b145ca14895"},"headline":"CTM Claudio Tano Marciello, Eruca Sativa y Los Tipitos en el Bera Rock 2026","datePublished":"2026-08-30T22:13:06+00:00","dateModified":"2026-08-30T22:13:11+00:00","mainEntityOfPage":{"@id":"https:\/\/treslineasnoticias.com.ar\/?p=29587"},"wordCount":463,"commentCount":0,"image":{"@id":"https:\/\/treslineasnoticias.com.ar\/?p=29587#primaryimage"},"thumbnailUrl":"https:\/\/treslineasnoticias.com.ar\/wp-content\/uploads\/2026\/08\/Bera_Rock_1.jpeg","articleSection":["Berazategui"],"inLanguage":"es","potentialAction":[{"@type":"CommentAction","name":"Comment","target":["https:\/\/treslineasnoticias.com.ar\/?p=29587#respond"]}]},{"@type":"WebPage","@id":"https:\/\/treslineasnoticias.com.ar\/?p=29587","url":"https:\/\/treslineasnoticias.com.ar\/?p=29587","name":"CTM Claudio Tano Marciello, Eruca Sativa y Los Tipitos en el Bera Rock 2026 - Tres Lineas Noticias","isPartOf":{"@id":"https:\/\/treslineasnoticias.com.ar\/#website"},"primaryImageOfPage":{"@id":"https:\/\/treslineasnoticias.com.ar\/?p=29587#primaryimage"},"image":{"@id":"https:\/\/treslineasnoticias.com.ar\/?p=29587#primaryimage"},"thumbnailUrl":"https:\/\/treslineasnoticias.com.ar\/wp-content\/uploads\/2026\/08\/Bera_Rock_1.jpeg","datePublished":"2026-08-30T22:13:06+00:00","dateModified":"2026-08-30T22:13:11+00:00","author":{"@id":"https:\/\/treslineasnoticias.com.ar\/#\/schema\/person\/c5f7249e50517b84c2379b145ca14895"},"breadcrumb":{"@id":"https:\/\/treslineasnoticias.com.ar\/?p=29587#breadcrumb"},"inLanguage":"es","potentialAction":[{"@type":"ReadAction","target":["https:\/\/treslineasnoticias.com.ar\/?p=29587"]}]},{"@type":"ImageObject","inLanguage":"es","@id":"https:\/\/treslineasnoticias.com.ar\/?p=29587#primaryimage","url":"https:\/\/treslineasnoticias.com.ar\/wp-content\/uploads\/2026\/08\/Bera_Rock_1.jpeg","contentUrl":"https:\/\/treslineasnoticias.com.ar\/wp-content\/uploads\/2026\/08\/Bera_Rock_1.jpeg","width":1280,"height":1600},{"@type":"BreadcrumbList","@id":"https:\/\/treslineasnoticias.com.ar\/?p=29587#breadcrumb","itemListElement":[{"@type":"ListItem","position":1,"name":"Portada","item":"https:\/\/treslineasnoticias.com.ar\/"},{"@type":"ListItem","position":2,"name":"CTM Claudio Tano Marciello, Eruca Sativa y Los Tipitos en el Bera Rock 2026"}]},{"@type":"WebSite","@id":"https:\/\/treslineasnoticias.com.ar\/#website","url":"https:\/\/treslineasnoticias.com.ar\/","name":"Tres Lineas Noticias","description":"","potentialAction":[{"@type":"SearchAction","target":{"@type":"EntryPoint","urlTemplate":"https:\/\/treslineasnoticias.com.ar\/?s={search_term_string}"},"query-input":{"@type":"PropertyValueSpecification","valueRequired":true,"valueName":"search_term_string"}}],"inLanguage":"es"},{"@type":"Person","@id":"https:\/\/treslineasnoticias.com.ar\/#\/schema\/person\/c5f7249e50517b84c2379b145ca14895","name":"Horacio L\u00f3pez","image":{"@type":"ImageObject","inLanguage":"es","@id":"https:\/\/treslineasnoticias.com.ar\/wp-content\/litespeed\/avatar\/f5a5e9d378b20cf999cb9a940a8324f3.jpg?ver=1788116984","url":"https:\/\/treslineasnoticias.com.ar\/wp-content\/litespeed\/avatar\/f5a5e9d378b20cf999cb9a940a8324f3.jpg?ver=1788116984","contentUrl":"https:\/\/treslineasnoticias.com.ar\/wp-content\/litespeed\/avatar\/f5a5e9d378b20cf999cb9a940a8324f3.jpg?ver=1788116984","caption":"Horacio L\u00f3pez"},"sameAs":["http:\/\/treslineasnoticias.com.ar"],"url":"https:\/\/treslineasnoticias.com.ar\/?author=3"}]}},"jetpack_featured_media_url":"https:\/\/treslineasnoticias.com.ar\/wp-content\/uploads\/2026\/08\/Bera_Rock_1.jpeg","jetpack_sharing_enabled":true,"_links":{"self":[{"href":"https:\/\/treslineasnoticias.com.ar\/index.php?rest_route=\/wp\/v2\/posts\/29587","targetHints":{"allow":["GET"]}}],"collection":[{"href":"https:\/\/treslineasnoticias.com.ar\/index.php?rest_route=\/wp\/v2\/posts"}],"about":[{"href":"https:\/\/treslineasnoticias.com.ar\/index.php?rest_route=\/wp\/v2\/types\/post"}],"author":[{"embeddable":true,"href":"https:\/\/treslineasnoticias.com.ar\/index.php?rest_route=\/wp\/v2\/users\/3"}],"replies":[{"embeddable":true,"href":"https:\/\/treslineasnoticias.com.ar\/index.php?rest_route=%2Fwp%2Fv2%2Fcomments&post=29587"}],"version-history":[{"count":1,"href":"https:\/\/treslineasnoticias.com.ar\/index.php?rest_route=\/wp\/v2\/posts\/29587\/revisions"}],"predecessor-version":[{"id":29591,"href":"https:\/\/treslineasnoticias.com.ar\/index.php?rest_route=\/wp\/v2\/posts\/29587\/revisions\/29591"}],"wp:featuredmedia":[{"embeddable":true,"href":"https:\/\/treslineasnoticias.com.ar\/index.php?rest_route=\/wp\/v2\/media\/29590"}],"wp:attachment":[{"href":"https:\/\/treslineasnoticias.com.ar\/index.php?rest_route=%2Fwp%2Fv2%2Fmedia&parent=29587"}],"wp:term":[{"taxonomy":"category","embeddable":true,"href":"https:\/\/treslineasnoticias.com.ar\/index.php?rest_route=%2Fwp%2Fv2%2Fcategories&post=29587"},{"taxonomy":"post_tag","embeddable":true,"href":"https:\/\/treslineasnoticias.com.ar\/index.php?rest_route=%2Fwp%2Fv2%2Ftags&post=29587"}],"curies":[{"name":"wp","href":"https:\/\/api.w.org\/{rel}","templated":true}]}}