{"id":29592,"date":"2026-08-30T19:15:50","date_gmt":"2026-08-30T22:15:50","guid":{"rendered":"https:\/\/treslineasnoticias.com.ar\/?p=29592"},"modified":"2026-08-30T19:15:52","modified_gmt":"2026-08-30T22:15:52","slug":"operativo-antidrogas-detenciones-y-derribo-de-bunkers","status":"publish","type":"post","link":"https:\/\/treslineasnoticias.com.ar\/?p=29592","title":{"rendered":"Operativo antidrogas: detenciones y derribo de b\u00fankers"},"content":{"rendered":"\n<p><strong><em>Mediante un trabajo conjunto del Municipio de Florencio Varela con la Provincia de Buenos Aires, la Polic\u00eda avanz\u00f3 con investigaciones para desbaratar diferentes puntos de comercializaci\u00f3n de estupefacientes en el distrito.<\/em><\/strong><\/p>\n\n\n\n<figure class=\"wp-block-image size-large\"><img loading=\"lazy\" decoding=\"async\" width=\"1024\" height=\"682\" src=\"http:\/\/treslineasnoticias.com.ar\/wp-content\/uploads\/2026\/08\/1972f651-300f-f0f2-1c0c-33d3f843c258-1024x682.jpg\" alt=\"\" class=\"wp-image-29593\" srcset=\"https:\/\/treslineasnoticias.com.ar\/wp-content\/uploads\/2026\/08\/1972f651-300f-f0f2-1c0c-33d3f843c258-1024x682.jpg 1024w, https:\/\/treslineasnoticias.com.ar\/wp-content\/uploads\/2026\/08\/1972f651-300f-f0f2-1c0c-33d3f843c258-300x200.jpg 300w, https:\/\/treslineasnoticias.com.ar\/wp-content\/uploads\/2026\/08\/1972f651-300f-f0f2-1c0c-33d3f843c258-768x511.jpg 768w, https:\/\/treslineasnoticias.com.ar\/wp-content\/uploads\/2026\/08\/1972f651-300f-f0f2-1c0c-33d3f843c258.jpg 1280w\" sizes=\"auto, (max-width: 1024px) 100vw, 1024px\" \/><\/figure>\n\n\n\n<p>Una treintena de procedimientos fueron ejecutados por el \u00e1rea de Delitos Complejos de la fuerza bonaerense que incluyeron requisas en viviendas del partido y de Quilmes.<\/p>\n\n\n\n<p>El mega operativo tuvo como resultado: 16 personas detenidas m\u00e1s 4 aprehendidas, de las cuales una contaba con causas abiertas relacionadas con el sicariato y homicidio, mientras que otra no respetaba su arresto domiciliario.<\/p>\n\n\n\n<figure class=\"wp-block-image size-large\"><img loading=\"lazy\" decoding=\"async\" width=\"1024\" height=\"682\" src=\"http:\/\/treslineasnoticias.com.ar\/wp-content\/uploads\/2026\/08\/7d47ad44-d245-9849-5657-2ad0518fb14a-1024x682.jpg\" alt=\"\" class=\"wp-image-29594\" srcset=\"https:\/\/treslineasnoticias.com.ar\/wp-content\/uploads\/2026\/08\/7d47ad44-d245-9849-5657-2ad0518fb14a-1024x682.jpg 1024w, https:\/\/treslineasnoticias.com.ar\/wp-content\/uploads\/2026\/08\/7d47ad44-d245-9849-5657-2ad0518fb14a-300x200.jpg 300w, https:\/\/treslineasnoticias.com.ar\/wp-content\/uploads\/2026\/08\/7d47ad44-d245-9849-5657-2ad0518fb14a-768x511.jpg 768w, https:\/\/treslineasnoticias.com.ar\/wp-content\/uploads\/2026\/08\/7d47ad44-d245-9849-5657-2ad0518fb14a.jpg 1280w\" sizes=\"auto, (max-width: 1024px) 100vw, 1024px\" \/><\/figure>\n\n\n\n<p>\u201cA pedido de la fiscal\u00eda, la Comuna tom\u00f3 intervenci\u00f3n para el derribo de los b\u00fankers ligados a estos hechos\u201d, detall\u00f3 el coordinador de la Guardia Comunal, Eduardo Gonz\u00e1lez.&nbsp;<\/p>\n\n\n\n<p>Adem\u00e1s, secuestraron 4 armas de fuego, grandes sumas de dinero en efectivo, 12 tel\u00e9fonos, 8 rodados, 521 envoltorios de marihuana entre otras drogas y elementos de pesaje.<\/p>\n","protected":false},"excerpt":{"rendered":"<p>Mediante un trabajo conjunto del Municipio de Florencio Varela con la Provincia de Buenos Aires, la Polic\u00eda avanz\u00f3 con investigaciones para desbaratar diferentes puntos de comercializaci\u00f3n de estupefacientes en el distrito. Una treintena de procedimientos fueron ejecutados por el \u00e1rea de Delitos Complejos de la fuerza bonaerense que incluyeron requisas en viviendas del partido y [&hellip;]<\/p>\n","protected":false},"author":3,"featured_media":29595,"comment_status":"open","ping_status":"open","sticky":false,"template":"","format":"standard","meta":{"_jetpack_memberships_contains_paid_content":false,"footnotes":""},"categories":[6],"tags":[],"class_list":["post-29592","post","type-post","status-publish","format-standard","has-post-thumbnail","hentry","category-florencio-varela"],"yoast_head":"<!-- This site is optimized with the Yoast SEO plugin v27.5 - https:\/\/yoast.com\/product\/yoast-seo-wordpress\/ -->\n<title>Operativo antidrogas: detenciones y derribo de b\u00fankers - Tres Lineas Noticias<\/title>\n<meta name=\"robots\" content=\"index, follow, max-snippet:-1, max-image-preview:large, max-video-preview:-1\" \/>\n<link rel=\"canonical\" href=\"https:\/\/treslineasnoticias.com.ar\/?p=29592\" \/>\n<meta property=\"og:locale\" content=\"es_ES\" \/>\n<meta property=\"og:type\" content=\"article\" \/>\n<meta property=\"og:title\" content=\"Operativo antidrogas: detenciones y derribo de b\u00fankers - Tres Lineas Noticias\" \/>\n<meta property=\"og:description\" content=\"Mediante un trabajo conjunto del Municipio de Florencio Varela con la Provincia de Buenos Aires, la Polic\u00eda avanz\u00f3 con investigaciones para desbaratar diferentes puntos de comercializaci\u00f3n de estupefacientes en el distrito. Una treintena de procedimientos fueron ejecutados por el \u00e1rea de Delitos Complejos de la fuerza bonaerense que incluyeron requisas en viviendas del partido y [&hellip;]\" \/>\n<meta property=\"og:url\" content=\"https:\/\/treslineasnoticias.com.ar\/?p=29592\" \/>\n<meta property=\"og:site_name\" content=\"Tres Lineas Noticias\" \/>\n<meta property=\"article:published_time\" content=\"2026-08-30T22:15:50+00:00\" \/>\n<meta property=\"article:modified_time\" content=\"2026-08-30T22:15:52+00:00\" \/>\n<meta property=\"og:image\" content=\"http:\/\/treslineasnoticias.com.ar\/wp-content\/uploads\/2026\/08\/7afd8e97-fd14-722d-c320-4775360a436f.jpg\" \/>\n\t<meta property=\"og:image:width\" content=\"1280\" \/>\n\t<meta property=\"og:image:height\" content=\"960\" \/>\n\t<meta property=\"og:image:type\" content=\"image\/jpeg\" \/>\n<meta name=\"author\" content=\"Horacio L\u00f3pez\" \/>\n<meta name=\"twitter:card\" content=\"summary_large_image\" \/>\n<meta name=\"twitter:label1\" content=\"Escrito por\" \/>\n\t<meta name=\"twitter:data1\" content=\"Horacio L\u00f3pez\" \/>\n\t<meta name=\"twitter:label2\" content=\"Tiempo de lectura\" \/>\n\t<meta name=\"twitter:data2\" content=\"2 minutos\" \/>\n<script type=\"application\/ld+json\" class=\"yoast-schema-graph\">{\"@context\":\"https:\\\/\\\/schema.org\",\"@graph\":[{\"@type\":\"Article\",\"@id\":\"https:\\\/\\\/treslineasnoticias.com.ar\\\/?p=29592#article\",\"isPartOf\":{\"@id\":\"https:\\\/\\\/treslineasnoticias.com.ar\\\/?p=29592\"},\"author\":{\"name\":\"Horacio L\u00f3pez\",\"@id\":\"https:\\\/\\\/treslineasnoticias.com.ar\\\/#\\\/schema\\\/person\\\/c5f7249e50517b84c2379b145ca14895\"},\"headline\":\"Operativo antidrogas: detenciones y derribo de b\u00fankers\",\"datePublished\":\"2026-08-30T22:15:50+00:00\",\"dateModified\":\"2026-08-30T22:15:52+00:00\",\"mainEntityOfPage\":{\"@id\":\"https:\\\/\\\/treslineasnoticias.com.ar\\\/?p=29592\"},\"wordCount\":158,\"commentCount\":0,\"image\":{\"@id\":\"https:\\\/\\\/treslineasnoticias.com.ar\\\/?p=29592#primaryimage\"},\"thumbnailUrl\":\"https:\\\/\\\/treslineasnoticias.com.ar\\\/wp-content\\\/uploads\\\/2026\\\/08\\\/7afd8e97-fd14-722d-c320-4775360a436f.jpg\",\"articleSection\":[\"Florencio Varela\"],\"inLanguage\":\"es\",\"potentialAction\":[{\"@type\":\"CommentAction\",\"name\":\"Comment\",\"target\":[\"https:\\\/\\\/treslineasnoticias.com.ar\\\/?p=29592#respond\"]}]},{\"@type\":\"WebPage\",\"@id\":\"https:\\\/\\\/treslineasnoticias.com.ar\\\/?p=29592\",\"url\":\"https:\\\/\\\/treslineasnoticias.com.ar\\\/?p=29592\",\"name\":\"Operativo antidrogas: detenciones y derribo de b\u00fankers - Tres Lineas Noticias\",\"isPartOf\":{\"@id\":\"https:\\\/\\\/treslineasnoticias.com.ar\\\/#website\"},\"primaryImageOfPage\":{\"@id\":\"https:\\\/\\\/treslineasnoticias.com.ar\\\/?p=29592#primaryimage\"},\"image\":{\"@id\":\"https:\\\/\\\/treslineasnoticias.com.ar\\\/?p=29592#primaryimage\"},\"thumbnailUrl\":\"https:\\\/\\\/treslineasnoticias.com.ar\\\/wp-content\\\/uploads\\\/2026\\\/08\\\/7afd8e97-fd14-722d-c320-4775360a436f.jpg\",\"datePublished\":\"2026-08-30T22:15:50+00:00\",\"dateModified\":\"2026-08-30T22:15:52+00:00\",\"author\":{\"@id\":\"https:\\\/\\\/treslineasnoticias.com.ar\\\/#\\\/schema\\\/person\\\/c5f7249e50517b84c2379b145ca14895\"},\"breadcrumb\":{\"@id\":\"https:\\\/\\\/treslineasnoticias.com.ar\\\/?p=29592#breadcrumb\"},\"inLanguage\":\"es\",\"potentialAction\":[{\"@type\":\"ReadAction\",\"target\":[\"https:\\\/\\\/treslineasnoticias.com.ar\\\/?p=29592\"]}]},{\"@type\":\"ImageObject\",\"inLanguage\":\"es\",\"@id\":\"https:\\\/\\\/treslineasnoticias.com.ar\\\/?p=29592#primaryimage\",\"url\":\"https:\\\/\\\/treslineasnoticias.com.ar\\\/wp-content\\\/uploads\\\/2026\\\/08\\\/7afd8e97-fd14-722d-c320-4775360a436f.jpg\",\"contentUrl\":\"https:\\\/\\\/treslineasnoticias.com.ar\\\/wp-content\\\/uploads\\\/2026\\\/08\\\/7afd8e97-fd14-722d-c320-4775360a436f.jpg\",\"width\":1280,\"height\":960},{\"@type\":\"BreadcrumbList\",\"@id\":\"https:\\\/\\\/treslineasnoticias.com.ar\\\/?p=29592#breadcrumb\",\"itemListElement\":[{\"@type\":\"ListItem\",\"position\":1,\"name\":\"Portada\",\"item\":\"https:\\\/\\\/treslineasnoticias.com.ar\\\/\"},{\"@type\":\"ListItem\",\"position\":2,\"name\":\"Operativo antidrogas: detenciones y derribo de b\u00fankers\"}]},{\"@type\":\"WebSite\",\"@id\":\"https:\\\/\\\/treslineasnoticias.com.ar\\\/#website\",\"url\":\"https:\\\/\\\/treslineasnoticias.com.ar\\\/\",\"name\":\"Tres Lineas Noticias\",\"description\":\"\",\"potentialAction\":[{\"@type\":\"SearchAction\",\"target\":{\"@type\":\"EntryPoint\",\"urlTemplate\":\"https:\\\/\\\/treslineasnoticias.com.ar\\\/?s={search_term_string}\"},\"query-input\":{\"@type\":\"PropertyValueSpecification\",\"valueRequired\":true,\"valueName\":\"search_term_string\"}}],\"inLanguage\":\"es\"},{\"@type\":\"Person\",\"@id\":\"https:\\\/\\\/treslineasnoticias.com.ar\\\/#\\\/schema\\\/person\\\/c5f7249e50517b84c2379b145ca14895\",\"name\":\"Horacio L\u00f3pez\",\"image\":{\"@type\":\"ImageObject\",\"inLanguage\":\"es\",\"@id\":\"https:\\\/\\\/treslineasnoticias.com.ar\\\/wp-content\\\/litespeed\\\/avatar\\\/f5a5e9d378b20cf999cb9a940a8324f3.jpg?ver=1788116984\",\"url\":\"https:\\\/\\\/treslineasnoticias.com.ar\\\/wp-content\\\/litespeed\\\/avatar\\\/f5a5e9d378b20cf999cb9a940a8324f3.jpg?ver=1788116984\",\"contentUrl\":\"https:\\\/\\\/treslineasnoticias.com.ar\\\/wp-content\\\/litespeed\\\/avatar\\\/f5a5e9d378b20cf999cb9a940a8324f3.jpg?ver=1788116984\",\"caption\":\"Horacio L\u00f3pez\"},\"sameAs\":[\"http:\\\/\\\/treslineasnoticias.com.ar\"],\"url\":\"https:\\\/\\\/treslineasnoticias.com.ar\\\/?author=3\"}]}<\/script>\n<!-- \/ Yoast SEO plugin. -->","yoast_head_json":{"title":"Operativo antidrogas: detenciones y derribo de b\u00fankers - Tres Lineas Noticias","robots":{"index":"index","follow":"follow","max-snippet":"max-snippet:-1","max-image-preview":"max-image-preview:large","max-video-preview":"max-video-preview:-1"},"canonical":"https:\/\/treslineasnoticias.com.ar\/?p=29592","og_locale":"es_ES","og_type":"article","og_title":"Operativo antidrogas: detenciones y derribo de b\u00fankers - Tres Lineas Noticias","og_description":"Mediante un trabajo conjunto del Municipio de Florencio Varela con la Provincia de Buenos Aires, la Polic\u00eda avanz\u00f3 con investigaciones para desbaratar diferentes puntos de comercializaci\u00f3n de estupefacientes en el distrito. Una treintena de procedimientos fueron ejecutados por el \u00e1rea de Delitos Complejos de la fuerza bonaerense que incluyeron requisas en viviendas del partido y [&hellip;]","og_url":"https:\/\/treslineasnoticias.com.ar\/?p=29592","og_site_name":"Tres Lineas Noticias","article_published_time":"2026-08-30T22:15:50+00:00","article_modified_time":"2026-08-30T22:15:52+00:00","og_image":[{"width":1280,"height":960,"url":"http:\/\/treslineasnoticias.com.ar\/wp-content\/uploads\/2026\/08\/7afd8e97-fd14-722d-c320-4775360a436f.jpg","type":"image\/jpeg"}],"author":"Horacio L\u00f3pez","twitter_card":"summary_large_image","twitter_misc":{"Escrito por":"Horacio L\u00f3pez","Tiempo de lectura":"2 minutos"},"schema":{"@context":"https:\/\/schema.org","@graph":[{"@type":"Article","@id":"https:\/\/treslineasnoticias.com.ar\/?p=29592#article","isPartOf":{"@id":"https:\/\/treslineasnoticias.com.ar\/?p=29592"},"author":{"name":"Horacio L\u00f3pez","@id":"https:\/\/treslineasnoticias.com.ar\/#\/schema\/person\/c5f7249e50517b84c2379b145ca14895"},"headline":"Operativo antidrogas: detenciones y derribo de b\u00fankers","datePublished":"2026-08-30T22:15:50+00:00","dateModified":"2026-08-30T22:15:52+00:00","mainEntityOfPage":{"@id":"https:\/\/treslineasnoticias.com.ar\/?p=29592"},"wordCount":158,"commentCount":0,"image":{"@id":"https:\/\/treslineasnoticias.com.ar\/?p=29592#primaryimage"},"thumbnailUrl":"https:\/\/treslineasnoticias.com.ar\/wp-content\/uploads\/2026\/08\/7afd8e97-fd14-722d-c320-4775360a436f.jpg","articleSection":["Florencio Varela"],"inLanguage":"es","potentialAction":[{"@type":"CommentAction","name":"Comment","target":["https:\/\/treslineasnoticias.com.ar\/?p=29592#respond"]}]},{"@type":"WebPage","@id":"https:\/\/treslineasnoticias.com.ar\/?p=29592","url":"https:\/\/treslineasnoticias.com.ar\/?p=29592","name":"Operativo antidrogas: detenciones y derribo de b\u00fankers - Tres Lineas Noticias","isPartOf":{"@id":"https:\/\/treslineasnoticias.com.ar\/#website"},"primaryImageOfPage":{"@id":"https:\/\/treslineasnoticias.com.ar\/?p=29592#primaryimage"},"image":{"@id":"https:\/\/treslineasnoticias.com.ar\/?p=29592#primaryimage"},"thumbnailUrl":"https:\/\/treslineasnoticias.com.ar\/wp-content\/uploads\/2026\/08\/7afd8e97-fd14-722d-c320-4775360a436f.jpg","datePublished":"2026-08-30T22:15:50+00:00","dateModified":"2026-08-30T22:15:52+00:00","author":{"@id":"https:\/\/treslineasnoticias.com.ar\/#\/schema\/person\/c5f7249e50517b84c2379b145ca14895"},"breadcrumb":{"@id":"https:\/\/treslineasnoticias.com.ar\/?p=29592#breadcrumb"},"inLanguage":"es","potentialAction":[{"@type":"ReadAction","target":["https:\/\/treslineasnoticias.com.ar\/?p=29592"]}]},{"@type":"ImageObject","inLanguage":"es","@id":"https:\/\/treslineasnoticias.com.ar\/?p=29592#primaryimage","url":"https:\/\/treslineasnoticias.com.ar\/wp-content\/uploads\/2026\/08\/7afd8e97-fd14-722d-c320-4775360a436f.jpg","contentUrl":"https:\/\/treslineasnoticias.com.ar\/wp-content\/uploads\/2026\/08\/7afd8e97-fd14-722d-c320-4775360a436f.jpg","width":1280,"height":960},{"@type":"BreadcrumbList","@id":"https:\/\/treslineasnoticias.com.ar\/?p=29592#breadcrumb","itemListElement":[{"@type":"ListItem","position":1,"name":"Portada","item":"https:\/\/treslineasnoticias.com.ar\/"},{"@type":"ListItem","position":2,"name":"Operativo antidrogas: detenciones y derribo de b\u00fankers"}]},{"@type":"WebSite","@id":"https:\/\/treslineasnoticias.com.ar\/#website","url":"https:\/\/treslineasnoticias.com.ar\/","name":"Tres Lineas Noticias","description":"","potentialAction":[{"@type":"SearchAction","target":{"@type":"EntryPoint","urlTemplate":"https:\/\/treslineasnoticias.com.ar\/?s={search_term_string}"},"query-input":{"@type":"PropertyValueSpecification","valueRequired":true,"valueName":"search_term_string"}}],"inLanguage":"es"},{"@type":"Person","@id":"https:\/\/treslineasnoticias.com.ar\/#\/schema\/person\/c5f7249e50517b84c2379b145ca14895","name":"Horacio L\u00f3pez","image":{"@type":"ImageObject","inLanguage":"es","@id":"https:\/\/treslineasnoticias.com.ar\/wp-content\/litespeed\/avatar\/f5a5e9d378b20cf999cb9a940a8324f3.jpg?ver=1788116984","url":"https:\/\/treslineasnoticias.com.ar\/wp-content\/litespeed\/avatar\/f5a5e9d378b20cf999cb9a940a8324f3.jpg?ver=1788116984","contentUrl":"https:\/\/treslineasnoticias.com.ar\/wp-content\/litespeed\/avatar\/f5a5e9d378b20cf999cb9a940a8324f3.jpg?ver=1788116984","caption":"Horacio L\u00f3pez"},"sameAs":["http:\/\/treslineasnoticias.com.ar"],"url":"https:\/\/treslineasnoticias.com.ar\/?author=3"}]}},"jetpack_featured_media_url":"https:\/\/treslineasnoticias.com.ar\/wp-content\/uploads\/2026\/08\/7afd8e97-fd14-722d-c320-4775360a436f.jpg","jetpack_sharing_enabled":true,"_links":{"self":[{"href":"https:\/\/treslineasnoticias.com.ar\/index.php?rest_route=\/wp\/v2\/posts\/29592","targetHints":{"allow":["GET"]}}],"collection":[{"href":"https:\/\/treslineasnoticias.com.ar\/index.php?rest_route=\/wp\/v2\/posts"}],"about":[{"href":"https:\/\/treslineasnoticias.com.ar\/index.php?rest_route=\/wp\/v2\/types\/post"}],"author":[{"embeddable":true,"href":"https:\/\/treslineasnoticias.com.ar\/index.php?rest_route=\/wp\/v2\/users\/3"}],"replies":[{"embeddable":true,"href":"https:\/\/treslineasnoticias.com.ar\/index.php?rest_route=%2Fwp%2Fv2%2Fcomments&post=29592"}],"version-history":[{"count":1,"href":"https:\/\/treslineasnoticias.com.ar\/index.php?rest_route=\/wp\/v2\/posts\/29592\/revisions"}],"predecessor-version":[{"id":29596,"href":"https:\/\/treslineasnoticias.com.ar\/index.php?rest_route=\/wp\/v2\/posts\/29592\/revisions\/29596"}],"wp:featuredmedia":[{"embeddable":true,"href":"https:\/\/treslineasnoticias.com.ar\/index.php?rest_route=\/wp\/v2\/media\/29595"}],"wp:attachment":[{"href":"https:\/\/treslineasnoticias.com.ar\/index.php?rest_route=%2Fwp%2Fv2%2Fmedia&parent=29592"}],"wp:term":[{"taxonomy":"category","embeddable":true,"href":"https:\/\/treslineasnoticias.com.ar\/index.php?rest_route=%2Fwp%2Fv2%2Fcategories&post=29592"},{"taxonomy":"post_tag","embeddable":true,"href":"https:\/\/treslineasnoticias.com.ar\/index.php?rest_route=%2Fwp%2Fv2%2Ftags&post=29592"}],"curies":[{"name":"wp","href":"https:\/\/api.w.org\/{rel}","templated":true}]}}