{"id":29600,"date":"2026-08-31T07:19:00","date_gmt":"2026-08-31T10:19:00","guid":{"rendered":"https:\/\/treslineasnoticias.com.ar\/?p=29600"},"modified":"2026-08-30T19:32:34","modified_gmt":"2026-08-30T22:32:34","slug":"otro-dato-mas-en-contra-de-los-jubilados","status":"publish","type":"post","link":"https:\/\/treslineasnoticias.com.ar\/?p=29600","title":{"rendered":"Otro dato m\u00e1s en contra de los jubilados"},"content":{"rendered":"\n<p>Cada jubilado perdi\u00f3 m\u00e1s de $ 7 millones desde que asumi\u00f3 la presidencia Javier Milei<em>.<\/em><strong><em> Un estudio privado precis\u00f3 que desde 2023 los haberes previsionales perdieron poder adquisitivo por un acumulado de $ 7,3 millones por el semicongelamiento del Gobierno de las jubilaciones. Esta situaci\u00f3n llev\u00f3 a muchos adultos mayores a endeudarse, donde uno de cada diez presenta irregularidades en los pagos. Tambi\u00e9n, en el \u00faltimo a\u00f1o, m\u00e1s de 22 mil tuvieron que volver al mercado laboral y realizaron alguna \u201cchanga\u201d mientras busca otro empleo. La cuesti\u00f3n es que la canasta de este segmento poblacional asciende a m\u00e1s de $ 1.800.000.<\/em><\/strong><\/p>\n\n\n\n<p>La motosierra del presidente Javier Milei recort\u00f3 los gastos sociales y golpe\u00f3 principalmente a los jubilados, que perdieron un 23% de poder adquisitivo respecto a 2023. Esta situaci\u00f3n llev\u00f3 a muchos a endeudarse como tambi\u00e9n a volver al mercado laboral.<\/p>\n\n\n\n<figure class=\"wp-block-image size-full\"><img loading=\"lazy\" decoding=\"async\" width=\"912\" height=\"513\" src=\"http:\/\/treslineasnoticias.com.ar\/wp-content\/uploads\/2026\/08\/perdida-promedio-de-cada-jubilado-en-la-gestion-milei-2314865.jpg\" alt=\"\" class=\"wp-image-29604\" srcset=\"https:\/\/treslineasnoticias.com.ar\/wp-content\/uploads\/2026\/08\/perdida-promedio-de-cada-jubilado-en-la-gestion-milei-2314865.jpg 912w, https:\/\/treslineasnoticias.com.ar\/wp-content\/uploads\/2026\/08\/perdida-promedio-de-cada-jubilado-en-la-gestion-milei-2314865-300x169.jpg 300w, https:\/\/treslineasnoticias.com.ar\/wp-content\/uploads\/2026\/08\/perdida-promedio-de-cada-jubilado-en-la-gestion-milei-2314865-768x432.jpg 768w\" sizes=\"auto, (max-width: 912px) 100vw, 912px\" \/><\/figure>\n\n\n\n<p>A su vez, las jubilaciones acumulan, en promedio, una p\u00e9rdida de 7,3 millones de pesos. Los que cobran la m\u00ednima perdieron el 30% de su poder de compra y acumulan una p\u00e9rdida equivalente a 8,4 jubilaciones de 2023. Los datos surgen del \u00faltimo informe del Mirador de la Actualidad del Trabajo y la Econom\u00eda (MATE).<\/p>\n\n\n\n<p>\u201cEl 63% de los jubilados y jubiladas percibe la m\u00ednima de $ 420 mil, considerando el bono de $ 70 mil congelado hace dos a\u00f1os y medio, monto que no llega a los umbrales de la pobreza. A esto le podemos sumar el deterioro de las prestaciones del PAMI y el ajuste en medicamentos, lo que redunda en adultos mayores en situaciones de vulnerabilidad extrema\u201d, explic\u00f3 a PERFIL&nbsp;<strong>Natalia P\u00e9rez Barreda<\/strong>, miembro de MATE.<\/p>\n\n\n\n<p><strong>El bono a los jubilados se mantiene congelado desde marzo de 2024<\/strong><\/p>\n\n\n\n<p>El bono previsional de $ 70.000 permanece congelado desde marzo de 2024.<strong>&nbsp;\u201cSi se hubiese actualizado con la f\u00f3rmula jubilatoria, deber\u00eda haber sido de $ 209.991 en junio de 2026. Esta decisi\u00f3n implic\u00f3 una p\u00e9rdida de $ 2.225.714 por jubilado entre abril de 2024 y junio de 2026\u201d,<\/strong>&nbsp;apunt\u00f3 en un estudio el&nbsp;<strong>Centro de Econom\u00eda Pol\u00edtica Argentina (CEPA).<\/strong>&nbsp;Adem\u00e1s, cabe recordar que en Argentina hay m\u00e1s de 6 millones de jubilados, y casi 5 millones son atendidos por el PAMI.<\/p>\n\n\n\n<p><strong>\u201cEsta evoluci\u00f3n de las jubilaciones es la consecuencia l\u00f3gica de un modelo centrado en el ajuste fiscal. Las jubilaciones, junto con la obra p\u00fablica y otros programas sociales, son el rubro con mayor ajuste presupuestario<\/strong>\u201d, agreg\u00f3 P\u00e9rez Barreda en di\u00e1logo con este medio.<\/p>\n\n\n\n<p>A su vez, con el cambio de gobierno se elimin\u00f3 el reintegro del IVA para jubilados que cobraban hasta tres haberes m\u00ednimos (86% del total). Esto afect\u00f3 a 5,2 millones de personas, seg\u00fan detall\u00f3 el CEPA.<\/p>\n\n\n\n<p>De acuerdo al r\u00e9gimen de movilidad jubilatoria aprobado por decreto por Javier Milei, las jubilaciones aumentar\u00e1n 2,1% en septiembre de 2026, en l\u00ednea con la inflaci\u00f3n de julio. De esta manera, la m\u00ednima ser\u00e1 de $ 428.590 que, sumado al bono extra, que desde marzo de 2024 se encuentra congelado en $ 70 mil,<strong>&nbsp;el haber que cobrar\u00eda un jubilado asciende a apenas unos $ 498.590.<\/strong><\/p>\n\n\n\n<figure class=\"wp-block-image size-full\"><img loading=\"lazy\" decoding=\"async\" width=\"1024\" height=\"576\" src=\"http:\/\/treslineasnoticias.com.ar\/wp-content\/uploads\/2026\/08\/Achilli-300826-1024x576-1.png\" alt=\"\" class=\"wp-image-29602\" srcset=\"https:\/\/treslineasnoticias.com.ar\/wp-content\/uploads\/2026\/08\/Achilli-300826-1024x576-1.png 1024w, https:\/\/treslineasnoticias.com.ar\/wp-content\/uploads\/2026\/08\/Achilli-300826-1024x576-1-300x169.png 300w, https:\/\/treslineasnoticias.com.ar\/wp-content\/uploads\/2026\/08\/Achilli-300826-1024x576-1-768x432.png 768w\" sizes=\"auto, (max-width: 1024px) 100vw, 1024px\" \/><\/figure>\n\n\n\n<p><strong>Endeudamiento.<\/strong>&nbsp;La p\u00e9rdida de poder adquisitivo de los jubilados los llev\u00f3 a endeudarse para financiar gastos corrientes. \u201cLa irregularidad de sus deudas alcanz\u00f3 el 11,4% en mayo de 2026 frente al 4,1% de mayo de 2025\u201d, se\u00f1al\u00f3 seg\u00fan un informe de la Gerencia de Estudios Econ\u00f3micos del Banco Provincia. Es decir, la cantidad de irregularidad en el pago de las deudas se triplic\u00f3.&nbsp;&nbsp;<\/p>\n\n\n\n<p>Por otra parte, el an\u00e1lisis de la entidad bancaria bonaerense remarc\u00f3 que desde el cuarto trimestre de 2022, adem\u00e1s, crece la cantidad de jubilados que recurren a ahorros (35%), pr\u00e9stamos en entidades financieras (14,4%), ayudas de familiares (14%), venta de pertenencias (10,4%) o donaciones de conocidos (9%) e instituciones (7,8%) para llegar a fin de mes. La p\u00e9rdida del poder adquisitivo, advierten, podr\u00eda ser mayor, ya que \u201cel \u00cdndice de Precios al Consumidor, utilizado para calcular esta variaci\u00f3n, no distingue el peso espec\u00edfico de algunos bienes y servicios particularmente relevantes para los adultos mayores \u2013como medicamentos, atenci\u00f3n de la salud, alimentos y servicios b\u00e1sicos en particular \u2013 cuyos precios registraron, en determinados periodos, aumentos superiores al promedio general\u201d.<\/p>\n\n\n\n<p><strong>La canasta del adulto mayor est\u00e1 por encima de los $ 1.800.000<\/strong><\/p>\n\n\n\n<p><strong>Nuevos viejos trabajadores.<\/strong>&nbsp;En el primer trimestre del a\u00f1o, el 12,6% de las personas de 66 a\u00f1os o m\u00e1s forman parte del \u201cdesempleo blue\u201d, r\u00e9cord desde 2017. Este indicador fue armado por el Instituto Argentina Grande (IAG), que suma el dato oficial del Indec y agrega, a partir de los microdatos de la EPH, la categor\u00eda de \u201cdesempleado ampliado\u201d a las personas mayores que cumplen estas tres condiciones en simult\u00e1neo: buscan trabajo, han trabajado ninguna o muy pocas horas la \u00faltima semana, las horas que trabajaron fueron en una actividad desprotegida.&nbsp;&nbsp;<\/p>\n\n\n\n<p>Si se hace se observa s\u00f3lo aquellos jubilados con trabajo desprotegido, representaron un 7,7% en el primer trimestre de 2026, cerca de 42.000 personas, cuando en el mismo per\u00edodo de 2025 signific\u00f3 un 3,8%, 19.700. Es decir, m\u00e1s de 22 mil personas mayores de 66 a\u00f1os se sumaron al mercado laboral informal con alguna \u201cchanga\u201d en el \u00faltimo a\u00f1o a la par que mantienen la b\u00fasqueda de empleo.<\/p>\n\n\n\n<p><strong>Canasta.&nbsp;<\/strong>Para dimensionar qu\u00e9 tan lejos est\u00e1n los ingresos en este segmento poblacional, la canasta b\u00e1sica de un jubilado alcanz\u00f3 un valor de $ 1.824.682 en marzo de este a\u00f1o y as\u00ed implic\u00f3 un aumento del 20,51%, o una diferencia de $ 310.607,87 con respecto a la medici\u00f3n anterior. Con el cobro de una jubilaci\u00f3n m\u00ednima m\u00e1s el bono de $70.000 alcanza a cubrir solo una cuarta parte de la canasta, seg\u00fan los \u00faltimos datos disponibles de la Defensor\u00eda de la Tercera Edad, que coordina el Dr. Eugenio Semino. Cabe recordar que este relevamiento se realiza cada seis meses.<\/p>\n\n\n\n<p>Del monto total, los gastos en los Medicamentos insumen $ 503.600, Alimentaci\u00f3n $ 410.640, Vivienda $ 360.150 y Servicios $ 151.350, destacando entre los consumos que m\u00e1s caros est\u00e1n.<\/p>\n\n\n<div class=\"wp-block-image\">\n<figure class=\"aligncenter size-full\"><img loading=\"lazy\" decoding=\"async\" width=\"225\" height=\"200\" src=\"http:\/\/treslineasnoticias.com.ar\/wp-content\/uploads\/2026\/08\/images-e1788129107247.png\" alt=\"\" class=\"wp-image-29601\"\/><\/figure>\n<\/div>\n\n\n<p><strong>El plan para usar el FGS en pr\u00e9stamos hipotecarios<br><\/strong>El ministro de Econom\u00eda, Luis Caputo, anunci\u00f3 un programa para estimular el cr\u00e9dito hipotecario utilizando el Fondo de Garant\u00eda de Sustentabilidad (FGS) de la Anses. Precis\u00f3 que ese dinero podr\u00e1 ser tomado por los bancos a trav\u00e9s de licitaciones y solo podr\u00e1 ser aplicado para pr\u00e9stamos para la adquisici\u00f3n de viviendas.<\/p>\n\n\n\n<p>Caputo explic\u00f3 que el bajo volumen de cr\u00e9ditos hipotecarios tiene como origen el fondeo de los bancos: \u201cReciben dep\u00f3sitos a corto plazo y tienen que prestar a largo plazo\u201d. Para atender esta coyuntura, hasta tanto crezca el ahorro de los argentinos en las instituciones locales, se ide\u00f3 un esquema que pretende movilizar fondos del FGS para incentivar la actividad en un sector clave de la econom\u00eda.<\/p>\n\n\n\n<p>La idea ya hab\u00eda sido anticipada por Caputo en su \u00faltima conferencia de prensa y tom\u00f3 forma en los \u00faltimos d\u00edas ante la necesidad de dar respuesta a la necesidad de apuntalar la d\u00e9bil reactivaci\u00f3n econ\u00f3mica.<\/p>\n\n\n\n<p>Por operaci\u00f3n propia, el FGS tiene la opci\u00f3n de colocar dinero a plazo fijo. Ahora la entidad subastar\u00e1 esos plazos fijos a los bancos a plazos de 1 y 5 a\u00f1os. El monto total disponible para este programa es de $2 billones, equivalente a unos US$ 1.500 millones.<\/p>\n\n\n\n<p>La tasa m\u00ednima que deber\u00e1n pagar los bancos ser\u00e1 de UVA + 2,5% para las colocaciones a un a\u00f1o y de UVA + 4,5% para cinco a\u00f1os.<br><\/p>\n","protected":false},"excerpt":{"rendered":"<p>Cada jubilado perdi\u00f3 m\u00e1s de $ 7 millones desde que asumi\u00f3 la presidencia Javier Milei. Un estudio privado precis\u00f3 que desde 2023 los haberes previsionales perdieron poder adquisitivo por un acumulado de $ 7,3 millones por el semicongelamiento del Gobierno de las jubilaciones. Esta situaci\u00f3n llev\u00f3 a muchos adultos mayores a endeudarse, donde uno de [&hellip;]<\/p>\n","protected":false},"author":3,"featured_media":29603,"comment_status":"open","ping_status":"open","sticky":false,"template":"","format":"standard","meta":{"_jetpack_memberships_contains_paid_content":false,"footnotes":""},"categories":[14,9],"tags":[],"class_list":["post-29600","post","type-post","status-publish","format-standard","has-post-thumbnail","hentry","category-interes-general","category-nacionales"],"yoast_head":"<!-- This site is optimized with the Yoast SEO plugin v27.5 - https:\/\/yoast.com\/product\/yoast-seo-wordpress\/ -->\n<title>Otro dato m\u00e1s en contra de los jubilados - Tres Lineas Noticias<\/title>\n<meta name=\"robots\" content=\"index, follow, max-snippet:-1, max-image-preview:large, max-video-preview:-1\" \/>\n<link rel=\"canonical\" href=\"https:\/\/treslineasnoticias.com.ar\/?p=29600\" \/>\n<meta property=\"og:locale\" content=\"es_ES\" \/>\n<meta property=\"og:type\" content=\"article\" \/>\n<meta property=\"og:title\" content=\"Otro dato m\u00e1s en contra de los jubilados - Tres Lineas Noticias\" \/>\n<meta property=\"og:description\" content=\"Cada jubilado perdi\u00f3 m\u00e1s de $ 7 millones desde que asumi\u00f3 la presidencia Javier Milei. Un estudio privado precis\u00f3 que desde 2023 los haberes previsionales perdieron poder adquisitivo por un acumulado de $ 7,3 millones por el semicongelamiento del Gobierno de las jubilaciones. Esta situaci\u00f3n llev\u00f3 a muchos adultos mayores a endeudarse, donde uno de [&hellip;]\" \/>\n<meta property=\"og:url\" content=\"https:\/\/treslineasnoticias.com.ar\/?p=29600\" \/>\n<meta property=\"og:site_name\" content=\"Tres Lineas Noticias\" \/>\n<meta property=\"article:published_time\" content=\"2026-08-31T10:19:00+00:00\" \/>\n<meta property=\"og:image\" content=\"https:\/\/treslineasnoticias.com.ar\/wp-content\/uploads\/2026\/08\/Fachada-Anses_1-scaled.jpg\" \/>\n\t<meta property=\"og:image:width\" content=\"2560\" \/>\n\t<meta property=\"og:image:height\" content=\"1707\" \/>\n\t<meta property=\"og:image:type\" content=\"image\/jpeg\" \/>\n<meta name=\"author\" content=\"Horacio L\u00f3pez\" \/>\n<meta name=\"twitter:card\" content=\"summary_large_image\" \/>\n<meta name=\"twitter:label1\" content=\"Escrito por\" \/>\n\t<meta name=\"twitter:data1\" content=\"Horacio L\u00f3pez\" \/>\n\t<meta name=\"twitter:label2\" content=\"Tiempo de lectura\" \/>\n\t<meta name=\"twitter:data2\" content=\"7 minutos\" \/>\n<script type=\"application\/ld+json\" class=\"yoast-schema-graph\">{\"@context\":\"https:\\\/\\\/schema.org\",\"@graph\":[{\"@type\":\"Article\",\"@id\":\"https:\\\/\\\/treslineasnoticias.com.ar\\\/?p=29600#article\",\"isPartOf\":{\"@id\":\"https:\\\/\\\/treslineasnoticias.com.ar\\\/?p=29600\"},\"author\":{\"name\":\"Horacio L\u00f3pez\",\"@id\":\"https:\\\/\\\/treslineasnoticias.com.ar\\\/#\\\/schema\\\/person\\\/c5f7249e50517b84c2379b145ca14895\"},\"headline\":\"Otro dato m\u00e1s en contra de los jubilados\",\"datePublished\":\"2026-08-31T10:19:00+00:00\",\"mainEntityOfPage\":{\"@id\":\"https:\\\/\\\/treslineasnoticias.com.ar\\\/?p=29600\"},\"wordCount\":1253,\"commentCount\":0,\"image\":{\"@id\":\"https:\\\/\\\/treslineasnoticias.com.ar\\\/?p=29600#primaryimage\"},\"thumbnailUrl\":\"https:\\\/\\\/treslineasnoticias.com.ar\\\/wp-content\\\/uploads\\\/2026\\\/08\\\/Fachada-Anses_1-scaled.jpg\",\"articleSection\":[\"Inter\u00e9s General\",\"Nacionales\"],\"inLanguage\":\"es\",\"potentialAction\":[{\"@type\":\"CommentAction\",\"name\":\"Comment\",\"target\":[\"https:\\\/\\\/treslineasnoticias.com.ar\\\/?p=29600#respond\"]}]},{\"@type\":\"WebPage\",\"@id\":\"https:\\\/\\\/treslineasnoticias.com.ar\\\/?p=29600\",\"url\":\"https:\\\/\\\/treslineasnoticias.com.ar\\\/?p=29600\",\"name\":\"Otro dato m\u00e1s en contra de los jubilados - Tres Lineas Noticias\",\"isPartOf\":{\"@id\":\"https:\\\/\\\/treslineasnoticias.com.ar\\\/#website\"},\"primaryImageOfPage\":{\"@id\":\"https:\\\/\\\/treslineasnoticias.com.ar\\\/?p=29600#primaryimage\"},\"image\":{\"@id\":\"https:\\\/\\\/treslineasnoticias.com.ar\\\/?p=29600#primaryimage\"},\"thumbnailUrl\":\"https:\\\/\\\/treslineasnoticias.com.ar\\\/wp-content\\\/uploads\\\/2026\\\/08\\\/Fachada-Anses_1-scaled.jpg\",\"datePublished\":\"2026-08-31T10:19:00+00:00\",\"author\":{\"@id\":\"https:\\\/\\\/treslineasnoticias.com.ar\\\/#\\\/schema\\\/person\\\/c5f7249e50517b84c2379b145ca14895\"},\"breadcrumb\":{\"@id\":\"https:\\\/\\\/treslineasnoticias.com.ar\\\/?p=29600#breadcrumb\"},\"inLanguage\":\"es\",\"potentialAction\":[{\"@type\":\"ReadAction\",\"target\":[\"https:\\\/\\\/treslineasnoticias.com.ar\\\/?p=29600\"]}]},{\"@type\":\"ImageObject\",\"inLanguage\":\"es\",\"@id\":\"https:\\\/\\\/treslineasnoticias.com.ar\\\/?p=29600#primaryimage\",\"url\":\"https:\\\/\\\/treslineasnoticias.com.ar\\\/wp-content\\\/uploads\\\/2026\\\/08\\\/Fachada-Anses_1-scaled.jpg\",\"contentUrl\":\"https:\\\/\\\/treslineasnoticias.com.ar\\\/wp-content\\\/uploads\\\/2026\\\/08\\\/Fachada-Anses_1-scaled.jpg\",\"width\":2560,\"height\":1707},{\"@type\":\"BreadcrumbList\",\"@id\":\"https:\\\/\\\/treslineasnoticias.com.ar\\\/?p=29600#breadcrumb\",\"itemListElement\":[{\"@type\":\"ListItem\",\"position\":1,\"name\":\"Portada\",\"item\":\"https:\\\/\\\/treslineasnoticias.com.ar\\\/\"},{\"@type\":\"ListItem\",\"position\":2,\"name\":\"Otro dato m\u00e1s en contra de los jubilados\"}]},{\"@type\":\"WebSite\",\"@id\":\"https:\\\/\\\/treslineasnoticias.com.ar\\\/#website\",\"url\":\"https:\\\/\\\/treslineasnoticias.com.ar\\\/\",\"name\":\"Tres Lineas Noticias\",\"description\":\"\",\"potentialAction\":[{\"@type\":\"SearchAction\",\"target\":{\"@type\":\"EntryPoint\",\"urlTemplate\":\"https:\\\/\\\/treslineasnoticias.com.ar\\\/?s={search_term_string}\"},\"query-input\":{\"@type\":\"PropertyValueSpecification\",\"valueRequired\":true,\"valueName\":\"search_term_string\"}}],\"inLanguage\":\"es\"},{\"@type\":\"Person\",\"@id\":\"https:\\\/\\\/treslineasnoticias.com.ar\\\/#\\\/schema\\\/person\\\/c5f7249e50517b84c2379b145ca14895\",\"name\":\"Horacio L\u00f3pez\",\"image\":{\"@type\":\"ImageObject\",\"inLanguage\":\"es\",\"@id\":\"https:\\\/\\\/treslineasnoticias.com.ar\\\/wp-content\\\/litespeed\\\/avatar\\\/f5a5e9d378b20cf999cb9a940a8324f3.jpg?ver=1788116984\",\"url\":\"https:\\\/\\\/treslineasnoticias.com.ar\\\/wp-content\\\/litespeed\\\/avatar\\\/f5a5e9d378b20cf999cb9a940a8324f3.jpg?ver=1788116984\",\"contentUrl\":\"https:\\\/\\\/treslineasnoticias.com.ar\\\/wp-content\\\/litespeed\\\/avatar\\\/f5a5e9d378b20cf999cb9a940a8324f3.jpg?ver=1788116984\",\"caption\":\"Horacio L\u00f3pez\"},\"sameAs\":[\"http:\\\/\\\/treslineasnoticias.com.ar\"],\"url\":\"https:\\\/\\\/treslineasnoticias.com.ar\\\/?author=3\"}]}<\/script>\n<!-- \/ Yoast SEO plugin. -->","yoast_head_json":{"title":"Otro dato m\u00e1s en contra de los jubilados - Tres Lineas Noticias","robots":{"index":"index","follow":"follow","max-snippet":"max-snippet:-1","max-image-preview":"max-image-preview:large","max-video-preview":"max-video-preview:-1"},"canonical":"https:\/\/treslineasnoticias.com.ar\/?p=29600","og_locale":"es_ES","og_type":"article","og_title":"Otro dato m\u00e1s en contra de los jubilados - Tres Lineas Noticias","og_description":"Cada jubilado perdi\u00f3 m\u00e1s de $ 7 millones desde que asumi\u00f3 la presidencia Javier Milei. Un estudio privado precis\u00f3 que desde 2023 los haberes previsionales perdieron poder adquisitivo por un acumulado de $ 7,3 millones por el semicongelamiento del Gobierno de las jubilaciones. Esta situaci\u00f3n llev\u00f3 a muchos adultos mayores a endeudarse, donde uno de [&hellip;]","og_url":"https:\/\/treslineasnoticias.com.ar\/?p=29600","og_site_name":"Tres Lineas Noticias","article_published_time":"2026-08-31T10:19:00+00:00","og_image":[{"width":2560,"height":1707,"url":"https:\/\/treslineasnoticias.com.ar\/wp-content\/uploads\/2026\/08\/Fachada-Anses_1-scaled.jpg","type":"image\/jpeg"}],"author":"Horacio L\u00f3pez","twitter_card":"summary_large_image","twitter_misc":{"Escrito por":"Horacio L\u00f3pez","Tiempo de lectura":"7 minutos"},"schema":{"@context":"https:\/\/schema.org","@graph":[{"@type":"Article","@id":"https:\/\/treslineasnoticias.com.ar\/?p=29600#article","isPartOf":{"@id":"https:\/\/treslineasnoticias.com.ar\/?p=29600"},"author":{"name":"Horacio L\u00f3pez","@id":"https:\/\/treslineasnoticias.com.ar\/#\/schema\/person\/c5f7249e50517b84c2379b145ca14895"},"headline":"Otro dato m\u00e1s en contra de los jubilados","datePublished":"2026-08-31T10:19:00+00:00","mainEntityOfPage":{"@id":"https:\/\/treslineasnoticias.com.ar\/?p=29600"},"wordCount":1253,"commentCount":0,"image":{"@id":"https:\/\/treslineasnoticias.com.ar\/?p=29600#primaryimage"},"thumbnailUrl":"https:\/\/treslineasnoticias.com.ar\/wp-content\/uploads\/2026\/08\/Fachada-Anses_1-scaled.jpg","articleSection":["Inter\u00e9s General","Nacionales"],"inLanguage":"es","potentialAction":[{"@type":"CommentAction","name":"Comment","target":["https:\/\/treslineasnoticias.com.ar\/?p=29600#respond"]}]},{"@type":"WebPage","@id":"https:\/\/treslineasnoticias.com.ar\/?p=29600","url":"https:\/\/treslineasnoticias.com.ar\/?p=29600","name":"Otro dato m\u00e1s en contra de los jubilados - Tres Lineas Noticias","isPartOf":{"@id":"https:\/\/treslineasnoticias.com.ar\/#website"},"primaryImageOfPage":{"@id":"https:\/\/treslineasnoticias.com.ar\/?p=29600#primaryimage"},"image":{"@id":"https:\/\/treslineasnoticias.com.ar\/?p=29600#primaryimage"},"thumbnailUrl":"https:\/\/treslineasnoticias.com.ar\/wp-content\/uploads\/2026\/08\/Fachada-Anses_1-scaled.jpg","datePublished":"2026-08-31T10:19:00+00:00","author":{"@id":"https:\/\/treslineasnoticias.com.ar\/#\/schema\/person\/c5f7249e50517b84c2379b145ca14895"},"breadcrumb":{"@id":"https:\/\/treslineasnoticias.com.ar\/?p=29600#breadcrumb"},"inLanguage":"es","potentialAction":[{"@type":"ReadAction","target":["https:\/\/treslineasnoticias.com.ar\/?p=29600"]}]},{"@type":"ImageObject","inLanguage":"es","@id":"https:\/\/treslineasnoticias.com.ar\/?p=29600#primaryimage","url":"https:\/\/treslineasnoticias.com.ar\/wp-content\/uploads\/2026\/08\/Fachada-Anses_1-scaled.jpg","contentUrl":"https:\/\/treslineasnoticias.com.ar\/wp-content\/uploads\/2026\/08\/Fachada-Anses_1-scaled.jpg","width":2560,"height":1707},{"@type":"BreadcrumbList","@id":"https:\/\/treslineasnoticias.com.ar\/?p=29600#breadcrumb","itemListElement":[{"@type":"ListItem","position":1,"name":"Portada","item":"https:\/\/treslineasnoticias.com.ar\/"},{"@type":"ListItem","position":2,"name":"Otro dato m\u00e1s en contra de los jubilados"}]},{"@type":"WebSite","@id":"https:\/\/treslineasnoticias.com.ar\/#website","url":"https:\/\/treslineasnoticias.com.ar\/","name":"Tres Lineas Noticias","description":"","potentialAction":[{"@type":"SearchAction","target":{"@type":"EntryPoint","urlTemplate":"https:\/\/treslineasnoticias.com.ar\/?s={search_term_string}"},"query-input":{"@type":"PropertyValueSpecification","valueRequired":true,"valueName":"search_term_string"}}],"inLanguage":"es"},{"@type":"Person","@id":"https:\/\/treslineasnoticias.com.ar\/#\/schema\/person\/c5f7249e50517b84c2379b145ca14895","name":"Horacio L\u00f3pez","image":{"@type":"ImageObject","inLanguage":"es","@id":"https:\/\/treslineasnoticias.com.ar\/wp-content\/litespeed\/avatar\/f5a5e9d378b20cf999cb9a940a8324f3.jpg?ver=1788116984","url":"https:\/\/treslineasnoticias.com.ar\/wp-content\/litespeed\/avatar\/f5a5e9d378b20cf999cb9a940a8324f3.jpg?ver=1788116984","contentUrl":"https:\/\/treslineasnoticias.com.ar\/wp-content\/litespeed\/avatar\/f5a5e9d378b20cf999cb9a940a8324f3.jpg?ver=1788116984","caption":"Horacio L\u00f3pez"},"sameAs":["http:\/\/treslineasnoticias.com.ar"],"url":"https:\/\/treslineasnoticias.com.ar\/?author=3"}]}},"jetpack_featured_media_url":"https:\/\/treslineasnoticias.com.ar\/wp-content\/uploads\/2026\/08\/Fachada-Anses_1-scaled.jpg","jetpack_sharing_enabled":true,"_links":{"self":[{"href":"https:\/\/treslineasnoticias.com.ar\/index.php?rest_route=\/wp\/v2\/posts\/29600","targetHints":{"allow":["GET"]}}],"collection":[{"href":"https:\/\/treslineasnoticias.com.ar\/index.php?rest_route=\/wp\/v2\/posts"}],"about":[{"href":"https:\/\/treslineasnoticias.com.ar\/index.php?rest_route=\/wp\/v2\/types\/post"}],"author":[{"embeddable":true,"href":"https:\/\/treslineasnoticias.com.ar\/index.php?rest_route=\/wp\/v2\/users\/3"}],"replies":[{"embeddable":true,"href":"https:\/\/treslineasnoticias.com.ar\/index.php?rest_route=%2Fwp%2Fv2%2Fcomments&post=29600"}],"version-history":[{"count":1,"href":"https:\/\/treslineasnoticias.com.ar\/index.php?rest_route=\/wp\/v2\/posts\/29600\/revisions"}],"predecessor-version":[{"id":29605,"href":"https:\/\/treslineasnoticias.com.ar\/index.php?rest_route=\/wp\/v2\/posts\/29600\/revisions\/29605"}],"wp:featuredmedia":[{"embeddable":true,"href":"https:\/\/treslineasnoticias.com.ar\/index.php?rest_route=\/wp\/v2\/media\/29603"}],"wp:attachment":[{"href":"https:\/\/treslineasnoticias.com.ar\/index.php?rest_route=%2Fwp%2Fv2%2Fmedia&parent=29600"}],"wp:term":[{"taxonomy":"category","embeddable":true,"href":"https:\/\/treslineasnoticias.com.ar\/index.php?rest_route=%2Fwp%2Fv2%2Fcategories&post=29600"},{"taxonomy":"post_tag","embeddable":true,"href":"https:\/\/treslineasnoticias.com.ar\/index.php?rest_route=%2Fwp%2Fv2%2Ftags&post=29600"}],"curies":[{"name":"wp","href":"https:\/\/api.w.org\/{rel}","templated":true}]}}