{"id":29606,"date":"2026-08-31T07:33:00","date_gmt":"2026-08-31T10:33:00","guid":{"rendered":"https:\/\/treslineasnoticias.com.ar\/?p=29606"},"modified":"2026-08-30T19:49:17","modified_gmt":"2026-08-30T22:49:17","slug":"fue-por-otro-3","status":"publish","type":"post","link":"https:\/\/treslineasnoticias.com.ar\/?p=29606","title":{"rendered":"\u00bfFue por otro 3%?"},"content":{"rendered":"\n<p><strong><em>Empresa que gan\u00f3 licitaci\u00f3n de Olivos fue denunciada por Pettovello y contratada por Karina Milei. Una compa\u00f1\u00eda se\u00f1alada en una investigaci\u00f3n de la <\/em><\/strong>Procuradur\u00eda de Investigaciones Administrativas <strong><em>por supuestas irregularidades en una licitaci\u00f3n \u2013<\/em><\/strong>que adem\u00e1s motiv\u00f3 una denuncia penal por parte del Ministerio de Capital Humano en abril de 2024<strong><em>\u2013 fue luego contratada por la Secretar\u00eda General de Presidencia para proveer 20 mil kilos de frutas y verduras para Olivos. La compra fue por $ 52 millones, se aprob\u00f3 en agosto, <\/em><\/strong>y es la segunda en cuatro meses y medio<strong><em>.<\/em><\/strong><\/p>\n\n\n\n<p>Una compa\u00f1\u00eda mencionada en una investigaci\u00f3n del Ministerio P\u00fablico Fiscal y en una denuncia del Ministerio de Capital Humano por participar en un proceso de licitaci\u00f3n en el que se habr\u00edan advertido m\u00faltiples irregularidades fue contratada nuevamente por el Estado, esta vez para proveer de frutas y verduras al Presidente. Se trata de Fransro SRL, que se qued\u00f3 con la adjudicaci\u00f3n del 76% de un pedido de $ 52 millones por 20 mil kilos para los pr\u00f3ximos seis meses.<\/p>\n\n\n\n<figure class=\"wp-block-image size-large\"><img loading=\"lazy\" decoding=\"async\" width=\"1024\" height=\"575\" src=\"http:\/\/treslineasnoticias.com.ar\/wp-content\/uploads\/2026\/08\/licitacion-olivos-28082026-2314707-1024x575.webp\" alt=\"\" class=\"wp-image-29610\" srcset=\"https:\/\/treslineasnoticias.com.ar\/wp-content\/uploads\/2026\/08\/licitacion-olivos-28082026-2314707-1024x575.webp 1024w, https:\/\/treslineasnoticias.com.ar\/wp-content\/uploads\/2026\/08\/licitacion-olivos-28082026-2314707-300x168.webp 300w, https:\/\/treslineasnoticias.com.ar\/wp-content\/uploads\/2026\/08\/licitacion-olivos-28082026-2314707-768x431.webp 768w, https:\/\/treslineasnoticias.com.ar\/wp-content\/uploads\/2026\/08\/licitacion-olivos-28082026-2314707.webp 1300w\" sizes=\"auto, (max-width: 1024px) 100vw, 1024px\" \/><figcaption class=\"wp-element-caption\"><strong>La Procuradur\u00eda de Investigaciones Administrativas se\u00f1ala la inconsistencia de la documentaci\u00f3n a nombre de Fransro SRL, que no hab\u00eda ganado esa licitaci\u00f3n. Captura de pantalla.<\/strong><br><\/figcaption><\/figure>\n\n\n\n<p>Seg\u00fan pudo reconstruir un portal de noticias, esta sociedad est\u00e1 se\u00f1alada en un trabajo de la Procuradur\u00eda de Investigaciones Administrativas (PIA) que deriv\u00f3 en una acusaci\u00f3n penal de la cartera de Sandra Pettovello contra los antiguos titulares de Desarrollo Social. Desde Capital Humano confirmaron a este medio que la presentaci\u00f3n se hizo el 29 de abril de 2024: el motivo fue la supuesta comisi\u00f3n de \u201cdelitos de abuso de autoridad e incumplimiento de los deberes de funcionario en la Licitaci\u00f3n P\u00fablica N\u00b0 95-0055-LPU22 del Ministerio de Desarrollo Social\u201d. La causa, agregaron, \u201ctramita bajo el expediente CFP 1590\/2024 e interviene la Fiscal\u00eda Nacional en lo Criminal y Correccional Federal N\u00b0 1, a cargo del fiscal Ramiro Gonz\u00e1lez\u201d.<\/p>\n\n\n\n<p>Los argumentos de la acusaci\u00f3n est\u00e1n en el informe de la Procuradur\u00eda \u201cque&nbsp;<strong>relev\u00f3 un direccionamiento arbitrario favoreciendo a la empresa Proveedur\u00eda Integral MC SRL&nbsp;<\/strong>con un contrato de $ 613 millones\u201d, agregaron<strong>. Entre las irregularidades que se enumeran se describe c\u00f3mo esta proveedur\u00eda present\u00f3 documentaci\u00f3n bajo el sello de Alimentos Fransro SRL<\/strong>&nbsp;en reiteradas oportunidades, sin que las autoridades les llamaran la atenci\u00f3n por eso, \u201cal mismo tiempo que incumpli\u00f3 los plazos en las distintas etapas del proceso licitatorio\u201d.<\/p>\n\n\n\n<p>La relaci\u00f3n entre ambas empresas consta tanto en el documento de la PIA como en los registros societarios:\u00a0<strong>Giuliano Carmelo Pellicori<\/strong>\u00a0(en 2019 con 26 a\u00f1os) figura en el Bolet\u00edn Oficial<strong>\u00a0como fundador de la Proveedur\u00eda Integral MC SRL<\/strong>\u00a0junto con Luisa Bianca Pellicori (de 23 a\u00f1os), ambos con el mismo domicilio en Burzaco;<strong>\u00a0pero tambi\u00e9n como vocal de la Uni\u00f3n de Industriales Fideeros de la Rep\u00fablica Argentina entre 2017 y 2019 en representaci\u00f3n de Fransro SRL<\/strong>, una empresa creada en 2006 por Roberto Alfredo Pellicori, tambi\u00e9n en Burzaco, y coincidentemente proveedora de alimentos al Estado. El mismo a\u00f1o de la creaci\u00f3n de la Proveedur\u00eda Integral (2019) la Administraci\u00f3n Nacional de Medicamentos, Alimentos y Tecnolog\u00eda M\u00e9dica (ANMAT) prohibi\u00f3 la venta de los fideos Sua Pasta, comercializados por Alimentos Fransro, \u201cdado que fueron encontrados gorgojos adultos vivos y fragmentos de insectos incluidos en la masa\u201d.\u00a0<strong>En 2023, y luego del descargo del apoderado de Alimentos Fransro, Giuliano Pellicori,<\/strong>\u00a0la ANMAT\u00a0<strong>le impuso una multa de $ 300 mil pesos a la empresa<\/strong>. Desde el esc\u00e1ndalo la Proveedur\u00eda Integral, del mismo Giuliano, empez\u00f3 a tener m\u00e1s protagonismo en las licitaciones de alimentos para el gobierno. Pero en 2024 fue denunciada, y Alimentos Fransro vuelve a aparecer en unas pocas licitaciones p\u00fablicas del Servicio Penitenciario Federal y el Ej\u00e9rcito.\u00a0<strong>En 2026, mediante licitaci\u00f3n privada, se le otorga gran parte de la ya mencionada compra de la Secretar\u00eda General de la Presidencia, a cargo de Karina Milei, de frutas y verduras para la residencia presidencial.<\/strong><\/p>\n\n\n\n<figure class=\"wp-block-image size-full\"><img loading=\"lazy\" decoding=\"async\" width=\"900\" height=\"505\" src=\"http:\/\/treslineasnoticias.com.ar\/wp-content\/uploads\/2026\/08\/licitacion-olivos-28082026-2314705.webp\" alt=\"\" class=\"wp-image-29609\" srcset=\"https:\/\/treslineasnoticias.com.ar\/wp-content\/uploads\/2026\/08\/licitacion-olivos-28082026-2314705.webp 900w, https:\/\/treslineasnoticias.com.ar\/wp-content\/uploads\/2026\/08\/licitacion-olivos-28082026-2314705-300x168.webp 300w, https:\/\/treslineasnoticias.com.ar\/wp-content\/uploads\/2026\/08\/licitacion-olivos-28082026-2314705-768x431.webp 768w\" sizes=\"auto, (max-width: 900px) 100vw, 900px\" \/><figcaption class=\"wp-element-caption\"><strong>Giuliano Pellicori, de Proveedur\u00eda Integral SRL, aparece como apoderado de Fransro SRL en una sanci\u00f3n que estableci\u00f3 la ANMAT.<\/strong><\/figcaption><\/figure>\n\n\n\n<p><strong>La resoluci\u00f3n del Ministerio P\u00fablico Fiscal,<\/strong>&nbsp;en base al trabajo de la PIA, fue presentada ante la ministra Sandra Pettovello \u201ca fin de&nbsp;<strong>solicitarle ordene la formaci\u00f3n del pertinente sumario administrativo<\/strong>\u201d con el objetivo de \u201cesclarecer los hechos y eventuales responsabilidades\u201d, puede leerse en la presentaci\u00f3n. Describen que el examen de la situaci\u00f3n comenz\u00f3 tras la publicaci\u00f3n de una nota period\u00edstica que citan y que acusa al antiguo Ministerio de Desarrollo Social y a su titular, Victoria Tolosa Paz, por la compra en 2022 de&nbsp;<strong>540 mil botellas de aceite de girasol con un 61% de supuesto sobreprecio<\/strong>, y que estaban destinadas a personas en situaci\u00f3n de vulnerabilidad.<\/p>\n\n\n\n<p>El trabajo concluye que, de acuerdo con la evidencia recolectada, se presume una \u201cvulneraci\u00f3n del principio de igualdad\u201d durante el procedimiento. \u201cPor ejemplo, se le permiti\u00f3 a la firma concedida subsanar omisiones una vez vencido el plazo correspondiente, tanto durante la etapa de selecci\u00f3n, as\u00ed como durante la ejecuci\u00f3n, sin que obraran objeciones por los funcionarios intervinientes\u201d. Por otro lado, advirtieron sobre la diferencia entre quienes ganaron la licitaci\u00f3n y parte de la documentaci\u00f3n presentada: \u201c<strong>deber\u00edan dilucidarse los motivos que llevaron a los funcionarios a referirse en reiteradas ocasiones durante la tramitaci\u00f3n de la contrataci\u00f3n al oferente Proveedur\u00eda Integral MC SRL como Alimentos Fransro SRL y a la ausencia de observaciones<\/strong>\u201d.<\/p>\n\n\n\n<p>Algunos medios, como Clar\u00edn e Infobae, pudieron acceder a la denuncia del Ministerio de Capital Humano que se apoya en este registro. Por esos d\u00edas titularon que la acusaci\u00f3n apuntaba a la anterior gesti\u00f3n por contratar a una empresa que ten\u00eda \u201cproblemas de papeles\u201d gracias a contar con \u201c<strong>v\u00ednculos con el poder pol\u00edtico de turno<\/strong>\u201d.<\/p>\n\n\n\n<figure class=\"wp-block-image size-full\"><img loading=\"lazy\" decoding=\"async\" width=\"900\" height=\"505\" src=\"http:\/\/treslineasnoticias.com.ar\/wp-content\/uploads\/2026\/08\/licitacion-olivos-28082026-2314706.webp\" alt=\"\" class=\"wp-image-29608\" srcset=\"https:\/\/treslineasnoticias.com.ar\/wp-content\/uploads\/2026\/08\/licitacion-olivos-28082026-2314706.webp 900w, https:\/\/treslineasnoticias.com.ar\/wp-content\/uploads\/2026\/08\/licitacion-olivos-28082026-2314706-300x168.webp 300w, https:\/\/treslineasnoticias.com.ar\/wp-content\/uploads\/2026\/08\/licitacion-olivos-28082026-2314706-768x431.webp 768w\" sizes=\"auto, (max-width: 900px) 100vw, 900px\" \/><figcaption class=\"wp-element-caption\">La licitaci\u00f3n para la compra de frutas y verduras para Olivos se public\u00f3 a mediados de agosto. Foto: captura de pantalla del sitio oficial.<\/figcaption><\/figure>\n\n\n\n<p>Desde la cartera de Pettovello explicaron a este medio que \u201cla causa contin\u00faa en tr\u00e1mite, aunque hasta el momento no se registraron avances sustanciales en la investigaci\u00f3n\u201d, y que esos son todos los detalles que pueden ofrecer por el momento.<strong>Un portal de noticias contact\u00f3 a la empresa a trav\u00e9s de su correo electr\u00f3nico oficial, pero a\u00fan no obtuvo respuesta.<\/strong><\/p>\n\n\n\n<p><strong>Las compras para Olivos<\/strong><br>Un portal de noticias ya hab\u00eda documentado hace dos meses la sumatoria de diferentes licitaciones en alimentos con destino a la Casa Rosada y a Olivos. En ese momento la \u00faltima adquisici\u00f3n de frutas y verduras exclusivamente para la residencia presidencial era por 20.800 kilos. La actual, adjudicada antes de que se venciera el plazo de provisi\u00f3n de la anterior (seis meses) es por una cantidad similar: este medio accedi\u00f3 al listado completo, con un total de 19.455 kilos de frutas y verduras a los que se le suman 400 bandejas de hongos (champignon y portobello) solamente para Olivos. El monto total de la compra es de $ 52 millones y los detalles aparecen en el sitio Compr.AR.<\/p>\n\n\n\n<figure class=\"wp-block-image size-large\"><img loading=\"lazy\" decoding=\"async\" width=\"1024\" height=\"575\" src=\"http:\/\/treslineasnoticias.com.ar\/wp-content\/uploads\/2026\/08\/licitacion-olivos-28082026-2314704-1024x575.webp\" alt=\"\" class=\"wp-image-29607\" srcset=\"https:\/\/treslineasnoticias.com.ar\/wp-content\/uploads\/2026\/08\/licitacion-olivos-28082026-2314704-1024x575.webp 1024w, https:\/\/treslineasnoticias.com.ar\/wp-content\/uploads\/2026\/08\/licitacion-olivos-28082026-2314704-300x168.webp 300w, https:\/\/treslineasnoticias.com.ar\/wp-content\/uploads\/2026\/08\/licitacion-olivos-28082026-2314704-768x431.webp 768w, https:\/\/treslineasnoticias.com.ar\/wp-content\/uploads\/2026\/08\/licitacion-olivos-28082026-2314704.webp 1300w\" sizes=\"auto, (max-width: 1024px) 100vw, 1024px\" \/><figcaption class=\"wp-element-caption\">Algunos detalles del \u00faltimo pedido de frutas y verduras. Captura de pantalla.<\/figcaption><\/figure>\n\n\n\n<p><em>Entre otras cosas el extenso listado incluye 800 kilos de acelga, 1.500 kilos de banana (tipo premium o de Ecuador), 800 kilos de batata (variedad pata de rana \u201clisas, bien formadas, libres de brotes, da\u00f1os y roturas\u201d), 600 kilos de lechuga (tres variedades con un gran listado de especificaciones), 2.000 kilos de manzana roja (de 7,4 cent\u00edmetros de di\u00e1metro, entre otras cosas), 1.000 kilos de naranja especial, 3.000 kilos de papa (lavada, de tama\u00f1o uniforme, piel clara y lisa, sin hongos, sin color verdoso, brotes ni da\u00f1os visibles o signos de pudrici\u00f3n), 1.200 kilos de tomate redondo (de buen color, maduros pero no blandos, limpios, bien desarrollados, bastante bien formados, suaves, libres de cortes, decoloraciones internas o cualquier otro da\u00f1o) y 1.000 kilos de zanahoria (firmes, frescas, limpias, de buen color, libres de da\u00f1os).<\/em><\/p>\n\n\n\n<p>Como se dijo en la nota anterior,<strong>&nbsp;se trata de una compra con modalidad abierta<\/strong>: \u201cpor el t\u00e9rmino de seis meses y \/o hasta agotar las cantidades m\u00e1ximas establecidas, lo que ocurra primero\u201d. Esta vez \u2013y a juzgar por los plazos\u2013 el consumo de los 20 mil kilos ocurri\u00f3 primero.<\/p>\n","protected":false},"excerpt":{"rendered":"<p>Empresa que gan\u00f3 licitaci\u00f3n de Olivos fue denunciada por Pettovello y contratada por Karina Milei. Una compa\u00f1\u00eda se\u00f1alada en una investigaci\u00f3n de la Procuradur\u00eda de Investigaciones Administrativas por supuestas irregularidades en una licitaci\u00f3n \u2013que adem\u00e1s motiv\u00f3 una denuncia penal por parte del Ministerio de Capital Humano en abril de 2024\u2013 fue luego contratada por la [&hellip;]<\/p>\n","protected":false},"author":3,"featured_media":29611,"comment_status":"open","ping_status":"open","sticky":false,"template":"","format":"standard","meta":{"_jetpack_memberships_contains_paid_content":false,"footnotes":""},"categories":[14,9],"tags":[],"class_list":["post-29606","post","type-post","status-publish","format-standard","has-post-thumbnail","hentry","category-interes-general","category-nacionales"],"yoast_head":"<!-- This site is optimized with the Yoast SEO plugin v27.5 - https:\/\/yoast.com\/product\/yoast-seo-wordpress\/ -->\n<title>\u00bfFue por otro 3%? - Tres Lineas Noticias<\/title>\n<meta name=\"robots\" content=\"index, follow, max-snippet:-1, max-image-preview:large, max-video-preview:-1\" \/>\n<link rel=\"canonical\" href=\"https:\/\/treslineasnoticias.com.ar\/?p=29606\" \/>\n<meta property=\"og:locale\" content=\"es_ES\" \/>\n<meta property=\"og:type\" content=\"article\" \/>\n<meta property=\"og:title\" content=\"\u00bfFue por otro 3%? - Tres Lineas Noticias\" \/>\n<meta property=\"og:description\" content=\"Empresa que gan\u00f3 licitaci\u00f3n de Olivos fue denunciada por Pettovello y contratada por Karina Milei. Una compa\u00f1\u00eda se\u00f1alada en una investigaci\u00f3n de la Procuradur\u00eda de Investigaciones Administrativas por supuestas irregularidades en una licitaci\u00f3n \u2013que adem\u00e1s motiv\u00f3 una denuncia penal por parte del Ministerio de Capital Humano en abril de 2024\u2013 fue luego contratada por la [&hellip;]\" \/>\n<meta property=\"og:url\" content=\"https:\/\/treslineasnoticias.com.ar\/?p=29606\" \/>\n<meta property=\"og:site_name\" content=\"Tres Lineas Noticias\" \/>\n<meta property=\"article:published_time\" content=\"2026-08-31T10:33:00+00:00\" \/>\n<meta property=\"og:image\" content=\"https:\/\/treslineasnoticias.com.ar\/wp-content\/uploads\/2026\/08\/empresa-que-gano-licitacion-de-olivos-fue-denunciada-por-pettovello-y-contratada-por-karina-milei-2315171.webp\" \/>\n\t<meta property=\"og:image:width\" content=\"987\" \/>\n\t<meta property=\"og:image:height\" content=\"555\" \/>\n\t<meta property=\"og:image:type\" content=\"image\/webp\" \/>\n<meta name=\"author\" content=\"Horacio L\u00f3pez\" \/>\n<meta name=\"twitter:card\" content=\"summary_large_image\" \/>\n<meta name=\"twitter:label1\" content=\"Escrito por\" \/>\n\t<meta name=\"twitter:data1\" content=\"Horacio L\u00f3pez\" \/>\n\t<meta name=\"twitter:label2\" content=\"Tiempo de lectura\" \/>\n\t<meta name=\"twitter:data2\" content=\"8 minutos\" \/>\n<script type=\"application\/ld+json\" class=\"yoast-schema-graph\">{\"@context\":\"https:\\\/\\\/schema.org\",\"@graph\":[{\"@type\":\"Article\",\"@id\":\"https:\\\/\\\/treslineasnoticias.com.ar\\\/?p=29606#article\",\"isPartOf\":{\"@id\":\"https:\\\/\\\/treslineasnoticias.com.ar\\\/?p=29606\"},\"author\":{\"name\":\"Horacio L\u00f3pez\",\"@id\":\"https:\\\/\\\/treslineasnoticias.com.ar\\\/#\\\/schema\\\/person\\\/c5f7249e50517b84c2379b145ca14895\"},\"headline\":\"\u00bfFue por otro 3%?\",\"datePublished\":\"2026-08-31T10:33:00+00:00\",\"mainEntityOfPage\":{\"@id\":\"https:\\\/\\\/treslineasnoticias.com.ar\\\/?p=29606\"},\"wordCount\":1411,\"commentCount\":0,\"image\":{\"@id\":\"https:\\\/\\\/treslineasnoticias.com.ar\\\/?p=29606#primaryimage\"},\"thumbnailUrl\":\"https:\\\/\\\/treslineasnoticias.com.ar\\\/wp-content\\\/uploads\\\/2026\\\/08\\\/empresa-que-gano-licitacion-de-olivos-fue-denunciada-por-pettovello-y-contratada-por-karina-milei-2315171.webp\",\"articleSection\":[\"Inter\u00e9s General\",\"Nacionales\"],\"inLanguage\":\"es\",\"potentialAction\":[{\"@type\":\"CommentAction\",\"name\":\"Comment\",\"target\":[\"https:\\\/\\\/treslineasnoticias.com.ar\\\/?p=29606#respond\"]}]},{\"@type\":\"WebPage\",\"@id\":\"https:\\\/\\\/treslineasnoticias.com.ar\\\/?p=29606\",\"url\":\"https:\\\/\\\/treslineasnoticias.com.ar\\\/?p=29606\",\"name\":\"\u00bfFue por otro 3%? - Tres Lineas Noticias\",\"isPartOf\":{\"@id\":\"https:\\\/\\\/treslineasnoticias.com.ar\\\/#website\"},\"primaryImageOfPage\":{\"@id\":\"https:\\\/\\\/treslineasnoticias.com.ar\\\/?p=29606#primaryimage\"},\"image\":{\"@id\":\"https:\\\/\\\/treslineasnoticias.com.ar\\\/?p=29606#primaryimage\"},\"thumbnailUrl\":\"https:\\\/\\\/treslineasnoticias.com.ar\\\/wp-content\\\/uploads\\\/2026\\\/08\\\/empresa-que-gano-licitacion-de-olivos-fue-denunciada-por-pettovello-y-contratada-por-karina-milei-2315171.webp\",\"datePublished\":\"2026-08-31T10:33:00+00:00\",\"author\":{\"@id\":\"https:\\\/\\\/treslineasnoticias.com.ar\\\/#\\\/schema\\\/person\\\/c5f7249e50517b84c2379b145ca14895\"},\"breadcrumb\":{\"@id\":\"https:\\\/\\\/treslineasnoticias.com.ar\\\/?p=29606#breadcrumb\"},\"inLanguage\":\"es\",\"potentialAction\":[{\"@type\":\"ReadAction\",\"target\":[\"https:\\\/\\\/treslineasnoticias.com.ar\\\/?p=29606\"]}]},{\"@type\":\"ImageObject\",\"inLanguage\":\"es\",\"@id\":\"https:\\\/\\\/treslineasnoticias.com.ar\\\/?p=29606#primaryimage\",\"url\":\"https:\\\/\\\/treslineasnoticias.com.ar\\\/wp-content\\\/uploads\\\/2026\\\/08\\\/empresa-que-gano-licitacion-de-olivos-fue-denunciada-por-pettovello-y-contratada-por-karina-milei-2315171.webp\",\"contentUrl\":\"https:\\\/\\\/treslineasnoticias.com.ar\\\/wp-content\\\/uploads\\\/2026\\\/08\\\/empresa-que-gano-licitacion-de-olivos-fue-denunciada-por-pettovello-y-contratada-por-karina-milei-2315171.webp\",\"width\":987,\"height\":555},{\"@type\":\"BreadcrumbList\",\"@id\":\"https:\\\/\\\/treslineasnoticias.com.ar\\\/?p=29606#breadcrumb\",\"itemListElement\":[{\"@type\":\"ListItem\",\"position\":1,\"name\":\"Portada\",\"item\":\"https:\\\/\\\/treslineasnoticias.com.ar\\\/\"},{\"@type\":\"ListItem\",\"position\":2,\"name\":\"\u00bfFue por otro 3%?\"}]},{\"@type\":\"WebSite\",\"@id\":\"https:\\\/\\\/treslineasnoticias.com.ar\\\/#website\",\"url\":\"https:\\\/\\\/treslineasnoticias.com.ar\\\/\",\"name\":\"Tres Lineas Noticias\",\"description\":\"\",\"potentialAction\":[{\"@type\":\"SearchAction\",\"target\":{\"@type\":\"EntryPoint\",\"urlTemplate\":\"https:\\\/\\\/treslineasnoticias.com.ar\\\/?s={search_term_string}\"},\"query-input\":{\"@type\":\"PropertyValueSpecification\",\"valueRequired\":true,\"valueName\":\"search_term_string\"}}],\"inLanguage\":\"es\"},{\"@type\":\"Person\",\"@id\":\"https:\\\/\\\/treslineasnoticias.com.ar\\\/#\\\/schema\\\/person\\\/c5f7249e50517b84c2379b145ca14895\",\"name\":\"Horacio L\u00f3pez\",\"image\":{\"@type\":\"ImageObject\",\"inLanguage\":\"es\",\"@id\":\"https:\\\/\\\/treslineasnoticias.com.ar\\\/wp-content\\\/litespeed\\\/avatar\\\/f5a5e9d378b20cf999cb9a940a8324f3.jpg?ver=1788116984\",\"url\":\"https:\\\/\\\/treslineasnoticias.com.ar\\\/wp-content\\\/litespeed\\\/avatar\\\/f5a5e9d378b20cf999cb9a940a8324f3.jpg?ver=1788116984\",\"contentUrl\":\"https:\\\/\\\/treslineasnoticias.com.ar\\\/wp-content\\\/litespeed\\\/avatar\\\/f5a5e9d378b20cf999cb9a940a8324f3.jpg?ver=1788116984\",\"caption\":\"Horacio L\u00f3pez\"},\"sameAs\":[\"http:\\\/\\\/treslineasnoticias.com.ar\"],\"url\":\"https:\\\/\\\/treslineasnoticias.com.ar\\\/?author=3\"}]}<\/script>\n<!-- \/ Yoast SEO plugin. -->","yoast_head_json":{"title":"\u00bfFue por otro 3%? - Tres Lineas Noticias","robots":{"index":"index","follow":"follow","max-snippet":"max-snippet:-1","max-image-preview":"max-image-preview:large","max-video-preview":"max-video-preview:-1"},"canonical":"https:\/\/treslineasnoticias.com.ar\/?p=29606","og_locale":"es_ES","og_type":"article","og_title":"\u00bfFue por otro 3%? - Tres Lineas Noticias","og_description":"Empresa que gan\u00f3 licitaci\u00f3n de Olivos fue denunciada por Pettovello y contratada por Karina Milei. Una compa\u00f1\u00eda se\u00f1alada en una investigaci\u00f3n de la Procuradur\u00eda de Investigaciones Administrativas por supuestas irregularidades en una licitaci\u00f3n \u2013que adem\u00e1s motiv\u00f3 una denuncia penal por parte del Ministerio de Capital Humano en abril de 2024\u2013 fue luego contratada por la [&hellip;]","og_url":"https:\/\/treslineasnoticias.com.ar\/?p=29606","og_site_name":"Tres Lineas Noticias","article_published_time":"2026-08-31T10:33:00+00:00","og_image":[{"width":987,"height":555,"url":"https:\/\/treslineasnoticias.com.ar\/wp-content\/uploads\/2026\/08\/empresa-que-gano-licitacion-de-olivos-fue-denunciada-por-pettovello-y-contratada-por-karina-milei-2315171.webp","type":"image\/webp"}],"author":"Horacio L\u00f3pez","twitter_card":"summary_large_image","twitter_misc":{"Escrito por":"Horacio L\u00f3pez","Tiempo de lectura":"8 minutos"},"schema":{"@context":"https:\/\/schema.org","@graph":[{"@type":"Article","@id":"https:\/\/treslineasnoticias.com.ar\/?p=29606#article","isPartOf":{"@id":"https:\/\/treslineasnoticias.com.ar\/?p=29606"},"author":{"name":"Horacio L\u00f3pez","@id":"https:\/\/treslineasnoticias.com.ar\/#\/schema\/person\/c5f7249e50517b84c2379b145ca14895"},"headline":"\u00bfFue por otro 3%?","datePublished":"2026-08-31T10:33:00+00:00","mainEntityOfPage":{"@id":"https:\/\/treslineasnoticias.com.ar\/?p=29606"},"wordCount":1411,"commentCount":0,"image":{"@id":"https:\/\/treslineasnoticias.com.ar\/?p=29606#primaryimage"},"thumbnailUrl":"https:\/\/treslineasnoticias.com.ar\/wp-content\/uploads\/2026\/08\/empresa-que-gano-licitacion-de-olivos-fue-denunciada-por-pettovello-y-contratada-por-karina-milei-2315171.webp","articleSection":["Inter\u00e9s General","Nacionales"],"inLanguage":"es","potentialAction":[{"@type":"CommentAction","name":"Comment","target":["https:\/\/treslineasnoticias.com.ar\/?p=29606#respond"]}]},{"@type":"WebPage","@id":"https:\/\/treslineasnoticias.com.ar\/?p=29606","url":"https:\/\/treslineasnoticias.com.ar\/?p=29606","name":"\u00bfFue por otro 3%? - Tres Lineas Noticias","isPartOf":{"@id":"https:\/\/treslineasnoticias.com.ar\/#website"},"primaryImageOfPage":{"@id":"https:\/\/treslineasnoticias.com.ar\/?p=29606#primaryimage"},"image":{"@id":"https:\/\/treslineasnoticias.com.ar\/?p=29606#primaryimage"},"thumbnailUrl":"https:\/\/treslineasnoticias.com.ar\/wp-content\/uploads\/2026\/08\/empresa-que-gano-licitacion-de-olivos-fue-denunciada-por-pettovello-y-contratada-por-karina-milei-2315171.webp","datePublished":"2026-08-31T10:33:00+00:00","author":{"@id":"https:\/\/treslineasnoticias.com.ar\/#\/schema\/person\/c5f7249e50517b84c2379b145ca14895"},"breadcrumb":{"@id":"https:\/\/treslineasnoticias.com.ar\/?p=29606#breadcrumb"},"inLanguage":"es","potentialAction":[{"@type":"ReadAction","target":["https:\/\/treslineasnoticias.com.ar\/?p=29606"]}]},{"@type":"ImageObject","inLanguage":"es","@id":"https:\/\/treslineasnoticias.com.ar\/?p=29606#primaryimage","url":"https:\/\/treslineasnoticias.com.ar\/wp-content\/uploads\/2026\/08\/empresa-que-gano-licitacion-de-olivos-fue-denunciada-por-pettovello-y-contratada-por-karina-milei-2315171.webp","contentUrl":"https:\/\/treslineasnoticias.com.ar\/wp-content\/uploads\/2026\/08\/empresa-que-gano-licitacion-de-olivos-fue-denunciada-por-pettovello-y-contratada-por-karina-milei-2315171.webp","width":987,"height":555},{"@type":"BreadcrumbList","@id":"https:\/\/treslineasnoticias.com.ar\/?p=29606#breadcrumb","itemListElement":[{"@type":"ListItem","position":1,"name":"Portada","item":"https:\/\/treslineasnoticias.com.ar\/"},{"@type":"ListItem","position":2,"name":"\u00bfFue por otro 3%?"}]},{"@type":"WebSite","@id":"https:\/\/treslineasnoticias.com.ar\/#website","url":"https:\/\/treslineasnoticias.com.ar\/","name":"Tres Lineas Noticias","description":"","potentialAction":[{"@type":"SearchAction","target":{"@type":"EntryPoint","urlTemplate":"https:\/\/treslineasnoticias.com.ar\/?s={search_term_string}"},"query-input":{"@type":"PropertyValueSpecification","valueRequired":true,"valueName":"search_term_string"}}],"inLanguage":"es"},{"@type":"Person","@id":"https:\/\/treslineasnoticias.com.ar\/#\/schema\/person\/c5f7249e50517b84c2379b145ca14895","name":"Horacio L\u00f3pez","image":{"@type":"ImageObject","inLanguage":"es","@id":"https:\/\/treslineasnoticias.com.ar\/wp-content\/litespeed\/avatar\/f5a5e9d378b20cf999cb9a940a8324f3.jpg?ver=1788116984","url":"https:\/\/treslineasnoticias.com.ar\/wp-content\/litespeed\/avatar\/f5a5e9d378b20cf999cb9a940a8324f3.jpg?ver=1788116984","contentUrl":"https:\/\/treslineasnoticias.com.ar\/wp-content\/litespeed\/avatar\/f5a5e9d378b20cf999cb9a940a8324f3.jpg?ver=1788116984","caption":"Horacio L\u00f3pez"},"sameAs":["http:\/\/treslineasnoticias.com.ar"],"url":"https:\/\/treslineasnoticias.com.ar\/?author=3"}]}},"jetpack_featured_media_url":"https:\/\/treslineasnoticias.com.ar\/wp-content\/uploads\/2026\/08\/empresa-que-gano-licitacion-de-olivos-fue-denunciada-por-pettovello-y-contratada-por-karina-milei-2315171.webp","jetpack_sharing_enabled":true,"_links":{"self":[{"href":"https:\/\/treslineasnoticias.com.ar\/index.php?rest_route=\/wp\/v2\/posts\/29606","targetHints":{"allow":["GET"]}}],"collection":[{"href":"https:\/\/treslineasnoticias.com.ar\/index.php?rest_route=\/wp\/v2\/posts"}],"about":[{"href":"https:\/\/treslineasnoticias.com.ar\/index.php?rest_route=\/wp\/v2\/types\/post"}],"author":[{"embeddable":true,"href":"https:\/\/treslineasnoticias.com.ar\/index.php?rest_route=\/wp\/v2\/users\/3"}],"replies":[{"embeddable":true,"href":"https:\/\/treslineasnoticias.com.ar\/index.php?rest_route=%2Fwp%2Fv2%2Fcomments&post=29606"}],"version-history":[{"count":1,"href":"https:\/\/treslineasnoticias.com.ar\/index.php?rest_route=\/wp\/v2\/posts\/29606\/revisions"}],"predecessor-version":[{"id":29612,"href":"https:\/\/treslineasnoticias.com.ar\/index.php?rest_route=\/wp\/v2\/posts\/29606\/revisions\/29612"}],"wp:featuredmedia":[{"embeddable":true,"href":"https:\/\/treslineasnoticias.com.ar\/index.php?rest_route=\/wp\/v2\/media\/29611"}],"wp:attachment":[{"href":"https:\/\/treslineasnoticias.com.ar\/index.php?rest_route=%2Fwp%2Fv2%2Fmedia&parent=29606"}],"wp:term":[{"taxonomy":"category","embeddable":true,"href":"https:\/\/treslineasnoticias.com.ar\/index.php?rest_route=%2Fwp%2Fv2%2Fcategories&post=29606"},{"taxonomy":"post_tag","embeddable":true,"href":"https:\/\/treslineasnoticias.com.ar\/index.php?rest_route=%2Fwp%2Fv2%2Ftags&post=29606"}],"curies":[{"name":"wp","href":"https:\/\/api.w.org\/{rel}","templated":true}]}}