{"id":29613,"date":"2026-08-31T07:50:00","date_gmt":"2026-08-31T10:50:00","guid":{"rendered":"https:\/\/treslineasnoticias.com.ar\/?p=29613"},"modified":"2026-08-30T19:57:11","modified_gmt":"2026-08-30T22:57:11","slug":"axel-kicillof-lanza-el-movimiento-derecho-al-futuro-a-nivel-nacional-con-un-plenario-en-avellaneda","status":"publish","type":"post","link":"https:\/\/treslineasnoticias.com.ar\/?p=29613","title":{"rendered":"Axel Kicillof lanza el Movimiento Derecho al Futuro a nivel nacional con un plenario en Avellaneda"},"content":{"rendered":"\n<p><strong><em>El gobernador bonaerense encabezar\u00e1 el 19 de septiembre el encuentro nacional del MDF, con mesas de debate y cierre a su cargo, para ampliar la presencia del espacio fuera de la provincia.<\/em><\/strong><\/p>\n\n\n\n<p id=\"p-1788029373754-46032\"><strong>El gobernador de Buenos Aires, Axel Kicillof, liderar\u00e1 el 19 de septiembre el Plenario Federal del Movimiento Derecho al Futuro (MDF), una jornada que impulsa la expansi\u00f3n nacional del espacio y la discusi\u00f3n de lineamientos pol\u00edticos.\u00a0<\/strong>La convocatoria reunir\u00e1 a referentes de distintas provincias en la sede de la UTN de Villa Dom\u00ednico, Avellaneda, desde las 11, con mesas de trabajo y un discurso final del mandatario.<\/p>\n\n\n\n<p id=\"p-1788029373754-72824\"><strong>Bajo el lema \u00abA organizar la esperanza\u00bb,\u00a0<\/strong>el encuentro representa un escal\u00f3n clave en la proyecci\u00f3n extraprovincial del MDF, que busca consolidarse como alternativa pol\u00edtica en todo el pa\u00eds. La fecha se confirm\u00f3 tras el cierre del Encuentro Federal por el Derecho al Futuro, organizado por el CEDAF en la UBA, donde especialistas y dirigentes debatieron sobre soberan\u00eda, producci\u00f3n, justicia social y transparencia.<\/p>\n\n\n\n<figure class=\"wp-block-image size-large\"><img loading=\"lazy\" decoding=\"async\" width=\"1024\" height=\"576\" src=\"http:\/\/treslineasnoticias.com.ar\/wp-content\/uploads\/2026\/08\/IMG-966acec6-2674-4c6c-ac48-5d82791446fb-1024x576.jpg\" alt=\"\" class=\"wp-image-29615\" srcset=\"https:\/\/treslineasnoticias.com.ar\/wp-content\/uploads\/2026\/08\/IMG-966acec6-2674-4c6c-ac48-5d82791446fb-1024x576.jpg 1024w, https:\/\/treslineasnoticias.com.ar\/wp-content\/uploads\/2026\/08\/IMG-966acec6-2674-4c6c-ac48-5d82791446fb-300x169.jpg 300w, https:\/\/treslineasnoticias.com.ar\/wp-content\/uploads\/2026\/08\/IMG-966acec6-2674-4c6c-ac48-5d82791446fb-768x432.jpg 768w, https:\/\/treslineasnoticias.com.ar\/wp-content\/uploads\/2026\/08\/IMG-966acec6-2674-4c6c-ac48-5d82791446fb-1536x864.jpg 1536w, https:\/\/treslineasnoticias.com.ar\/wp-content\/uploads\/2026\/08\/IMG-966acec6-2674-4c6c-ac48-5d82791446fb.jpg 1920w\" sizes=\"auto, (max-width: 1024px) 100vw, 1024px\" \/><\/figure>\n\n\n\n<p>All\u00ed, Kicillof subray\u00f3 la urgencia de construir una propuesta nacional frente al gobierno de Javier Milei. Se\u00f1al\u00f3 que la Argentina atraviesa un cambio en el escenario global y una revoluci\u00f3n tecnol\u00f3gica que exigen planificaci\u00f3n. \u00abTenemos recursos naturales, capacidades cient\u00edficas, universidades e industria; debemos aprovecharlos con una estrategia de desarrollo\u00bb, afirm\u00f3.<\/p>\n\n\n\n<p id=\"p-1788029373754-20751\">El gobernador critic\u00f3 el alineamiento internacional de la Casa Rosada: \u00abQue Estados Unidos e Israel dicten nuestra pol\u00edtica exterior es rid\u00edculo, nocivo y grave\u00bb. Tambi\u00e9n cuestion\u00f3 el ajuste a la producci\u00f3n y la ciencia, y remarc\u00f3 que el federalismo y el conocimiento son pilares de una construcci\u00f3n pol\u00edtica colectiva.<\/p>\n\n\n\n<p id=\"p-1788029373754-82028\">El mandatario insisti\u00f3 en que el pa\u00eds posee oportunidades enormes pese a los riesgos, y remarc\u00f3 la necesidad de no postergar m\u00e1s esa estrategia que convoque a todos los sectores. \u00abNo podemos perder un minuto m\u00e1s\u00bb, sentenci\u00f3, al tiempo que diferenci\u00f3 su enfoque del oficialismo nacional, al que acus\u00f3 de atacar a la industria y desfinanciar el sistema cient\u00edfico- universitario.<\/p>\n\n\n\n<p id=\"p-1788029373754-29432\">\u00abFrente a quienes niegan toda salida, tenemos la obligaci\u00f3n de ofrecer un proyecto viable, real, que entusiasme e incluya\u00bb, concluy\u00f3. El plenario del 19 de septiembre traducir\u00e1 esos debates en acci\u00f3n organizativa, con la participaci\u00f3n de dirigentes del MDF de todo el territorio nacional.<\/p>\n\n\n\n<p id=\"p-1788029373754-82028\"><a href=\"https:\/\/www.minutouno.com\/contenidos\/suscripcion-newsletter.html\"><\/a><\/p>\n","protected":false},"excerpt":{"rendered":"<p>El gobernador bonaerense encabezar\u00e1 el 19 de septiembre el encuentro nacional del MDF, con mesas de debate y cierre a su cargo, para ampliar la presencia del espacio fuera de la provincia. El gobernador de Buenos Aires, Axel Kicillof, liderar\u00e1 el 19 de septiembre el Plenario Federal del Movimiento Derecho al Futuro (MDF), una jornada [&hellip;]<\/p>\n","protected":false},"author":3,"featured_media":29614,"comment_status":"open","ping_status":"open","sticky":false,"template":"","format":"standard","meta":{"_jetpack_memberships_contains_paid_content":false,"footnotes":""},"categories":[9,8],"tags":[],"class_list":["post-29613","post","type-post","status-publish","format-standard","has-post-thumbnail","hentry","category-nacionales","category-provincia"],"yoast_head":"<!-- This site is optimized with the Yoast SEO plugin v27.5 - https:\/\/yoast.com\/product\/yoast-seo-wordpress\/ -->\n<title>Axel Kicillof lanza el Movimiento Derecho al Futuro a nivel nacional con un plenario en Avellaneda - Tres Lineas Noticias<\/title>\n<meta name=\"robots\" content=\"index, follow, max-snippet:-1, max-image-preview:large, max-video-preview:-1\" \/>\n<link rel=\"canonical\" href=\"https:\/\/treslineasnoticias.com.ar\/?p=29613\" \/>\n<meta property=\"og:locale\" content=\"es_ES\" \/>\n<meta property=\"og:type\" content=\"article\" \/>\n<meta property=\"og:title\" content=\"Axel Kicillof lanza el Movimiento Derecho al Futuro a nivel nacional con un plenario en Avellaneda - Tres Lineas Noticias\" \/>\n<meta property=\"og:description\" content=\"El gobernador bonaerense encabezar\u00e1 el 19 de septiembre el encuentro nacional del MDF, con mesas de debate y cierre a su cargo, para ampliar la presencia del espacio fuera de la provincia. El gobernador de Buenos Aires, Axel Kicillof, liderar\u00e1 el 19 de septiembre el Plenario Federal del Movimiento Derecho al Futuro (MDF), una jornada [&hellip;]\" \/>\n<meta property=\"og:url\" content=\"https:\/\/treslineasnoticias.com.ar\/?p=29613\" \/>\n<meta property=\"og:site_name\" content=\"Tres Lineas Noticias\" \/>\n<meta property=\"article:published_time\" content=\"2026-08-31T10:50:00+00:00\" \/>\n<meta property=\"og:image\" content=\"https:\/\/treslineasnoticias.com.ar\/wp-content\/uploads\/2026\/08\/axel-kicillof-20260409-2218012.webp\" \/>\n\t<meta property=\"og:image:width\" content=\"987\" \/>\n\t<meta property=\"og:image:height\" content=\"555\" \/>\n\t<meta property=\"og:image:type\" content=\"image\/webp\" \/>\n<meta name=\"author\" content=\"Horacio L\u00f3pez\" \/>\n<meta name=\"twitter:card\" content=\"summary_large_image\" \/>\n<meta name=\"twitter:label1\" content=\"Escrito por\" \/>\n\t<meta name=\"twitter:data1\" content=\"Horacio L\u00f3pez\" \/>\n\t<meta name=\"twitter:label2\" content=\"Tiempo de lectura\" \/>\n\t<meta name=\"twitter:data2\" content=\"3 minutos\" \/>\n<script type=\"application\/ld+json\" class=\"yoast-schema-graph\">{\"@context\":\"https:\\\/\\\/schema.org\",\"@graph\":[{\"@type\":\"Article\",\"@id\":\"https:\\\/\\\/treslineasnoticias.com.ar\\\/?p=29613#article\",\"isPartOf\":{\"@id\":\"https:\\\/\\\/treslineasnoticias.com.ar\\\/?p=29613\"},\"author\":{\"name\":\"Horacio L\u00f3pez\",\"@id\":\"https:\\\/\\\/treslineasnoticias.com.ar\\\/#\\\/schema\\\/person\\\/c5f7249e50517b84c2379b145ca14895\"},\"headline\":\"Axel Kicillof lanza el Movimiento Derecho al Futuro a nivel nacional con un plenario en Avellaneda\",\"datePublished\":\"2026-08-31T10:50:00+00:00\",\"mainEntityOfPage\":{\"@id\":\"https:\\\/\\\/treslineasnoticias.com.ar\\\/?p=29613\"},\"wordCount\":405,\"commentCount\":0,\"image\":{\"@id\":\"https:\\\/\\\/treslineasnoticias.com.ar\\\/?p=29613#primaryimage\"},\"thumbnailUrl\":\"https:\\\/\\\/treslineasnoticias.com.ar\\\/wp-content\\\/uploads\\\/2026\\\/08\\\/axel-kicillof-20260409-2218012.webp\",\"articleSection\":[\"Nacionales\",\"Provincia\"],\"inLanguage\":\"es\",\"potentialAction\":[{\"@type\":\"CommentAction\",\"name\":\"Comment\",\"target\":[\"https:\\\/\\\/treslineasnoticias.com.ar\\\/?p=29613#respond\"]}]},{\"@type\":\"WebPage\",\"@id\":\"https:\\\/\\\/treslineasnoticias.com.ar\\\/?p=29613\",\"url\":\"https:\\\/\\\/treslineasnoticias.com.ar\\\/?p=29613\",\"name\":\"Axel Kicillof lanza el Movimiento Derecho al Futuro a nivel nacional con un plenario en Avellaneda - Tres Lineas Noticias\",\"isPartOf\":{\"@id\":\"https:\\\/\\\/treslineasnoticias.com.ar\\\/#website\"},\"primaryImageOfPage\":{\"@id\":\"https:\\\/\\\/treslineasnoticias.com.ar\\\/?p=29613#primaryimage\"},\"image\":{\"@id\":\"https:\\\/\\\/treslineasnoticias.com.ar\\\/?p=29613#primaryimage\"},\"thumbnailUrl\":\"https:\\\/\\\/treslineasnoticias.com.ar\\\/wp-content\\\/uploads\\\/2026\\\/08\\\/axel-kicillof-20260409-2218012.webp\",\"datePublished\":\"2026-08-31T10:50:00+00:00\",\"author\":{\"@id\":\"https:\\\/\\\/treslineasnoticias.com.ar\\\/#\\\/schema\\\/person\\\/c5f7249e50517b84c2379b145ca14895\"},\"breadcrumb\":{\"@id\":\"https:\\\/\\\/treslineasnoticias.com.ar\\\/?p=29613#breadcrumb\"},\"inLanguage\":\"es\",\"potentialAction\":[{\"@type\":\"ReadAction\",\"target\":[\"https:\\\/\\\/treslineasnoticias.com.ar\\\/?p=29613\"]}]},{\"@type\":\"ImageObject\",\"inLanguage\":\"es\",\"@id\":\"https:\\\/\\\/treslineasnoticias.com.ar\\\/?p=29613#primaryimage\",\"url\":\"https:\\\/\\\/treslineasnoticias.com.ar\\\/wp-content\\\/uploads\\\/2026\\\/08\\\/axel-kicillof-20260409-2218012.webp\",\"contentUrl\":\"https:\\\/\\\/treslineasnoticias.com.ar\\\/wp-content\\\/uploads\\\/2026\\\/08\\\/axel-kicillof-20260409-2218012.webp\",\"width\":987,\"height\":555},{\"@type\":\"BreadcrumbList\",\"@id\":\"https:\\\/\\\/treslineasnoticias.com.ar\\\/?p=29613#breadcrumb\",\"itemListElement\":[{\"@type\":\"ListItem\",\"position\":1,\"name\":\"Portada\",\"item\":\"https:\\\/\\\/treslineasnoticias.com.ar\\\/\"},{\"@type\":\"ListItem\",\"position\":2,\"name\":\"Axel Kicillof lanza el Movimiento Derecho al Futuro a nivel nacional con un plenario en Avellaneda\"}]},{\"@type\":\"WebSite\",\"@id\":\"https:\\\/\\\/treslineasnoticias.com.ar\\\/#website\",\"url\":\"https:\\\/\\\/treslineasnoticias.com.ar\\\/\",\"name\":\"Tres Lineas Noticias\",\"description\":\"\",\"potentialAction\":[{\"@type\":\"SearchAction\",\"target\":{\"@type\":\"EntryPoint\",\"urlTemplate\":\"https:\\\/\\\/treslineasnoticias.com.ar\\\/?s={search_term_string}\"},\"query-input\":{\"@type\":\"PropertyValueSpecification\",\"valueRequired\":true,\"valueName\":\"search_term_string\"}}],\"inLanguage\":\"es\"},{\"@type\":\"Person\",\"@id\":\"https:\\\/\\\/treslineasnoticias.com.ar\\\/#\\\/schema\\\/person\\\/c5f7249e50517b84c2379b145ca14895\",\"name\":\"Horacio L\u00f3pez\",\"image\":{\"@type\":\"ImageObject\",\"inLanguage\":\"es\",\"@id\":\"https:\\\/\\\/treslineasnoticias.com.ar\\\/wp-content\\\/litespeed\\\/avatar\\\/f5a5e9d378b20cf999cb9a940a8324f3.jpg?ver=1788116984\",\"url\":\"https:\\\/\\\/treslineasnoticias.com.ar\\\/wp-content\\\/litespeed\\\/avatar\\\/f5a5e9d378b20cf999cb9a940a8324f3.jpg?ver=1788116984\",\"contentUrl\":\"https:\\\/\\\/treslineasnoticias.com.ar\\\/wp-content\\\/litespeed\\\/avatar\\\/f5a5e9d378b20cf999cb9a940a8324f3.jpg?ver=1788116984\",\"caption\":\"Horacio L\u00f3pez\"},\"sameAs\":[\"http:\\\/\\\/treslineasnoticias.com.ar\"],\"url\":\"https:\\\/\\\/treslineasnoticias.com.ar\\\/?author=3\"}]}<\/script>\n<!-- \/ Yoast SEO plugin. -->","yoast_head_json":{"title":"Axel Kicillof lanza el Movimiento Derecho al Futuro a nivel nacional con un plenario en Avellaneda - Tres Lineas Noticias","robots":{"index":"index","follow":"follow","max-snippet":"max-snippet:-1","max-image-preview":"max-image-preview:large","max-video-preview":"max-video-preview:-1"},"canonical":"https:\/\/treslineasnoticias.com.ar\/?p=29613","og_locale":"es_ES","og_type":"article","og_title":"Axel Kicillof lanza el Movimiento Derecho al Futuro a nivel nacional con un plenario en Avellaneda - Tres Lineas Noticias","og_description":"El gobernador bonaerense encabezar\u00e1 el 19 de septiembre el encuentro nacional del MDF, con mesas de debate y cierre a su cargo, para ampliar la presencia del espacio fuera de la provincia. El gobernador de Buenos Aires, Axel Kicillof, liderar\u00e1 el 19 de septiembre el Plenario Federal del Movimiento Derecho al Futuro (MDF), una jornada [&hellip;]","og_url":"https:\/\/treslineasnoticias.com.ar\/?p=29613","og_site_name":"Tres Lineas Noticias","article_published_time":"2026-08-31T10:50:00+00:00","og_image":[{"width":987,"height":555,"url":"https:\/\/treslineasnoticias.com.ar\/wp-content\/uploads\/2026\/08\/axel-kicillof-20260409-2218012.webp","type":"image\/webp"}],"author":"Horacio L\u00f3pez","twitter_card":"summary_large_image","twitter_misc":{"Escrito por":"Horacio L\u00f3pez","Tiempo de lectura":"3 minutos"},"schema":{"@context":"https:\/\/schema.org","@graph":[{"@type":"Article","@id":"https:\/\/treslineasnoticias.com.ar\/?p=29613#article","isPartOf":{"@id":"https:\/\/treslineasnoticias.com.ar\/?p=29613"},"author":{"name":"Horacio L\u00f3pez","@id":"https:\/\/treslineasnoticias.com.ar\/#\/schema\/person\/c5f7249e50517b84c2379b145ca14895"},"headline":"Axel Kicillof lanza el Movimiento Derecho al Futuro a nivel nacional con un plenario en Avellaneda","datePublished":"2026-08-31T10:50:00+00:00","mainEntityOfPage":{"@id":"https:\/\/treslineasnoticias.com.ar\/?p=29613"},"wordCount":405,"commentCount":0,"image":{"@id":"https:\/\/treslineasnoticias.com.ar\/?p=29613#primaryimage"},"thumbnailUrl":"https:\/\/treslineasnoticias.com.ar\/wp-content\/uploads\/2026\/08\/axel-kicillof-20260409-2218012.webp","articleSection":["Nacionales","Provincia"],"inLanguage":"es","potentialAction":[{"@type":"CommentAction","name":"Comment","target":["https:\/\/treslineasnoticias.com.ar\/?p=29613#respond"]}]},{"@type":"WebPage","@id":"https:\/\/treslineasnoticias.com.ar\/?p=29613","url":"https:\/\/treslineasnoticias.com.ar\/?p=29613","name":"Axel Kicillof lanza el Movimiento Derecho al Futuro a nivel nacional con un plenario en Avellaneda - Tres Lineas Noticias","isPartOf":{"@id":"https:\/\/treslineasnoticias.com.ar\/#website"},"primaryImageOfPage":{"@id":"https:\/\/treslineasnoticias.com.ar\/?p=29613#primaryimage"},"image":{"@id":"https:\/\/treslineasnoticias.com.ar\/?p=29613#primaryimage"},"thumbnailUrl":"https:\/\/treslineasnoticias.com.ar\/wp-content\/uploads\/2026\/08\/axel-kicillof-20260409-2218012.webp","datePublished":"2026-08-31T10:50:00+00:00","author":{"@id":"https:\/\/treslineasnoticias.com.ar\/#\/schema\/person\/c5f7249e50517b84c2379b145ca14895"},"breadcrumb":{"@id":"https:\/\/treslineasnoticias.com.ar\/?p=29613#breadcrumb"},"inLanguage":"es","potentialAction":[{"@type":"ReadAction","target":["https:\/\/treslineasnoticias.com.ar\/?p=29613"]}]},{"@type":"ImageObject","inLanguage":"es","@id":"https:\/\/treslineasnoticias.com.ar\/?p=29613#primaryimage","url":"https:\/\/treslineasnoticias.com.ar\/wp-content\/uploads\/2026\/08\/axel-kicillof-20260409-2218012.webp","contentUrl":"https:\/\/treslineasnoticias.com.ar\/wp-content\/uploads\/2026\/08\/axel-kicillof-20260409-2218012.webp","width":987,"height":555},{"@type":"BreadcrumbList","@id":"https:\/\/treslineasnoticias.com.ar\/?p=29613#breadcrumb","itemListElement":[{"@type":"ListItem","position":1,"name":"Portada","item":"https:\/\/treslineasnoticias.com.ar\/"},{"@type":"ListItem","position":2,"name":"Axel Kicillof lanza el Movimiento Derecho al Futuro a nivel nacional con un plenario en Avellaneda"}]},{"@type":"WebSite","@id":"https:\/\/treslineasnoticias.com.ar\/#website","url":"https:\/\/treslineasnoticias.com.ar\/","name":"Tres Lineas Noticias","description":"","potentialAction":[{"@type":"SearchAction","target":{"@type":"EntryPoint","urlTemplate":"https:\/\/treslineasnoticias.com.ar\/?s={search_term_string}"},"query-input":{"@type":"PropertyValueSpecification","valueRequired":true,"valueName":"search_term_string"}}],"inLanguage":"es"},{"@type":"Person","@id":"https:\/\/treslineasnoticias.com.ar\/#\/schema\/person\/c5f7249e50517b84c2379b145ca14895","name":"Horacio L\u00f3pez","image":{"@type":"ImageObject","inLanguage":"es","@id":"https:\/\/treslineasnoticias.com.ar\/wp-content\/litespeed\/avatar\/f5a5e9d378b20cf999cb9a940a8324f3.jpg?ver=1788116984","url":"https:\/\/treslineasnoticias.com.ar\/wp-content\/litespeed\/avatar\/f5a5e9d378b20cf999cb9a940a8324f3.jpg?ver=1788116984","contentUrl":"https:\/\/treslineasnoticias.com.ar\/wp-content\/litespeed\/avatar\/f5a5e9d378b20cf999cb9a940a8324f3.jpg?ver=1788116984","caption":"Horacio L\u00f3pez"},"sameAs":["http:\/\/treslineasnoticias.com.ar"],"url":"https:\/\/treslineasnoticias.com.ar\/?author=3"}]}},"jetpack_featured_media_url":"https:\/\/treslineasnoticias.com.ar\/wp-content\/uploads\/2026\/08\/axel-kicillof-20260409-2218012.webp","jetpack_sharing_enabled":true,"_links":{"self":[{"href":"https:\/\/treslineasnoticias.com.ar\/index.php?rest_route=\/wp\/v2\/posts\/29613","targetHints":{"allow":["GET"]}}],"collection":[{"href":"https:\/\/treslineasnoticias.com.ar\/index.php?rest_route=\/wp\/v2\/posts"}],"about":[{"href":"https:\/\/treslineasnoticias.com.ar\/index.php?rest_route=\/wp\/v2\/types\/post"}],"author":[{"embeddable":true,"href":"https:\/\/treslineasnoticias.com.ar\/index.php?rest_route=\/wp\/v2\/users\/3"}],"replies":[{"embeddable":true,"href":"https:\/\/treslineasnoticias.com.ar\/index.php?rest_route=%2Fwp%2Fv2%2Fcomments&post=29613"}],"version-history":[{"count":1,"href":"https:\/\/treslineasnoticias.com.ar\/index.php?rest_route=\/wp\/v2\/posts\/29613\/revisions"}],"predecessor-version":[{"id":29616,"href":"https:\/\/treslineasnoticias.com.ar\/index.php?rest_route=\/wp\/v2\/posts\/29613\/revisions\/29616"}],"wp:featuredmedia":[{"embeddable":true,"href":"https:\/\/treslineasnoticias.com.ar\/index.php?rest_route=\/wp\/v2\/media\/29614"}],"wp:attachment":[{"href":"https:\/\/treslineasnoticias.com.ar\/index.php?rest_route=%2Fwp%2Fv2%2Fmedia&parent=29613"}],"wp:term":[{"taxonomy":"category","embeddable":true,"href":"https:\/\/treslineasnoticias.com.ar\/index.php?rest_route=%2Fwp%2Fv2%2Fcategories&post=29613"},{"taxonomy":"post_tag","embeddable":true,"href":"https:\/\/treslineasnoticias.com.ar\/index.php?rest_route=%2Fwp%2Fv2%2Ftags&post=29613"}],"curies":[{"name":"wp","href":"https:\/\/api.w.org\/{rel}","templated":true}]}}