{"id":29629,"date":"2026-08-31T19:07:50","date_gmt":"2026-08-31T22:07:50","guid":{"rendered":"https:\/\/treslineasnoticias.com.ar\/?p=29629"},"modified":"2026-08-31T19:07:53","modified_gmt":"2026-08-31T22:07:53","slug":"la-escuela-agraria-n-1-recibio-la-habilitacion-para-vender-sus-productos-alimenticios-en-toda-la-provincia","status":"publish","type":"post","link":"https:\/\/treslineasnoticias.com.ar\/?p=29629","title":{"rendered":"La Escuela Agraria N\u00b0 1 recibi\u00f3 la habilitaci\u00f3n para vender sus productos alimenticios en toda la Provincia"},"content":{"rendered":"\n<p><em><strong>El intendente de Berazategui, Carlos Balor; junto al ministro de Desarrollo Agrario de la provincia de Buenos Aires, Javier Rodr\u00edguez, encabez\u00f3 el acto de entrega de la habilitaci\u00f3n correspondiente al Programa PUPAAS (Peque\u00f1as Unidades Productivas de Alimentos Artesanales) a la Escuela Secundaria Agraria N\u00b0 1 del Parque Pereyra Iraola. Este certificado le permitir\u00e1 al establecimiento educativo vender sus elaboraciones en todo el territorio bonaerense.<\/strong><\/em><\/p>\n\n\n\n<figure class=\"wp-block-image size-large\"><img loading=\"lazy\" decoding=\"async\" width=\"1024\" height=\"683\" src=\"http:\/\/treslineasnoticias.com.ar\/wp-content\/uploads\/2026\/08\/La-Escuela-Agraria-N\u00b0-1-recibio-la-habilitacion-para-vender-sus-productos-alimenticios-en-toda-la-Provincia-6-1024x683.jpg\" alt=\"\" class=\"wp-image-29630\" srcset=\"https:\/\/treslineasnoticias.com.ar\/wp-content\/uploads\/2026\/08\/La-Escuela-Agraria-N\u00b0-1-recibio-la-habilitacion-para-vender-sus-productos-alimenticios-en-toda-la-Provincia-6-1024x683.jpg 1024w, https:\/\/treslineasnoticias.com.ar\/wp-content\/uploads\/2026\/08\/La-Escuela-Agraria-N\u00b0-1-recibio-la-habilitacion-para-vender-sus-productos-alimenticios-en-toda-la-Provincia-6-300x200.jpg 300w, https:\/\/treslineasnoticias.com.ar\/wp-content\/uploads\/2026\/08\/La-Escuela-Agraria-N\u00b0-1-recibio-la-habilitacion-para-vender-sus-productos-alimenticios-en-toda-la-Provincia-6-768x512.jpg 768w, https:\/\/treslineasnoticias.com.ar\/wp-content\/uploads\/2026\/08\/La-Escuela-Agraria-N\u00b0-1-recibio-la-habilitacion-para-vender-sus-productos-alimenticios-en-toda-la-Provincia-6-1536x1024.jpg 1536w, https:\/\/treslineasnoticias.com.ar\/wp-content\/uploads\/2026\/08\/La-Escuela-Agraria-N\u00b0-1-recibio-la-habilitacion-para-vender-sus-productos-alimenticios-en-toda-la-Provincia-6.jpg 1920w\" sizes=\"auto, (max-width: 1024px) 100vw, 1024px\" \/><\/figure>\n\n\n\n<p>El evento se desarroll\u00f3 en el marco de la presentaci\u00f3n del Censo Hortiflor\u00edcola PBA 2026, impulsado por el Gobierno de la Provincia para actualizar -despu\u00e9s de 20 a\u00f1os- la informaci\u00f3n sobre la producci\u00f3n hort\u00edcola y flor\u00edcola bonaerense.<br>\u00a0<br>\u201cEsta habilitaci\u00f3n que trae el Ministro va a ser muy importante porque les permitir\u00e1 comercializar sus productos fuera del distrito. Quiero agradecer al gobernador Axel Kicillof, por seguir acompa\u00f1ando a quienes producen en Berazategui\u201d, expres\u00f3 Balor. Y destac\u00f3: \u201cVamos a seguir trabajando junto a ustedes, como lo hac\u00eda el Dr. Juan Jos\u00e9 Mussi, siempre acompa\u00f1ando y defendiendo a la escuela p\u00fablica. Por eso quiero anunciarles que vamos a construir una nueva sala de extracci\u00f3n de miel para esta instituci\u00f3n\u201d.<br>\u00a0<\/p>\n\n\n\n<figure class=\"wp-block-image size-large\"><img loading=\"lazy\" decoding=\"async\" width=\"1024\" height=\"683\" src=\"http:\/\/treslineasnoticias.com.ar\/wp-content\/uploads\/2026\/08\/La-Escuela-Agraria-N\u00b0-1-recibio-la-habilitacion-para-vender-sus-productos-alimenticios-en-toda-la-Provincia-2-1024x683.jpg\" alt=\"\" class=\"wp-image-29633\" srcset=\"https:\/\/treslineasnoticias.com.ar\/wp-content\/uploads\/2026\/08\/La-Escuela-Agraria-N\u00b0-1-recibio-la-habilitacion-para-vender-sus-productos-alimenticios-en-toda-la-Provincia-2-1024x683.jpg 1024w, https:\/\/treslineasnoticias.com.ar\/wp-content\/uploads\/2026\/08\/La-Escuela-Agraria-N\u00b0-1-recibio-la-habilitacion-para-vender-sus-productos-alimenticios-en-toda-la-Provincia-2-300x200.jpg 300w, https:\/\/treslineasnoticias.com.ar\/wp-content\/uploads\/2026\/08\/La-Escuela-Agraria-N\u00b0-1-recibio-la-habilitacion-para-vender-sus-productos-alimenticios-en-toda-la-Provincia-2-768x512.jpg 768w, https:\/\/treslineasnoticias.com.ar\/wp-content\/uploads\/2026\/08\/La-Escuela-Agraria-N\u00b0-1-recibio-la-habilitacion-para-vender-sus-productos-alimenticios-en-toda-la-Provincia-2-1536x1024.jpg 1536w, https:\/\/treslineasnoticias.com.ar\/wp-content\/uploads\/2026\/08\/La-Escuela-Agraria-N\u00b0-1-recibio-la-habilitacion-para-vender-sus-productos-alimenticios-en-toda-la-Provincia-2.jpg 1920w\" sizes=\"auto, (max-width: 1024px) 100vw, 1024px\" \/><\/figure>\n\n\n\n<p>A continuaci\u00f3n, Rodr\u00edguez destac\u00f3: \u201cEsta iniciativa permite que peque\u00f1as unidades productivas puedan elaborar y comercializar alimentos artesanales, cumpliendo las condiciones necesarias para garantizar su inocuidad. Esto abre nuevas oportunidades para que los productos de esta Escuela Agraria puedan participar tambi\u00e9n en ferias de distintos distritos. Ahora, todo lo que se produzca en este lugar, con el conocimiento de docentes y estudiantes, podr\u00e1 llegar a los 17 millones de habitantes bonaerenses\u201d.<br>\u00a0<br>Por su parte, la directora de la Escuela Secundaria Agraria N\u00b0 1, Lorena Ramos Mendes, asegur\u00f3: \u201cPara nosotros es un d\u00eda muy importante, tanto por la habilitaci\u00f3n PUPAAS, que nos brindar\u00e1 la posibilidad de comercializar nuestros productos a toda la provincia de Buenos Aires; como por la presentaci\u00f3n del Censo Hortiflor\u00edcola, ya que tenemos estudiantes y docentes productores, al igual que sus familias, y esto nos permitir\u00e1 tener un mapa de la producci\u00f3n de todo el territorio bonaerense. As\u00ed que estamos muy agradecidos a las autoridades provinciales y municipales\u201d.<\/p>\n\n\n\n<figure class=\"wp-block-image size-large\"><img loading=\"lazy\" decoding=\"async\" width=\"1024\" height=\"683\" src=\"http:\/\/treslineasnoticias.com.ar\/wp-content\/uploads\/2026\/08\/La-Escuela-Agraria-N\u00b0-1-recibio-la-habilitacion-para-vender-sus-productos-alimenticios-en-toda-la-Provincia-5-1024x683.jpg\" alt=\"\" class=\"wp-image-29632\" srcset=\"https:\/\/treslineasnoticias.com.ar\/wp-content\/uploads\/2026\/08\/La-Escuela-Agraria-N\u00b0-1-recibio-la-habilitacion-para-vender-sus-productos-alimenticios-en-toda-la-Provincia-5-1024x683.jpg 1024w, https:\/\/treslineasnoticias.com.ar\/wp-content\/uploads\/2026\/08\/La-Escuela-Agraria-N\u00b0-1-recibio-la-habilitacion-para-vender-sus-productos-alimenticios-en-toda-la-Provincia-5-300x200.jpg 300w, https:\/\/treslineasnoticias.com.ar\/wp-content\/uploads\/2026\/08\/La-Escuela-Agraria-N\u00b0-1-recibio-la-habilitacion-para-vender-sus-productos-alimenticios-en-toda-la-Provincia-5-768x512.jpg 768w, https:\/\/treslineasnoticias.com.ar\/wp-content\/uploads\/2026\/08\/La-Escuela-Agraria-N\u00b0-1-recibio-la-habilitacion-para-vender-sus-productos-alimenticios-en-toda-la-Provincia-5-1536x1024.jpg 1536w, https:\/\/treslineasnoticias.com.ar\/wp-content\/uploads\/2026\/08\/La-Escuela-Agraria-N\u00b0-1-recibio-la-habilitacion-para-vender-sus-productos-alimenticios-en-toda-la-Provincia-5.jpg 1920w\" sizes=\"auto, (max-width: 1024px) 100vw, 1024px\" \/><\/figure>\n\n\n\n<p>El Censo Hortiflor\u00edcola PBA 2026 se realizar\u00e1 del 1 de septiembre al 30 de octubre, con el objetivo de conocer la cantidad de productores, superficies productivas, t\u00e9cnicas utilizadas y formas de tenencia de la tierra, entre otros datos. La participaci\u00f3n resulta fundamental para construir un mapa actualizado de la actividad y fortalecer el dise\u00f1o de pol\u00edticas p\u00fablicas para el sector. En tanto, la habilitaci\u00f3n PUPAAS permitir\u00e1 a la Escuela Secundaria Agraria N\u00b0 1 comercializar sus productos en todo el territorio bonaerense e incorporarse al Programa Hecho en Bera, participar de las Ferias Municipales y, pr\u00f3ximamente, acceder al Mercado Bonaerense que se construye en Guti\u00e9rrez.<br>\u00a0<br>El evento tambi\u00e9n cont\u00f3 con la participaci\u00f3n del secretario de Trabajo, Juan Manuel Parra; entre otros integrantes del Gabinete municipal.<\/p>\n","protected":false},"excerpt":{"rendered":"<p>El intendente de Berazategui, Carlos Balor; junto al ministro de Desarrollo Agrario de la provincia de Buenos Aires, Javier Rodr\u00edguez, encabez\u00f3 el acto de entrega de la habilitaci\u00f3n correspondiente al Programa PUPAAS (Peque\u00f1as Unidades Productivas de Alimentos Artesanales) a la Escuela Secundaria Agraria N\u00b0 1 del Parque Pereyra Iraola. Este certificado le permitir\u00e1 al establecimiento [&hellip;]<\/p>\n","protected":false},"author":3,"featured_media":29631,"comment_status":"open","ping_status":"open","sticky":false,"template":"","format":"standard","meta":{"_jetpack_memberships_contains_paid_content":false,"footnotes":""},"categories":[4],"tags":[],"class_list":["post-29629","post","type-post","status-publish","format-standard","has-post-thumbnail","hentry","category-berazategui"],"yoast_head":"<!-- This site is optimized with the Yoast SEO plugin v27.5 - https:\/\/yoast.com\/product\/yoast-seo-wordpress\/ -->\n<title>La Escuela Agraria N\u00b0 1 recibi\u00f3 la habilitaci\u00f3n para vender sus productos alimenticios en toda la Provincia - Tres Lineas Noticias<\/title>\n<meta name=\"robots\" content=\"index, follow, max-snippet:-1, max-image-preview:large, max-video-preview:-1\" \/>\n<link rel=\"canonical\" href=\"https:\/\/treslineasnoticias.com.ar\/?p=29629\" \/>\n<meta property=\"og:locale\" content=\"es_ES\" \/>\n<meta property=\"og:type\" content=\"article\" \/>\n<meta property=\"og:title\" content=\"La Escuela Agraria N\u00b0 1 recibi\u00f3 la habilitaci\u00f3n para vender sus productos alimenticios en toda la Provincia - Tres Lineas Noticias\" \/>\n<meta property=\"og:description\" content=\"El intendente de Berazategui, Carlos Balor; junto al ministro de Desarrollo Agrario de la provincia de Buenos Aires, Javier Rodr\u00edguez, encabez\u00f3 el acto de entrega de la habilitaci\u00f3n correspondiente al Programa PUPAAS (Peque\u00f1as Unidades Productivas de Alimentos Artesanales) a la Escuela Secundaria Agraria N\u00b0 1 del Parque Pereyra Iraola. Este certificado le permitir\u00e1 al establecimiento [&hellip;]\" \/>\n<meta property=\"og:url\" content=\"https:\/\/treslineasnoticias.com.ar\/?p=29629\" \/>\n<meta property=\"og:site_name\" content=\"Tres Lineas Noticias\" \/>\n<meta property=\"article:published_time\" content=\"2026-08-31T22:07:50+00:00\" \/>\n<meta property=\"article:modified_time\" content=\"2026-08-31T22:07:53+00:00\" \/>\n<meta property=\"og:image\" content=\"http:\/\/treslineasnoticias.com.ar\/wp-content\/uploads\/2026\/08\/La-Escuela-Agraria-N\u00b0-1-recibio-la-habilitacion-para-vender-sus-productos-alimenticios-en-toda-la-Provincia-3.jpg\" \/>\n\t<meta property=\"og:image:width\" content=\"1920\" \/>\n\t<meta property=\"og:image:height\" content=\"1280\" \/>\n\t<meta property=\"og:image:type\" content=\"image\/jpeg\" \/>\n<meta name=\"author\" content=\"Horacio L\u00f3pez\" \/>\n<meta name=\"twitter:card\" content=\"summary_large_image\" \/>\n<meta name=\"twitter:label1\" content=\"Escrito por\" \/>\n\t<meta name=\"twitter:data1\" content=\"Horacio L\u00f3pez\" \/>\n\t<meta name=\"twitter:label2\" content=\"Tiempo de lectura\" \/>\n\t<meta name=\"twitter:data2\" content=\"3 minutos\" \/>\n<script type=\"application\/ld+json\" class=\"yoast-schema-graph\">{\"@context\":\"https:\\\/\\\/schema.org\",\"@graph\":[{\"@type\":\"Article\",\"@id\":\"https:\\\/\\\/treslineasnoticias.com.ar\\\/?p=29629#article\",\"isPartOf\":{\"@id\":\"https:\\\/\\\/treslineasnoticias.com.ar\\\/?p=29629\"},\"author\":{\"name\":\"Horacio L\u00f3pez\",\"@id\":\"https:\\\/\\\/treslineasnoticias.com.ar\\\/#\\\/schema\\\/person\\\/c5f7249e50517b84c2379b145ca14895\"},\"headline\":\"La Escuela Agraria N\u00b0 1 recibi\u00f3 la habilitaci\u00f3n para vender sus productos alimenticios en toda la Provincia\",\"datePublished\":\"2026-08-31T22:07:50+00:00\",\"dateModified\":\"2026-08-31T22:07:53+00:00\",\"mainEntityOfPage\":{\"@id\":\"https:\\\/\\\/treslineasnoticias.com.ar\\\/?p=29629\"},\"wordCount\":509,\"commentCount\":0,\"image\":{\"@id\":\"https:\\\/\\\/treslineasnoticias.com.ar\\\/?p=29629#primaryimage\"},\"thumbnailUrl\":\"https:\\\/\\\/treslineasnoticias.com.ar\\\/wp-content\\\/uploads\\\/2026\\\/08\\\/La-Escuela-Agraria-N\u00b0-1-recibio-la-habilitacion-para-vender-sus-productos-alimenticios-en-toda-la-Provincia-3.jpg\",\"articleSection\":[\"Berazategui\"],\"inLanguage\":\"es\",\"potentialAction\":[{\"@type\":\"CommentAction\",\"name\":\"Comment\",\"target\":[\"https:\\\/\\\/treslineasnoticias.com.ar\\\/?p=29629#respond\"]}]},{\"@type\":\"WebPage\",\"@id\":\"https:\\\/\\\/treslineasnoticias.com.ar\\\/?p=29629\",\"url\":\"https:\\\/\\\/treslineasnoticias.com.ar\\\/?p=29629\",\"name\":\"La Escuela Agraria N\u00b0 1 recibi\u00f3 la habilitaci\u00f3n para vender sus productos alimenticios en toda la Provincia - Tres Lineas Noticias\",\"isPartOf\":{\"@id\":\"https:\\\/\\\/treslineasnoticias.com.ar\\\/#website\"},\"primaryImageOfPage\":{\"@id\":\"https:\\\/\\\/treslineasnoticias.com.ar\\\/?p=29629#primaryimage\"},\"image\":{\"@id\":\"https:\\\/\\\/treslineasnoticias.com.ar\\\/?p=29629#primaryimage\"},\"thumbnailUrl\":\"https:\\\/\\\/treslineasnoticias.com.ar\\\/wp-content\\\/uploads\\\/2026\\\/08\\\/La-Escuela-Agraria-N\u00b0-1-recibio-la-habilitacion-para-vender-sus-productos-alimenticios-en-toda-la-Provincia-3.jpg\",\"datePublished\":\"2026-08-31T22:07:50+00:00\",\"dateModified\":\"2026-08-31T22:07:53+00:00\",\"author\":{\"@id\":\"https:\\\/\\\/treslineasnoticias.com.ar\\\/#\\\/schema\\\/person\\\/c5f7249e50517b84c2379b145ca14895\"},\"breadcrumb\":{\"@id\":\"https:\\\/\\\/treslineasnoticias.com.ar\\\/?p=29629#breadcrumb\"},\"inLanguage\":\"es\",\"potentialAction\":[{\"@type\":\"ReadAction\",\"target\":[\"https:\\\/\\\/treslineasnoticias.com.ar\\\/?p=29629\"]}]},{\"@type\":\"ImageObject\",\"inLanguage\":\"es\",\"@id\":\"https:\\\/\\\/treslineasnoticias.com.ar\\\/?p=29629#primaryimage\",\"url\":\"https:\\\/\\\/treslineasnoticias.com.ar\\\/wp-content\\\/uploads\\\/2026\\\/08\\\/La-Escuela-Agraria-N\u00b0-1-recibio-la-habilitacion-para-vender-sus-productos-alimenticios-en-toda-la-Provincia-3.jpg\",\"contentUrl\":\"https:\\\/\\\/treslineasnoticias.com.ar\\\/wp-content\\\/uploads\\\/2026\\\/08\\\/La-Escuela-Agraria-N\u00b0-1-recibio-la-habilitacion-para-vender-sus-productos-alimenticios-en-toda-la-Provincia-3.jpg\",\"width\":1920,\"height\":1280},{\"@type\":\"BreadcrumbList\",\"@id\":\"https:\\\/\\\/treslineasnoticias.com.ar\\\/?p=29629#breadcrumb\",\"itemListElement\":[{\"@type\":\"ListItem\",\"position\":1,\"name\":\"Portada\",\"item\":\"https:\\\/\\\/treslineasnoticias.com.ar\\\/\"},{\"@type\":\"ListItem\",\"position\":2,\"name\":\"La Escuela Agraria N\u00b0 1 recibi\u00f3 la habilitaci\u00f3n para vender sus productos alimenticios en toda la Provincia\"}]},{\"@type\":\"WebSite\",\"@id\":\"https:\\\/\\\/treslineasnoticias.com.ar\\\/#website\",\"url\":\"https:\\\/\\\/treslineasnoticias.com.ar\\\/\",\"name\":\"Tres Lineas Noticias\",\"description\":\"\",\"potentialAction\":[{\"@type\":\"SearchAction\",\"target\":{\"@type\":\"EntryPoint\",\"urlTemplate\":\"https:\\\/\\\/treslineasnoticias.com.ar\\\/?s={search_term_string}\"},\"query-input\":{\"@type\":\"PropertyValueSpecification\",\"valueRequired\":true,\"valueName\":\"search_term_string\"}}],\"inLanguage\":\"es\"},{\"@type\":\"Person\",\"@id\":\"https:\\\/\\\/treslineasnoticias.com.ar\\\/#\\\/schema\\\/person\\\/c5f7249e50517b84c2379b145ca14895\",\"name\":\"Horacio L\u00f3pez\",\"image\":{\"@type\":\"ImageObject\",\"inLanguage\":\"es\",\"@id\":\"https:\\\/\\\/treslineasnoticias.com.ar\\\/wp-content\\\/litespeed\\\/avatar\\\/f5a5e9d378b20cf999cb9a940a8324f3.jpg?ver=1788116984\",\"url\":\"https:\\\/\\\/treslineasnoticias.com.ar\\\/wp-content\\\/litespeed\\\/avatar\\\/f5a5e9d378b20cf999cb9a940a8324f3.jpg?ver=1788116984\",\"contentUrl\":\"https:\\\/\\\/treslineasnoticias.com.ar\\\/wp-content\\\/litespeed\\\/avatar\\\/f5a5e9d378b20cf999cb9a940a8324f3.jpg?ver=1788116984\",\"caption\":\"Horacio L\u00f3pez\"},\"sameAs\":[\"http:\\\/\\\/treslineasnoticias.com.ar\"],\"url\":\"https:\\\/\\\/treslineasnoticias.com.ar\\\/?author=3\"}]}<\/script>\n<!-- \/ Yoast SEO plugin. -->","yoast_head_json":{"title":"La Escuela Agraria N\u00b0 1 recibi\u00f3 la habilitaci\u00f3n para vender sus productos alimenticios en toda la Provincia - Tres Lineas Noticias","robots":{"index":"index","follow":"follow","max-snippet":"max-snippet:-1","max-image-preview":"max-image-preview:large","max-video-preview":"max-video-preview:-1"},"canonical":"https:\/\/treslineasnoticias.com.ar\/?p=29629","og_locale":"es_ES","og_type":"article","og_title":"La Escuela Agraria N\u00b0 1 recibi\u00f3 la habilitaci\u00f3n para vender sus productos alimenticios en toda la Provincia - Tres Lineas Noticias","og_description":"El intendente de Berazategui, Carlos Balor; junto al ministro de Desarrollo Agrario de la provincia de Buenos Aires, Javier Rodr\u00edguez, encabez\u00f3 el acto de entrega de la habilitaci\u00f3n correspondiente al Programa PUPAAS (Peque\u00f1as Unidades Productivas de Alimentos Artesanales) a la Escuela Secundaria Agraria N\u00b0 1 del Parque Pereyra Iraola. Este certificado le permitir\u00e1 al establecimiento [&hellip;]","og_url":"https:\/\/treslineasnoticias.com.ar\/?p=29629","og_site_name":"Tres Lineas Noticias","article_published_time":"2026-08-31T22:07:50+00:00","article_modified_time":"2026-08-31T22:07:53+00:00","og_image":[{"width":1920,"height":1280,"url":"http:\/\/treslineasnoticias.com.ar\/wp-content\/uploads\/2026\/08\/La-Escuela-Agraria-N\u00b0-1-recibio-la-habilitacion-para-vender-sus-productos-alimenticios-en-toda-la-Provincia-3.jpg","type":"image\/jpeg"}],"author":"Horacio L\u00f3pez","twitter_card":"summary_large_image","twitter_misc":{"Escrito por":"Horacio L\u00f3pez","Tiempo de lectura":"3 minutos"},"schema":{"@context":"https:\/\/schema.org","@graph":[{"@type":"Article","@id":"https:\/\/treslineasnoticias.com.ar\/?p=29629#article","isPartOf":{"@id":"https:\/\/treslineasnoticias.com.ar\/?p=29629"},"author":{"name":"Horacio L\u00f3pez","@id":"https:\/\/treslineasnoticias.com.ar\/#\/schema\/person\/c5f7249e50517b84c2379b145ca14895"},"headline":"La Escuela Agraria N\u00b0 1 recibi\u00f3 la habilitaci\u00f3n para vender sus productos alimenticios en toda la Provincia","datePublished":"2026-08-31T22:07:50+00:00","dateModified":"2026-08-31T22:07:53+00:00","mainEntityOfPage":{"@id":"https:\/\/treslineasnoticias.com.ar\/?p=29629"},"wordCount":509,"commentCount":0,"image":{"@id":"https:\/\/treslineasnoticias.com.ar\/?p=29629#primaryimage"},"thumbnailUrl":"https:\/\/treslineasnoticias.com.ar\/wp-content\/uploads\/2026\/08\/La-Escuela-Agraria-N\u00b0-1-recibio-la-habilitacion-para-vender-sus-productos-alimenticios-en-toda-la-Provincia-3.jpg","articleSection":["Berazategui"],"inLanguage":"es","potentialAction":[{"@type":"CommentAction","name":"Comment","target":["https:\/\/treslineasnoticias.com.ar\/?p=29629#respond"]}]},{"@type":"WebPage","@id":"https:\/\/treslineasnoticias.com.ar\/?p=29629","url":"https:\/\/treslineasnoticias.com.ar\/?p=29629","name":"La Escuela Agraria N\u00b0 1 recibi\u00f3 la habilitaci\u00f3n para vender sus productos alimenticios en toda la Provincia - Tres Lineas Noticias","isPartOf":{"@id":"https:\/\/treslineasnoticias.com.ar\/#website"},"primaryImageOfPage":{"@id":"https:\/\/treslineasnoticias.com.ar\/?p=29629#primaryimage"},"image":{"@id":"https:\/\/treslineasnoticias.com.ar\/?p=29629#primaryimage"},"thumbnailUrl":"https:\/\/treslineasnoticias.com.ar\/wp-content\/uploads\/2026\/08\/La-Escuela-Agraria-N\u00b0-1-recibio-la-habilitacion-para-vender-sus-productos-alimenticios-en-toda-la-Provincia-3.jpg","datePublished":"2026-08-31T22:07:50+00:00","dateModified":"2026-08-31T22:07:53+00:00","author":{"@id":"https:\/\/treslineasnoticias.com.ar\/#\/schema\/person\/c5f7249e50517b84c2379b145ca14895"},"breadcrumb":{"@id":"https:\/\/treslineasnoticias.com.ar\/?p=29629#breadcrumb"},"inLanguage":"es","potentialAction":[{"@type":"ReadAction","target":["https:\/\/treslineasnoticias.com.ar\/?p=29629"]}]},{"@type":"ImageObject","inLanguage":"es","@id":"https:\/\/treslineasnoticias.com.ar\/?p=29629#primaryimage","url":"https:\/\/treslineasnoticias.com.ar\/wp-content\/uploads\/2026\/08\/La-Escuela-Agraria-N\u00b0-1-recibio-la-habilitacion-para-vender-sus-productos-alimenticios-en-toda-la-Provincia-3.jpg","contentUrl":"https:\/\/treslineasnoticias.com.ar\/wp-content\/uploads\/2026\/08\/La-Escuela-Agraria-N\u00b0-1-recibio-la-habilitacion-para-vender-sus-productos-alimenticios-en-toda-la-Provincia-3.jpg","width":1920,"height":1280},{"@type":"BreadcrumbList","@id":"https:\/\/treslineasnoticias.com.ar\/?p=29629#breadcrumb","itemListElement":[{"@type":"ListItem","position":1,"name":"Portada","item":"https:\/\/treslineasnoticias.com.ar\/"},{"@type":"ListItem","position":2,"name":"La Escuela Agraria N\u00b0 1 recibi\u00f3 la habilitaci\u00f3n para vender sus productos alimenticios en toda la Provincia"}]},{"@type":"WebSite","@id":"https:\/\/treslineasnoticias.com.ar\/#website","url":"https:\/\/treslineasnoticias.com.ar\/","name":"Tres Lineas Noticias","description":"","potentialAction":[{"@type":"SearchAction","target":{"@type":"EntryPoint","urlTemplate":"https:\/\/treslineasnoticias.com.ar\/?s={search_term_string}"},"query-input":{"@type":"PropertyValueSpecification","valueRequired":true,"valueName":"search_term_string"}}],"inLanguage":"es"},{"@type":"Person","@id":"https:\/\/treslineasnoticias.com.ar\/#\/schema\/person\/c5f7249e50517b84c2379b145ca14895","name":"Horacio L\u00f3pez","image":{"@type":"ImageObject","inLanguage":"es","@id":"https:\/\/treslineasnoticias.com.ar\/wp-content\/litespeed\/avatar\/f5a5e9d378b20cf999cb9a940a8324f3.jpg?ver=1788116984","url":"https:\/\/treslineasnoticias.com.ar\/wp-content\/litespeed\/avatar\/f5a5e9d378b20cf999cb9a940a8324f3.jpg?ver=1788116984","contentUrl":"https:\/\/treslineasnoticias.com.ar\/wp-content\/litespeed\/avatar\/f5a5e9d378b20cf999cb9a940a8324f3.jpg?ver=1788116984","caption":"Horacio L\u00f3pez"},"sameAs":["http:\/\/treslineasnoticias.com.ar"],"url":"https:\/\/treslineasnoticias.com.ar\/?author=3"}]}},"jetpack_featured_media_url":"https:\/\/treslineasnoticias.com.ar\/wp-content\/uploads\/2026\/08\/La-Escuela-Agraria-N\u00b0-1-recibio-la-habilitacion-para-vender-sus-productos-alimenticios-en-toda-la-Provincia-3.jpg","jetpack_sharing_enabled":true,"_links":{"self":[{"href":"https:\/\/treslineasnoticias.com.ar\/index.php?rest_route=\/wp\/v2\/posts\/29629","targetHints":{"allow":["GET"]}}],"collection":[{"href":"https:\/\/treslineasnoticias.com.ar\/index.php?rest_route=\/wp\/v2\/posts"}],"about":[{"href":"https:\/\/treslineasnoticias.com.ar\/index.php?rest_route=\/wp\/v2\/types\/post"}],"author":[{"embeddable":true,"href":"https:\/\/treslineasnoticias.com.ar\/index.php?rest_route=\/wp\/v2\/users\/3"}],"replies":[{"embeddable":true,"href":"https:\/\/treslineasnoticias.com.ar\/index.php?rest_route=%2Fwp%2Fv2%2Fcomments&post=29629"}],"version-history":[{"count":1,"href":"https:\/\/treslineasnoticias.com.ar\/index.php?rest_route=\/wp\/v2\/posts\/29629\/revisions"}],"predecessor-version":[{"id":29634,"href":"https:\/\/treslineasnoticias.com.ar\/index.php?rest_route=\/wp\/v2\/posts\/29629\/revisions\/29634"}],"wp:featuredmedia":[{"embeddable":true,"href":"https:\/\/treslineasnoticias.com.ar\/index.php?rest_route=\/wp\/v2\/media\/29631"}],"wp:attachment":[{"href":"https:\/\/treslineasnoticias.com.ar\/index.php?rest_route=%2Fwp%2Fv2%2Fmedia&parent=29629"}],"wp:term":[{"taxonomy":"category","embeddable":true,"href":"https:\/\/treslineasnoticias.com.ar\/index.php?rest_route=%2Fwp%2Fv2%2Fcategories&post=29629"},{"taxonomy":"post_tag","embeddable":true,"href":"https:\/\/treslineasnoticias.com.ar\/index.php?rest_route=%2Fwp%2Fv2%2Ftags&post=29629"}],"curies":[{"name":"wp","href":"https:\/\/api.w.org\/{rel}","templated":true}]}}