{"id":29640,"date":"2026-08-31T19:13:21","date_gmt":"2026-08-31T22:13:21","guid":{"rendered":"https:\/\/treslineasnoticias.com.ar\/?p=29640"},"modified":"2026-08-31T19:13:23","modified_gmt":"2026-08-31T22:13:23","slug":"carlos-balor-acompano-a-kicillof-en-el-lanzamiento-del-mdf-juventudes","status":"publish","type":"post","link":"https:\/\/treslineasnoticias.com.ar\/?p=29640","title":{"rendered":"Carlos Balor acompa\u00f1\u00f3 a Kicillof en el lanzamiento del MDF Juventudes"},"content":{"rendered":"\n<p><strong><em>El intendente de Berazategui y presidente del PJ local, Carlos Balor, acompa\u00f1\u00f3 al gobernador bonaerense y presidente del PJ provincial, Axel Kicillof, en la presentaci\u00f3n del Movimiento Derecho al Futuro Juventudes. Fue en la Sociedad Alemana de Gimnasia de Villa Ballester, en el distrito de San Mart\u00edn, donde se reunieron m\u00e1s de 3 mil j\u00f3venes de todo el pa\u00eds. Adem\u00e1s, hubo autoridades provinciales y municipales.<\/em><\/strong><\/p>\n\n\n\n<figure class=\"wp-block-image size-large\"><img loading=\"lazy\" decoding=\"async\" width=\"1024\" height=\"683\" src=\"http:\/\/treslineasnoticias.com.ar\/wp-content\/uploads\/2026\/08\/Carlos-Balor-acompano-a-Kicillof-en-el-lanzamiento-del-MDF-Juventudes-5-1024x683.jpg\" alt=\"\" class=\"wp-image-29642\" srcset=\"https:\/\/treslineasnoticias.com.ar\/wp-content\/uploads\/2026\/08\/Carlos-Balor-acompano-a-Kicillof-en-el-lanzamiento-del-MDF-Juventudes-5-1024x683.jpg 1024w, https:\/\/treslineasnoticias.com.ar\/wp-content\/uploads\/2026\/08\/Carlos-Balor-acompano-a-Kicillof-en-el-lanzamiento-del-MDF-Juventudes-5-300x200.jpg 300w, https:\/\/treslineasnoticias.com.ar\/wp-content\/uploads\/2026\/08\/Carlos-Balor-acompano-a-Kicillof-en-el-lanzamiento-del-MDF-Juventudes-5-768x512.jpg 768w, https:\/\/treslineasnoticias.com.ar\/wp-content\/uploads\/2026\/08\/Carlos-Balor-acompano-a-Kicillof-en-el-lanzamiento-del-MDF-Juventudes-5-1536x1024.jpg 1536w, https:\/\/treslineasnoticias.com.ar\/wp-content\/uploads\/2026\/08\/Carlos-Balor-acompano-a-Kicillof-en-el-lanzamiento-del-MDF-Juventudes-5.jpg 1920w\" sizes=\"auto, (max-width: 1024px) 100vw, 1024px\" \/><\/figure>\n\n\n\n<p>A lo largo de su discurso, Kicillof recalc\u00f3 que \u201clas juventudes no pueden ser un sector m\u00e1s dentro del Movimiento, sino que tienen que ser los protagonistas, los que nos muestren el norte hacia d\u00f3nde ir. Hay que darle la voz y el bast\u00f3n de mando a los pibes y las pibas de toda la Argentina\u201d.<\/p>\n\n\n\n<p>Por otro lado, ante los c\u00e1nticos de los j\u00f3venes peronistas de Berazategui, Kicillof mencion\u00f3 a Juan Jos\u00e9 Mussi y a Carlos Balor: \u201cC\u00f3mo lo extra\u00f1amos a (Juan Jos\u00e9) Mussi de Berazategui, pero lo tenemos al Turco (Carlos Balor)\u201d.<\/p>\n\n\n\n<figure class=\"wp-block-image size-large\"><img loading=\"lazy\" decoding=\"async\" width=\"1024\" height=\"683\" src=\"http:\/\/treslineasnoticias.com.ar\/wp-content\/uploads\/2026\/08\/Carlos-Balor-acompano-a-Kicillof-en-el-lanzamiento-del-MDF-Juventudes-1-1024x683.jpg\" alt=\"\" class=\"wp-image-29641\" srcset=\"https:\/\/treslineasnoticias.com.ar\/wp-content\/uploads\/2026\/08\/Carlos-Balor-acompano-a-Kicillof-en-el-lanzamiento-del-MDF-Juventudes-1-1024x683.jpg 1024w, https:\/\/treslineasnoticias.com.ar\/wp-content\/uploads\/2026\/08\/Carlos-Balor-acompano-a-Kicillof-en-el-lanzamiento-del-MDF-Juventudes-1-300x200.jpg 300w, https:\/\/treslineasnoticias.com.ar\/wp-content\/uploads\/2026\/08\/Carlos-Balor-acompano-a-Kicillof-en-el-lanzamiento-del-MDF-Juventudes-1-768x512.jpg 768w, https:\/\/treslineasnoticias.com.ar\/wp-content\/uploads\/2026\/08\/Carlos-Balor-acompano-a-Kicillof-en-el-lanzamiento-del-MDF-Juventudes-1-1536x1024.jpg 1536w, https:\/\/treslineasnoticias.com.ar\/wp-content\/uploads\/2026\/08\/Carlos-Balor-acompano-a-Kicillof-en-el-lanzamiento-del-MDF-Juventudes-1.jpg 1920w\" sizes=\"auto, (max-width: 1024px) 100vw, 1024px\" \/><\/figure>\n\n\n\n<p>El lanzamiento del MDF Juventudes incluy\u00f3 una serie de Comisiones en las que los j\u00f3venes reflexionaron y debatieron sobre distintas tem\u00e1ticas, como el impacto de la inteligencia artificial, las plataformas y las nuevas tecnolog\u00edas; la importancia de la salud mental, la educaci\u00f3n y el trabajo; problemas como las apuestas; y la construcci\u00f3n de un modelo productivo inclusivo.<\/p>\n","protected":false},"excerpt":{"rendered":"<p>El intendente de Berazategui y presidente del PJ local, Carlos Balor, acompa\u00f1\u00f3 al gobernador bonaerense y presidente del PJ provincial, Axel Kicillof, en la presentaci\u00f3n del Movimiento Derecho al Futuro Juventudes. Fue en la Sociedad Alemana de Gimnasia de Villa Ballester, en el distrito de San Mart\u00edn, donde se reunieron m\u00e1s de 3 mil j\u00f3venes [&hellip;]<\/p>\n","protected":false},"author":3,"featured_media":29643,"comment_status":"open","ping_status":"open","sticky":false,"template":"","format":"standard","meta":{"_jetpack_memberships_contains_paid_content":false,"footnotes":""},"categories":[4,8],"tags":[],"class_list":["post-29640","post","type-post","status-publish","format-standard","has-post-thumbnail","hentry","category-berazategui","category-provincia"],"yoast_head":"<!-- This site is optimized with the Yoast SEO plugin v27.5 - https:\/\/yoast.com\/product\/yoast-seo-wordpress\/ -->\n<title>Carlos Balor acompa\u00f1\u00f3 a Kicillof en el lanzamiento del MDF Juventudes - Tres Lineas Noticias<\/title>\n<meta name=\"robots\" content=\"index, follow, max-snippet:-1, max-image-preview:large, max-video-preview:-1\" \/>\n<link rel=\"canonical\" href=\"https:\/\/treslineasnoticias.com.ar\/?p=29640\" \/>\n<meta property=\"og:locale\" content=\"es_ES\" \/>\n<meta property=\"og:type\" content=\"article\" \/>\n<meta property=\"og:title\" content=\"Carlos Balor acompa\u00f1\u00f3 a Kicillof en el lanzamiento del MDF Juventudes - Tres Lineas Noticias\" \/>\n<meta property=\"og:description\" content=\"El intendente de Berazategui y presidente del PJ local, Carlos Balor, acompa\u00f1\u00f3 al gobernador bonaerense y presidente del PJ provincial, Axel Kicillof, en la presentaci\u00f3n del Movimiento Derecho al Futuro Juventudes. Fue en la Sociedad Alemana de Gimnasia de Villa Ballester, en el distrito de San Mart\u00edn, donde se reunieron m\u00e1s de 3 mil j\u00f3venes [&hellip;]\" \/>\n<meta property=\"og:url\" content=\"https:\/\/treslineasnoticias.com.ar\/?p=29640\" \/>\n<meta property=\"og:site_name\" content=\"Tres Lineas Noticias\" \/>\n<meta property=\"article:published_time\" content=\"2026-08-31T22:13:21+00:00\" \/>\n<meta property=\"article:modified_time\" content=\"2026-08-31T22:13:23+00:00\" \/>\n<meta property=\"og:image\" content=\"http:\/\/treslineasnoticias.com.ar\/wp-content\/uploads\/2026\/08\/Carlos-Balor-acompano-a-Kicillof-en-el-lanzamiento-del-MDF-Juventudes-4.jpg\" \/>\n\t<meta property=\"og:image:width\" content=\"1920\" \/>\n\t<meta property=\"og:image:height\" content=\"1280\" \/>\n\t<meta property=\"og:image:type\" content=\"image\/jpeg\" \/>\n<meta name=\"author\" content=\"Horacio L\u00f3pez\" \/>\n<meta name=\"twitter:card\" content=\"summary_large_image\" \/>\n<meta name=\"twitter:label1\" content=\"Escrito por\" \/>\n\t<meta name=\"twitter:data1\" content=\"Horacio L\u00f3pez\" \/>\n\t<meta name=\"twitter:label2\" content=\"Tiempo de lectura\" \/>\n\t<meta name=\"twitter:data2\" content=\"2 minutos\" \/>\n<script type=\"application\/ld+json\" class=\"yoast-schema-graph\">{\"@context\":\"https:\\\/\\\/schema.org\",\"@graph\":[{\"@type\":\"Article\",\"@id\":\"https:\\\/\\\/treslineasnoticias.com.ar\\\/?p=29640#article\",\"isPartOf\":{\"@id\":\"https:\\\/\\\/treslineasnoticias.com.ar\\\/?p=29640\"},\"author\":{\"name\":\"Horacio L\u00f3pez\",\"@id\":\"https:\\\/\\\/treslineasnoticias.com.ar\\\/#\\\/schema\\\/person\\\/c5f7249e50517b84c2379b145ca14895\"},\"headline\":\"Carlos Balor acompa\u00f1\u00f3 a Kicillof en el lanzamiento del MDF Juventudes\",\"datePublished\":\"2026-08-31T22:13:21+00:00\",\"dateModified\":\"2026-08-31T22:13:23+00:00\",\"mainEntityOfPage\":{\"@id\":\"https:\\\/\\\/treslineasnoticias.com.ar\\\/?p=29640\"},\"wordCount\":244,\"commentCount\":0,\"image\":{\"@id\":\"https:\\\/\\\/treslineasnoticias.com.ar\\\/?p=29640#primaryimage\"},\"thumbnailUrl\":\"https:\\\/\\\/treslineasnoticias.com.ar\\\/wp-content\\\/uploads\\\/2026\\\/08\\\/Carlos-Balor-acompano-a-Kicillof-en-el-lanzamiento-del-MDF-Juventudes-4.jpg\",\"articleSection\":[\"Berazategui\",\"Provincia\"],\"inLanguage\":\"es\",\"potentialAction\":[{\"@type\":\"CommentAction\",\"name\":\"Comment\",\"target\":[\"https:\\\/\\\/treslineasnoticias.com.ar\\\/?p=29640#respond\"]}]},{\"@type\":\"WebPage\",\"@id\":\"https:\\\/\\\/treslineasnoticias.com.ar\\\/?p=29640\",\"url\":\"https:\\\/\\\/treslineasnoticias.com.ar\\\/?p=29640\",\"name\":\"Carlos Balor acompa\u00f1\u00f3 a Kicillof en el lanzamiento del MDF Juventudes - Tres Lineas Noticias\",\"isPartOf\":{\"@id\":\"https:\\\/\\\/treslineasnoticias.com.ar\\\/#website\"},\"primaryImageOfPage\":{\"@id\":\"https:\\\/\\\/treslineasnoticias.com.ar\\\/?p=29640#primaryimage\"},\"image\":{\"@id\":\"https:\\\/\\\/treslineasnoticias.com.ar\\\/?p=29640#primaryimage\"},\"thumbnailUrl\":\"https:\\\/\\\/treslineasnoticias.com.ar\\\/wp-content\\\/uploads\\\/2026\\\/08\\\/Carlos-Balor-acompano-a-Kicillof-en-el-lanzamiento-del-MDF-Juventudes-4.jpg\",\"datePublished\":\"2026-08-31T22:13:21+00:00\",\"dateModified\":\"2026-08-31T22:13:23+00:00\",\"author\":{\"@id\":\"https:\\\/\\\/treslineasnoticias.com.ar\\\/#\\\/schema\\\/person\\\/c5f7249e50517b84c2379b145ca14895\"},\"breadcrumb\":{\"@id\":\"https:\\\/\\\/treslineasnoticias.com.ar\\\/?p=29640#breadcrumb\"},\"inLanguage\":\"es\",\"potentialAction\":[{\"@type\":\"ReadAction\",\"target\":[\"https:\\\/\\\/treslineasnoticias.com.ar\\\/?p=29640\"]}]},{\"@type\":\"ImageObject\",\"inLanguage\":\"es\",\"@id\":\"https:\\\/\\\/treslineasnoticias.com.ar\\\/?p=29640#primaryimage\",\"url\":\"https:\\\/\\\/treslineasnoticias.com.ar\\\/wp-content\\\/uploads\\\/2026\\\/08\\\/Carlos-Balor-acompano-a-Kicillof-en-el-lanzamiento-del-MDF-Juventudes-4.jpg\",\"contentUrl\":\"https:\\\/\\\/treslineasnoticias.com.ar\\\/wp-content\\\/uploads\\\/2026\\\/08\\\/Carlos-Balor-acompano-a-Kicillof-en-el-lanzamiento-del-MDF-Juventudes-4.jpg\",\"width\":1920,\"height\":1280},{\"@type\":\"BreadcrumbList\",\"@id\":\"https:\\\/\\\/treslineasnoticias.com.ar\\\/?p=29640#breadcrumb\",\"itemListElement\":[{\"@type\":\"ListItem\",\"position\":1,\"name\":\"Portada\",\"item\":\"https:\\\/\\\/treslineasnoticias.com.ar\\\/\"},{\"@type\":\"ListItem\",\"position\":2,\"name\":\"Carlos Balor acompa\u00f1\u00f3 a Kicillof en el lanzamiento del MDF Juventudes\"}]},{\"@type\":\"WebSite\",\"@id\":\"https:\\\/\\\/treslineasnoticias.com.ar\\\/#website\",\"url\":\"https:\\\/\\\/treslineasnoticias.com.ar\\\/\",\"name\":\"Tres Lineas Noticias\",\"description\":\"\",\"potentialAction\":[{\"@type\":\"SearchAction\",\"target\":{\"@type\":\"EntryPoint\",\"urlTemplate\":\"https:\\\/\\\/treslineasnoticias.com.ar\\\/?s={search_term_string}\"},\"query-input\":{\"@type\":\"PropertyValueSpecification\",\"valueRequired\":true,\"valueName\":\"search_term_string\"}}],\"inLanguage\":\"es\"},{\"@type\":\"Person\",\"@id\":\"https:\\\/\\\/treslineasnoticias.com.ar\\\/#\\\/schema\\\/person\\\/c5f7249e50517b84c2379b145ca14895\",\"name\":\"Horacio L\u00f3pez\",\"image\":{\"@type\":\"ImageObject\",\"inLanguage\":\"es\",\"@id\":\"https:\\\/\\\/treslineasnoticias.com.ar\\\/wp-content\\\/litespeed\\\/avatar\\\/f5a5e9d378b20cf999cb9a940a8324f3.jpg?ver=1788116984\",\"url\":\"https:\\\/\\\/treslineasnoticias.com.ar\\\/wp-content\\\/litespeed\\\/avatar\\\/f5a5e9d378b20cf999cb9a940a8324f3.jpg?ver=1788116984\",\"contentUrl\":\"https:\\\/\\\/treslineasnoticias.com.ar\\\/wp-content\\\/litespeed\\\/avatar\\\/f5a5e9d378b20cf999cb9a940a8324f3.jpg?ver=1788116984\",\"caption\":\"Horacio L\u00f3pez\"},\"sameAs\":[\"http:\\\/\\\/treslineasnoticias.com.ar\"],\"url\":\"https:\\\/\\\/treslineasnoticias.com.ar\\\/?author=3\"}]}<\/script>\n<!-- \/ Yoast SEO plugin. -->","yoast_head_json":{"title":"Carlos Balor acompa\u00f1\u00f3 a Kicillof en el lanzamiento del MDF Juventudes - Tres Lineas Noticias","robots":{"index":"index","follow":"follow","max-snippet":"max-snippet:-1","max-image-preview":"max-image-preview:large","max-video-preview":"max-video-preview:-1"},"canonical":"https:\/\/treslineasnoticias.com.ar\/?p=29640","og_locale":"es_ES","og_type":"article","og_title":"Carlos Balor acompa\u00f1\u00f3 a Kicillof en el lanzamiento del MDF Juventudes - Tres Lineas Noticias","og_description":"El intendente de Berazategui y presidente del PJ local, Carlos Balor, acompa\u00f1\u00f3 al gobernador bonaerense y presidente del PJ provincial, Axel Kicillof, en la presentaci\u00f3n del Movimiento Derecho al Futuro Juventudes. Fue en la Sociedad Alemana de Gimnasia de Villa Ballester, en el distrito de San Mart\u00edn, donde se reunieron m\u00e1s de 3 mil j\u00f3venes [&hellip;]","og_url":"https:\/\/treslineasnoticias.com.ar\/?p=29640","og_site_name":"Tres Lineas Noticias","article_published_time":"2026-08-31T22:13:21+00:00","article_modified_time":"2026-08-31T22:13:23+00:00","og_image":[{"width":1920,"height":1280,"url":"http:\/\/treslineasnoticias.com.ar\/wp-content\/uploads\/2026\/08\/Carlos-Balor-acompano-a-Kicillof-en-el-lanzamiento-del-MDF-Juventudes-4.jpg","type":"image\/jpeg"}],"author":"Horacio L\u00f3pez","twitter_card":"summary_large_image","twitter_misc":{"Escrito por":"Horacio L\u00f3pez","Tiempo de lectura":"2 minutos"},"schema":{"@context":"https:\/\/schema.org","@graph":[{"@type":"Article","@id":"https:\/\/treslineasnoticias.com.ar\/?p=29640#article","isPartOf":{"@id":"https:\/\/treslineasnoticias.com.ar\/?p=29640"},"author":{"name":"Horacio L\u00f3pez","@id":"https:\/\/treslineasnoticias.com.ar\/#\/schema\/person\/c5f7249e50517b84c2379b145ca14895"},"headline":"Carlos Balor acompa\u00f1\u00f3 a Kicillof en el lanzamiento del MDF Juventudes","datePublished":"2026-08-31T22:13:21+00:00","dateModified":"2026-08-31T22:13:23+00:00","mainEntityOfPage":{"@id":"https:\/\/treslineasnoticias.com.ar\/?p=29640"},"wordCount":244,"commentCount":0,"image":{"@id":"https:\/\/treslineasnoticias.com.ar\/?p=29640#primaryimage"},"thumbnailUrl":"https:\/\/treslineasnoticias.com.ar\/wp-content\/uploads\/2026\/08\/Carlos-Balor-acompano-a-Kicillof-en-el-lanzamiento-del-MDF-Juventudes-4.jpg","articleSection":["Berazategui","Provincia"],"inLanguage":"es","potentialAction":[{"@type":"CommentAction","name":"Comment","target":["https:\/\/treslineasnoticias.com.ar\/?p=29640#respond"]}]},{"@type":"WebPage","@id":"https:\/\/treslineasnoticias.com.ar\/?p=29640","url":"https:\/\/treslineasnoticias.com.ar\/?p=29640","name":"Carlos Balor acompa\u00f1\u00f3 a Kicillof en el lanzamiento del MDF Juventudes - Tres Lineas Noticias","isPartOf":{"@id":"https:\/\/treslineasnoticias.com.ar\/#website"},"primaryImageOfPage":{"@id":"https:\/\/treslineasnoticias.com.ar\/?p=29640#primaryimage"},"image":{"@id":"https:\/\/treslineasnoticias.com.ar\/?p=29640#primaryimage"},"thumbnailUrl":"https:\/\/treslineasnoticias.com.ar\/wp-content\/uploads\/2026\/08\/Carlos-Balor-acompano-a-Kicillof-en-el-lanzamiento-del-MDF-Juventudes-4.jpg","datePublished":"2026-08-31T22:13:21+00:00","dateModified":"2026-08-31T22:13:23+00:00","author":{"@id":"https:\/\/treslineasnoticias.com.ar\/#\/schema\/person\/c5f7249e50517b84c2379b145ca14895"},"breadcrumb":{"@id":"https:\/\/treslineasnoticias.com.ar\/?p=29640#breadcrumb"},"inLanguage":"es","potentialAction":[{"@type":"ReadAction","target":["https:\/\/treslineasnoticias.com.ar\/?p=29640"]}]},{"@type":"ImageObject","inLanguage":"es","@id":"https:\/\/treslineasnoticias.com.ar\/?p=29640#primaryimage","url":"https:\/\/treslineasnoticias.com.ar\/wp-content\/uploads\/2026\/08\/Carlos-Balor-acompano-a-Kicillof-en-el-lanzamiento-del-MDF-Juventudes-4.jpg","contentUrl":"https:\/\/treslineasnoticias.com.ar\/wp-content\/uploads\/2026\/08\/Carlos-Balor-acompano-a-Kicillof-en-el-lanzamiento-del-MDF-Juventudes-4.jpg","width":1920,"height":1280},{"@type":"BreadcrumbList","@id":"https:\/\/treslineasnoticias.com.ar\/?p=29640#breadcrumb","itemListElement":[{"@type":"ListItem","position":1,"name":"Portada","item":"https:\/\/treslineasnoticias.com.ar\/"},{"@type":"ListItem","position":2,"name":"Carlos Balor acompa\u00f1\u00f3 a Kicillof en el lanzamiento del MDF Juventudes"}]},{"@type":"WebSite","@id":"https:\/\/treslineasnoticias.com.ar\/#website","url":"https:\/\/treslineasnoticias.com.ar\/","name":"Tres Lineas Noticias","description":"","potentialAction":[{"@type":"SearchAction","target":{"@type":"EntryPoint","urlTemplate":"https:\/\/treslineasnoticias.com.ar\/?s={search_term_string}"},"query-input":{"@type":"PropertyValueSpecification","valueRequired":true,"valueName":"search_term_string"}}],"inLanguage":"es"},{"@type":"Person","@id":"https:\/\/treslineasnoticias.com.ar\/#\/schema\/person\/c5f7249e50517b84c2379b145ca14895","name":"Horacio L\u00f3pez","image":{"@type":"ImageObject","inLanguage":"es","@id":"https:\/\/treslineasnoticias.com.ar\/wp-content\/litespeed\/avatar\/f5a5e9d378b20cf999cb9a940a8324f3.jpg?ver=1788116984","url":"https:\/\/treslineasnoticias.com.ar\/wp-content\/litespeed\/avatar\/f5a5e9d378b20cf999cb9a940a8324f3.jpg?ver=1788116984","contentUrl":"https:\/\/treslineasnoticias.com.ar\/wp-content\/litespeed\/avatar\/f5a5e9d378b20cf999cb9a940a8324f3.jpg?ver=1788116984","caption":"Horacio L\u00f3pez"},"sameAs":["http:\/\/treslineasnoticias.com.ar"],"url":"https:\/\/treslineasnoticias.com.ar\/?author=3"}]}},"jetpack_featured_media_url":"https:\/\/treslineasnoticias.com.ar\/wp-content\/uploads\/2026\/08\/Carlos-Balor-acompano-a-Kicillof-en-el-lanzamiento-del-MDF-Juventudes-4.jpg","jetpack_sharing_enabled":true,"_links":{"self":[{"href":"https:\/\/treslineasnoticias.com.ar\/index.php?rest_route=\/wp\/v2\/posts\/29640","targetHints":{"allow":["GET"]}}],"collection":[{"href":"https:\/\/treslineasnoticias.com.ar\/index.php?rest_route=\/wp\/v2\/posts"}],"about":[{"href":"https:\/\/treslineasnoticias.com.ar\/index.php?rest_route=\/wp\/v2\/types\/post"}],"author":[{"embeddable":true,"href":"https:\/\/treslineasnoticias.com.ar\/index.php?rest_route=\/wp\/v2\/users\/3"}],"replies":[{"embeddable":true,"href":"https:\/\/treslineasnoticias.com.ar\/index.php?rest_route=%2Fwp%2Fv2%2Fcomments&post=29640"}],"version-history":[{"count":1,"href":"https:\/\/treslineasnoticias.com.ar\/index.php?rest_route=\/wp\/v2\/posts\/29640\/revisions"}],"predecessor-version":[{"id":29644,"href":"https:\/\/treslineasnoticias.com.ar\/index.php?rest_route=\/wp\/v2\/posts\/29640\/revisions\/29644"}],"wp:featuredmedia":[{"embeddable":true,"href":"https:\/\/treslineasnoticias.com.ar\/index.php?rest_route=\/wp\/v2\/media\/29643"}],"wp:attachment":[{"href":"https:\/\/treslineasnoticias.com.ar\/index.php?rest_route=%2Fwp%2Fv2%2Fmedia&parent=29640"}],"wp:term":[{"taxonomy":"category","embeddable":true,"href":"https:\/\/treslineasnoticias.com.ar\/index.php?rest_route=%2Fwp%2Fv2%2Fcategories&post=29640"},{"taxonomy":"post_tag","embeddable":true,"href":"https:\/\/treslineasnoticias.com.ar\/index.php?rest_route=%2Fwp%2Fv2%2Ftags&post=29640"}],"curies":[{"name":"wp","href":"https:\/\/api.w.org\/{rel}","templated":true}]}}