{"id":29645,"date":"2026-08-31T19:16:29","date_gmt":"2026-08-31T22:16:29","guid":{"rendered":"https:\/\/treslineasnoticias.com.ar\/?p=29645"},"modified":"2026-08-31T19:16:30","modified_gmt":"2026-08-31T22:16:30","slug":"veteranos-de-guerra-de-quilmes-llevaron-adelante-la-segunda-jornada-de-capacitacion-de-trabajadores-municipales-en-la-causa-malvinas","status":"publish","type":"post","link":"https:\/\/treslineasnoticias.com.ar\/?p=29645","title":{"rendered":"Veteranos de Guerra de Quilmes llevaron adelante la segunda jornada de capacitaci\u00f3n de trabajadores municipales en la causa Malvinas"},"content":{"rendered":"\n<p><strong><em>La iniciativa llevada adelante por el Centro de Veteranos de Guerra Malvinas Quilmes, en el marco de un convenio de cooperaci\u00f3n conjunta con el Municipio, de brindar capacitaciones obligatorias destinadas a la formaci\u00f3n de los agentes municipales en la causa Malvinas, tuvo ya su segunda jornada, y comenz\u00f3 a tener incidencia en distintos distritos del resto de la Argentina, que quieren replicar este proyecto liderado por los Veteranos locales.<\/em><\/strong><\/p>\n\n\n\n<p>\u00abCuando desde el Municipio nos dijeron de hacer una capacitaci\u00f3n pensamos que este era el camino, con una charla en nuestro museo cont\u00e1ndoles por qu\u00e9 las Malvinas son argentinas, lo que hemos sufrido los soldados y por qu\u00e9 estamos luchando esta segunda guerra, que es la guerra cultural, que es tan importante. Porque la causa Malvinas nos tiene que unir a todos porque estamos defendiendo nuestra soberan\u00eda\u201d, se\u00f1al\u00f3 el director del Museo de Malvinas de Quilmes e integrante de la Comisi\u00f3n Directiva del Centro de Veteranos, H\u00e9ctor Nazaralet.<\/p>\n\n\n\n<figure class=\"wp-block-image size-large\"><img loading=\"lazy\" decoding=\"async\" width=\"1024\" height=\"682\" src=\"http:\/\/treslineasnoticias.com.ar\/wp-content\/uploads\/2026\/08\/VETERANOS-DE-GUERRA-DE-QUILMES-LLEVARON-ADELANTE-LA-SEGUNDA-JORNADA-DE-CAPACITACION-DE-TRABAJADORES-MUNICIPALES-EN-LA-CAUSA-MALVINAS-2-1024x682.jpg\" alt=\"\" class=\"wp-image-29646\" srcset=\"https:\/\/treslineasnoticias.com.ar\/wp-content\/uploads\/2026\/08\/VETERANOS-DE-GUERRA-DE-QUILMES-LLEVARON-ADELANTE-LA-SEGUNDA-JORNADA-DE-CAPACITACION-DE-TRABAJADORES-MUNICIPALES-EN-LA-CAUSA-MALVINAS-2-1024x682.jpg 1024w, https:\/\/treslineasnoticias.com.ar\/wp-content\/uploads\/2026\/08\/VETERANOS-DE-GUERRA-DE-QUILMES-LLEVARON-ADELANTE-LA-SEGUNDA-JORNADA-DE-CAPACITACION-DE-TRABAJADORES-MUNICIPALES-EN-LA-CAUSA-MALVINAS-2-300x200.jpg 300w, https:\/\/treslineasnoticias.com.ar\/wp-content\/uploads\/2026\/08\/VETERANOS-DE-GUERRA-DE-QUILMES-LLEVARON-ADELANTE-LA-SEGUNDA-JORNADA-DE-CAPACITACION-DE-TRABAJADORES-MUNICIPALES-EN-LA-CAUSA-MALVINAS-2-768x512.jpg 768w, https:\/\/treslineasnoticias.com.ar\/wp-content\/uploads\/2026\/08\/VETERANOS-DE-GUERRA-DE-QUILMES-LLEVARON-ADELANTE-LA-SEGUNDA-JORNADA-DE-CAPACITACION-DE-TRABAJADORES-MUNICIPALES-EN-LA-CAUSA-MALVINAS-2.jpg 1280w\" sizes=\"auto, (max-width: 1024px) 100vw, 1024px\" \/><\/figure>\n\n\n\n<p>En este contexto, sobre la intenci\u00f3n de otros distritos y Centros de Veteranos del resto del pa\u00eds de implementar esta iniciativa, el Ex Combatiente coment\u00f3 que \u201cHicimos foros interactivos en los que participaron 10 centros de veteranos de 8 provincias, y estamos formando un foro de educaci\u00f3n a nivel nacional\u00bb.<\/p>\n\n\n\n<p>El objetivo de los cursos es difundir los hechos ocurridos en las Islas durante el conflicto b\u00e9lico con Inglaterra, y a la vez, reafirmar los derechos y hacer hincapi\u00e9 en defender la soberan\u00eda nacional. Las capacitaciones est\u00e1n a cargo de excombatientes del Centro de Veteranos de Guerra Malvinas Quilmes, quienes comparten su experiencia y promueven el conocimiento profundo de la historia desde una perspectiva de soberan\u00eda, memoria y compromiso ciudadano.<\/p>\n\n\n\n<p>Una de las participantes del curso y trabajadora del \u00e1rea de Hacienda de la Comuna, Natalia Casas, expres\u00f3: \u201cEsta convocatoria super\u00f3 ampliamente mis expectativas, voy a hablar con mi familia y tambi\u00e9n con mis amigas y les voy a recomendar a todas que vengan, porque creo que es muy importante que este conocimiento que nos transmitieron los veteranos no se pierda y se siga difundiendo tanto para nuestra generaci\u00f3n como para las venideras. Estoy realmente muy contenta con la iniciativa, que adem\u00e1s fue muy llevadera\u201d.<\/p>\n\n\n\n<figure class=\"wp-block-image size-large\"><img loading=\"lazy\" decoding=\"async\" width=\"1024\" height=\"682\" src=\"http:\/\/treslineasnoticias.com.ar\/wp-content\/uploads\/2026\/08\/VETERANOS-DE-GUERRA-DE-QUILMES-LLEVARON-ADELANTE-LA-SEGUNDA-JORNADA-DE-CAPACITACION-DE-TRABAJADORES-MUNICIPALES-EN-LA-CAUSA-MALVINAS-3-1024x682.jpg\" alt=\"\" class=\"wp-image-29647\" srcset=\"https:\/\/treslineasnoticias.com.ar\/wp-content\/uploads\/2026\/08\/VETERANOS-DE-GUERRA-DE-QUILMES-LLEVARON-ADELANTE-LA-SEGUNDA-JORNADA-DE-CAPACITACION-DE-TRABAJADORES-MUNICIPALES-EN-LA-CAUSA-MALVINAS-3-1024x682.jpg 1024w, https:\/\/treslineasnoticias.com.ar\/wp-content\/uploads\/2026\/08\/VETERANOS-DE-GUERRA-DE-QUILMES-LLEVARON-ADELANTE-LA-SEGUNDA-JORNADA-DE-CAPACITACION-DE-TRABAJADORES-MUNICIPALES-EN-LA-CAUSA-MALVINAS-3-300x200.jpg 300w, https:\/\/treslineasnoticias.com.ar\/wp-content\/uploads\/2026\/08\/VETERANOS-DE-GUERRA-DE-QUILMES-LLEVARON-ADELANTE-LA-SEGUNDA-JORNADA-DE-CAPACITACION-DE-TRABAJADORES-MUNICIPALES-EN-LA-CAUSA-MALVINAS-3-768x512.jpg 768w, https:\/\/treslineasnoticias.com.ar\/wp-content\/uploads\/2026\/08\/VETERANOS-DE-GUERRA-DE-QUILMES-LLEVARON-ADELANTE-LA-SEGUNDA-JORNADA-DE-CAPACITACION-DE-TRABAJADORES-MUNICIPALES-EN-LA-CAUSA-MALVINAS-3.jpg 1280w\" sizes=\"auto, (max-width: 1024px) 100vw, 1024px\" \/><\/figure>\n\n\n\n<p>En esta segunda jornada, trabajadores de diferentes \u00e1reas municipales participaron del encuentro, en el que se profundiz\u00f3 en la formaci\u00f3n y reflexi\u00f3n sobre la causa Malvinas, y que continuar\u00e1 realiz\u00e1ndose regularmente hasta completar el total del personal.<\/p>\n\n\n\n<p>El taller pone el foco en los derechos soberanos de la Argentina sobre las Islas Malvinas y la Ant\u00e1rtida Argentina. El Centro de Veteranos de Guerra Malvinas Quilmes honra la memoria de sus ca\u00eddos en combate librando su segunda gran batalla: la batalla cultural, convencidos de que la educaci\u00f3n es el camino para mantener viva la memoria y fortalecer nuestra identidad nacional.<\/p>\n","protected":false},"excerpt":{"rendered":"<p>La iniciativa llevada adelante por el Centro de Veteranos de Guerra Malvinas Quilmes, en el marco de un convenio de cooperaci\u00f3n conjunta con el Municipio, de brindar capacitaciones obligatorias destinadas a la formaci\u00f3n de los agentes municipales en la causa Malvinas, tuvo ya su segunda jornada, y comenz\u00f3 a tener incidencia en distintos distritos del [&hellip;]<\/p>\n","protected":false},"author":3,"featured_media":29648,"comment_status":"open","ping_status":"open","sticky":false,"template":"","format":"standard","meta":{"_jetpack_memberships_contains_paid_content":false,"footnotes":""},"categories":[5],"tags":[],"class_list":["post-29645","post","type-post","status-publish","format-standard","has-post-thumbnail","hentry","category-quilmes"],"yoast_head":"<!-- This site is optimized with the Yoast SEO plugin v27.5 - https:\/\/yoast.com\/product\/yoast-seo-wordpress\/ -->\n<title>Veteranos de Guerra de Quilmes llevaron adelante la segunda jornada de capacitaci\u00f3n de trabajadores municipales en la causa Malvinas - Tres Lineas Noticias<\/title>\n<meta name=\"robots\" content=\"index, follow, max-snippet:-1, max-image-preview:large, max-video-preview:-1\" \/>\n<link rel=\"canonical\" href=\"https:\/\/treslineasnoticias.com.ar\/?p=29645\" \/>\n<meta property=\"og:locale\" content=\"es_ES\" \/>\n<meta property=\"og:type\" content=\"article\" \/>\n<meta property=\"og:title\" content=\"Veteranos de Guerra de Quilmes llevaron adelante la segunda jornada de capacitaci\u00f3n de trabajadores municipales en la causa Malvinas - Tres Lineas Noticias\" \/>\n<meta property=\"og:description\" content=\"La iniciativa llevada adelante por el Centro de Veteranos de Guerra Malvinas Quilmes, en el marco de un convenio de cooperaci\u00f3n conjunta con el Municipio, de brindar capacitaciones obligatorias destinadas a la formaci\u00f3n de los agentes municipales en la causa Malvinas, tuvo ya su segunda jornada, y comenz\u00f3 a tener incidencia en distintos distritos del [&hellip;]\" \/>\n<meta property=\"og:url\" content=\"https:\/\/treslineasnoticias.com.ar\/?p=29645\" \/>\n<meta property=\"og:site_name\" content=\"Tres Lineas Noticias\" \/>\n<meta property=\"article:published_time\" content=\"2026-08-31T22:16:29+00:00\" \/>\n<meta property=\"article:modified_time\" content=\"2026-08-31T22:16:30+00:00\" \/>\n<meta property=\"og:image\" content=\"http:\/\/treslineasnoticias.com.ar\/wp-content\/uploads\/2026\/08\/VETERANOS-DE-GUERRA-DE-QUILMES-LLEVARON-ADELANTE-LA-SEGUNDA-JORNADA-DE-CAPACITACION-DE-TRABAJADORES-MUNICIPALES-EN-LA-CAUSA-MALVINAS-1.jpg\" \/>\n\t<meta property=\"og:image:width\" content=\"1280\" \/>\n\t<meta property=\"og:image:height\" content=\"853\" \/>\n\t<meta property=\"og:image:type\" content=\"image\/jpeg\" \/>\n<meta name=\"author\" content=\"Horacio L\u00f3pez\" \/>\n<meta name=\"twitter:card\" content=\"summary_large_image\" \/>\n<meta name=\"twitter:label1\" content=\"Escrito por\" \/>\n\t<meta name=\"twitter:data1\" content=\"Horacio L\u00f3pez\" \/>\n\t<meta name=\"twitter:label2\" content=\"Tiempo de lectura\" \/>\n\t<meta name=\"twitter:data2\" content=\"3 minutos\" \/>\n<script type=\"application\/ld+json\" class=\"yoast-schema-graph\">{\"@context\":\"https:\\\/\\\/schema.org\",\"@graph\":[{\"@type\":\"Article\",\"@id\":\"https:\\\/\\\/treslineasnoticias.com.ar\\\/?p=29645#article\",\"isPartOf\":{\"@id\":\"https:\\\/\\\/treslineasnoticias.com.ar\\\/?p=29645\"},\"author\":{\"name\":\"Horacio L\u00f3pez\",\"@id\":\"https:\\\/\\\/treslineasnoticias.com.ar\\\/#\\\/schema\\\/person\\\/c5f7249e50517b84c2379b145ca14895\"},\"headline\":\"Veteranos de Guerra de Quilmes llevaron adelante la segunda jornada de capacitaci\u00f3n de trabajadores municipales en la causa Malvinas\",\"datePublished\":\"2026-08-31T22:16:29+00:00\",\"dateModified\":\"2026-08-31T22:16:30+00:00\",\"mainEntityOfPage\":{\"@id\":\"https:\\\/\\\/treslineasnoticias.com.ar\\\/?p=29645\"},\"wordCount\":503,\"commentCount\":0,\"image\":{\"@id\":\"https:\\\/\\\/treslineasnoticias.com.ar\\\/?p=29645#primaryimage\"},\"thumbnailUrl\":\"https:\\\/\\\/treslineasnoticias.com.ar\\\/wp-content\\\/uploads\\\/2026\\\/08\\\/VETERANOS-DE-GUERRA-DE-QUILMES-LLEVARON-ADELANTE-LA-SEGUNDA-JORNADA-DE-CAPACITACION-DE-TRABAJADORES-MUNICIPALES-EN-LA-CAUSA-MALVINAS-1.jpg\",\"articleSection\":[\"Quilmes\"],\"inLanguage\":\"es\",\"potentialAction\":[{\"@type\":\"CommentAction\",\"name\":\"Comment\",\"target\":[\"https:\\\/\\\/treslineasnoticias.com.ar\\\/?p=29645#respond\"]}]},{\"@type\":\"WebPage\",\"@id\":\"https:\\\/\\\/treslineasnoticias.com.ar\\\/?p=29645\",\"url\":\"https:\\\/\\\/treslineasnoticias.com.ar\\\/?p=29645\",\"name\":\"Veteranos de Guerra de Quilmes llevaron adelante la segunda jornada de capacitaci\u00f3n de trabajadores municipales en la causa Malvinas - Tres Lineas Noticias\",\"isPartOf\":{\"@id\":\"https:\\\/\\\/treslineasnoticias.com.ar\\\/#website\"},\"primaryImageOfPage\":{\"@id\":\"https:\\\/\\\/treslineasnoticias.com.ar\\\/?p=29645#primaryimage\"},\"image\":{\"@id\":\"https:\\\/\\\/treslineasnoticias.com.ar\\\/?p=29645#primaryimage\"},\"thumbnailUrl\":\"https:\\\/\\\/treslineasnoticias.com.ar\\\/wp-content\\\/uploads\\\/2026\\\/08\\\/VETERANOS-DE-GUERRA-DE-QUILMES-LLEVARON-ADELANTE-LA-SEGUNDA-JORNADA-DE-CAPACITACION-DE-TRABAJADORES-MUNICIPALES-EN-LA-CAUSA-MALVINAS-1.jpg\",\"datePublished\":\"2026-08-31T22:16:29+00:00\",\"dateModified\":\"2026-08-31T22:16:30+00:00\",\"author\":{\"@id\":\"https:\\\/\\\/treslineasnoticias.com.ar\\\/#\\\/schema\\\/person\\\/c5f7249e50517b84c2379b145ca14895\"},\"breadcrumb\":{\"@id\":\"https:\\\/\\\/treslineasnoticias.com.ar\\\/?p=29645#breadcrumb\"},\"inLanguage\":\"es\",\"potentialAction\":[{\"@type\":\"ReadAction\",\"target\":[\"https:\\\/\\\/treslineasnoticias.com.ar\\\/?p=29645\"]}]},{\"@type\":\"ImageObject\",\"inLanguage\":\"es\",\"@id\":\"https:\\\/\\\/treslineasnoticias.com.ar\\\/?p=29645#primaryimage\",\"url\":\"https:\\\/\\\/treslineasnoticias.com.ar\\\/wp-content\\\/uploads\\\/2026\\\/08\\\/VETERANOS-DE-GUERRA-DE-QUILMES-LLEVARON-ADELANTE-LA-SEGUNDA-JORNADA-DE-CAPACITACION-DE-TRABAJADORES-MUNICIPALES-EN-LA-CAUSA-MALVINAS-1.jpg\",\"contentUrl\":\"https:\\\/\\\/treslineasnoticias.com.ar\\\/wp-content\\\/uploads\\\/2026\\\/08\\\/VETERANOS-DE-GUERRA-DE-QUILMES-LLEVARON-ADELANTE-LA-SEGUNDA-JORNADA-DE-CAPACITACION-DE-TRABAJADORES-MUNICIPALES-EN-LA-CAUSA-MALVINAS-1.jpg\",\"width\":1280,\"height\":853},{\"@type\":\"BreadcrumbList\",\"@id\":\"https:\\\/\\\/treslineasnoticias.com.ar\\\/?p=29645#breadcrumb\",\"itemListElement\":[{\"@type\":\"ListItem\",\"position\":1,\"name\":\"Portada\",\"item\":\"https:\\\/\\\/treslineasnoticias.com.ar\\\/\"},{\"@type\":\"ListItem\",\"position\":2,\"name\":\"Veteranos de Guerra de Quilmes llevaron adelante la segunda jornada de capacitaci\u00f3n de trabajadores municipales en la causa Malvinas\"}]},{\"@type\":\"WebSite\",\"@id\":\"https:\\\/\\\/treslineasnoticias.com.ar\\\/#website\",\"url\":\"https:\\\/\\\/treslineasnoticias.com.ar\\\/\",\"name\":\"Tres Lineas Noticias\",\"description\":\"\",\"potentialAction\":[{\"@type\":\"SearchAction\",\"target\":{\"@type\":\"EntryPoint\",\"urlTemplate\":\"https:\\\/\\\/treslineasnoticias.com.ar\\\/?s={search_term_string}\"},\"query-input\":{\"@type\":\"PropertyValueSpecification\",\"valueRequired\":true,\"valueName\":\"search_term_string\"}}],\"inLanguage\":\"es\"},{\"@type\":\"Person\",\"@id\":\"https:\\\/\\\/treslineasnoticias.com.ar\\\/#\\\/schema\\\/person\\\/c5f7249e50517b84c2379b145ca14895\",\"name\":\"Horacio L\u00f3pez\",\"image\":{\"@type\":\"ImageObject\",\"inLanguage\":\"es\",\"@id\":\"https:\\\/\\\/treslineasnoticias.com.ar\\\/wp-content\\\/litespeed\\\/avatar\\\/f5a5e9d378b20cf999cb9a940a8324f3.jpg?ver=1788116984\",\"url\":\"https:\\\/\\\/treslineasnoticias.com.ar\\\/wp-content\\\/litespeed\\\/avatar\\\/f5a5e9d378b20cf999cb9a940a8324f3.jpg?ver=1788116984\",\"contentUrl\":\"https:\\\/\\\/treslineasnoticias.com.ar\\\/wp-content\\\/litespeed\\\/avatar\\\/f5a5e9d378b20cf999cb9a940a8324f3.jpg?ver=1788116984\",\"caption\":\"Horacio L\u00f3pez\"},\"sameAs\":[\"http:\\\/\\\/treslineasnoticias.com.ar\"],\"url\":\"https:\\\/\\\/treslineasnoticias.com.ar\\\/?author=3\"}]}<\/script>\n<!-- \/ Yoast SEO plugin. -->","yoast_head_json":{"title":"Veteranos de Guerra de Quilmes llevaron adelante la segunda jornada de capacitaci\u00f3n de trabajadores municipales en la causa Malvinas - Tres Lineas Noticias","robots":{"index":"index","follow":"follow","max-snippet":"max-snippet:-1","max-image-preview":"max-image-preview:large","max-video-preview":"max-video-preview:-1"},"canonical":"https:\/\/treslineasnoticias.com.ar\/?p=29645","og_locale":"es_ES","og_type":"article","og_title":"Veteranos de Guerra de Quilmes llevaron adelante la segunda jornada de capacitaci\u00f3n de trabajadores municipales en la causa Malvinas - Tres Lineas Noticias","og_description":"La iniciativa llevada adelante por el Centro de Veteranos de Guerra Malvinas Quilmes, en el marco de un convenio de cooperaci\u00f3n conjunta con el Municipio, de brindar capacitaciones obligatorias destinadas a la formaci\u00f3n de los agentes municipales en la causa Malvinas, tuvo ya su segunda jornada, y comenz\u00f3 a tener incidencia en distintos distritos del [&hellip;]","og_url":"https:\/\/treslineasnoticias.com.ar\/?p=29645","og_site_name":"Tres Lineas Noticias","article_published_time":"2026-08-31T22:16:29+00:00","article_modified_time":"2026-08-31T22:16:30+00:00","og_image":[{"width":1280,"height":853,"url":"http:\/\/treslineasnoticias.com.ar\/wp-content\/uploads\/2026\/08\/VETERANOS-DE-GUERRA-DE-QUILMES-LLEVARON-ADELANTE-LA-SEGUNDA-JORNADA-DE-CAPACITACION-DE-TRABAJADORES-MUNICIPALES-EN-LA-CAUSA-MALVINAS-1.jpg","type":"image\/jpeg"}],"author":"Horacio L\u00f3pez","twitter_card":"summary_large_image","twitter_misc":{"Escrito por":"Horacio L\u00f3pez","Tiempo de lectura":"3 minutos"},"schema":{"@context":"https:\/\/schema.org","@graph":[{"@type":"Article","@id":"https:\/\/treslineasnoticias.com.ar\/?p=29645#article","isPartOf":{"@id":"https:\/\/treslineasnoticias.com.ar\/?p=29645"},"author":{"name":"Horacio L\u00f3pez","@id":"https:\/\/treslineasnoticias.com.ar\/#\/schema\/person\/c5f7249e50517b84c2379b145ca14895"},"headline":"Veteranos de Guerra de Quilmes llevaron adelante la segunda jornada de capacitaci\u00f3n de trabajadores municipales en la causa Malvinas","datePublished":"2026-08-31T22:16:29+00:00","dateModified":"2026-08-31T22:16:30+00:00","mainEntityOfPage":{"@id":"https:\/\/treslineasnoticias.com.ar\/?p=29645"},"wordCount":503,"commentCount":0,"image":{"@id":"https:\/\/treslineasnoticias.com.ar\/?p=29645#primaryimage"},"thumbnailUrl":"https:\/\/treslineasnoticias.com.ar\/wp-content\/uploads\/2026\/08\/VETERANOS-DE-GUERRA-DE-QUILMES-LLEVARON-ADELANTE-LA-SEGUNDA-JORNADA-DE-CAPACITACION-DE-TRABAJADORES-MUNICIPALES-EN-LA-CAUSA-MALVINAS-1.jpg","articleSection":["Quilmes"],"inLanguage":"es","potentialAction":[{"@type":"CommentAction","name":"Comment","target":["https:\/\/treslineasnoticias.com.ar\/?p=29645#respond"]}]},{"@type":"WebPage","@id":"https:\/\/treslineasnoticias.com.ar\/?p=29645","url":"https:\/\/treslineasnoticias.com.ar\/?p=29645","name":"Veteranos de Guerra de Quilmes llevaron adelante la segunda jornada de capacitaci\u00f3n de trabajadores municipales en la causa Malvinas - Tres Lineas Noticias","isPartOf":{"@id":"https:\/\/treslineasnoticias.com.ar\/#website"},"primaryImageOfPage":{"@id":"https:\/\/treslineasnoticias.com.ar\/?p=29645#primaryimage"},"image":{"@id":"https:\/\/treslineasnoticias.com.ar\/?p=29645#primaryimage"},"thumbnailUrl":"https:\/\/treslineasnoticias.com.ar\/wp-content\/uploads\/2026\/08\/VETERANOS-DE-GUERRA-DE-QUILMES-LLEVARON-ADELANTE-LA-SEGUNDA-JORNADA-DE-CAPACITACION-DE-TRABAJADORES-MUNICIPALES-EN-LA-CAUSA-MALVINAS-1.jpg","datePublished":"2026-08-31T22:16:29+00:00","dateModified":"2026-08-31T22:16:30+00:00","author":{"@id":"https:\/\/treslineasnoticias.com.ar\/#\/schema\/person\/c5f7249e50517b84c2379b145ca14895"},"breadcrumb":{"@id":"https:\/\/treslineasnoticias.com.ar\/?p=29645#breadcrumb"},"inLanguage":"es","potentialAction":[{"@type":"ReadAction","target":["https:\/\/treslineasnoticias.com.ar\/?p=29645"]}]},{"@type":"ImageObject","inLanguage":"es","@id":"https:\/\/treslineasnoticias.com.ar\/?p=29645#primaryimage","url":"https:\/\/treslineasnoticias.com.ar\/wp-content\/uploads\/2026\/08\/VETERANOS-DE-GUERRA-DE-QUILMES-LLEVARON-ADELANTE-LA-SEGUNDA-JORNADA-DE-CAPACITACION-DE-TRABAJADORES-MUNICIPALES-EN-LA-CAUSA-MALVINAS-1.jpg","contentUrl":"https:\/\/treslineasnoticias.com.ar\/wp-content\/uploads\/2026\/08\/VETERANOS-DE-GUERRA-DE-QUILMES-LLEVARON-ADELANTE-LA-SEGUNDA-JORNADA-DE-CAPACITACION-DE-TRABAJADORES-MUNICIPALES-EN-LA-CAUSA-MALVINAS-1.jpg","width":1280,"height":853},{"@type":"BreadcrumbList","@id":"https:\/\/treslineasnoticias.com.ar\/?p=29645#breadcrumb","itemListElement":[{"@type":"ListItem","position":1,"name":"Portada","item":"https:\/\/treslineasnoticias.com.ar\/"},{"@type":"ListItem","position":2,"name":"Veteranos de Guerra de Quilmes llevaron adelante la segunda jornada de capacitaci\u00f3n de trabajadores municipales en la causa Malvinas"}]},{"@type":"WebSite","@id":"https:\/\/treslineasnoticias.com.ar\/#website","url":"https:\/\/treslineasnoticias.com.ar\/","name":"Tres Lineas Noticias","description":"","potentialAction":[{"@type":"SearchAction","target":{"@type":"EntryPoint","urlTemplate":"https:\/\/treslineasnoticias.com.ar\/?s={search_term_string}"},"query-input":{"@type":"PropertyValueSpecification","valueRequired":true,"valueName":"search_term_string"}}],"inLanguage":"es"},{"@type":"Person","@id":"https:\/\/treslineasnoticias.com.ar\/#\/schema\/person\/c5f7249e50517b84c2379b145ca14895","name":"Horacio L\u00f3pez","image":{"@type":"ImageObject","inLanguage":"es","@id":"https:\/\/treslineasnoticias.com.ar\/wp-content\/litespeed\/avatar\/f5a5e9d378b20cf999cb9a940a8324f3.jpg?ver=1788116984","url":"https:\/\/treslineasnoticias.com.ar\/wp-content\/litespeed\/avatar\/f5a5e9d378b20cf999cb9a940a8324f3.jpg?ver=1788116984","contentUrl":"https:\/\/treslineasnoticias.com.ar\/wp-content\/litespeed\/avatar\/f5a5e9d378b20cf999cb9a940a8324f3.jpg?ver=1788116984","caption":"Horacio L\u00f3pez"},"sameAs":["http:\/\/treslineasnoticias.com.ar"],"url":"https:\/\/treslineasnoticias.com.ar\/?author=3"}]}},"jetpack_featured_media_url":"https:\/\/treslineasnoticias.com.ar\/wp-content\/uploads\/2026\/08\/VETERANOS-DE-GUERRA-DE-QUILMES-LLEVARON-ADELANTE-LA-SEGUNDA-JORNADA-DE-CAPACITACION-DE-TRABAJADORES-MUNICIPALES-EN-LA-CAUSA-MALVINAS-1.jpg","jetpack_sharing_enabled":true,"_links":{"self":[{"href":"https:\/\/treslineasnoticias.com.ar\/index.php?rest_route=\/wp\/v2\/posts\/29645","targetHints":{"allow":["GET"]}}],"collection":[{"href":"https:\/\/treslineasnoticias.com.ar\/index.php?rest_route=\/wp\/v2\/posts"}],"about":[{"href":"https:\/\/treslineasnoticias.com.ar\/index.php?rest_route=\/wp\/v2\/types\/post"}],"author":[{"embeddable":true,"href":"https:\/\/treslineasnoticias.com.ar\/index.php?rest_route=\/wp\/v2\/users\/3"}],"replies":[{"embeddable":true,"href":"https:\/\/treslineasnoticias.com.ar\/index.php?rest_route=%2Fwp%2Fv2%2Fcomments&post=29645"}],"version-history":[{"count":1,"href":"https:\/\/treslineasnoticias.com.ar\/index.php?rest_route=\/wp\/v2\/posts\/29645\/revisions"}],"predecessor-version":[{"id":29649,"href":"https:\/\/treslineasnoticias.com.ar\/index.php?rest_route=\/wp\/v2\/posts\/29645\/revisions\/29649"}],"wp:featuredmedia":[{"embeddable":true,"href":"https:\/\/treslineasnoticias.com.ar\/index.php?rest_route=\/wp\/v2\/media\/29648"}],"wp:attachment":[{"href":"https:\/\/treslineasnoticias.com.ar\/index.php?rest_route=%2Fwp%2Fv2%2Fmedia&parent=29645"}],"wp:term":[{"taxonomy":"category","embeddable":true,"href":"https:\/\/treslineasnoticias.com.ar\/index.php?rest_route=%2Fwp%2Fv2%2Fcategories&post=29645"},{"taxonomy":"post_tag","embeddable":true,"href":"https:\/\/treslineasnoticias.com.ar\/index.php?rest_route=%2Fwp%2Fv2%2Ftags&post=29645"}],"curies":[{"name":"wp","href":"https:\/\/api.w.org\/{rel}","templated":true}]}}