{"id":29650,"date":"2026-08-31T19:19:55","date_gmt":"2026-08-31T22:19:55","guid":{"rendered":"https:\/\/treslineasnoticias.com.ar\/?p=29650"},"modified":"2026-08-31T19:19:58","modified_gmt":"2026-08-31T22:19:58","slug":"avanza-la-construccion-de-la-nueva-subida-y-bajada-de-ezpeleta-en-la-autopista-buenos-aires-la-plata-con-fondos-100-municipales","status":"publish","type":"post","link":"https:\/\/treslineasnoticias.com.ar\/?p=29650","title":{"rendered":"Avanza la construcci\u00f3n de la nueva subida y bajada de Ezpeleta en la autopista Buenos Aires-La Plata con fondos 100% municipales"},"content":{"rendered":"\n<p><strong><em>El Municipio de Quilmes informa que avanza la construcci\u00f3n de la nueva subida y bajada de Ezpeleta de la Autopista Buenos Aires-La Plata, una obra de infraestructura urbana efectuada de manera articulada con la empresa Autopistas de Buenos Aires (AUBASA) y financiada con fondos 100% municipales, que ser\u00e1 de vital importancia para los vecinos y vecinas de la zona acortando sus tiempos de viaje, y que es uno de los compromisos asumidos por Mayra Mendoza en el Plan Bianual 2025\/27.<\/em><\/strong><\/p>\n\n\n\n<figure class=\"wp-block-image size-large\"><img loading=\"lazy\" decoding=\"async\" width=\"1024\" height=\"682\" src=\"http:\/\/treslineasnoticias.com.ar\/wp-content\/uploads\/2026\/08\/4-8-1024x682.jpeg\" alt=\"\" class=\"wp-image-29653\" srcset=\"https:\/\/treslineasnoticias.com.ar\/wp-content\/uploads\/2026\/08\/4-8-1024x682.jpeg 1024w, https:\/\/treslineasnoticias.com.ar\/wp-content\/uploads\/2026\/08\/4-8-300x200.jpeg 300w, https:\/\/treslineasnoticias.com.ar\/wp-content\/uploads\/2026\/08\/4-8-768x512.jpeg 768w, https:\/\/treslineasnoticias.com.ar\/wp-content\/uploads\/2026\/08\/4-8.jpeg 1280w\" sizes=\"auto, (max-width: 1024px) 100vw, 1024px\" \/><\/figure>\n\n\n\n<p>El proyecto consiste en la construcci\u00f3n de ramas de salida y entrada a la Autopista La Plata- Buenos Aires a la altura del Km 25, con estaci\u00f3n de peajes en ambos sentidos y conexi\u00f3n a colectoras, previstas con doble sentido de circulaci\u00f3n. Tambi\u00e9n se contempla la interconexi\u00f3n entre colectoras, que junto con las rotondas y por medio de un paso en bajo nivel de la autopista permitir\u00e1n tambi\u00e9n la conexi\u00f3n y futura continuidad de la avenida Florencio Varela.<\/p>\n\n\n\n<p>En tanto, est\u00e1 previsto la construcci\u00f3n de dos puentes losas de 4 tramos de 8m que permite salvar al Canal Aliviador Arroyo Jim\u00e9nez, y dar continuidad a las colectoras frentistas de los predios de los municipios de Quilmes y Berazategui.<\/p>\n\n\n\n<p>El proyecto permitir\u00e1 mejorar el acceso y la movilidad del \u00e1rea comprendida entre la bajada de avenida Isidoro Iriarte (Quilmes) y el acceso de avenida 14 (Berazategui), reduciendo la congesti\u00f3n del tr\u00e1nsito que se registra en la actualidad y anticipando futuras necesidades de circulaci\u00f3n vinculadas al desarrollo urbano pr\u00f3ximo a la traza.<\/p>\n\n\n\n<figure class=\"wp-block-image size-large\"><img loading=\"lazy\" decoding=\"async\" width=\"1024\" height=\"682\" src=\"http:\/\/treslineasnoticias.com.ar\/wp-content\/uploads\/2026\/08\/2-11-1024x682.jpeg\" alt=\"\" class=\"wp-image-29651\" srcset=\"https:\/\/treslineasnoticias.com.ar\/wp-content\/uploads\/2026\/08\/2-11-1024x682.jpeg 1024w, https:\/\/treslineasnoticias.com.ar\/wp-content\/uploads\/2026\/08\/2-11-300x200.jpeg 300w, https:\/\/treslineasnoticias.com.ar\/wp-content\/uploads\/2026\/08\/2-11-768x512.jpeg 768w, https:\/\/treslineasnoticias.com.ar\/wp-content\/uploads\/2026\/08\/2-11.jpeg 1280w\" sizes=\"auto, (max-width: 1024px) 100vw, 1024px\" \/><\/figure>\n\n\n\n<p>A trav\u00e9s de esta obra se le dar\u00e1 continuidad a la avenida Varela, del partido de Berazategui con el sector costero, manteniendo \u00e1reas de reserva natural y favoreciendo un desarrollo arm\u00f3nico del sector y permitir\u00e1 mejorar el eje de conectividad Este-Oeste, a fin de concretar la integraci\u00f3n definitiva de Quilmes Centro, Ezpeleta y Bernal con el sector ribere\u00f1o.<\/p>\n\n\n\n<p>Adem\u00e1s de acortar los tiempos de traslado de quilme\u00f1os y berazateguenses, la imponente obra potenciar\u00e1 el circuito productivo en el Sur del Conurbano y el desarrollo urbano de la zona. Tambi\u00e9n optimizar\u00e1 la seguridad y dar\u00e1 continuidad al Plan de Mejora y Jerarquizaci\u00f3n de los Ingresos y Egresos del distrito.<\/p>\n","protected":false},"excerpt":{"rendered":"<p>El Municipio de Quilmes informa que avanza la construcci\u00f3n de la nueva subida y bajada de Ezpeleta de la Autopista Buenos Aires-La Plata, una obra de infraestructura urbana efectuada de manera articulada con la empresa Autopistas de Buenos Aires (AUBASA) y financiada con fondos 100% municipales, que ser\u00e1 de vital importancia para los vecinos y [&hellip;]<\/p>\n","protected":false},"author":3,"featured_media":29652,"comment_status":"open","ping_status":"open","sticky":false,"template":"","format":"standard","meta":{"_jetpack_memberships_contains_paid_content":false,"footnotes":""},"categories":[5],"tags":[],"class_list":["post-29650","post","type-post","status-publish","format-standard","has-post-thumbnail","hentry","category-quilmes"],"yoast_head":"<!-- This site is optimized with the Yoast SEO plugin v27.5 - https:\/\/yoast.com\/product\/yoast-seo-wordpress\/ -->\n<title>Avanza la construcci\u00f3n de la nueva subida y bajada de Ezpeleta en la autopista Buenos Aires-La Plata con fondos 100% municipales - Tres Lineas Noticias<\/title>\n<meta name=\"robots\" content=\"index, follow, max-snippet:-1, max-image-preview:large, max-video-preview:-1\" \/>\n<link rel=\"canonical\" href=\"https:\/\/treslineasnoticias.com.ar\/?p=29650\" \/>\n<meta property=\"og:locale\" content=\"es_ES\" \/>\n<meta property=\"og:type\" content=\"article\" \/>\n<meta property=\"og:title\" content=\"Avanza la construcci\u00f3n de la nueva subida y bajada de Ezpeleta en la autopista Buenos Aires-La Plata con fondos 100% municipales - Tres Lineas Noticias\" \/>\n<meta property=\"og:description\" content=\"El Municipio de Quilmes informa que avanza la construcci\u00f3n de la nueva subida y bajada de Ezpeleta de la Autopista Buenos Aires-La Plata, una obra de infraestructura urbana efectuada de manera articulada con la empresa Autopistas de Buenos Aires (AUBASA) y financiada con fondos 100% municipales, que ser\u00e1 de vital importancia para los vecinos y [&hellip;]\" \/>\n<meta property=\"og:url\" content=\"https:\/\/treslineasnoticias.com.ar\/?p=29650\" \/>\n<meta property=\"og:site_name\" content=\"Tres Lineas Noticias\" \/>\n<meta property=\"article:published_time\" content=\"2026-08-31T22:19:55+00:00\" \/>\n<meta property=\"article:modified_time\" content=\"2026-08-31T22:19:58+00:00\" \/>\n<meta property=\"og:image\" content=\"http:\/\/treslineasnoticias.com.ar\/wp-content\/uploads\/2026\/08\/3-5.jpeg\" \/>\n\t<meta property=\"og:image:width\" content=\"1280\" \/>\n\t<meta property=\"og:image:height\" content=\"853\" \/>\n\t<meta property=\"og:image:type\" content=\"image\/jpeg\" \/>\n<meta name=\"author\" content=\"Horacio L\u00f3pez\" \/>\n<meta name=\"twitter:card\" content=\"summary_large_image\" \/>\n<meta name=\"twitter:label1\" content=\"Escrito por\" \/>\n\t<meta name=\"twitter:data1\" content=\"Horacio L\u00f3pez\" \/>\n\t<meta name=\"twitter:label2\" content=\"Tiempo de lectura\" \/>\n\t<meta name=\"twitter:data2\" content=\"3 minutos\" \/>\n<script type=\"application\/ld+json\" class=\"yoast-schema-graph\">{\"@context\":\"https:\\\/\\\/schema.org\",\"@graph\":[{\"@type\":\"Article\",\"@id\":\"https:\\\/\\\/treslineasnoticias.com.ar\\\/?p=29650#article\",\"isPartOf\":{\"@id\":\"https:\\\/\\\/treslineasnoticias.com.ar\\\/?p=29650\"},\"author\":{\"name\":\"Horacio L\u00f3pez\",\"@id\":\"https:\\\/\\\/treslineasnoticias.com.ar\\\/#\\\/schema\\\/person\\\/c5f7249e50517b84c2379b145ca14895\"},\"headline\":\"Avanza la construcci\u00f3n de la nueva subida y bajada de Ezpeleta en la autopista Buenos Aires-La Plata con fondos 100% municipales\",\"datePublished\":\"2026-08-31T22:19:55+00:00\",\"dateModified\":\"2026-08-31T22:19:58+00:00\",\"mainEntityOfPage\":{\"@id\":\"https:\\\/\\\/treslineasnoticias.com.ar\\\/?p=29650\"},\"wordCount\":398,\"commentCount\":0,\"image\":{\"@id\":\"https:\\\/\\\/treslineasnoticias.com.ar\\\/?p=29650#primaryimage\"},\"thumbnailUrl\":\"https:\\\/\\\/treslineasnoticias.com.ar\\\/wp-content\\\/uploads\\\/2026\\\/08\\\/3-5.jpeg\",\"articleSection\":[\"Quilmes\"],\"inLanguage\":\"es\",\"potentialAction\":[{\"@type\":\"CommentAction\",\"name\":\"Comment\",\"target\":[\"https:\\\/\\\/treslineasnoticias.com.ar\\\/?p=29650#respond\"]}]},{\"@type\":\"WebPage\",\"@id\":\"https:\\\/\\\/treslineasnoticias.com.ar\\\/?p=29650\",\"url\":\"https:\\\/\\\/treslineasnoticias.com.ar\\\/?p=29650\",\"name\":\"Avanza la construcci\u00f3n de la nueva subida y bajada de Ezpeleta en la autopista Buenos Aires-La Plata con fondos 100% municipales - Tres Lineas Noticias\",\"isPartOf\":{\"@id\":\"https:\\\/\\\/treslineasnoticias.com.ar\\\/#website\"},\"primaryImageOfPage\":{\"@id\":\"https:\\\/\\\/treslineasnoticias.com.ar\\\/?p=29650#primaryimage\"},\"image\":{\"@id\":\"https:\\\/\\\/treslineasnoticias.com.ar\\\/?p=29650#primaryimage\"},\"thumbnailUrl\":\"https:\\\/\\\/treslineasnoticias.com.ar\\\/wp-content\\\/uploads\\\/2026\\\/08\\\/3-5.jpeg\",\"datePublished\":\"2026-08-31T22:19:55+00:00\",\"dateModified\":\"2026-08-31T22:19:58+00:00\",\"author\":{\"@id\":\"https:\\\/\\\/treslineasnoticias.com.ar\\\/#\\\/schema\\\/person\\\/c5f7249e50517b84c2379b145ca14895\"},\"breadcrumb\":{\"@id\":\"https:\\\/\\\/treslineasnoticias.com.ar\\\/?p=29650#breadcrumb\"},\"inLanguage\":\"es\",\"potentialAction\":[{\"@type\":\"ReadAction\",\"target\":[\"https:\\\/\\\/treslineasnoticias.com.ar\\\/?p=29650\"]}]},{\"@type\":\"ImageObject\",\"inLanguage\":\"es\",\"@id\":\"https:\\\/\\\/treslineasnoticias.com.ar\\\/?p=29650#primaryimage\",\"url\":\"https:\\\/\\\/treslineasnoticias.com.ar\\\/wp-content\\\/uploads\\\/2026\\\/08\\\/3-5.jpeg\",\"contentUrl\":\"https:\\\/\\\/treslineasnoticias.com.ar\\\/wp-content\\\/uploads\\\/2026\\\/08\\\/3-5.jpeg\",\"width\":1280,\"height\":853},{\"@type\":\"BreadcrumbList\",\"@id\":\"https:\\\/\\\/treslineasnoticias.com.ar\\\/?p=29650#breadcrumb\",\"itemListElement\":[{\"@type\":\"ListItem\",\"position\":1,\"name\":\"Portada\",\"item\":\"https:\\\/\\\/treslineasnoticias.com.ar\\\/\"},{\"@type\":\"ListItem\",\"position\":2,\"name\":\"Avanza la construcci\u00f3n de la nueva subida y bajada de Ezpeleta en la autopista Buenos Aires-La Plata con fondos 100% municipales\"}]},{\"@type\":\"WebSite\",\"@id\":\"https:\\\/\\\/treslineasnoticias.com.ar\\\/#website\",\"url\":\"https:\\\/\\\/treslineasnoticias.com.ar\\\/\",\"name\":\"Tres Lineas Noticias\",\"description\":\"\",\"potentialAction\":[{\"@type\":\"SearchAction\",\"target\":{\"@type\":\"EntryPoint\",\"urlTemplate\":\"https:\\\/\\\/treslineasnoticias.com.ar\\\/?s={search_term_string}\"},\"query-input\":{\"@type\":\"PropertyValueSpecification\",\"valueRequired\":true,\"valueName\":\"search_term_string\"}}],\"inLanguage\":\"es\"},{\"@type\":\"Person\",\"@id\":\"https:\\\/\\\/treslineasnoticias.com.ar\\\/#\\\/schema\\\/person\\\/c5f7249e50517b84c2379b145ca14895\",\"name\":\"Horacio L\u00f3pez\",\"image\":{\"@type\":\"ImageObject\",\"inLanguage\":\"es\",\"@id\":\"https:\\\/\\\/treslineasnoticias.com.ar\\\/wp-content\\\/litespeed\\\/avatar\\\/f5a5e9d378b20cf999cb9a940a8324f3.jpg?ver=1788116984\",\"url\":\"https:\\\/\\\/treslineasnoticias.com.ar\\\/wp-content\\\/litespeed\\\/avatar\\\/f5a5e9d378b20cf999cb9a940a8324f3.jpg?ver=1788116984\",\"contentUrl\":\"https:\\\/\\\/treslineasnoticias.com.ar\\\/wp-content\\\/litespeed\\\/avatar\\\/f5a5e9d378b20cf999cb9a940a8324f3.jpg?ver=1788116984\",\"caption\":\"Horacio L\u00f3pez\"},\"sameAs\":[\"http:\\\/\\\/treslineasnoticias.com.ar\"],\"url\":\"https:\\\/\\\/treslineasnoticias.com.ar\\\/?author=3\"}]}<\/script>\n<!-- \/ Yoast SEO plugin. -->","yoast_head_json":{"title":"Avanza la construcci\u00f3n de la nueva subida y bajada de Ezpeleta en la autopista Buenos Aires-La Plata con fondos 100% municipales - Tres Lineas Noticias","robots":{"index":"index","follow":"follow","max-snippet":"max-snippet:-1","max-image-preview":"max-image-preview:large","max-video-preview":"max-video-preview:-1"},"canonical":"https:\/\/treslineasnoticias.com.ar\/?p=29650","og_locale":"es_ES","og_type":"article","og_title":"Avanza la construcci\u00f3n de la nueva subida y bajada de Ezpeleta en la autopista Buenos Aires-La Plata con fondos 100% municipales - Tres Lineas Noticias","og_description":"El Municipio de Quilmes informa que avanza la construcci\u00f3n de la nueva subida y bajada de Ezpeleta de la Autopista Buenos Aires-La Plata, una obra de infraestructura urbana efectuada de manera articulada con la empresa Autopistas de Buenos Aires (AUBASA) y financiada con fondos 100% municipales, que ser\u00e1 de vital importancia para los vecinos y [&hellip;]","og_url":"https:\/\/treslineasnoticias.com.ar\/?p=29650","og_site_name":"Tres Lineas Noticias","article_published_time":"2026-08-31T22:19:55+00:00","article_modified_time":"2026-08-31T22:19:58+00:00","og_image":[{"width":1280,"height":853,"url":"http:\/\/treslineasnoticias.com.ar\/wp-content\/uploads\/2026\/08\/3-5.jpeg","type":"image\/jpeg"}],"author":"Horacio L\u00f3pez","twitter_card":"summary_large_image","twitter_misc":{"Escrito por":"Horacio L\u00f3pez","Tiempo de lectura":"3 minutos"},"schema":{"@context":"https:\/\/schema.org","@graph":[{"@type":"Article","@id":"https:\/\/treslineasnoticias.com.ar\/?p=29650#article","isPartOf":{"@id":"https:\/\/treslineasnoticias.com.ar\/?p=29650"},"author":{"name":"Horacio L\u00f3pez","@id":"https:\/\/treslineasnoticias.com.ar\/#\/schema\/person\/c5f7249e50517b84c2379b145ca14895"},"headline":"Avanza la construcci\u00f3n de la nueva subida y bajada de Ezpeleta en la autopista Buenos Aires-La Plata con fondos 100% municipales","datePublished":"2026-08-31T22:19:55+00:00","dateModified":"2026-08-31T22:19:58+00:00","mainEntityOfPage":{"@id":"https:\/\/treslineasnoticias.com.ar\/?p=29650"},"wordCount":398,"commentCount":0,"image":{"@id":"https:\/\/treslineasnoticias.com.ar\/?p=29650#primaryimage"},"thumbnailUrl":"https:\/\/treslineasnoticias.com.ar\/wp-content\/uploads\/2026\/08\/3-5.jpeg","articleSection":["Quilmes"],"inLanguage":"es","potentialAction":[{"@type":"CommentAction","name":"Comment","target":["https:\/\/treslineasnoticias.com.ar\/?p=29650#respond"]}]},{"@type":"WebPage","@id":"https:\/\/treslineasnoticias.com.ar\/?p=29650","url":"https:\/\/treslineasnoticias.com.ar\/?p=29650","name":"Avanza la construcci\u00f3n de la nueva subida y bajada de Ezpeleta en la autopista Buenos Aires-La Plata con fondos 100% municipales - Tres Lineas Noticias","isPartOf":{"@id":"https:\/\/treslineasnoticias.com.ar\/#website"},"primaryImageOfPage":{"@id":"https:\/\/treslineasnoticias.com.ar\/?p=29650#primaryimage"},"image":{"@id":"https:\/\/treslineasnoticias.com.ar\/?p=29650#primaryimage"},"thumbnailUrl":"https:\/\/treslineasnoticias.com.ar\/wp-content\/uploads\/2026\/08\/3-5.jpeg","datePublished":"2026-08-31T22:19:55+00:00","dateModified":"2026-08-31T22:19:58+00:00","author":{"@id":"https:\/\/treslineasnoticias.com.ar\/#\/schema\/person\/c5f7249e50517b84c2379b145ca14895"},"breadcrumb":{"@id":"https:\/\/treslineasnoticias.com.ar\/?p=29650#breadcrumb"},"inLanguage":"es","potentialAction":[{"@type":"ReadAction","target":["https:\/\/treslineasnoticias.com.ar\/?p=29650"]}]},{"@type":"ImageObject","inLanguage":"es","@id":"https:\/\/treslineasnoticias.com.ar\/?p=29650#primaryimage","url":"https:\/\/treslineasnoticias.com.ar\/wp-content\/uploads\/2026\/08\/3-5.jpeg","contentUrl":"https:\/\/treslineasnoticias.com.ar\/wp-content\/uploads\/2026\/08\/3-5.jpeg","width":1280,"height":853},{"@type":"BreadcrumbList","@id":"https:\/\/treslineasnoticias.com.ar\/?p=29650#breadcrumb","itemListElement":[{"@type":"ListItem","position":1,"name":"Portada","item":"https:\/\/treslineasnoticias.com.ar\/"},{"@type":"ListItem","position":2,"name":"Avanza la construcci\u00f3n de la nueva subida y bajada de Ezpeleta en la autopista Buenos Aires-La Plata con fondos 100% municipales"}]},{"@type":"WebSite","@id":"https:\/\/treslineasnoticias.com.ar\/#website","url":"https:\/\/treslineasnoticias.com.ar\/","name":"Tres Lineas Noticias","description":"","potentialAction":[{"@type":"SearchAction","target":{"@type":"EntryPoint","urlTemplate":"https:\/\/treslineasnoticias.com.ar\/?s={search_term_string}"},"query-input":{"@type":"PropertyValueSpecification","valueRequired":true,"valueName":"search_term_string"}}],"inLanguage":"es"},{"@type":"Person","@id":"https:\/\/treslineasnoticias.com.ar\/#\/schema\/person\/c5f7249e50517b84c2379b145ca14895","name":"Horacio L\u00f3pez","image":{"@type":"ImageObject","inLanguage":"es","@id":"https:\/\/treslineasnoticias.com.ar\/wp-content\/litespeed\/avatar\/f5a5e9d378b20cf999cb9a940a8324f3.jpg?ver=1788116984","url":"https:\/\/treslineasnoticias.com.ar\/wp-content\/litespeed\/avatar\/f5a5e9d378b20cf999cb9a940a8324f3.jpg?ver=1788116984","contentUrl":"https:\/\/treslineasnoticias.com.ar\/wp-content\/litespeed\/avatar\/f5a5e9d378b20cf999cb9a940a8324f3.jpg?ver=1788116984","caption":"Horacio L\u00f3pez"},"sameAs":["http:\/\/treslineasnoticias.com.ar"],"url":"https:\/\/treslineasnoticias.com.ar\/?author=3"}]}},"jetpack_featured_media_url":"https:\/\/treslineasnoticias.com.ar\/wp-content\/uploads\/2026\/08\/3-5.jpeg","jetpack_sharing_enabled":true,"_links":{"self":[{"href":"https:\/\/treslineasnoticias.com.ar\/index.php?rest_route=\/wp\/v2\/posts\/29650","targetHints":{"allow":["GET"]}}],"collection":[{"href":"https:\/\/treslineasnoticias.com.ar\/index.php?rest_route=\/wp\/v2\/posts"}],"about":[{"href":"https:\/\/treslineasnoticias.com.ar\/index.php?rest_route=\/wp\/v2\/types\/post"}],"author":[{"embeddable":true,"href":"https:\/\/treslineasnoticias.com.ar\/index.php?rest_route=\/wp\/v2\/users\/3"}],"replies":[{"embeddable":true,"href":"https:\/\/treslineasnoticias.com.ar\/index.php?rest_route=%2Fwp%2Fv2%2Fcomments&post=29650"}],"version-history":[{"count":1,"href":"https:\/\/treslineasnoticias.com.ar\/index.php?rest_route=\/wp\/v2\/posts\/29650\/revisions"}],"predecessor-version":[{"id":29654,"href":"https:\/\/treslineasnoticias.com.ar\/index.php?rest_route=\/wp\/v2\/posts\/29650\/revisions\/29654"}],"wp:featuredmedia":[{"embeddable":true,"href":"https:\/\/treslineasnoticias.com.ar\/index.php?rest_route=\/wp\/v2\/media\/29652"}],"wp:attachment":[{"href":"https:\/\/treslineasnoticias.com.ar\/index.php?rest_route=%2Fwp%2Fv2%2Fmedia&parent=29650"}],"wp:term":[{"taxonomy":"category","embeddable":true,"href":"https:\/\/treslineasnoticias.com.ar\/index.php?rest_route=%2Fwp%2Fv2%2Fcategories&post=29650"},{"taxonomy":"post_tag","embeddable":true,"href":"https:\/\/treslineasnoticias.com.ar\/index.php?rest_route=%2Fwp%2Fv2%2Ftags&post=29650"}],"curies":[{"name":"wp","href":"https:\/\/api.w.org\/{rel}","templated":true}]}}