{"id":29655,"date":"2026-08-31T19:33:36","date_gmt":"2026-08-31T22:33:36","guid":{"rendered":"https:\/\/treslineasnoticias.com.ar\/?p=29655"},"modified":"2026-08-31T19:33:39","modified_gmt":"2026-08-31T22:33:39","slug":"cuando-el-arte-se-encuentra-con-la-vida-lorena-vega-inauguro-cara-acara-en-suma","status":"publish","type":"post","link":"https:\/\/treslineasnoticias.com.ar\/?p=29655","title":{"rendered":"Cuando el arte se encuentra con la vida: Lorena Vega inaugur\u00f3 \u201cCara aCara\u201d en SUMA"},"content":{"rendered":"\n<p><strong><em>Arte, trabajo y pueblo fueron las coordenadas de una conversaci\u00f3n que encontr\u00f3 en la<br>trayectoria de <\/em><\/strong>Lorena Vega<strong><em> una historia hecha de formaci\u00f3n, oficio, familia, maternidad y<br>una profunda confianza en el teatro como espacio de transformaci\u00f3n. La actriz, dramaturga,<br>directora y docente fue la protagonista de la primera charla del ciclo \u201cCara a Cara: arte,<br>trabajo y pueblo\u201d, organizado por el Sindicato Unificado de Municipales de Avellaneda<br>(SUMA).<\/em><\/strong><\/p>\n\n\n\n<figure class=\"wp-block-image size-large\"><img loading=\"lazy\" decoding=\"async\" width=\"1024\" height=\"682\" src=\"http:\/\/treslineasnoticias.com.ar\/wp-content\/uploads\/2026\/08\/IMG-20260831-WA0008-1024x682.jpg\" alt=\"\" class=\"wp-image-29661\" srcset=\"https:\/\/treslineasnoticias.com.ar\/wp-content\/uploads\/2026\/08\/IMG-20260831-WA0008-1024x682.jpg 1024w, https:\/\/treslineasnoticias.com.ar\/wp-content\/uploads\/2026\/08\/IMG-20260831-WA0008-300x200.jpg 300w, https:\/\/treslineasnoticias.com.ar\/wp-content\/uploads\/2026\/08\/IMG-20260831-WA0008-768x512.jpg 768w, https:\/\/treslineasnoticias.com.ar\/wp-content\/uploads\/2026\/08\/IMG-20260831-WA0008.jpg 1280w\" sizes=\"auto, (max-width: 1024px) 100vw, 1024px\" \/><\/figure>\n\n\n\n<p>En el Centro Cultural Rodolfo Garc\u00eda, con la bienvenida del secretario general de SUMA,<br>Daniel Aversa y la presencia del coordinador art\u00edstico, Juan Palomino la conversaci\u00f3n<br>propuso algo m\u00e1s que un recorrido por una carrera art\u00edstica. Moderado y acompa\u00f1ado por<br>Paula Mait\u00eda, qui\u00e9n dio el puntapi\u00e9 inicial y convid\u00f3 al p\u00fablico a sumarse a la charla, fue,<br>sobre todo, una oportunidad para escuchar a una trabajadora de la cultura hablar de su<br>oficio desde adentro: de c\u00f3mo se aprende, c\u00f3mo se trabaja, c\u00f3mo se sostiene una profesi\u00f3n<br>art\u00edstica y c\u00f3mo las experiencias personales pueden convertirse en materia de creaci\u00f3n.<br>Vega llega a la charla con un v\u00ednculo de m\u00e1s de tres d\u00e9cadas con el teatro independiente.<br>Aunque hoy su rostro tiene una enorme popularidad por personajes como Fernanda, la<br>psic\u00f3loga de Envidiosa, y La Zurda de En el barro, su recorrido comenz\u00f3 mucho antes, en<br>las aulas, los talleres y las peque\u00f1as salas donde se construy\u00f3 una actriz que nunca dej\u00f3 de<br>formarse.<br><strong>Una maestra, una escuela y el comienzo de un oficio<\/strong><br>Uno de los momentos m\u00e1s c\u00e1lidos de la charla fue cuando Lorena Vega reconstruy\u00f3 su<br>v\u00ednculo con Nora Moseinco, una figura decisiva en su formaci\u00f3n.<br>Vega comenz\u00f3 a estudiar teatro siendo muy joven y permaneci\u00f3 durante aproximadamente<br>una d\u00e9cada vinculada a la escuela de Moseinco. Pero aquella relaci\u00f3n pedag\u00f3gica<br>r\u00e1pidamente se transform\u00f3 en una experiencia de trabajo: comenz\u00f3 como asistente,<br>reemplazaba a su maestra cuando ella viajaba y, finalmente, recibi\u00f3 de Moseinco la<br>invitaci\u00f3n a comenzar a dar clases.<\/p>\n\n\n\n<p>No fue solamente una formaci\u00f3n actoral. Fue tambi\u00e9n el descubrimiento temprano de que el<br>teatro pod\u00eda ser un trabajo y que ense\u00f1ar era otra manera de ejercer el oficio. Esa<br>experiencia fue fundamental para su manera de entender la ense\u00f1anza.<br>Su relato tuvo un valor particular en el marco de un sindicato: detr\u00e1s de la actriz reconocida<br>apareci\u00f3 la trabajadora que tuvo que encontrar estrategias para poder formarse, construir<br>una trayectoria y sostener su oficio.<\/p>\n\n\n\n<figure class=\"wp-block-image size-full\"><img loading=\"lazy\" decoding=\"async\" width=\"992\" height=\"662\" src=\"http:\/\/treslineasnoticias.com.ar\/wp-content\/uploads\/2026\/08\/ZCDOR5E4MJA57BXDINDKQI7G3U.jpg\" alt=\"\" class=\"wp-image-29658\" srcset=\"https:\/\/treslineasnoticias.com.ar\/wp-content\/uploads\/2026\/08\/ZCDOR5E4MJA57BXDINDKQI7G3U.jpg 992w, https:\/\/treslineasnoticias.com.ar\/wp-content\/uploads\/2026\/08\/ZCDOR5E4MJA57BXDINDKQI7G3U-300x200.jpg 300w, https:\/\/treslineasnoticias.com.ar\/wp-content\/uploads\/2026\/08\/ZCDOR5E4MJA57BXDINDKQI7G3U-768x513.jpg 768w\" sizes=\"auto, (max-width: 992px) 100vw, 992px\" \/><\/figure>\n\n\n\n<p><strong>El teatro como trabajo<\/strong><br>Quiz\u00e1s uno de los grandes temas que atraves\u00f3 la charla fue justamente ese: qu\u00e9 significa<br>trabajar de artista.<br>La trayectoria de Vega est\u00e1 profundamente ligada al teatro independiente. All\u00ed no existe<br>solamente el momento de subir al escenario: hay ensayos, docencia, escritura, direcci\u00f3n,<br>producci\u00f3n, organizaci\u00f3n, armado de equipos, b\u00fasqueda de financiamiento y una enorme<br>cantidad de tareas invisibles que hacen posible una obra.<br>Su carrera permite observar esa dimensi\u00f3n con claridad. Vega es actriz, pero tambi\u00e9n<br>directora, dramaturga y docente. Desde 1999 da clases de teatro en el \u00e1mbito<br>independiente y tambi\u00e9n desarroll\u00f3 actividad docente en instituciones universitarias y en el<br>Complejo Teatral de Buenos Aires.<\/p>\n\n\n\n<p>Por eso, hablar de arte y trabajo en un espacio sindical no fue una asociaci\u00f3n forzada. Fue,<br>en el caso de Vega, casi una consecuencia natural de su historia.<br><strong>Maternidad: cuando cuidar tambi\u00e9n fue parte del ensayo<\/strong><br>La conversaci\u00f3n tambi\u00e9n tuvo un momento especialmente sensible cuando apareci\u00f3 la<br>maternidad.<br>Lejos de los discursos idealizados sobre la conciliaci\u00f3n entre trabajo y familia, Vega cont\u00f3<br>una escena concreta: durante los primeros a\u00f1os de su hijo, en los ensayos se organizaba<br>junto con su compa\u00f1era de elenco para turnarse en el cuidado de los peque\u00f1os.<br>La imagen resulta poderosa precisamente por su sencillez: mientras una ensayaba, la otra<br>cuidaba; despu\u00e9s cambiaban los roles.<\/p>\n\n\n\n<figure class=\"wp-block-image size-large\"><img loading=\"lazy\" decoding=\"async\" width=\"1024\" height=\"682\" src=\"http:\/\/treslineasnoticias.com.ar\/wp-content\/uploads\/2026\/08\/IMG-20260831-WA0007-1024x682.jpg\" alt=\"\" class=\"wp-image-29659\" srcset=\"https:\/\/treslineasnoticias.com.ar\/wp-content\/uploads\/2026\/08\/IMG-20260831-WA0007-1024x682.jpg 1024w, https:\/\/treslineasnoticias.com.ar\/wp-content\/uploads\/2026\/08\/IMG-20260831-WA0007-300x200.jpg 300w, https:\/\/treslineasnoticias.com.ar\/wp-content\/uploads\/2026\/08\/IMG-20260831-WA0007-768x512.jpg 768w, https:\/\/treslineasnoticias.com.ar\/wp-content\/uploads\/2026\/08\/IMG-20260831-WA0007.jpg 1280w\" sizes=\"auto, (max-width: 1024px) 100vw, 1024px\" \/><\/figure>\n\n\n\n<p>En ese peque\u00f1o mecanismo cotidiano aparece una discusi\u00f3n enorme sobre el trabajo<br>art\u00edstico y las tareas de cuidado. La maternidad no estuvo por fuera de su carrera: estuvo<br>dentro de los ensayos, de los horarios, de las decisiones y de las posibilidades concretas de<br>hacer una obra.<br>Y esa dimensi\u00f3n tambi\u00e9n ayuda a comprender por qu\u00e9 hablar de cultura desde una<br>organizaci\u00f3n de trabajadores implica hablar de las condiciones materiales que permiten<br>producir cultura. Y de redes imprescindibles de mujeres, familia y compa\u00f1ero.<br>Imprenteros: transformar una historia familiar en una obra<br>Si existe una obra que resume buena parte de la identidad art\u00edstica de Lorena Vega, esa<br>obra es Imprenteros.<br>La pieza naci\u00f3 de una historia familiar: la imprenta de su padre, el v\u00ednculo de sus hermanos<br>con aquel espacio de trabajo y la imposibilidad de regresar al taller despu\u00e9s de la muerte de<br>su padre. Lo que podr\u00eda haber quedado reducido a un conflicto familiar termin\u00f3<br>transform\u00e1ndose en teatro, libro, muestra y pel\u00edcula.<\/p>\n\n\n\n<p><strong>En la charla, Vega volvi\u00f3 sobre esa experiencia con especial afecto<\/strong> <\/p>\n\n\n\n<p>Imprenteros no es solamente una obra autobiogr\u00e1fica. Es tambi\u00e9n una reflexi\u00f3n sobre la<br>memoria, el trabajo y los v\u00ednculos familiares. La propia Vega ha explicado que, al revisar la<br>infancia en la imprenta y escuchar los relatos de sus hermanos, descubri\u00f3 una relaci\u00f3n<br>entre la pasi\u00f3n de su padre por la gr\u00e1fica y su propia pasi\u00f3n por la actuaci\u00f3n.<br>La obra comenz\u00f3 a construirse a partir de materiales diversos: fotograf\u00edas, videos,<br>entrevistas, recuerdos y testimonios familiares. Incluso su hermano Sergio termin\u00f3<br>incorpor\u00e1ndose a escena despu\u00e9s de que Vega llevara una entrevista con \u00e9l a un ejercicio<br>del Biodrama de Vivi Tellas.<br>El resultado fue una obra en la que la historia \u00edntima se volvi\u00f3 una experiencia colectiva.<br>Y all\u00ed aparece uno de los rasgos m\u00e1s interesantes de la mirada de Vega: lo personal no<br>necesariamente queda encerrado en lo privado. Una historia familiar puede hablar de<br>trabajo, de clase, de p\u00e9rdidas, de v\u00ednculos, de memoria y de identidad.<br>De la psic\u00f3loga de Envidiosa a La Zurda de En el barro<br>La conversaci\u00f3n tambi\u00e9n lleg\u00f3 al presente de la actriz y a sus trabajos audiovisuales m\u00e1s<br>populares, en este aspecto se gener\u00f3 un interesante ida y vuelta con Palomino sobre el<br>trabajo en tiras televisivas, la popularidad y la manera de manejarla.<\/p>\n\n\n\n<figure class=\"wp-block-image size-full\"><img loading=\"lazy\" decoding=\"async\" width=\"992\" height=\"687\" src=\"http:\/\/treslineasnoticias.com.ar\/wp-content\/uploads\/2026\/08\/CYPCZCAOV5D2TKBWOHQ2OKG2QI.jpg\" alt=\"\" class=\"wp-image-29657\" srcset=\"https:\/\/treslineasnoticias.com.ar\/wp-content\/uploads\/2026\/08\/CYPCZCAOV5D2TKBWOHQ2OKG2QI.jpg 992w, https:\/\/treslineasnoticias.com.ar\/wp-content\/uploads\/2026\/08\/CYPCZCAOV5D2TKBWOHQ2OKG2QI-300x208.jpg 300w, https:\/\/treslineasnoticias.com.ar\/wp-content\/uploads\/2026\/08\/CYPCZCAOV5D2TKBWOHQ2OKG2QI-768x532.jpg 768w\" sizes=\"auto, (max-width: 992px) 100vw, 992px\" \/><\/figure>\n\n\n\n<p>Envidiosa signific\u00f3 para Vega una llegada masiva a p\u00fablicos que quiz\u00e1s no conoc\u00edan su<br>extensa trayectoria teatral. Su personaje de Fernanda, la psic\u00f3loga interpretada junto a<br>Griselda Siciliani, produjo una identificaci\u00f3n tan fuerte que muchas personas comenzaron a<br>asociar a la actriz con esa profesi\u00f3n.<br>Pero poco despu\u00e9s apareci\u00f3 En el barro, donde interpret\u00f3 a La Zurda, un personaje de<br>caracter\u00edsticas muy diferentes.<br>La propia Vega explic\u00f3 que el contraste entre ambas experiencias fue enorme y que el<br>trabajo docente tambi\u00e9n hab\u00eda desarrollado en ella una capacidad fundamental para<br>interpretar: escuchar, observar al otro y poner en valor distintas subjetividades.<br>En entrevistas posteriores, la actriz tambi\u00e9n destac\u00f3 la experiencia colectiva que signific\u00f3<br>trabajar en En el barro, especialmente el v\u00ednculo que se construy\u00f3 entre las mujeres del<br>elenco y el equipo.<br>En esa diversidad aparece otra caracter\u00edstica de su recorrido: Vega no construy\u00f3 su carrera<br>buscando \u00fanicamente un lugar de reconocimiento, sino acumulando experiencias y<br>herramientas.<br><strong>El personaje que todav\u00eda no lleg\u00f3<\/strong><br>Hubo, adem\u00e1s, una confesi\u00f3n que permiti\u00f3 acercarse a la actriz desde un lugar menos<br>conocido.<\/p>\n\n\n\n<p>Vega cont\u00f3 que todav\u00eda no le toc\u00f3 interpretar un personaje completamente alejado de s\u00ed<br>misma. Y record\u00f3 que, durante el puerperio, recibi\u00f3 una propuesta para una obra cuyo<br>personaje no pod\u00eda \u2014o no quer\u00eda\u2014 asumir en ese momento y decidi\u00f3 rechazarla.<br>La an\u00e9cdota permite pensar el trabajo actoral desde una perspectiva poco habitual: tambi\u00e9n<br>hay que saber decir que no.<br>La carrera art\u00edstica suele narrarse a partir de las oportunidades aceptadas. Mucho menos se<br>habla de las oportunidades rechazadas, de los trabajos que no pueden hacerse, de los<br>momentos vitales que obligan a elegir y de los l\u00edmites que cada persona necesita establecer<br>para sostener su vida y su profesi\u00f3n.<\/p>\n\n\n\n<figure class=\"wp-block-image size-full\"><img loading=\"lazy\" decoding=\"async\" width=\"992\" height=\"558\" src=\"http:\/\/treslineasnoticias.com.ar\/wp-content\/uploads\/2026\/08\/KEXKHYJFB5AFRJS3RCQLYWCE24.jpg\" alt=\"\" class=\"wp-image-29656\" srcset=\"https:\/\/treslineasnoticias.com.ar\/wp-content\/uploads\/2026\/08\/KEXKHYJFB5AFRJS3RCQLYWCE24.jpg 992w, https:\/\/treslineasnoticias.com.ar\/wp-content\/uploads\/2026\/08\/KEXKHYJFB5AFRJS3RCQLYWCE24-300x169.jpg 300w, https:\/\/treslineasnoticias.com.ar\/wp-content\/uploads\/2026\/08\/KEXKHYJFB5AFRJS3RCQLYWCE24-768x432.jpg 768w\" sizes=\"auto, (max-width: 992px) 100vw, 992px\" \/><\/figure>\n\n\n\n<p><strong>Una actriz que todav\u00eda est\u00e1 buscando<\/strong><br>Quiz\u00e1s la mejor manera de definir el presente de Lorena Vega sea esa: una artista que, aun<br>despu\u00e9s de una extensa trayectoria, contin\u00faa buscando.<br>Su carrera pas\u00f3 por el teatro independiente, el teatro oficial, el cine, la televisi\u00f3n, las<br>plataformas, la dramaturgia, la direcci\u00f3n y la docencia. Ha trabajado con numerosos<br>referentes de la escena argentina y contin\u00faa desarrollando distintos proyectos<br>simult\u00e1neamente.<br>En sus palabras late la idea de una carrera en constante crecimiento y en aprendizaje<br>permanente.<br>Lorena define al teatro como su primer territorio y cuenta que cada experiencia funciona<br>como entrenamiento, como una forma de adquirir nuevas herramientas para las siguientes,<br>idea que coron\u00f3 como s\u00edntesis perfecta del cierre de su intervenci\u00f3n en SUMA.<br>\u201cCara a Cara: arte, trabajo y pueblo\u201d no propone solamente acercar artistas a trabajadores.<br>Propone poner en com\u00fan experiencias, historias y miradas. Y en el primer encuentro,<br>Lorena Vega mostr\u00f3 que detr\u00e1s de una actriz reconocida hay una trabajadora que aprendi\u00f3,<br>ense\u00f1\u00f3, ensay\u00f3, cuid\u00f3, escribi\u00f3, dirigi\u00f3, rechaz\u00f3 trabajos, acept\u00f3 desaf\u00edos y convirti\u00f3 su<br>propia historia en materia art\u00edstica.<\/p>\n\n\n\n<p>En tiempos en los que muchas veces la cultura aparece presentada como un lujo<br>prescindible, la charla dej\u00f3 otra conclusi\u00f3n: el arte tambi\u00e9n es trabajo; detr\u00e1s de cada obra<br>hay trabajadores, equipos, aprendizajes, cuidados, tiempo y organizaci\u00f3n.<br>Y cuando ese arte se encuentra con el pueblo y con una organizaci\u00f3n sindical, la<br>conversaci\u00f3n deja de ser solamente sobre teatro.<br>Se vuelve una conversaci\u00f3n sobre la vida.<\/p>\n","protected":false},"excerpt":{"rendered":"<p>Arte, trabajo y pueblo fueron las coordenadas de una conversaci\u00f3n que encontr\u00f3 en latrayectoria de Lorena Vega una historia hecha de formaci\u00f3n, oficio, familia, maternidad yuna profunda confianza en el teatro como espacio de transformaci\u00f3n. La actriz, dramaturga,directora y docente fue la protagonista de la primera charla del ciclo \u201cCara a Cara: arte,trabajo y pueblo\u201d, [&hellip;]<\/p>\n","protected":false},"author":3,"featured_media":29660,"comment_status":"open","ping_status":"open","sticky":false,"template":"","format":"standard","meta":{"_jetpack_memberships_contains_paid_content":false,"footnotes":""},"categories":[7,14],"tags":[],"class_list":["post-29655","post","type-post","status-publish","format-standard","has-post-thumbnail","hentry","category-avellaneda","category-interes-general"],"yoast_head":"<!-- This site is optimized with the Yoast SEO plugin v27.5 - https:\/\/yoast.com\/product\/yoast-seo-wordpress\/ -->\n<title>Cuando el arte se encuentra con la vida: Lorena Vega inaugur\u00f3 \u201cCara aCara\u201d en SUMA - Tres Lineas Noticias<\/title>\n<meta name=\"robots\" content=\"index, follow, max-snippet:-1, max-image-preview:large, max-video-preview:-1\" \/>\n<link rel=\"canonical\" href=\"https:\/\/treslineasnoticias.com.ar\/?p=29655\" \/>\n<meta property=\"og:locale\" content=\"es_ES\" \/>\n<meta property=\"og:type\" content=\"article\" \/>\n<meta property=\"og:title\" content=\"Cuando el arte se encuentra con la vida: Lorena Vega inaugur\u00f3 \u201cCara aCara\u201d en SUMA - Tres Lineas Noticias\" \/>\n<meta property=\"og:description\" content=\"Arte, trabajo y pueblo fueron las coordenadas de una conversaci\u00f3n que encontr\u00f3 en latrayectoria de Lorena Vega una historia hecha de formaci\u00f3n, oficio, familia, maternidad yuna profunda confianza en el teatro como espacio de transformaci\u00f3n. La actriz, dramaturga,directora y docente fue la protagonista de la primera charla del ciclo \u201cCara a Cara: arte,trabajo y pueblo\u201d, [&hellip;]\" \/>\n<meta property=\"og:url\" content=\"https:\/\/treslineasnoticias.com.ar\/?p=29655\" \/>\n<meta property=\"og:site_name\" content=\"Tres Lineas Noticias\" \/>\n<meta property=\"article:published_time\" content=\"2026-08-31T22:33:36+00:00\" \/>\n<meta property=\"article:modified_time\" content=\"2026-08-31T22:33:39+00:00\" \/>\n<meta property=\"og:image\" content=\"http:\/\/treslineasnoticias.com.ar\/wp-content\/uploads\/2026\/08\/IMG-20260831-WA0009.jpg\" \/>\n\t<meta property=\"og:image:width\" content=\"1392\" \/>\n\t<meta property=\"og:image:height\" content=\"928\" \/>\n\t<meta property=\"og:image:type\" content=\"image\/jpeg\" \/>\n<meta name=\"author\" content=\"Horacio L\u00f3pez\" \/>\n<meta name=\"twitter:card\" content=\"summary_large_image\" \/>\n<meta name=\"twitter:label1\" content=\"Escrito por\" \/>\n\t<meta name=\"twitter:data1\" content=\"Horacio L\u00f3pez\" \/>\n\t<meta name=\"twitter:label2\" content=\"Tiempo de lectura\" \/>\n\t<meta name=\"twitter:data2\" content=\"9 minutos\" \/>\n<script type=\"application\/ld+json\" class=\"yoast-schema-graph\">{\"@context\":\"https:\\\/\\\/schema.org\",\"@graph\":[{\"@type\":\"Article\",\"@id\":\"https:\\\/\\\/treslineasnoticias.com.ar\\\/?p=29655#article\",\"isPartOf\":{\"@id\":\"https:\\\/\\\/treslineasnoticias.com.ar\\\/?p=29655\"},\"author\":{\"name\":\"Horacio L\u00f3pez\",\"@id\":\"https:\\\/\\\/treslineasnoticias.com.ar\\\/#\\\/schema\\\/person\\\/c5f7249e50517b84c2379b145ca14895\"},\"headline\":\"Cuando el arte se encuentra con la vida: Lorena Vega inaugur\u00f3 \u201cCara aCara\u201d en SUMA\",\"datePublished\":\"2026-08-31T22:33:36+00:00\",\"dateModified\":\"2026-08-31T22:33:39+00:00\",\"mainEntityOfPage\":{\"@id\":\"https:\\\/\\\/treslineasnoticias.com.ar\\\/?p=29655\"},\"wordCount\":1614,\"commentCount\":0,\"image\":{\"@id\":\"https:\\\/\\\/treslineasnoticias.com.ar\\\/?p=29655#primaryimage\"},\"thumbnailUrl\":\"https:\\\/\\\/treslineasnoticias.com.ar\\\/wp-content\\\/uploads\\\/2026\\\/08\\\/IMG-20260831-WA0009.jpg\",\"articleSection\":[\"Avellaneda\",\"Inter\u00e9s General\"],\"inLanguage\":\"es\",\"potentialAction\":[{\"@type\":\"CommentAction\",\"name\":\"Comment\",\"target\":[\"https:\\\/\\\/treslineasnoticias.com.ar\\\/?p=29655#respond\"]}]},{\"@type\":\"WebPage\",\"@id\":\"https:\\\/\\\/treslineasnoticias.com.ar\\\/?p=29655\",\"url\":\"https:\\\/\\\/treslineasnoticias.com.ar\\\/?p=29655\",\"name\":\"Cuando el arte se encuentra con la vida: Lorena Vega inaugur\u00f3 \u201cCara aCara\u201d en SUMA - Tres Lineas Noticias\",\"isPartOf\":{\"@id\":\"https:\\\/\\\/treslineasnoticias.com.ar\\\/#website\"},\"primaryImageOfPage\":{\"@id\":\"https:\\\/\\\/treslineasnoticias.com.ar\\\/?p=29655#primaryimage\"},\"image\":{\"@id\":\"https:\\\/\\\/treslineasnoticias.com.ar\\\/?p=29655#primaryimage\"},\"thumbnailUrl\":\"https:\\\/\\\/treslineasnoticias.com.ar\\\/wp-content\\\/uploads\\\/2026\\\/08\\\/IMG-20260831-WA0009.jpg\",\"datePublished\":\"2026-08-31T22:33:36+00:00\",\"dateModified\":\"2026-08-31T22:33:39+00:00\",\"author\":{\"@id\":\"https:\\\/\\\/treslineasnoticias.com.ar\\\/#\\\/schema\\\/person\\\/c5f7249e50517b84c2379b145ca14895\"},\"breadcrumb\":{\"@id\":\"https:\\\/\\\/treslineasnoticias.com.ar\\\/?p=29655#breadcrumb\"},\"inLanguage\":\"es\",\"potentialAction\":[{\"@type\":\"ReadAction\",\"target\":[\"https:\\\/\\\/treslineasnoticias.com.ar\\\/?p=29655\"]}]},{\"@type\":\"ImageObject\",\"inLanguage\":\"es\",\"@id\":\"https:\\\/\\\/treslineasnoticias.com.ar\\\/?p=29655#primaryimage\",\"url\":\"https:\\\/\\\/treslineasnoticias.com.ar\\\/wp-content\\\/uploads\\\/2026\\\/08\\\/IMG-20260831-WA0009.jpg\",\"contentUrl\":\"https:\\\/\\\/treslineasnoticias.com.ar\\\/wp-content\\\/uploads\\\/2026\\\/08\\\/IMG-20260831-WA0009.jpg\",\"width\":1392,\"height\":928},{\"@type\":\"BreadcrumbList\",\"@id\":\"https:\\\/\\\/treslineasnoticias.com.ar\\\/?p=29655#breadcrumb\",\"itemListElement\":[{\"@type\":\"ListItem\",\"position\":1,\"name\":\"Portada\",\"item\":\"https:\\\/\\\/treslineasnoticias.com.ar\\\/\"},{\"@type\":\"ListItem\",\"position\":2,\"name\":\"Cuando el arte se encuentra con la vida: Lorena Vega inaugur\u00f3 \u201cCara aCara\u201d en SUMA\"}]},{\"@type\":\"WebSite\",\"@id\":\"https:\\\/\\\/treslineasnoticias.com.ar\\\/#website\",\"url\":\"https:\\\/\\\/treslineasnoticias.com.ar\\\/\",\"name\":\"Tres Lineas Noticias\",\"description\":\"\",\"potentialAction\":[{\"@type\":\"SearchAction\",\"target\":{\"@type\":\"EntryPoint\",\"urlTemplate\":\"https:\\\/\\\/treslineasnoticias.com.ar\\\/?s={search_term_string}\"},\"query-input\":{\"@type\":\"PropertyValueSpecification\",\"valueRequired\":true,\"valueName\":\"search_term_string\"}}],\"inLanguage\":\"es\"},{\"@type\":\"Person\",\"@id\":\"https:\\\/\\\/treslineasnoticias.com.ar\\\/#\\\/schema\\\/person\\\/c5f7249e50517b84c2379b145ca14895\",\"name\":\"Horacio L\u00f3pez\",\"image\":{\"@type\":\"ImageObject\",\"inLanguage\":\"es\",\"@id\":\"https:\\\/\\\/treslineasnoticias.com.ar\\\/wp-content\\\/litespeed\\\/avatar\\\/f5a5e9d378b20cf999cb9a940a8324f3.jpg?ver=1788116984\",\"url\":\"https:\\\/\\\/treslineasnoticias.com.ar\\\/wp-content\\\/litespeed\\\/avatar\\\/f5a5e9d378b20cf999cb9a940a8324f3.jpg?ver=1788116984\",\"contentUrl\":\"https:\\\/\\\/treslineasnoticias.com.ar\\\/wp-content\\\/litespeed\\\/avatar\\\/f5a5e9d378b20cf999cb9a940a8324f3.jpg?ver=1788116984\",\"caption\":\"Horacio L\u00f3pez\"},\"sameAs\":[\"http:\\\/\\\/treslineasnoticias.com.ar\"],\"url\":\"https:\\\/\\\/treslineasnoticias.com.ar\\\/?author=3\"}]}<\/script>\n<!-- \/ Yoast SEO plugin. -->","yoast_head_json":{"title":"Cuando el arte se encuentra con la vida: Lorena Vega inaugur\u00f3 \u201cCara aCara\u201d en SUMA - Tres Lineas Noticias","robots":{"index":"index","follow":"follow","max-snippet":"max-snippet:-1","max-image-preview":"max-image-preview:large","max-video-preview":"max-video-preview:-1"},"canonical":"https:\/\/treslineasnoticias.com.ar\/?p=29655","og_locale":"es_ES","og_type":"article","og_title":"Cuando el arte se encuentra con la vida: Lorena Vega inaugur\u00f3 \u201cCara aCara\u201d en SUMA - Tres Lineas Noticias","og_description":"Arte, trabajo y pueblo fueron las coordenadas de una conversaci\u00f3n que encontr\u00f3 en latrayectoria de Lorena Vega una historia hecha de formaci\u00f3n, oficio, familia, maternidad yuna profunda confianza en el teatro como espacio de transformaci\u00f3n. La actriz, dramaturga,directora y docente fue la protagonista de la primera charla del ciclo \u201cCara a Cara: arte,trabajo y pueblo\u201d, [&hellip;]","og_url":"https:\/\/treslineasnoticias.com.ar\/?p=29655","og_site_name":"Tres Lineas Noticias","article_published_time":"2026-08-31T22:33:36+00:00","article_modified_time":"2026-08-31T22:33:39+00:00","og_image":[{"width":1392,"height":928,"url":"http:\/\/treslineasnoticias.com.ar\/wp-content\/uploads\/2026\/08\/IMG-20260831-WA0009.jpg","type":"image\/jpeg"}],"author":"Horacio L\u00f3pez","twitter_card":"summary_large_image","twitter_misc":{"Escrito por":"Horacio L\u00f3pez","Tiempo de lectura":"9 minutos"},"schema":{"@context":"https:\/\/schema.org","@graph":[{"@type":"Article","@id":"https:\/\/treslineasnoticias.com.ar\/?p=29655#article","isPartOf":{"@id":"https:\/\/treslineasnoticias.com.ar\/?p=29655"},"author":{"name":"Horacio L\u00f3pez","@id":"https:\/\/treslineasnoticias.com.ar\/#\/schema\/person\/c5f7249e50517b84c2379b145ca14895"},"headline":"Cuando el arte se encuentra con la vida: Lorena Vega inaugur\u00f3 \u201cCara aCara\u201d en SUMA","datePublished":"2026-08-31T22:33:36+00:00","dateModified":"2026-08-31T22:33:39+00:00","mainEntityOfPage":{"@id":"https:\/\/treslineasnoticias.com.ar\/?p=29655"},"wordCount":1614,"commentCount":0,"image":{"@id":"https:\/\/treslineasnoticias.com.ar\/?p=29655#primaryimage"},"thumbnailUrl":"https:\/\/treslineasnoticias.com.ar\/wp-content\/uploads\/2026\/08\/IMG-20260831-WA0009.jpg","articleSection":["Avellaneda","Inter\u00e9s General"],"inLanguage":"es","potentialAction":[{"@type":"CommentAction","name":"Comment","target":["https:\/\/treslineasnoticias.com.ar\/?p=29655#respond"]}]},{"@type":"WebPage","@id":"https:\/\/treslineasnoticias.com.ar\/?p=29655","url":"https:\/\/treslineasnoticias.com.ar\/?p=29655","name":"Cuando el arte se encuentra con la vida: Lorena Vega inaugur\u00f3 \u201cCara aCara\u201d en SUMA - Tres Lineas Noticias","isPartOf":{"@id":"https:\/\/treslineasnoticias.com.ar\/#website"},"primaryImageOfPage":{"@id":"https:\/\/treslineasnoticias.com.ar\/?p=29655#primaryimage"},"image":{"@id":"https:\/\/treslineasnoticias.com.ar\/?p=29655#primaryimage"},"thumbnailUrl":"https:\/\/treslineasnoticias.com.ar\/wp-content\/uploads\/2026\/08\/IMG-20260831-WA0009.jpg","datePublished":"2026-08-31T22:33:36+00:00","dateModified":"2026-08-31T22:33:39+00:00","author":{"@id":"https:\/\/treslineasnoticias.com.ar\/#\/schema\/person\/c5f7249e50517b84c2379b145ca14895"},"breadcrumb":{"@id":"https:\/\/treslineasnoticias.com.ar\/?p=29655#breadcrumb"},"inLanguage":"es","potentialAction":[{"@type":"ReadAction","target":["https:\/\/treslineasnoticias.com.ar\/?p=29655"]}]},{"@type":"ImageObject","inLanguage":"es","@id":"https:\/\/treslineasnoticias.com.ar\/?p=29655#primaryimage","url":"https:\/\/treslineasnoticias.com.ar\/wp-content\/uploads\/2026\/08\/IMG-20260831-WA0009.jpg","contentUrl":"https:\/\/treslineasnoticias.com.ar\/wp-content\/uploads\/2026\/08\/IMG-20260831-WA0009.jpg","width":1392,"height":928},{"@type":"BreadcrumbList","@id":"https:\/\/treslineasnoticias.com.ar\/?p=29655#breadcrumb","itemListElement":[{"@type":"ListItem","position":1,"name":"Portada","item":"https:\/\/treslineasnoticias.com.ar\/"},{"@type":"ListItem","position":2,"name":"Cuando el arte se encuentra con la vida: Lorena Vega inaugur\u00f3 \u201cCara aCara\u201d en SUMA"}]},{"@type":"WebSite","@id":"https:\/\/treslineasnoticias.com.ar\/#website","url":"https:\/\/treslineasnoticias.com.ar\/","name":"Tres Lineas Noticias","description":"","potentialAction":[{"@type":"SearchAction","target":{"@type":"EntryPoint","urlTemplate":"https:\/\/treslineasnoticias.com.ar\/?s={search_term_string}"},"query-input":{"@type":"PropertyValueSpecification","valueRequired":true,"valueName":"search_term_string"}}],"inLanguage":"es"},{"@type":"Person","@id":"https:\/\/treslineasnoticias.com.ar\/#\/schema\/person\/c5f7249e50517b84c2379b145ca14895","name":"Horacio L\u00f3pez","image":{"@type":"ImageObject","inLanguage":"es","@id":"https:\/\/treslineasnoticias.com.ar\/wp-content\/litespeed\/avatar\/f5a5e9d378b20cf999cb9a940a8324f3.jpg?ver=1788116984","url":"https:\/\/treslineasnoticias.com.ar\/wp-content\/litespeed\/avatar\/f5a5e9d378b20cf999cb9a940a8324f3.jpg?ver=1788116984","contentUrl":"https:\/\/treslineasnoticias.com.ar\/wp-content\/litespeed\/avatar\/f5a5e9d378b20cf999cb9a940a8324f3.jpg?ver=1788116984","caption":"Horacio L\u00f3pez"},"sameAs":["http:\/\/treslineasnoticias.com.ar"],"url":"https:\/\/treslineasnoticias.com.ar\/?author=3"}]}},"jetpack_featured_media_url":"https:\/\/treslineasnoticias.com.ar\/wp-content\/uploads\/2026\/08\/IMG-20260831-WA0009.jpg","jetpack_sharing_enabled":true,"_links":{"self":[{"href":"https:\/\/treslineasnoticias.com.ar\/index.php?rest_route=\/wp\/v2\/posts\/29655","targetHints":{"allow":["GET"]}}],"collection":[{"href":"https:\/\/treslineasnoticias.com.ar\/index.php?rest_route=\/wp\/v2\/posts"}],"about":[{"href":"https:\/\/treslineasnoticias.com.ar\/index.php?rest_route=\/wp\/v2\/types\/post"}],"author":[{"embeddable":true,"href":"https:\/\/treslineasnoticias.com.ar\/index.php?rest_route=\/wp\/v2\/users\/3"}],"replies":[{"embeddable":true,"href":"https:\/\/treslineasnoticias.com.ar\/index.php?rest_route=%2Fwp%2Fv2%2Fcomments&post=29655"}],"version-history":[{"count":1,"href":"https:\/\/treslineasnoticias.com.ar\/index.php?rest_route=\/wp\/v2\/posts\/29655\/revisions"}],"predecessor-version":[{"id":29662,"href":"https:\/\/treslineasnoticias.com.ar\/index.php?rest_route=\/wp\/v2\/posts\/29655\/revisions\/29662"}],"wp:featuredmedia":[{"embeddable":true,"href":"https:\/\/treslineasnoticias.com.ar\/index.php?rest_route=\/wp\/v2\/media\/29660"}],"wp:attachment":[{"href":"https:\/\/treslineasnoticias.com.ar\/index.php?rest_route=%2Fwp%2Fv2%2Fmedia&parent=29655"}],"wp:term":[{"taxonomy":"category","embeddable":true,"href":"https:\/\/treslineasnoticias.com.ar\/index.php?rest_route=%2Fwp%2Fv2%2Fcategories&post=29655"},{"taxonomy":"post_tag","embeddable":true,"href":"https:\/\/treslineasnoticias.com.ar\/index.php?rest_route=%2Fwp%2Fv2%2Ftags&post=29655"}],"curies":[{"name":"wp","href":"https:\/\/api.w.org\/{rel}","templated":true}]}}